{"id":7938,"date":"2026-04-22T15:20:23","date_gmt":"2026-04-22T20:20:23","guid":{"rendered":"https:\/\/www.eudistasmd.org\/?p=7938"},"modified":"2026-04-23T09:38:31","modified_gmt":"2026-04-23T14:38:31","slug":"visita-canonica-a-la-comunidad-local-san-juan-maria-vianney-en-bucaramanga","status":"publish","type":"post","link":"https:\/\/www.eudistasmd.org\/index.php\/2026\/04\/22\/visita-canonica-a-la-comunidad-local-san-juan-maria-vianney-en-bucaramanga\/","title":{"rendered":"Visita can\u00f3nica a la comunidad local San Juan Mar\u00eda Vianney en Bucaramanga"},"content":{"rendered":"<p><strong>Por: Rafael Beltr\u00e1n, Candidato Eudista<\/strong><\/p>\n<p>Del 17 al 19 de abril, el Padre Germ\u00e1n G\u00e1ndara, CJM, Superior Provincial de la Provincia Eudista Minuto de Dios, realiz\u00f3 la visita can\u00f3nica a la comunidad local \u201cSan Juan Mar\u00eda Vianney\u201d en Bucaramanga, en un ambiente de cercan\u00eda, fraternidad y comuni\u00f3n con la misi\u00f3n.<\/p>\n<p>Durante estos d\u00edas, la visita fue una valiosa oportunidad para compartir con los incorporados y asociados, fortaleciendo los lazos de unidad y escuchando de cerca el caminar de la comunidad en este territorio.<\/p>\n<p>Uno de los momentos significativos fue la experiencia de conocer de primera mano la labor pastoral que se desarrolla en la parroquia San Juan Mar\u00eda Vianney, donde la comunidad eudista acompa\u00f1a con dedicaci\u00f3n la vida de fe del pueblo de Dios, en articulaci\u00f3n con los fieles y los asociados que hacen parte activa de este proceso.<\/p>\n<p>Asimismo, el Padre Provincial pudo acercarse a otros espacios importantes de la misi\u00f3n, como los Colegios Minuto de Dios y la Corporaci\u00f3n Universitaria Minuto de Dios \u2013 UNIMINUTO, donde se hace visible el compromiso eudista con la formaci\u00f3n integral, la educaci\u00f3n y la transformaci\u00f3n social.<\/p>\n<p>La comunidad local mantiene una estrecha relaci\u00f3n con las Hermanas Hijas del Coraz\u00f3n Misericordioso de Mar\u00eda, con quienes se vive una experiencia de comuni\u00f3n en la misi\u00f3n; en este contexto, algunos asociados de la comunidad local San Juan Mar\u00eda Vianney prestan tambi\u00e9n su servicio pastoral en articulaci\u00f3n con las hermanas, fortaleciendo as\u00ed el trabajo conjunto de la familia eudista en la regi\u00f3n.<\/p>\n<p>En el marco de esta visita, el Padre Provincial tuvo tambi\u00e9n la oportunidad de participar en la posesi\u00f3n can\u00f3nica del nuevo arzobispo de la Arquidi\u00f3cesis de Bucaramanga, Monse\u00f1or Luis Augusto Campos Flores, signo de comuni\u00f3n con la Iglesia particular y de cercan\u00eda con sus pastores.<\/p>\n<p>A lo largo de la visita, se hizo evidente la cercan\u00eda del Padre Provincial, quien comparti\u00f3 con los hermanos en la vida cotidiana, animando a seguir construyendo comunidad y a vivir con fidelidad el carisma de san Juan Eudes.<\/p>\n<p>Esta visita can\u00f3nica se convierte as\u00ed en un momento de gracia, en el que se reafirma el compromiso de seguir sirviendo con alegr\u00eda a la Iglesia, fortaleciendo la misi\u00f3n compartida entre incorporados, asociados y comunidades educativas y pastorales.<\/p>\n<div class=\"et_pb_slider et_pb_slider_fullwidth_off et_pb_gallery_post_type\">\n\t\t\t\t<div class=\"et_pb_slides\">\n\t\t\t\t\t<div class=\"et_pb_slide\" style=\"background: url(https:\/\/www.eudistasmd.org\/wp-content\/uploads\/2026\/04\/WhatsApp-Image-2026-04-20-at-1.08.53-PM.jpeg);\"><\/div><div class=\"et_pb_slide\" style=\"background: url(https:\/\/www.eudistasmd.org\/wp-content\/uploads\/2026\/04\/WhatsApp-Image-2026-04-20-at-1.09.38-PM-3.jpeg);\"><\/div><div class=\"et_pb_slide\" style=\"background: url(https:\/\/www.eudistasmd.org\/wp-content\/uploads\/2026\/04\/WhatsApp-Image-2026-04-20-at-1.09.38-PM-2.jpeg);\"><\/div><div class=\"et_pb_slide\" style=\"background: url(https:\/\/www.eudistasmd.org\/wp-content\/uploads\/2026\/04\/WhatsApp-Image-2026-04-20-at-1.09.38-PM-1.jpeg);\"><\/div><div class=\"et_pb_slide\" style=\"background: url(https:\/\/www.eudistasmd.org\/wp-content\/uploads\/2026\/04\/WhatsApp-Image-2026-04-20-at-1.09.38-PM.jpeg);\"><\/div>\n\t\t\t\t<\/div>\n\t\t\t<\/div>\n","protected":false},"excerpt":{"rendered":"<p>Por: Rafael Beltr\u00e1n, Candidato Eudista Del 17 al 19 de abril, el Padre Germ\u00e1n G\u00e1ndara, CJM, Superior Provincial de la Provincia Eudista Minuto de Dios, realiz\u00f3 la visita can\u00f3nica a la comunidad local \u201cSan Juan Mar\u00eda Vianney\u201d en Bucaramanga, en un ambiente de cercan\u00eda, fraternidad y comuni\u00f3n con la misi\u00f3n. Durante estos d\u00edas, la visita [&hellip;]<\/p>\n","protected":false},"author":7,"featured_media":7947,"comment_status":"closed","ping_status":"closed","sticky":false,"template":"","format":"standard","meta":{"_et_pb_use_builder":"","_et_pb_old_content":"","_et_gb_content_width":"","footnotes":""},"categories":[13],"tags":[460,341,375,459],"class_list":["post-7938","post","type-post","status-publish","format-standard","has-post-thumbnail","hentry","category-actualidad-eudista","tag-el-minuto-de-dios-en-bucaramanga","tag-eudistas-en-bucaramanga","tag-padre-german-gandara","tag-viisita-provincial"],"yoast_head":"<!-- This site is optimized with the Yoast SEO plugin v27.2 - https:\/\/yoast.com\/product\/yoast-seo-wordpress\/ -->\n<title>Visita can\u00f3nica a la comunidad local San Juan Mar\u00eda Vianney en Bucaramanga - Eudistas MD<\/title>\n<meta name=\"robots\" content=\"index, follow, max-snippet:-1, max-image-preview:large, max-video-preview:-1\" \/>\n<link rel=\"canonical\" href=\"https:\/\/www.eudistasmd.org\/index.php\/2026\/04\/22\/visita-canonica-a-la-comunidad-local-san-juan-maria-vianney-en-bucaramanga\/\" \/>\n<meta property=\"og:locale\" content=\"es_ES\" \/>\n<meta property=\"og:type\" content=\"article\" \/>\n<meta property=\"og:title\" content=\"Visita can\u00f3nica a la comunidad local San Juan Mar\u00eda Vianney en Bucaramanga - Eudistas MD\" \/>\n<meta property=\"og:description\" content=\"Por: Rafael Beltr\u00e1n, Candidato Eudista Del 17 al 19 de abril, el Padre Germ\u00e1n G\u00e1ndara, CJM, Superior Provincial de la Provincia Eudista Minuto de Dios, realiz\u00f3 la visita can\u00f3nica a la comunidad local \u201cSan Juan Mar\u00eda Vianney\u201d en Bucaramanga, en un ambiente de cercan\u00eda, fraternidad y comuni\u00f3n con la misi\u00f3n. Durante estos d\u00edas, la visita [&hellip;]\" \/>\n<meta property=\"og:url\" content=\"https:\/\/www.eudistasmd.org\/index.php\/2026\/04\/22\/visita-canonica-a-la-comunidad-local-san-juan-maria-vianney-en-bucaramanga\/\" \/>\n<meta property=\"og:site_name\" content=\"Eudistas MD\" \/>\n<meta property=\"article:published_time\" content=\"2026-04-22T20:20:23+00:00\" \/>\n<meta property=\"article:modified_time\" content=\"2026-04-23T14:38:31+00:00\" \/>\n<meta property=\"og:image\" content=\"https:\/\/www.eudistasmd.org\/wp-content\/uploads\/2026\/04\/Banner-web-visita-buc-1.png\" \/>\n\t<meta property=\"og:image:width\" content=\"650\" \/>\n\t<meta property=\"og:image:height\" content=\"380\" \/>\n\t<meta property=\"og:image:type\" content=\"image\/png\" \/>\n<meta name=\"author\" content=\"Angie Stacy Rodr\u00edguez G\u00f3mez\" \/>\n<meta name=\"twitter:card\" content=\"summary_large_image\" \/>\n<meta name=\"twitter:label1\" content=\"Escrito por\" \/>\n\t<meta name=\"twitter:data1\" content=\"Angie Stacy Rodr\u00edguez G\u00f3mez\" \/>\n\t<meta name=\"twitter:label2\" content=\"Tiempo de lectura\" \/>\n\t<meta name=\"twitter:data2\" content=\"2 minutos\" \/>\n<script type=\"application\/ld+json\" class=\"yoast-schema-graph\">{\"@context\":\"https:\/\/schema.org\",\"@graph\":[{\"@type\":\"Article\",\"@id\":\"https:\/\/www.eudistasmd.org\/index.php\/2026\/04\/22\/visita-canonica-a-la-comunidad-local-san-juan-maria-vianney-en-bucaramanga\/#article\",\"isPartOf\":{\"@id\":\"https:\/\/www.eudistasmd.org\/index.php\/2026\/04\/22\/visita-canonica-a-la-comunidad-local-san-juan-maria-vianney-en-bucaramanga\/\"},\"author\":{\"name\":\"Angie Stacy Rodr\u00edguez G\u00f3mez\",\"@id\":\"https:\/\/www.eudistasmd.org\/#\/schema\/person\/ea031151eedd6aedadcdb515522d15d5\"},\"headline\":\"Visita can\u00f3nica a la comunidad local San Juan Mar\u00eda Vianney en Bucaramanga\",\"datePublished\":\"2026-04-22T20:20:23+00:00\",\"dateModified\":\"2026-04-23T14:38:31+00:00\",\"mainEntityOfPage\":{\"@id\":\"https:\/\/www.eudistasmd.org\/index.php\/2026\/04\/22\/visita-canonica-a-la-comunidad-local-san-juan-maria-vianney-en-bucaramanga\/\"},\"wordCount\":419,\"image\":{\"@id\":\"https:\/\/www.eudistasmd.org\/index.php\/2026\/04\/22\/visita-canonica-a-la-comunidad-local-san-juan-maria-vianney-en-bucaramanga\/#primaryimage\"},\"thumbnailUrl\":\"https:\/\/www.eudistasmd.org\/wp-content\/uploads\/2026\/04\/Banner-web-visita-buc-1.png\",\"keywords\":[\"El Minuto de Dios en Bucaramanga\",\"Eudistas en Bucaramanga\",\"padre Germ\u00e1n G\u00e1ndara\",\"VIisita provincial\"],\"articleSection\":[\"Actualidad Eudista\"],\"inLanguage\":\"es\"},{\"@type\":\"WebPage\",\"@id\":\"https:\/\/www.eudistasmd.org\/index.php\/2026\/04\/22\/visita-canonica-a-la-comunidad-local-san-juan-maria-vianney-en-bucaramanga\/\",\"url\":\"https:\/\/www.eudistasmd.org\/index.php\/2026\/04\/22\/visita-canonica-a-la-comunidad-local-san-juan-maria-vianney-en-bucaramanga\/\",\"name\":\"Visita can\u00f3nica a la comunidad local San Juan Mar\u00eda Vianney en Bucaramanga - Eudistas MD\",\"isPartOf\":{\"@id\":\"https:\/\/www.eudistasmd.org\/#website\"},\"primaryImageOfPage\":{\"@id\":\"https:\/\/www.eudistasmd.org\/index.php\/2026\/04\/22\/visita-canonica-a-la-comunidad-local-san-juan-maria-vianney-en-bucaramanga\/#primaryimage\"},\"image\":{\"@id\":\"https:\/\/www.eudistasmd.org\/index.php\/2026\/04\/22\/visita-canonica-a-la-comunidad-local-san-juan-maria-vianney-en-bucaramanga\/#primaryimage\"},\"thumbnailUrl\":\"https:\/\/www.eudistasmd.org\/wp-content\/uploads\/2026\/04\/Banner-web-visita-buc-1.png\",\"datePublished\":\"2026-04-22T20:20:23+00:00\",\"dateModified\":\"2026-04-23T14:38:31+00:00\",\"author\":{\"@id\":\"https:\/\/www.eudistasmd.org\/#\/schema\/person\/ea031151eedd6aedadcdb515522d15d5\"},\"breadcrumb\":{\"@id\":\"https:\/\/www.eudistasmd.org\/index.php\/2026\/04\/22\/visita-canonica-a-la-comunidad-local-san-juan-maria-vianney-en-bucaramanga\/#breadcrumb\"},\"inLanguage\":\"es\",\"potentialAction\":[{\"@type\":\"ReadAction\",\"target\":[\"https:\/\/www.eudistasmd.org\/index.php\/2026\/04\/22\/visita-canonica-a-la-comunidad-local-san-juan-maria-vianney-en-bucaramanga\/\"]}]},{\"@type\":\"ImageObject\",\"inLanguage\":\"es\",\"@id\":\"https:\/\/www.eudistasmd.org\/index.php\/2026\/04\/22\/visita-canonica-a-la-comunidad-local-san-juan-maria-vianney-en-bucaramanga\/#primaryimage\",\"url\":\"https:\/\/www.eudistasmd.org\/wp-content\/uploads\/2026\/04\/Banner-web-visita-buc-1.png\",\"contentUrl\":\"https:\/\/www.eudistasmd.org\/wp-content\/uploads\/2026\/04\/Banner-web-visita-buc-1.png\",\"width\":650,\"height\":380},{\"@type\":\"BreadcrumbList\",\"@id\":\"https:\/\/www.eudistasmd.org\/index.php\/2026\/04\/22\/visita-canonica-a-la-comunidad-local-san-juan-maria-vianney-en-bucaramanga\/#breadcrumb\",\"itemListElement\":[{\"@type\":\"ListItem\",\"position\":1,\"name\":\"Portada\",\"item\":\"https:\/\/www.eudistasmd.org\/\"},{\"@type\":\"ListItem\",\"position\":2,\"name\":\"Visita can\u00f3nica a la comunidad local San Juan Mar\u00eda Vianney en Bucaramanga\"}]},{\"@type\":\"WebSite\",\"@id\":\"https:\/\/www.eudistasmd.org\/#website\",\"url\":\"https:\/\/www.eudistasmd.org\/\",\"name\":\"Eudistas MD\",\"description\":\"Esta Provincia naci\u00f3 de la obra fundada por el padre eudista: Rafael Garc\u00eda Herreros. Este Don del Minuto de Dios ha sido encomendado a los los Eudistas del El Minuto de Dios, quienes se dedican a la Evangelizaci\u00f3n, la Formaci\u00f3n, y al servicio a los m\u00e1s pobres a trav\u00e9s de la Organizaci\u00f3n Minuto de Dios.\",\"potentialAction\":[{\"@type\":\"SearchAction\",\"target\":{\"@type\":\"EntryPoint\",\"urlTemplate\":\"https:\/\/www.eudistasmd.org\/?s={search_term_string}\"},\"query-input\":{\"@type\":\"PropertyValueSpecification\",\"valueRequired\":true,\"valueName\":\"search_term_string\"}}],\"inLanguage\":\"es\"},{\"@type\":\"Person\",\"@id\":\"https:\/\/www.eudistasmd.org\/#\/schema\/person\/ea031151eedd6aedadcdb515522d15d5\",\"name\":\"Angie Stacy Rodr\u00edguez G\u00f3mez\",\"image\":{\"@type\":\"ImageObject\",\"inLanguage\":\"es\",\"@id\":\"https:\/\/secure.gravatar.com\/avatar\/08c6f46fb8b7d2682b0cdfd76fb248e50ae4b1eeed14c21faf047e138ae11aa3?s=96&d=mm&r=g\",\"url\":\"https:\/\/secure.gravatar.com\/avatar\/08c6f46fb8b7d2682b0cdfd76fb248e50ae4b1eeed14c21faf047e138ae11aa3?s=96&d=mm&r=g\",\"contentUrl\":\"https:\/\/secure.gravatar.com\/avatar\/08c6f46fb8b7d2682b0cdfd76fb248e50ae4b1eeed14c21faf047e138ae11aa3?s=96&d=mm&r=g\",\"caption\":\"Angie Stacy Rodr\u00edguez G\u00f3mez\"},\"url\":\"https:\/\/www.eudistasmd.org\/index.php\/author\/noticias-editoramd\/\"}]}<\/script>\n<!-- \/ Yoast SEO plugin. -->","yoast_head_json":{"title":"Visita can\u00f3nica a la comunidad local San Juan Mar\u00eda Vianney en Bucaramanga - Eudistas MD","robots":{"index":"index","follow":"follow","max-snippet":"max-snippet:-1","max-image-preview":"max-image-preview:large","max-video-preview":"max-video-preview:-1"},"canonical":"https:\/\/www.eudistasmd.org\/index.php\/2026\/04\/22\/visita-canonica-a-la-comunidad-local-san-juan-maria-vianney-en-bucaramanga\/","og_locale":"es_ES","og_type":"article","og_title":"Visita can\u00f3nica a la comunidad local San Juan Mar\u00eda Vianney en Bucaramanga - Eudistas MD","og_description":"Por: Rafael Beltr\u00e1n, Candidato Eudista Del 17 al 19 de abril, el Padre Germ\u00e1n G\u00e1ndara, CJM, Superior Provincial de la Provincia Eudista Minuto de Dios, realiz\u00f3 la visita can\u00f3nica a la comunidad local \u201cSan Juan Mar\u00eda Vianney\u201d en Bucaramanga, en un ambiente de cercan\u00eda, fraternidad y comuni\u00f3n con la misi\u00f3n. Durante estos d\u00edas, la visita [&hellip;]","og_url":"https:\/\/www.eudistasmd.org\/index.php\/2026\/04\/22\/visita-canonica-a-la-comunidad-local-san-juan-maria-vianney-en-bucaramanga\/","og_site_name":"Eudistas MD","article_published_time":"2026-04-22T20:20:23+00:00","article_modified_time":"2026-04-23T14:38:31+00:00","og_image":[{"width":650,"height":380,"url":"https:\/\/www.eudistasmd.org\/wp-content\/uploads\/2026\/04\/Banner-web-visita-buc-1.png","type":"image\/png"}],"author":"Angie Stacy Rodr\u00edguez G\u00f3mez","twitter_card":"summary_large_image","twitter_misc":{"Escrito por":"Angie Stacy Rodr\u00edguez G\u00f3mez","Tiempo de lectura":"2 minutos"},"schema":{"@context":"https:\/\/schema.org","@graph":[{"@type":"Article","@id":"https:\/\/www.eudistasmd.org\/index.php\/2026\/04\/22\/visita-canonica-a-la-comunidad-local-san-juan-maria-vianney-en-bucaramanga\/#article","isPartOf":{"@id":"https:\/\/www.eudistasmd.org\/index.php\/2026\/04\/22\/visita-canonica-a-la-comunidad-local-san-juan-maria-vianney-en-bucaramanga\/"},"author":{"name":"Angie Stacy Rodr\u00edguez G\u00f3mez","@id":"https:\/\/www.eudistasmd.org\/#\/schema\/person\/ea031151eedd6aedadcdb515522d15d5"},"headline":"Visita can\u00f3nica a la comunidad local San Juan Mar\u00eda Vianney en Bucaramanga","datePublished":"2026-04-22T20:20:23+00:00","dateModified":"2026-04-23T14:38:31+00:00","mainEntityOfPage":{"@id":"https:\/\/www.eudistasmd.org\/index.php\/2026\/04\/22\/visita-canonica-a-la-comunidad-local-san-juan-maria-vianney-en-bucaramanga\/"},"wordCount":419,"image":{"@id":"https:\/\/www.eudistasmd.org\/index.php\/2026\/04\/22\/visita-canonica-a-la-comunidad-local-san-juan-maria-vianney-en-bucaramanga\/#primaryimage"},"thumbnailUrl":"https:\/\/www.eudistasmd.org\/wp-content\/uploads\/2026\/04\/Banner-web-visita-buc-1.png","keywords":["El Minuto de Dios en Bucaramanga","Eudistas en Bucaramanga","padre Germ\u00e1n G\u00e1ndara","VIisita provincial"],"articleSection":["Actualidad Eudista"],"inLanguage":"es"},{"@type":"WebPage","@id":"https:\/\/www.eudistasmd.org\/index.php\/2026\/04\/22\/visita-canonica-a-la-comunidad-local-san-juan-maria-vianney-en-bucaramanga\/","url":"https:\/\/www.eudistasmd.org\/index.php\/2026\/04\/22\/visita-canonica-a-la-comunidad-local-san-juan-maria-vianney-en-bucaramanga\/","name":"Visita can\u00f3nica a la comunidad local San Juan Mar\u00eda Vianney en Bucaramanga - Eudistas MD","isPartOf":{"@id":"https:\/\/www.eudistasmd.org\/#website"},"primaryImageOfPage":{"@id":"https:\/\/www.eudistasmd.org\/index.php\/2026\/04\/22\/visita-canonica-a-la-comunidad-local-san-juan-maria-vianney-en-bucaramanga\/#primaryimage"},"image":{"@id":"https:\/\/www.eudistasmd.org\/index.php\/2026\/04\/22\/visita-canonica-a-la-comunidad-local-san-juan-maria-vianney-en-bucaramanga\/#primaryimage"},"thumbnailUrl":"https:\/\/www.eudistasmd.org\/wp-content\/uploads\/2026\/04\/Banner-web-visita-buc-1.png","datePublished":"2026-04-22T20:20:23+00:00","dateModified":"2026-04-23T14:38:31+00:00","author":{"@id":"https:\/\/www.eudistasmd.org\/#\/schema\/person\/ea031151eedd6aedadcdb515522d15d5"},"breadcrumb":{"@id":"https:\/\/www.eudistasmd.org\/index.php\/2026\/04\/22\/visita-canonica-a-la-comunidad-local-san-juan-maria-vianney-en-bucaramanga\/#breadcrumb"},"inLanguage":"es","potentialAction":[{"@type":"ReadAction","target":["https:\/\/www.eudistasmd.org\/index.php\/2026\/04\/22\/visita-canonica-a-la-comunidad-local-san-juan-maria-vianney-en-bucaramanga\/"]}]},{"@type":"ImageObject","inLanguage":"es","@id":"https:\/\/www.eudistasmd.org\/index.php\/2026\/04\/22\/visita-canonica-a-la-comunidad-local-san-juan-maria-vianney-en-bucaramanga\/#primaryimage","url":"https:\/\/www.eudistasmd.org\/wp-content\/uploads\/2026\/04\/Banner-web-visita-buc-1.png","contentUrl":"https:\/\/www.eudistasmd.org\/wp-content\/uploads\/2026\/04\/Banner-web-visita-buc-1.png","width":650,"height":380},{"@type":"BreadcrumbList","@id":"https:\/\/www.eudistasmd.org\/index.php\/2026\/04\/22\/visita-canonica-a-la-comunidad-local-san-juan-maria-vianney-en-bucaramanga\/#breadcrumb","itemListElement":[{"@type":"ListItem","position":1,"name":"Portada","item":"https:\/\/www.eudistasmd.org\/"},{"@type":"ListItem","position":2,"name":"Visita can\u00f3nica a la comunidad local San Juan Mar\u00eda Vianney en Bucaramanga"}]},{"@type":"WebSite","@id":"https:\/\/www.eudistasmd.org\/#website","url":"https:\/\/www.eudistasmd.org\/","name":"Eudistas MD","description":"Esta Provincia naci\u00f3 de la obra fundada por el padre eudista: Rafael Garc\u00eda Herreros. Este Don del Minuto de Dios ha sido encomendado a los los Eudistas del El Minuto de Dios, quienes se dedican a la Evangelizaci\u00f3n, la Formaci\u00f3n, y al servicio a los m\u00e1s pobres a trav\u00e9s de la Organizaci\u00f3n Minuto de Dios.","potentialAction":[{"@type":"SearchAction","target":{"@type":"EntryPoint","urlTemplate":"https:\/\/www.eudistasmd.org\/?s={search_term_string}"},"query-input":{"@type":"PropertyValueSpecification","valueRequired":true,"valueName":"search_term_string"}}],"inLanguage":"es"},{"@type":"Person","@id":"https:\/\/www.eudistasmd.org\/#\/schema\/person\/ea031151eedd6aedadcdb515522d15d5","name":"Angie Stacy Rodr\u00edguez G\u00f3mez","image":{"@type":"ImageObject","inLanguage":"es","@id":"https:\/\/secure.gravatar.com\/avatar\/08c6f46fb8b7d2682b0cdfd76fb248e50ae4b1eeed14c21faf047e138ae11aa3?s=96&d=mm&r=g","url":"https:\/\/secure.gravatar.com\/avatar\/08c6f46fb8b7d2682b0cdfd76fb248e50ae4b1eeed14c21faf047e138ae11aa3?s=96&d=mm&r=g","contentUrl":"https:\/\/secure.gravatar.com\/avatar\/08c6f46fb8b7d2682b0cdfd76fb248e50ae4b1eeed14c21faf047e138ae11aa3?s=96&d=mm&r=g","caption":"Angie Stacy Rodr\u00edguez G\u00f3mez"},"url":"https:\/\/www.eudistasmd.org\/index.php\/author\/noticias-editoramd\/"}]}},"_links":{"self":[{"href":"https:\/\/www.eudistasmd.org\/index.php\/wp-json\/wp\/v2\/posts\/7938","targetHints":{"allow":["GET"]}}],"collection":[{"href":"https:\/\/www.eudistasmd.org\/index.php\/wp-json\/wp\/v2\/posts"}],"about":[{"href":"https:\/\/www.eudistasmd.org\/index.php\/wp-json\/wp\/v2\/types\/post"}],"author":[{"embeddable":true,"href":"https:\/\/www.eudistasmd.org\/index.php\/wp-json\/wp\/v2\/users\/7"}],"replies":[{"embeddable":true,"href":"https:\/\/www.eudistasmd.org\/index.php\/wp-json\/wp\/v2\/comments?post=7938"}],"version-history":[{"count":2,"href":"https:\/\/www.eudistasmd.org\/index.php\/wp-json\/wp\/v2\/posts\/7938\/revisions"}],"predecessor-version":[{"id":7948,"href":"https:\/\/www.eudistasmd.org\/index.php\/wp-json\/wp\/v2\/posts\/7938\/revisions\/7948"}],"wp:featuredmedia":[{"embeddable":true,"href":"https:\/\/www.eudistasmd.org\/index.php\/wp-json\/wp\/v2\/media\/7947"}],"wp:attachment":[{"href":"https:\/\/www.eudistasmd.org\/index.php\/wp-json\/wp\/v2\/media?parent=7938"}],"wp:term":[{"taxonomy":"category","embeddable":true,"href":"https:\/\/www.eudistasmd.org\/index.php\/wp-json\/wp\/v2\/categories?post=7938"},{"taxonomy":"post_tag","embeddable":true,"href":"https:\/\/www.eudistasmd.org\/index.php\/wp-json\/wp\/v2\/tags?post=7938"}],"curies":[{"name":"wp","href":"https:\/\/api.w.org\/{rel}","templated":true}]}}