{"id":7920,"date":"2026-04-20T12:08:43","date_gmt":"2026-04-20T17:08:43","guid":{"rendered":"https:\/\/www.eudistasmd.org\/?p=7920"},"modified":"2026-04-20T12:08:43","modified_gmt":"2026-04-20T17:08:43","slug":"encuentro-de-parrocos-eudistas-renovando-el-compromiso-en-clave-profetica","status":"publish","type":"post","link":"https:\/\/www.eudistasmd.org\/index.php\/2026\/04\/20\/encuentro-de-parrocos-eudistas-renovando-el-compromiso-en-clave-profetica\/","title":{"rendered":"Encuentro de P\u00e1rrocos Eudistas: Renovando el Compromiso en Clave Prof\u00e9tica"},"content":{"rendered":"<p class=\"leading-7 [&amp;:not(:first-child)]:mt-6\">Del 15 al 17 de abril, la ciudad de Bucaramanga se impregn\u00f3 de comuni\u00f3n, fraternidad y esp\u00edritu prof\u00e9tico al recibir a los p\u00e1rrocos eudistas enviados a las diversas obras parroquiales de la Provincia. Convocados por el padre provincial, los participantes abrazaron el desaf\u00edo de volver a las ra\u00edces del carisma eudista y proyectarse, juntos, hacia el futuro.<\/p>\n<p class=\"leading-7 [&amp;:not(:first-child)]:mt-6\">El eje central del encuentro gir\u00f3 en torno a la revisi\u00f3n profunda del Directorio de Parroquias y sus lineamientos, para afianzar la identidad pastoral y asegurar la fidelidad al legado de San Juan Eudes y el Minuto de Dios. Fue un espacio para revisar, so\u00f1ar y planear en sinton\u00eda con la Planeaci\u00f3n Provincial, alineando los proyectos pastorales a sus ejes estrat\u00e9gicos y a la realidad de cada comunidad.<\/p>\n<p class=\"leading-7 [&amp;:not(:first-child)]:mt-6\">Entre reflexiones, momentos de oraci\u00f3n y di\u00e1logo abierto, los p\u00e1rrocos renovaron la certeza de su llamado: <em>ser pastores seg\u00fan el coraz\u00f3n de Dios,<\/em> atentos a los clamores del pueblo y valientes en la misi\u00f3n de anunciar el Evangelio. La fraternidad vivida, aut\u00e9ntica, alegre y encarnada, reaviv\u00f3 el esp\u00edritu de unidad y el compromiso con el servicio eudista en cada parroquia.<\/p>\n<p class=\"leading-7 [&amp;:not(:first-child)]:mt-6\">Hoy, m\u00e1s que nunca, nos sentimos eudistas de El Minuto de Dios: enviados a custodiar la dignidad, el rostro y la voz de cada persona, y a construir fraternidad en cada rinc\u00f3n donde somos presencia viva del Reino.<\/p>\n<div class=\"et_pb_slider et_pb_slider_fullwidth_off et_pb_gallery_post_type\">\n\t\t\t\t<div class=\"et_pb_slides\">\n\t\t\t\t\t<div class=\"et_pb_slide\" style=\"background: url(https:\/\/www.eudistasmd.org\/wp-content\/uploads\/2026\/04\/WhatsApp-Image-2026-04-17-at-9.58.17-AM-1.jpeg);\"><\/div><div class=\"et_pb_slide\" style=\"background: url(https:\/\/www.eudistasmd.org\/wp-content\/uploads\/2026\/04\/WhatsApp-Image-2026-04-17-at-9.58.17-AM.jpeg);\"><\/div><div class=\"et_pb_slide\" style=\"background: url(https:\/\/www.eudistasmd.org\/wp-content\/uploads\/2026\/04\/WhatsApp-Image-2026-04-17-at-8.39.05-AM.jpeg);\"><\/div><div class=\"et_pb_slide\" style=\"background: url(https:\/\/www.eudistasmd.org\/wp-content\/uploads\/2026\/04\/WhatsApp-Image-2026-04-16-at-10.39.21-AM-1.jpeg);\"><\/div><div class=\"et_pb_slide\" style=\"background: url(https:\/\/www.eudistasmd.org\/wp-content\/uploads\/2026\/04\/WhatsApp-Image-2026-04-16-at-10.39.21-AM.jpeg);\"><\/div><div class=\"et_pb_slide\" style=\"background: url(https:\/\/www.eudistasmd.org\/wp-content\/uploads\/2026\/04\/WhatsApp-Image-2026-04-16-at-10.39.20-AM-2.jpeg);\"><\/div><div class=\"et_pb_slide\" style=\"background: url(https:\/\/www.eudistasmd.org\/wp-content\/uploads\/2026\/04\/WhatsApp-Image-2026-04-16-at-10.39.20-AM-1.jpeg);\"><\/div><div class=\"et_pb_slide\" style=\"background: url(https:\/\/www.eudistasmd.org\/wp-content\/uploads\/2026\/04\/WhatsApp-Image-2026-04-17-at-9.58.18-AM-3.jpeg);\"><\/div><div class=\"et_pb_slide\" style=\"background: url(https:\/\/www.eudistasmd.org\/wp-content\/uploads\/2026\/04\/WhatsApp-Image-2026-04-17-at-9.58.18-AM-2.jpeg);\"><\/div><div class=\"et_pb_slide\" style=\"background: url(https:\/\/www.eudistasmd.org\/wp-content\/uploads\/2026\/04\/WhatsApp-Image-2026-04-17-at-9.58.18-AM-1.jpeg);\"><\/div><div class=\"et_pb_slide\" style=\"background: url(https:\/\/www.eudistasmd.org\/wp-content\/uploads\/2026\/04\/WhatsApp-Image-2026-04-17-at-9.58.18-AM.jpeg);\"><\/div><div class=\"et_pb_slide\" style=\"background: url(https:\/\/www.eudistasmd.org\/wp-content\/uploads\/2026\/04\/WhatsApp-Image-2026-04-17-at-9.58.17-AM-4.jpeg);\"><\/div><div class=\"et_pb_slide\" style=\"background: url(https:\/\/www.eudistasmd.org\/wp-content\/uploads\/2026\/04\/WhatsApp-Image-2026-04-17-at-9.58.17-AM-3.jpeg);\"><\/div><div class=\"et_pb_slide\" style=\"background: url(https:\/\/www.eudistasmd.org\/wp-content\/uploads\/2026\/04\/WhatsApp-Image-2026-04-17-at-9.58.17-AM-2.jpeg);\"><\/div>\n\t\t\t\t<\/div>\n\t\t\t<\/div>\n","protected":false},"excerpt":{"rendered":"<p>Del 15 al 17 de abril, la ciudad de Bucaramanga se impregn\u00f3 de comuni\u00f3n, fraternidad y esp\u00edritu prof\u00e9tico al recibir a los p\u00e1rrocos eudistas enviados a las diversas obras parroquiales de la Provincia. Convocados por el padre provincial, los participantes abrazaron el desaf\u00edo de volver a las ra\u00edces del carisma eudista y proyectarse, juntos, hacia [&hellip;]<\/p>\n","protected":false},"author":7,"featured_media":7921,"comment_status":"closed","ping_status":"closed","sticky":false,"template":"","format":"standard","meta":{"_et_pb_use_builder":"","_et_pb_old_content":"","_et_gb_content_width":"","footnotes":""},"categories":[13],"tags":[341,457,458],"class_list":["post-7920","post","type-post","status-publish","format-standard","has-post-thumbnail","hentry","category-actualidad-eudista","tag-eudistas-en-bucaramanga","tag-parrocos-eudistas","tag-parroquias-en-bucaramanga"],"yoast_head":"<!-- This site is optimized with the Yoast SEO plugin v27.2 - https:\/\/yoast.com\/product\/yoast-seo-wordpress\/ -->\n<title>Encuentro de P\u00e1rrocos Eudistas: Renovando el Compromiso en Clave Prof\u00e9tica - Eudistas MD<\/title>\n<meta name=\"robots\" content=\"index, follow, max-snippet:-1, max-image-preview:large, max-video-preview:-1\" \/>\n<link rel=\"canonical\" href=\"https:\/\/www.eudistasmd.org\/index.php\/2026\/04\/20\/encuentro-de-parrocos-eudistas-renovando-el-compromiso-en-clave-profetica\/\" \/>\n<meta property=\"og:locale\" content=\"es_ES\" \/>\n<meta property=\"og:type\" content=\"article\" \/>\n<meta property=\"og:title\" content=\"Encuentro de P\u00e1rrocos Eudistas: Renovando el Compromiso en Clave Prof\u00e9tica - Eudistas MD\" \/>\n<meta property=\"og:description\" content=\"Del 15 al 17 de abril, la ciudad de Bucaramanga se impregn\u00f3 de comuni\u00f3n, fraternidad y esp\u00edritu prof\u00e9tico al recibir a los p\u00e1rrocos eudistas enviados a las diversas obras parroquiales de la Provincia. Convocados por el padre provincial, los participantes abrazaron el desaf\u00edo de volver a las ra\u00edces del carisma eudista y proyectarse, juntos, hacia [&hellip;]\" \/>\n<meta property=\"og:url\" content=\"https:\/\/www.eudistasmd.org\/index.php\/2026\/04\/20\/encuentro-de-parrocos-eudistas-renovando-el-compromiso-en-clave-profetica\/\" \/>\n<meta property=\"og:site_name\" content=\"Eudistas MD\" \/>\n<meta property=\"article:published_time\" content=\"2026-04-20T17:08:43+00:00\" \/>\n<meta property=\"og:image\" content=\"https:\/\/www.eudistasmd.org\/wp-content\/uploads\/2026\/04\/Banner-web-parrocos.png\" \/>\n\t<meta property=\"og:image:width\" content=\"650\" \/>\n\t<meta property=\"og:image:height\" content=\"380\" \/>\n\t<meta property=\"og:image:type\" content=\"image\/png\" \/>\n<meta name=\"author\" content=\"Angie Stacy Rodr\u00edguez G\u00f3mez\" \/>\n<meta name=\"twitter:card\" content=\"summary_large_image\" \/>\n<meta name=\"twitter:label1\" content=\"Escrito por\" \/>\n\t<meta name=\"twitter:data1\" content=\"Angie Stacy Rodr\u00edguez G\u00f3mez\" \/>\n\t<meta name=\"twitter:label2\" content=\"Tiempo de lectura\" \/>\n\t<meta name=\"twitter:data2\" content=\"2 minutos\" \/>\n<script type=\"application\/ld+json\" class=\"yoast-schema-graph\">{\"@context\":\"https:\/\/schema.org\",\"@graph\":[{\"@type\":\"Article\",\"@id\":\"https:\/\/www.eudistasmd.org\/index.php\/2026\/04\/20\/encuentro-de-parrocos-eudistas-renovando-el-compromiso-en-clave-profetica\/#article\",\"isPartOf\":{\"@id\":\"https:\/\/www.eudistasmd.org\/index.php\/2026\/04\/20\/encuentro-de-parrocos-eudistas-renovando-el-compromiso-en-clave-profetica\/\"},\"author\":{\"name\":\"Angie Stacy Rodr\u00edguez G\u00f3mez\",\"@id\":\"https:\/\/www.eudistasmd.org\/#\/schema\/person\/ea031151eedd6aedadcdb515522d15d5\"},\"headline\":\"Encuentro de P\u00e1rrocos Eudistas: Renovando el Compromiso en Clave Prof\u00e9tica\",\"datePublished\":\"2026-04-20T17:08:43+00:00\",\"mainEntityOfPage\":{\"@id\":\"https:\/\/www.eudistasmd.org\/index.php\/2026\/04\/20\/encuentro-de-parrocos-eudistas-renovando-el-compromiso-en-clave-profetica\/\"},\"wordCount\":256,\"image\":{\"@id\":\"https:\/\/www.eudistasmd.org\/index.php\/2026\/04\/20\/encuentro-de-parrocos-eudistas-renovando-el-compromiso-en-clave-profetica\/#primaryimage\"},\"thumbnailUrl\":\"https:\/\/www.eudistasmd.org\/wp-content\/uploads\/2026\/04\/Banner-web-parrocos.png\",\"keywords\":[\"Eudistas en Bucaramanga\",\"P\u00c1RROCOS EUDISTAS\",\"parroquias en bucaramanga\"],\"articleSection\":[\"Actualidad Eudista\"],\"inLanguage\":\"es\"},{\"@type\":\"WebPage\",\"@id\":\"https:\/\/www.eudistasmd.org\/index.php\/2026\/04\/20\/encuentro-de-parrocos-eudistas-renovando-el-compromiso-en-clave-profetica\/\",\"url\":\"https:\/\/www.eudistasmd.org\/index.php\/2026\/04\/20\/encuentro-de-parrocos-eudistas-renovando-el-compromiso-en-clave-profetica\/\",\"name\":\"Encuentro de P\u00e1rrocos Eudistas: Renovando el Compromiso en Clave Prof\u00e9tica - Eudistas MD\",\"isPartOf\":{\"@id\":\"https:\/\/www.eudistasmd.org\/#website\"},\"primaryImageOfPage\":{\"@id\":\"https:\/\/www.eudistasmd.org\/index.php\/2026\/04\/20\/encuentro-de-parrocos-eudistas-renovando-el-compromiso-en-clave-profetica\/#primaryimage\"},\"image\":{\"@id\":\"https:\/\/www.eudistasmd.org\/index.php\/2026\/04\/20\/encuentro-de-parrocos-eudistas-renovando-el-compromiso-en-clave-profetica\/#primaryimage\"},\"thumbnailUrl\":\"https:\/\/www.eudistasmd.org\/wp-content\/uploads\/2026\/04\/Banner-web-parrocos.png\",\"datePublished\":\"2026-04-20T17:08:43+00:00\",\"author\":{\"@id\":\"https:\/\/www.eudistasmd.org\/#\/schema\/person\/ea031151eedd6aedadcdb515522d15d5\"},\"breadcrumb\":{\"@id\":\"https:\/\/www.eudistasmd.org\/index.php\/2026\/04\/20\/encuentro-de-parrocos-eudistas-renovando-el-compromiso-en-clave-profetica\/#breadcrumb\"},\"inLanguage\":\"es\",\"potentialAction\":[{\"@type\":\"ReadAction\",\"target\":[\"https:\/\/www.eudistasmd.org\/index.php\/2026\/04\/20\/encuentro-de-parrocos-eudistas-renovando-el-compromiso-en-clave-profetica\/\"]}]},{\"@type\":\"ImageObject\",\"inLanguage\":\"es\",\"@id\":\"https:\/\/www.eudistasmd.org\/index.php\/2026\/04\/20\/encuentro-de-parrocos-eudistas-renovando-el-compromiso-en-clave-profetica\/#primaryimage\",\"url\":\"https:\/\/www.eudistasmd.org\/wp-content\/uploads\/2026\/04\/Banner-web-parrocos.png\",\"contentUrl\":\"https:\/\/www.eudistasmd.org\/wp-content\/uploads\/2026\/04\/Banner-web-parrocos.png\",\"width\":650,\"height\":380},{\"@type\":\"BreadcrumbList\",\"@id\":\"https:\/\/www.eudistasmd.org\/index.php\/2026\/04\/20\/encuentro-de-parrocos-eudistas-renovando-el-compromiso-en-clave-profetica\/#breadcrumb\",\"itemListElement\":[{\"@type\":\"ListItem\",\"position\":1,\"name\":\"Portada\",\"item\":\"https:\/\/www.eudistasmd.org\/\"},{\"@type\":\"ListItem\",\"position\":2,\"name\":\"Encuentro de P\u00e1rrocos Eudistas: Renovando el Compromiso en Clave Prof\u00e9tica\"}]},{\"@type\":\"WebSite\",\"@id\":\"https:\/\/www.eudistasmd.org\/#website\",\"url\":\"https:\/\/www.eudistasmd.org\/\",\"name\":\"Eudistas MD\",\"description\":\"Esta Provincia naci\u00f3 de la obra fundada por el padre eudista: Rafael Garc\u00eda Herreros. Este Don del Minuto de Dios ha sido encomendado a los los Eudistas del El Minuto de Dios, quienes se dedican a la Evangelizaci\u00f3n, la Formaci\u00f3n, y al servicio a los m\u00e1s pobres a trav\u00e9s de la Organizaci\u00f3n Minuto de Dios.\",\"potentialAction\":[{\"@type\":\"SearchAction\",\"target\":{\"@type\":\"EntryPoint\",\"urlTemplate\":\"https:\/\/www.eudistasmd.org\/?s={search_term_string}\"},\"query-input\":{\"@type\":\"PropertyValueSpecification\",\"valueRequired\":true,\"valueName\":\"search_term_string\"}}],\"inLanguage\":\"es\"},{\"@type\":\"Person\",\"@id\":\"https:\/\/www.eudistasmd.org\/#\/schema\/person\/ea031151eedd6aedadcdb515522d15d5\",\"name\":\"Angie Stacy Rodr\u00edguez G\u00f3mez\",\"image\":{\"@type\":\"ImageObject\",\"inLanguage\":\"es\",\"@id\":\"https:\/\/secure.gravatar.com\/avatar\/08c6f46fb8b7d2682b0cdfd76fb248e50ae4b1eeed14c21faf047e138ae11aa3?s=96&d=mm&r=g\",\"url\":\"https:\/\/secure.gravatar.com\/avatar\/08c6f46fb8b7d2682b0cdfd76fb248e50ae4b1eeed14c21faf047e138ae11aa3?s=96&d=mm&r=g\",\"contentUrl\":\"https:\/\/secure.gravatar.com\/avatar\/08c6f46fb8b7d2682b0cdfd76fb248e50ae4b1eeed14c21faf047e138ae11aa3?s=96&d=mm&r=g\",\"caption\":\"Angie Stacy Rodr\u00edguez G\u00f3mez\"},\"url\":\"https:\/\/www.eudistasmd.org\/index.php\/author\/noticias-editoramd\/\"}]}<\/script>\n<!-- \/ Yoast SEO plugin. -->","yoast_head_json":{"title":"Encuentro de P\u00e1rrocos Eudistas: Renovando el Compromiso en Clave Prof\u00e9tica - Eudistas MD","robots":{"index":"index","follow":"follow","max-snippet":"max-snippet:-1","max-image-preview":"max-image-preview:large","max-video-preview":"max-video-preview:-1"},"canonical":"https:\/\/www.eudistasmd.org\/index.php\/2026\/04\/20\/encuentro-de-parrocos-eudistas-renovando-el-compromiso-en-clave-profetica\/","og_locale":"es_ES","og_type":"article","og_title":"Encuentro de P\u00e1rrocos Eudistas: Renovando el Compromiso en Clave Prof\u00e9tica - Eudistas MD","og_description":"Del 15 al 17 de abril, la ciudad de Bucaramanga se impregn\u00f3 de comuni\u00f3n, fraternidad y esp\u00edritu prof\u00e9tico al recibir a los p\u00e1rrocos eudistas enviados a las diversas obras parroquiales de la Provincia. Convocados por el padre provincial, los participantes abrazaron el desaf\u00edo de volver a las ra\u00edces del carisma eudista y proyectarse, juntos, hacia [&hellip;]","og_url":"https:\/\/www.eudistasmd.org\/index.php\/2026\/04\/20\/encuentro-de-parrocos-eudistas-renovando-el-compromiso-en-clave-profetica\/","og_site_name":"Eudistas MD","article_published_time":"2026-04-20T17:08:43+00:00","og_image":[{"width":650,"height":380,"url":"https:\/\/www.eudistasmd.org\/wp-content\/uploads\/2026\/04\/Banner-web-parrocos.png","type":"image\/png"}],"author":"Angie Stacy Rodr\u00edguez G\u00f3mez","twitter_card":"summary_large_image","twitter_misc":{"Escrito por":"Angie Stacy Rodr\u00edguez G\u00f3mez","Tiempo de lectura":"2 minutos"},"schema":{"@context":"https:\/\/schema.org","@graph":[{"@type":"Article","@id":"https:\/\/www.eudistasmd.org\/index.php\/2026\/04\/20\/encuentro-de-parrocos-eudistas-renovando-el-compromiso-en-clave-profetica\/#article","isPartOf":{"@id":"https:\/\/www.eudistasmd.org\/index.php\/2026\/04\/20\/encuentro-de-parrocos-eudistas-renovando-el-compromiso-en-clave-profetica\/"},"author":{"name":"Angie Stacy Rodr\u00edguez G\u00f3mez","@id":"https:\/\/www.eudistasmd.org\/#\/schema\/person\/ea031151eedd6aedadcdb515522d15d5"},"headline":"Encuentro de P\u00e1rrocos Eudistas: Renovando el Compromiso en Clave Prof\u00e9tica","datePublished":"2026-04-20T17:08:43+00:00","mainEntityOfPage":{"@id":"https:\/\/www.eudistasmd.org\/index.php\/2026\/04\/20\/encuentro-de-parrocos-eudistas-renovando-el-compromiso-en-clave-profetica\/"},"wordCount":256,"image":{"@id":"https:\/\/www.eudistasmd.org\/index.php\/2026\/04\/20\/encuentro-de-parrocos-eudistas-renovando-el-compromiso-en-clave-profetica\/#primaryimage"},"thumbnailUrl":"https:\/\/www.eudistasmd.org\/wp-content\/uploads\/2026\/04\/Banner-web-parrocos.png","keywords":["Eudistas en Bucaramanga","P\u00c1RROCOS EUDISTAS","parroquias en bucaramanga"],"articleSection":["Actualidad Eudista"],"inLanguage":"es"},{"@type":"WebPage","@id":"https:\/\/www.eudistasmd.org\/index.php\/2026\/04\/20\/encuentro-de-parrocos-eudistas-renovando-el-compromiso-en-clave-profetica\/","url":"https:\/\/www.eudistasmd.org\/index.php\/2026\/04\/20\/encuentro-de-parrocos-eudistas-renovando-el-compromiso-en-clave-profetica\/","name":"Encuentro de P\u00e1rrocos Eudistas: Renovando el Compromiso en Clave Prof\u00e9tica - Eudistas MD","isPartOf":{"@id":"https:\/\/www.eudistasmd.org\/#website"},"primaryImageOfPage":{"@id":"https:\/\/www.eudistasmd.org\/index.php\/2026\/04\/20\/encuentro-de-parrocos-eudistas-renovando-el-compromiso-en-clave-profetica\/#primaryimage"},"image":{"@id":"https:\/\/www.eudistasmd.org\/index.php\/2026\/04\/20\/encuentro-de-parrocos-eudistas-renovando-el-compromiso-en-clave-profetica\/#primaryimage"},"thumbnailUrl":"https:\/\/www.eudistasmd.org\/wp-content\/uploads\/2026\/04\/Banner-web-parrocos.png","datePublished":"2026-04-20T17:08:43+00:00","author":{"@id":"https:\/\/www.eudistasmd.org\/#\/schema\/person\/ea031151eedd6aedadcdb515522d15d5"},"breadcrumb":{"@id":"https:\/\/www.eudistasmd.org\/index.php\/2026\/04\/20\/encuentro-de-parrocos-eudistas-renovando-el-compromiso-en-clave-profetica\/#breadcrumb"},"inLanguage":"es","potentialAction":[{"@type":"ReadAction","target":["https:\/\/www.eudistasmd.org\/index.php\/2026\/04\/20\/encuentro-de-parrocos-eudistas-renovando-el-compromiso-en-clave-profetica\/"]}]},{"@type":"ImageObject","inLanguage":"es","@id":"https:\/\/www.eudistasmd.org\/index.php\/2026\/04\/20\/encuentro-de-parrocos-eudistas-renovando-el-compromiso-en-clave-profetica\/#primaryimage","url":"https:\/\/www.eudistasmd.org\/wp-content\/uploads\/2026\/04\/Banner-web-parrocos.png","contentUrl":"https:\/\/www.eudistasmd.org\/wp-content\/uploads\/2026\/04\/Banner-web-parrocos.png","width":650,"height":380},{"@type":"BreadcrumbList","@id":"https:\/\/www.eudistasmd.org\/index.php\/2026\/04\/20\/encuentro-de-parrocos-eudistas-renovando-el-compromiso-en-clave-profetica\/#breadcrumb","itemListElement":[{"@type":"ListItem","position":1,"name":"Portada","item":"https:\/\/www.eudistasmd.org\/"},{"@type":"ListItem","position":2,"name":"Encuentro de P\u00e1rrocos Eudistas: Renovando el Compromiso en Clave Prof\u00e9tica"}]},{"@type":"WebSite","@id":"https:\/\/www.eudistasmd.org\/#website","url":"https:\/\/www.eudistasmd.org\/","name":"Eudistas MD","description":"Esta Provincia naci\u00f3 de la obra fundada por el padre eudista: Rafael Garc\u00eda Herreros. Este Don del Minuto de Dios ha sido encomendado a los los Eudistas del El Minuto de Dios, quienes se dedican a la Evangelizaci\u00f3n, la Formaci\u00f3n, y al servicio a los m\u00e1s pobres a trav\u00e9s de la Organizaci\u00f3n Minuto de Dios.","potentialAction":[{"@type":"SearchAction","target":{"@type":"EntryPoint","urlTemplate":"https:\/\/www.eudistasmd.org\/?s={search_term_string}"},"query-input":{"@type":"PropertyValueSpecification","valueRequired":true,"valueName":"search_term_string"}}],"inLanguage":"es"},{"@type":"Person","@id":"https:\/\/www.eudistasmd.org\/#\/schema\/person\/ea031151eedd6aedadcdb515522d15d5","name":"Angie Stacy Rodr\u00edguez G\u00f3mez","image":{"@type":"ImageObject","inLanguage":"es","@id":"https:\/\/secure.gravatar.com\/avatar\/08c6f46fb8b7d2682b0cdfd76fb248e50ae4b1eeed14c21faf047e138ae11aa3?s=96&d=mm&r=g","url":"https:\/\/secure.gravatar.com\/avatar\/08c6f46fb8b7d2682b0cdfd76fb248e50ae4b1eeed14c21faf047e138ae11aa3?s=96&d=mm&r=g","contentUrl":"https:\/\/secure.gravatar.com\/avatar\/08c6f46fb8b7d2682b0cdfd76fb248e50ae4b1eeed14c21faf047e138ae11aa3?s=96&d=mm&r=g","caption":"Angie Stacy Rodr\u00edguez G\u00f3mez"},"url":"https:\/\/www.eudistasmd.org\/index.php\/author\/noticias-editoramd\/"}]}},"_links":{"self":[{"href":"https:\/\/www.eudistasmd.org\/index.php\/wp-json\/wp\/v2\/posts\/7920","targetHints":{"allow":["GET"]}}],"collection":[{"href":"https:\/\/www.eudistasmd.org\/index.php\/wp-json\/wp\/v2\/posts"}],"about":[{"href":"https:\/\/www.eudistasmd.org\/index.php\/wp-json\/wp\/v2\/types\/post"}],"author":[{"embeddable":true,"href":"https:\/\/www.eudistasmd.org\/index.php\/wp-json\/wp\/v2\/users\/7"}],"replies":[{"embeddable":true,"href":"https:\/\/www.eudistasmd.org\/index.php\/wp-json\/wp\/v2\/comments?post=7920"}],"version-history":[{"count":1,"href":"https:\/\/www.eudistasmd.org\/index.php\/wp-json\/wp\/v2\/posts\/7920\/revisions"}],"predecessor-version":[{"id":7936,"href":"https:\/\/www.eudistasmd.org\/index.php\/wp-json\/wp\/v2\/posts\/7920\/revisions\/7936"}],"wp:featuredmedia":[{"embeddable":true,"href":"https:\/\/www.eudistasmd.org\/index.php\/wp-json\/wp\/v2\/media\/7921"}],"wp:attachment":[{"href":"https:\/\/www.eudistasmd.org\/index.php\/wp-json\/wp\/v2\/media?parent=7920"}],"wp:term":[{"taxonomy":"category","embeddable":true,"href":"https:\/\/www.eudistasmd.org\/index.php\/wp-json\/wp\/v2\/categories?post=7920"},{"taxonomy":"post_tag","embeddable":true,"href":"https:\/\/www.eudistasmd.org\/index.php\/wp-json\/wp\/v2\/tags?post=7920"}],"curies":[{"name":"wp","href":"https:\/\/api.w.org\/{rel}","templated":true}]}}