{"id":7900,"date":"2026-04-17T18:13:29","date_gmt":"2026-04-17T23:13:29","guid":{"rendered":"https:\/\/www.eudistasmd.org\/?p=7900"},"modified":"2026-04-17T18:19:15","modified_gmt":"2026-04-17T23:19:15","slug":"la-provincia-eudista-de-el-minuto-de-dios-celebra-nuevas-asociaciones-y-renovacion-de-asociados","status":"publish","type":"post","link":"https:\/\/www.eudistasmd.org\/index.php\/2026\/04\/17\/la-provincia-eudista-de-el-minuto-de-dios-celebra-nuevas-asociaciones-y-renovacion-de-asociados\/","title":{"rendered":"La Provincia Eudista de El Minuto de Dios celebra nuevas asociaciones y renovaci\u00f3n de asociados"},"content":{"rendered":"<p><strong>Por: Luis Guillermo Romero<\/strong><\/p>\n<p>El pasado lunes 13 de abril de 2026, la Congregaci\u00f3n de Jes\u00fas y Mar\u00eda \u2013 Provincia Eudista del Minuto de Dios vivi\u00f3 un momento de profunda alegr\u00eda y comuni\u00f3n con la renovaci\u00f3n de la asociaci\u00f3n y la llegada de nuevos asociados, que se incorporaron a la Comunidad Local de la Casa Provincial. En esta celebraci\u00f3n, varios Asociados Eudistas \u00a0renovaron su compromiso, reafirmando su deseo de continuar caminando junto a la espiritualidad eudista y de seguir sirviendo a la Iglesia desde el carisma de San Juan Eudes. Renovaron su asociaci\u00f3n: Erik Yesith Torres Ari\u00f1o, Mayron Jair Rojas Jaramillo, Angie Valentina Moreno Pico, Jes\u00fas Eduardo Alarc\u00f3n Moreno y Alba Roc\u00edo Galeano Hern\u00e1ndez.<\/p>\n<p>De igual manera, la comunidad acogi\u00f3 con especial gozo a quienes fueron incorporados como nuevos asociados: Jairo Fernando Rinc\u00f3n Guevara, Angie Stacy Rodr\u00edguez G\u00f3mez, Daniel Fernando Daza Jim\u00e9nez y Nelly Mar\u00eda Jamboos Zabala, quienes inician este camino de vinculaci\u00f3n m\u00e1s cercana con la misi\u00f3n eudista. Este momento no solo representa un acto formal, sino una expresi\u00f3n concreta de comuni\u00f3n y corresponsabilidad en la misi\u00f3n. Ser asociado Eudista dentro de la Provincia implica participar activamente del carisma eudista, viviendo la espiritualidad del Coraz\u00f3n de Jes\u00fas y Mar\u00eda, y comprometi\u00e9ndose con la evangelizaci\u00f3n, la formaci\u00f3n y el servicio, especialmente en aquellos espacios donde m\u00e1s se necesita anunciar el Evangelio.<\/p>\n<p>La Provincia Eudista del Minuto de Dios recibe este paso con gratitud y esperanza, reconociendo en cada uno de los asociados un signo vivo de un carisma que sigue extendi\u00e9ndose y encarn\u00e1ndose en la vida del pueblo de Dios. As\u00ed, en medio de la vida comunitaria, se fortalece el camino compartido entre sacerdotes y asociados, confirmando que la misi\u00f3n eudista contin\u00faa creciendo gracias a corazones disponibles que responden con generosidad al llamado de Dios.<\/p>\n<div class=\"et_pb_slider et_pb_slider_fullwidth_off et_pb_gallery_post_type\">\n\t\t\t\t<div class=\"et_pb_slides\">\n\t\t\t\t\t<div class=\"et_pb_slide\" style=\"background: url(https:\/\/www.eudistasmd.org\/wp-content\/uploads\/2026\/04\/WhatsApp-Image-2026-04-13-at-8.54.13-PM.jpeg);\"><\/div><div class=\"et_pb_slide\" style=\"background: url(https:\/\/www.eudistasmd.org\/wp-content\/uploads\/2026\/04\/WhatsApp-Image-2026-04-13-at-9.39.35-PM-1.jpeg);\"><\/div><div class=\"et_pb_slide\" style=\"background: url(https:\/\/www.eudistasmd.org\/wp-content\/uploads\/2026\/04\/WhatsApp-Image-2026-04-13-at-9.39.35-PM.jpeg);\"><\/div><div class=\"et_pb_slide\" style=\"background: url(https:\/\/www.eudistasmd.org\/wp-content\/uploads\/2026\/04\/WhatsApp-Image-2026-04-13-at-9.39.33-PM-1.jpeg);\"><\/div><div class=\"et_pb_slide\" style=\"background: url(https:\/\/www.eudistasmd.org\/wp-content\/uploads\/2026\/04\/WhatsApp-Image-2026-04-13-at-9.39.33-PM.jpeg);\"><\/div><div class=\"et_pb_slide\" style=\"background: url(https:\/\/www.eudistasmd.org\/wp-content\/uploads\/2026\/04\/WhatsApp-Image-2026-04-13-at-9.39.32-PM.jpeg);\"><\/div><div class=\"et_pb_slide\" style=\"background: url(https:\/\/www.eudistasmd.org\/wp-content\/uploads\/2026\/04\/WhatsApp-Image-2026-04-13-at-9.39.31-PM.jpeg);\"><\/div><div class=\"et_pb_slide\" style=\"background: url(https:\/\/www.eudistasmd.org\/wp-content\/uploads\/2026\/04\/WhatsApp-Image-2026-04-13-at-9.39.30-PM-2.jpeg);\"><\/div><div class=\"et_pb_slide\" style=\"background: url(https:\/\/www.eudistasmd.org\/wp-content\/uploads\/2026\/04\/WhatsApp-Image-2026-04-13-at-9.39.30-PM-1.jpeg);\"><\/div><div class=\"et_pb_slide\" style=\"background: url(https:\/\/www.eudistasmd.org\/wp-content\/uploads\/2026\/04\/WhatsApp-Image-2026-04-13-at-9.39.30-PM.jpeg);\"><\/div><div class=\"et_pb_slide\" style=\"background: url(https:\/\/www.eudistasmd.org\/wp-content\/uploads\/2026\/04\/WhatsApp-Image-2026-04-13-at-9.39.29-PM.jpeg);\"><\/div><div class=\"et_pb_slide\" style=\"background: url(https:\/\/www.eudistasmd.org\/wp-content\/uploads\/2026\/04\/WhatsApp-Image-2026-04-13-at-9.39.28-PM-2.jpeg);\"><\/div><div class=\"et_pb_slide\" style=\"background: url(https:\/\/www.eudistasmd.org\/wp-content\/uploads\/2026\/04\/WhatsApp-Image-2026-04-13-at-9.39.28-PM-1.jpeg);\"><\/div><div class=\"et_pb_slide\" style=\"background: url(https:\/\/www.eudistasmd.org\/wp-content\/uploads\/2026\/04\/WhatsApp-Image-2026-04-13-at-9.39.28-PM.jpeg);\"><\/div><div class=\"et_pb_slide\" style=\"background: url(https:\/\/www.eudistasmd.org\/wp-content\/uploads\/2026\/04\/WhatsApp-Image-2026-04-13-at-9.39.27-PM-2.jpeg);\"><\/div><div class=\"et_pb_slide\" style=\"background: url(https:\/\/www.eudistasmd.org\/wp-content\/uploads\/2026\/04\/WhatsApp-Image-2026-04-13-at-9.39.27-PM-1.jpeg);\"><\/div>\n\t\t\t\t<\/div>\n\t\t\t<\/div>\n<p>&nbsp;<\/p>\n","protected":false},"excerpt":{"rendered":"<p>Por: Luis Guillermo Romero El pasado lunes 13 de abril de 2026, la Congregaci\u00f3n de Jes\u00fas y Mar\u00eda \u2013 Provincia Eudista del Minuto de Dios vivi\u00f3 un momento de profunda alegr\u00eda y comuni\u00f3n con la renovaci\u00f3n de la asociaci\u00f3n y la llegada de nuevos asociados, que se incorporaron a la Comunidad Local de la Casa [&hellip;]<\/p>\n","protected":false},"author":7,"featured_media":7901,"comment_status":"closed","ping_status":"closed","sticky":false,"template":"","format":"standard","meta":{"_et_pb_use_builder":"","_et_pb_old_content":"","_et_gb_content_width":"","footnotes":""},"categories":[13],"tags":[54,22,84],"class_list":["post-7900","post","type-post","status-publish","format-standard","has-post-thumbnail","hentry","category-actualidad-eudista","tag-asociados-eudistas","tag-eudistas","tag-laicos-eudistas"],"yoast_head":"<!-- This site is optimized with the Yoast SEO plugin v27.2 - https:\/\/yoast.com\/product\/yoast-seo-wordpress\/ -->\n<title>La Provincia Eudista de El Minuto de Dios celebra nuevas asociaciones y renovaci\u00f3n de asociados - Eudistas MD<\/title>\n<meta name=\"robots\" content=\"index, follow, max-snippet:-1, max-image-preview:large, max-video-preview:-1\" \/>\n<link rel=\"canonical\" href=\"https:\/\/www.eudistasmd.org\/index.php\/2026\/04\/17\/la-provincia-eudista-de-el-minuto-de-dios-celebra-nuevas-asociaciones-y-renovacion-de-asociados\/\" \/>\n<meta property=\"og:locale\" content=\"es_ES\" \/>\n<meta property=\"og:type\" content=\"article\" \/>\n<meta property=\"og:title\" content=\"La Provincia Eudista de El Minuto de Dios celebra nuevas asociaciones y renovaci\u00f3n de asociados - Eudistas MD\" \/>\n<meta property=\"og:description\" content=\"Por: Luis Guillermo Romero El pasado lunes 13 de abril de 2026, la Congregaci\u00f3n de Jes\u00fas y Mar\u00eda \u2013 Provincia Eudista del Minuto de Dios vivi\u00f3 un momento de profunda alegr\u00eda y comuni\u00f3n con la renovaci\u00f3n de la asociaci\u00f3n y la llegada de nuevos asociados, que se incorporaron a la Comunidad Local de la Casa [&hellip;]\" \/>\n<meta property=\"og:url\" content=\"https:\/\/www.eudistasmd.org\/index.php\/2026\/04\/17\/la-provincia-eudista-de-el-minuto-de-dios-celebra-nuevas-asociaciones-y-renovacion-de-asociados\/\" \/>\n<meta property=\"og:site_name\" content=\"Eudistas MD\" \/>\n<meta property=\"article:published_time\" content=\"2026-04-17T23:13:29+00:00\" \/>\n<meta property=\"article:modified_time\" content=\"2026-04-17T23:19:15+00:00\" \/>\n<meta property=\"og:image\" content=\"https:\/\/www.eudistasmd.org\/wp-content\/uploads\/2026\/04\/Banner-web-Asociados.png\" \/>\n\t<meta property=\"og:image:width\" content=\"650\" \/>\n\t<meta property=\"og:image:height\" content=\"380\" \/>\n\t<meta property=\"og:image:type\" content=\"image\/png\" \/>\n<meta name=\"author\" content=\"Angie Stacy Rodr\u00edguez G\u00f3mez\" \/>\n<meta name=\"twitter:card\" content=\"summary_large_image\" \/>\n<meta name=\"twitter:label1\" content=\"Escrito por\" \/>\n\t<meta name=\"twitter:data1\" content=\"Angie Stacy Rodr\u00edguez G\u00f3mez\" \/>\n\t<meta name=\"twitter:label2\" content=\"Tiempo de lectura\" \/>\n\t<meta name=\"twitter:data2\" content=\"2 minutos\" \/>\n<script type=\"application\/ld+json\" class=\"yoast-schema-graph\">{\"@context\":\"https:\/\/schema.org\",\"@graph\":[{\"@type\":\"Article\",\"@id\":\"https:\/\/www.eudistasmd.org\/index.php\/2026\/04\/17\/la-provincia-eudista-de-el-minuto-de-dios-celebra-nuevas-asociaciones-y-renovacion-de-asociados\/#article\",\"isPartOf\":{\"@id\":\"https:\/\/www.eudistasmd.org\/index.php\/2026\/04\/17\/la-provincia-eudista-de-el-minuto-de-dios-celebra-nuevas-asociaciones-y-renovacion-de-asociados\/\"},\"author\":{\"name\":\"Angie Stacy Rodr\u00edguez G\u00f3mez\",\"@id\":\"https:\/\/www.eudistasmd.org\/#\/schema\/person\/ea031151eedd6aedadcdb515522d15d5\"},\"headline\":\"La Provincia Eudista de El Minuto de Dios celebra nuevas asociaciones y renovaci\u00f3n de asociados\",\"datePublished\":\"2026-04-17T23:13:29+00:00\",\"dateModified\":\"2026-04-17T23:19:15+00:00\",\"mainEntityOfPage\":{\"@id\":\"https:\/\/www.eudistasmd.org\/index.php\/2026\/04\/17\/la-provincia-eudista-de-el-minuto-de-dios-celebra-nuevas-asociaciones-y-renovacion-de-asociados\/\"},\"wordCount\":347,\"image\":{\"@id\":\"https:\/\/www.eudistasmd.org\/index.php\/2026\/04\/17\/la-provincia-eudista-de-el-minuto-de-dios-celebra-nuevas-asociaciones-y-renovacion-de-asociados\/#primaryimage\"},\"thumbnailUrl\":\"https:\/\/www.eudistasmd.org\/wp-content\/uploads\/2026\/04\/Banner-web-Asociados.png\",\"keywords\":[\"Asociados Eudistas\",\"Eudistas\",\"Laicos eudistas\"],\"articleSection\":[\"Actualidad Eudista\"],\"inLanguage\":\"es\"},{\"@type\":\"WebPage\",\"@id\":\"https:\/\/www.eudistasmd.org\/index.php\/2026\/04\/17\/la-provincia-eudista-de-el-minuto-de-dios-celebra-nuevas-asociaciones-y-renovacion-de-asociados\/\",\"url\":\"https:\/\/www.eudistasmd.org\/index.php\/2026\/04\/17\/la-provincia-eudista-de-el-minuto-de-dios-celebra-nuevas-asociaciones-y-renovacion-de-asociados\/\",\"name\":\"La Provincia Eudista de El Minuto de Dios celebra nuevas asociaciones y renovaci\u00f3n de asociados - Eudistas MD\",\"isPartOf\":{\"@id\":\"https:\/\/www.eudistasmd.org\/#website\"},\"primaryImageOfPage\":{\"@id\":\"https:\/\/www.eudistasmd.org\/index.php\/2026\/04\/17\/la-provincia-eudista-de-el-minuto-de-dios-celebra-nuevas-asociaciones-y-renovacion-de-asociados\/#primaryimage\"},\"image\":{\"@id\":\"https:\/\/www.eudistasmd.org\/index.php\/2026\/04\/17\/la-provincia-eudista-de-el-minuto-de-dios-celebra-nuevas-asociaciones-y-renovacion-de-asociados\/#primaryimage\"},\"thumbnailUrl\":\"https:\/\/www.eudistasmd.org\/wp-content\/uploads\/2026\/04\/Banner-web-Asociados.png\",\"datePublished\":\"2026-04-17T23:13:29+00:00\",\"dateModified\":\"2026-04-17T23:19:15+00:00\",\"author\":{\"@id\":\"https:\/\/www.eudistasmd.org\/#\/schema\/person\/ea031151eedd6aedadcdb515522d15d5\"},\"breadcrumb\":{\"@id\":\"https:\/\/www.eudistasmd.org\/index.php\/2026\/04\/17\/la-provincia-eudista-de-el-minuto-de-dios-celebra-nuevas-asociaciones-y-renovacion-de-asociados\/#breadcrumb\"},\"inLanguage\":\"es\",\"potentialAction\":[{\"@type\":\"ReadAction\",\"target\":[\"https:\/\/www.eudistasmd.org\/index.php\/2026\/04\/17\/la-provincia-eudista-de-el-minuto-de-dios-celebra-nuevas-asociaciones-y-renovacion-de-asociados\/\"]}]},{\"@type\":\"ImageObject\",\"inLanguage\":\"es\",\"@id\":\"https:\/\/www.eudistasmd.org\/index.php\/2026\/04\/17\/la-provincia-eudista-de-el-minuto-de-dios-celebra-nuevas-asociaciones-y-renovacion-de-asociados\/#primaryimage\",\"url\":\"https:\/\/www.eudistasmd.org\/wp-content\/uploads\/2026\/04\/Banner-web-Asociados.png\",\"contentUrl\":\"https:\/\/www.eudistasmd.org\/wp-content\/uploads\/2026\/04\/Banner-web-Asociados.png\",\"width\":650,\"height\":380},{\"@type\":\"BreadcrumbList\",\"@id\":\"https:\/\/www.eudistasmd.org\/index.php\/2026\/04\/17\/la-provincia-eudista-de-el-minuto-de-dios-celebra-nuevas-asociaciones-y-renovacion-de-asociados\/#breadcrumb\",\"itemListElement\":[{\"@type\":\"ListItem\",\"position\":1,\"name\":\"Portada\",\"item\":\"https:\/\/www.eudistasmd.org\/\"},{\"@type\":\"ListItem\",\"position\":2,\"name\":\"La Provincia Eudista de El Minuto de Dios celebra nuevas asociaciones y renovaci\u00f3n de asociados\"}]},{\"@type\":\"WebSite\",\"@id\":\"https:\/\/www.eudistasmd.org\/#website\",\"url\":\"https:\/\/www.eudistasmd.org\/\",\"name\":\"Eudistas MD\",\"description\":\"Esta Provincia naci\u00f3 de la obra fundada por el padre eudista: Rafael Garc\u00eda Herreros. Este Don del Minuto de Dios ha sido encomendado a los los Eudistas del El Minuto de Dios, quienes se dedican a la Evangelizaci\u00f3n, la Formaci\u00f3n, y al servicio a los m\u00e1s pobres a trav\u00e9s de la Organizaci\u00f3n Minuto de Dios.\",\"potentialAction\":[{\"@type\":\"SearchAction\",\"target\":{\"@type\":\"EntryPoint\",\"urlTemplate\":\"https:\/\/www.eudistasmd.org\/?s={search_term_string}\"},\"query-input\":{\"@type\":\"PropertyValueSpecification\",\"valueRequired\":true,\"valueName\":\"search_term_string\"}}],\"inLanguage\":\"es\"},{\"@type\":\"Person\",\"@id\":\"https:\/\/www.eudistasmd.org\/#\/schema\/person\/ea031151eedd6aedadcdb515522d15d5\",\"name\":\"Angie Stacy Rodr\u00edguez G\u00f3mez\",\"image\":{\"@type\":\"ImageObject\",\"inLanguage\":\"es\",\"@id\":\"https:\/\/secure.gravatar.com\/avatar\/08c6f46fb8b7d2682b0cdfd76fb248e50ae4b1eeed14c21faf047e138ae11aa3?s=96&d=mm&r=g\",\"url\":\"https:\/\/secure.gravatar.com\/avatar\/08c6f46fb8b7d2682b0cdfd76fb248e50ae4b1eeed14c21faf047e138ae11aa3?s=96&d=mm&r=g\",\"contentUrl\":\"https:\/\/secure.gravatar.com\/avatar\/08c6f46fb8b7d2682b0cdfd76fb248e50ae4b1eeed14c21faf047e138ae11aa3?s=96&d=mm&r=g\",\"caption\":\"Angie Stacy Rodr\u00edguez G\u00f3mez\"},\"url\":\"https:\/\/www.eudistasmd.org\/index.php\/author\/noticias-editoramd\/\"}]}<\/script>\n<!-- \/ Yoast SEO plugin. -->","yoast_head_json":{"title":"La Provincia Eudista de El Minuto de Dios celebra nuevas asociaciones y renovaci\u00f3n de asociados - Eudistas MD","robots":{"index":"index","follow":"follow","max-snippet":"max-snippet:-1","max-image-preview":"max-image-preview:large","max-video-preview":"max-video-preview:-1"},"canonical":"https:\/\/www.eudistasmd.org\/index.php\/2026\/04\/17\/la-provincia-eudista-de-el-minuto-de-dios-celebra-nuevas-asociaciones-y-renovacion-de-asociados\/","og_locale":"es_ES","og_type":"article","og_title":"La Provincia Eudista de El Minuto de Dios celebra nuevas asociaciones y renovaci\u00f3n de asociados - Eudistas MD","og_description":"Por: Luis Guillermo Romero El pasado lunes 13 de abril de 2026, la Congregaci\u00f3n de Jes\u00fas y Mar\u00eda \u2013 Provincia Eudista del Minuto de Dios vivi\u00f3 un momento de profunda alegr\u00eda y comuni\u00f3n con la renovaci\u00f3n de la asociaci\u00f3n y la llegada de nuevos asociados, que se incorporaron a la Comunidad Local de la Casa [&hellip;]","og_url":"https:\/\/www.eudistasmd.org\/index.php\/2026\/04\/17\/la-provincia-eudista-de-el-minuto-de-dios-celebra-nuevas-asociaciones-y-renovacion-de-asociados\/","og_site_name":"Eudistas MD","article_published_time":"2026-04-17T23:13:29+00:00","article_modified_time":"2026-04-17T23:19:15+00:00","og_image":[{"width":650,"height":380,"url":"https:\/\/www.eudistasmd.org\/wp-content\/uploads\/2026\/04\/Banner-web-Asociados.png","type":"image\/png"}],"author":"Angie Stacy Rodr\u00edguez G\u00f3mez","twitter_card":"summary_large_image","twitter_misc":{"Escrito por":"Angie Stacy Rodr\u00edguez G\u00f3mez","Tiempo de lectura":"2 minutos"},"schema":{"@context":"https:\/\/schema.org","@graph":[{"@type":"Article","@id":"https:\/\/www.eudistasmd.org\/index.php\/2026\/04\/17\/la-provincia-eudista-de-el-minuto-de-dios-celebra-nuevas-asociaciones-y-renovacion-de-asociados\/#article","isPartOf":{"@id":"https:\/\/www.eudistasmd.org\/index.php\/2026\/04\/17\/la-provincia-eudista-de-el-minuto-de-dios-celebra-nuevas-asociaciones-y-renovacion-de-asociados\/"},"author":{"name":"Angie Stacy Rodr\u00edguez G\u00f3mez","@id":"https:\/\/www.eudistasmd.org\/#\/schema\/person\/ea031151eedd6aedadcdb515522d15d5"},"headline":"La Provincia Eudista de El Minuto de Dios celebra nuevas asociaciones y renovaci\u00f3n de asociados","datePublished":"2026-04-17T23:13:29+00:00","dateModified":"2026-04-17T23:19:15+00:00","mainEntityOfPage":{"@id":"https:\/\/www.eudistasmd.org\/index.php\/2026\/04\/17\/la-provincia-eudista-de-el-minuto-de-dios-celebra-nuevas-asociaciones-y-renovacion-de-asociados\/"},"wordCount":347,"image":{"@id":"https:\/\/www.eudistasmd.org\/index.php\/2026\/04\/17\/la-provincia-eudista-de-el-minuto-de-dios-celebra-nuevas-asociaciones-y-renovacion-de-asociados\/#primaryimage"},"thumbnailUrl":"https:\/\/www.eudistasmd.org\/wp-content\/uploads\/2026\/04\/Banner-web-Asociados.png","keywords":["Asociados Eudistas","Eudistas","Laicos eudistas"],"articleSection":["Actualidad Eudista"],"inLanguage":"es"},{"@type":"WebPage","@id":"https:\/\/www.eudistasmd.org\/index.php\/2026\/04\/17\/la-provincia-eudista-de-el-minuto-de-dios-celebra-nuevas-asociaciones-y-renovacion-de-asociados\/","url":"https:\/\/www.eudistasmd.org\/index.php\/2026\/04\/17\/la-provincia-eudista-de-el-minuto-de-dios-celebra-nuevas-asociaciones-y-renovacion-de-asociados\/","name":"La Provincia Eudista de El Minuto de Dios celebra nuevas asociaciones y renovaci\u00f3n de asociados - Eudistas MD","isPartOf":{"@id":"https:\/\/www.eudistasmd.org\/#website"},"primaryImageOfPage":{"@id":"https:\/\/www.eudistasmd.org\/index.php\/2026\/04\/17\/la-provincia-eudista-de-el-minuto-de-dios-celebra-nuevas-asociaciones-y-renovacion-de-asociados\/#primaryimage"},"image":{"@id":"https:\/\/www.eudistasmd.org\/index.php\/2026\/04\/17\/la-provincia-eudista-de-el-minuto-de-dios-celebra-nuevas-asociaciones-y-renovacion-de-asociados\/#primaryimage"},"thumbnailUrl":"https:\/\/www.eudistasmd.org\/wp-content\/uploads\/2026\/04\/Banner-web-Asociados.png","datePublished":"2026-04-17T23:13:29+00:00","dateModified":"2026-04-17T23:19:15+00:00","author":{"@id":"https:\/\/www.eudistasmd.org\/#\/schema\/person\/ea031151eedd6aedadcdb515522d15d5"},"breadcrumb":{"@id":"https:\/\/www.eudistasmd.org\/index.php\/2026\/04\/17\/la-provincia-eudista-de-el-minuto-de-dios-celebra-nuevas-asociaciones-y-renovacion-de-asociados\/#breadcrumb"},"inLanguage":"es","potentialAction":[{"@type":"ReadAction","target":["https:\/\/www.eudistasmd.org\/index.php\/2026\/04\/17\/la-provincia-eudista-de-el-minuto-de-dios-celebra-nuevas-asociaciones-y-renovacion-de-asociados\/"]}]},{"@type":"ImageObject","inLanguage":"es","@id":"https:\/\/www.eudistasmd.org\/index.php\/2026\/04\/17\/la-provincia-eudista-de-el-minuto-de-dios-celebra-nuevas-asociaciones-y-renovacion-de-asociados\/#primaryimage","url":"https:\/\/www.eudistasmd.org\/wp-content\/uploads\/2026\/04\/Banner-web-Asociados.png","contentUrl":"https:\/\/www.eudistasmd.org\/wp-content\/uploads\/2026\/04\/Banner-web-Asociados.png","width":650,"height":380},{"@type":"BreadcrumbList","@id":"https:\/\/www.eudistasmd.org\/index.php\/2026\/04\/17\/la-provincia-eudista-de-el-minuto-de-dios-celebra-nuevas-asociaciones-y-renovacion-de-asociados\/#breadcrumb","itemListElement":[{"@type":"ListItem","position":1,"name":"Portada","item":"https:\/\/www.eudistasmd.org\/"},{"@type":"ListItem","position":2,"name":"La Provincia Eudista de El Minuto de Dios celebra nuevas asociaciones y renovaci\u00f3n de asociados"}]},{"@type":"WebSite","@id":"https:\/\/www.eudistasmd.org\/#website","url":"https:\/\/www.eudistasmd.org\/","name":"Eudistas MD","description":"Esta Provincia naci\u00f3 de la obra fundada por el padre eudista: Rafael Garc\u00eda Herreros. Este Don del Minuto de Dios ha sido encomendado a los los Eudistas del El Minuto de Dios, quienes se dedican a la Evangelizaci\u00f3n, la Formaci\u00f3n, y al servicio a los m\u00e1s pobres a trav\u00e9s de la Organizaci\u00f3n Minuto de Dios.","potentialAction":[{"@type":"SearchAction","target":{"@type":"EntryPoint","urlTemplate":"https:\/\/www.eudistasmd.org\/?s={search_term_string}"},"query-input":{"@type":"PropertyValueSpecification","valueRequired":true,"valueName":"search_term_string"}}],"inLanguage":"es"},{"@type":"Person","@id":"https:\/\/www.eudistasmd.org\/#\/schema\/person\/ea031151eedd6aedadcdb515522d15d5","name":"Angie Stacy Rodr\u00edguez G\u00f3mez","image":{"@type":"ImageObject","inLanguage":"es","@id":"https:\/\/secure.gravatar.com\/avatar\/08c6f46fb8b7d2682b0cdfd76fb248e50ae4b1eeed14c21faf047e138ae11aa3?s=96&d=mm&r=g","url":"https:\/\/secure.gravatar.com\/avatar\/08c6f46fb8b7d2682b0cdfd76fb248e50ae4b1eeed14c21faf047e138ae11aa3?s=96&d=mm&r=g","contentUrl":"https:\/\/secure.gravatar.com\/avatar\/08c6f46fb8b7d2682b0cdfd76fb248e50ae4b1eeed14c21faf047e138ae11aa3?s=96&d=mm&r=g","caption":"Angie Stacy Rodr\u00edguez G\u00f3mez"},"url":"https:\/\/www.eudistasmd.org\/index.php\/author\/noticias-editoramd\/"}]}},"_links":{"self":[{"href":"https:\/\/www.eudistasmd.org\/index.php\/wp-json\/wp\/v2\/posts\/7900","targetHints":{"allow":["GET"]}}],"collection":[{"href":"https:\/\/www.eudistasmd.org\/index.php\/wp-json\/wp\/v2\/posts"}],"about":[{"href":"https:\/\/www.eudistasmd.org\/index.php\/wp-json\/wp\/v2\/types\/post"}],"author":[{"embeddable":true,"href":"https:\/\/www.eudistasmd.org\/index.php\/wp-json\/wp\/v2\/users\/7"}],"replies":[{"embeddable":true,"href":"https:\/\/www.eudistasmd.org\/index.php\/wp-json\/wp\/v2\/comments?post=7900"}],"version-history":[{"count":1,"href":"https:\/\/www.eudistasmd.org\/index.php\/wp-json\/wp\/v2\/posts\/7900\/revisions"}],"predecessor-version":[{"id":7918,"href":"https:\/\/www.eudistasmd.org\/index.php\/wp-json\/wp\/v2\/posts\/7900\/revisions\/7918"}],"wp:featuredmedia":[{"embeddable":true,"href":"https:\/\/www.eudistasmd.org\/index.php\/wp-json\/wp\/v2\/media\/7901"}],"wp:attachment":[{"href":"https:\/\/www.eudistasmd.org\/index.php\/wp-json\/wp\/v2\/media?parent=7900"}],"wp:term":[{"taxonomy":"category","embeddable":true,"href":"https:\/\/www.eudistasmd.org\/index.php\/wp-json\/wp\/v2\/categories?post=7900"},{"taxonomy":"post_tag","embeddable":true,"href":"https:\/\/www.eudistasmd.org\/index.php\/wp-json\/wp\/v2\/tags?post=7900"}],"curies":[{"name":"wp","href":"https:\/\/api.w.org\/{rel}","templated":true}]}}