{"id":7892,"date":"2026-04-16T11:49:14","date_gmt":"2026-04-16T16:49:14","guid":{"rendered":"https:\/\/www.eudistasmd.org\/?p=7892"},"modified":"2026-04-16T11:49:14","modified_gmt":"2026-04-16T16:49:14","slug":"visita-canonica-del-padre-german-gandara-cjm-a-la-comunidad-local-de-buga","status":"publish","type":"post","link":"https:\/\/www.eudistasmd.org\/index.php\/2026\/04\/16\/visita-canonica-del-padre-german-gandara-cjm-a-la-comunidad-local-de-buga\/","title":{"rendered":"Visita can\u00f3nica del Padre Germ\u00e1n G\u00e1ndara, CJM, a la comunidad local de Buga"},"content":{"rendered":"<p><strong>Por: Rafael Beltr\u00e1n, candidato eudista<\/strong><\/p>\n<p>Del 8 al 11 de abril, el Padre Germ\u00e1n G\u00e1ndara, CJM, Superior Provincial de la Provincia Eudista Minuto de Dios, realiz\u00f3 la visita can\u00f3nica a la comunidad local \u201cNuestra Se\u00f1ora de la D\u00e9livrande\u201d en Buga, en un ambiente de fraternidad, cercan\u00eda y comuni\u00f3n con la misi\u00f3n.<\/p>\n<p>Durante estos d\u00edas, el Padre Provincial comparti\u00f3 la vida de la comunidad, generando espacios de di\u00e1logo y encuentro con los hermanos, as\u00ed como con distintos actores de la misi\u00f3n eudista en la regi\u00f3n, fortaleciendo los lazos de unidad y corresponsabilidad.<\/p>\n<p>Uno de los momentos significativos fue el encuentro con los directivos de UNIMINUTO, donde se dialog\u00f3 sobre los procesos educativos y el impacto de la presencia eudista en el territorio, reafirmando el compromiso con una educaci\u00f3n que transforma vidas desde el Evangelio.<\/p>\n<p>Asimismo, se vivi\u00f3 un espacio cercano con los preasociados eudistas y la Juventud Misionera Eudista, quienes, desde su proceso de formaci\u00f3n y servicio, expresan la vitalidad del carisma en las nuevas generaciones. Este encuentro permiti\u00f3 escuchar sus experiencias, motivaciones y desaf\u00edos, anim\u00e1ndolos a seguir creciendo en su identidad y compromiso misionero.<\/p>\n<p>La visita estuvo marcada por la cercan\u00eda del Padre Provincial, quien, m\u00e1s all\u00e1 de los espacios formales, comparti\u00f3 fraternalmente con la comunidad, fortaleciendo la vida com\u00fan y animando a continuar con fidelidad la misi\u00f3n encomendada en esta regi\u00f3n.<\/p>\n<p>Este momento se convierte as\u00ed en una oportunidad para renovar la entrega al servicio de la Iglesia, fortaleciendo la comuni\u00f3n entre incorporados, asociados y j\u00f3venes, y proyectando con esperanza el caminar de la Provincia en el territorio.<\/p>\n<div class=\"et_pb_slider et_pb_slider_fullwidth_off et_pb_gallery_post_type\">\n\t\t\t\t<div class=\"et_pb_slides\">\n\t\t\t\t\t<div class=\"et_pb_slide\" style=\"background: url(https:\/\/www.eudistasmd.org\/wp-content\/uploads\/2026\/04\/WhatsApp-Image-2026-04-14-at-4.30.42-PM-2.jpeg);\"><\/div><div class=\"et_pb_slide\" style=\"background: url(https:\/\/www.eudistasmd.org\/wp-content\/uploads\/2026\/04\/WhatsApp-Image-2026-04-14-at-4.30.42-PM-1.jpeg);\"><\/div><div class=\"et_pb_slide\" style=\"background: url(https:\/\/www.eudistasmd.org\/wp-content\/uploads\/2026\/04\/WhatsApp-Image-2026-04-14-at-4.30.42-PM.jpeg);\"><\/div><div class=\"et_pb_slide\" style=\"background: url(https:\/\/www.eudistasmd.org\/wp-content\/uploads\/2026\/04\/WhatsApp-Image-2026-04-14-at-4.30.41-PM-3.jpeg);\"><\/div><div class=\"et_pb_slide\" style=\"background: url(https:\/\/www.eudistasmd.org\/wp-content\/uploads\/2026\/04\/WhatsApp-Image-2026-04-14-at-4.30.41-PM-2.jpeg);\"><\/div><div class=\"et_pb_slide\" style=\"background: url(https:\/\/www.eudistasmd.org\/wp-content\/uploads\/2026\/04\/WhatsApp-Image-2026-04-14-at-4.30.41-PM-1.jpeg);\"><\/div>\n\t\t\t\t<\/div>\n\t\t\t<\/div>\n<p>&nbsp;<\/p>\n","protected":false},"excerpt":{"rendered":"<p>Por: Rafael Beltr\u00e1n, candidato eudista Del 8 al 11 de abril, el Padre Germ\u00e1n G\u00e1ndara, CJM, Superior Provincial de la Provincia Eudista Minuto de Dios, realiz\u00f3 la visita can\u00f3nica a la comunidad local \u201cNuestra Se\u00f1ora de la D\u00e9livrande\u201d en Buga, en un ambiente de fraternidad, cercan\u00eda y comuni\u00f3n con la misi\u00f3n. Durante estos d\u00edas, el [&hellip;]<\/p>\n","protected":false},"author":7,"featured_media":7891,"comment_status":"closed","ping_status":"closed","sticky":false,"template":"","format":"standard","meta":{"_et_pb_use_builder":"","_et_pb_old_content":"","_et_gb_content_width":"","footnotes":""},"categories":[13],"tags":[388,387,456,375,254],"class_list":["post-7892","post","type-post","status-publish","format-standard","has-post-thumbnail","hentry","category-actualidad-eudista","tag-eudistas-en-buga","tag-eudistas-en-cali","tag-minuto-de-dios-en-cali","tag-padre-german-gandara","tag-visita-canonica"],"yoast_head":"<!-- This site is optimized with the Yoast SEO plugin v27.2 - https:\/\/yoast.com\/product\/yoast-seo-wordpress\/ -->\n<title>Visita can\u00f3nica del Padre Germ\u00e1n G\u00e1ndara, CJM, a la comunidad local de Buga - Eudistas MD<\/title>\n<meta name=\"robots\" content=\"index, follow, max-snippet:-1, max-image-preview:large, max-video-preview:-1\" \/>\n<link rel=\"canonical\" href=\"https:\/\/www.eudistasmd.org\/index.php\/2026\/04\/16\/visita-canonica-del-padre-german-gandara-cjm-a-la-comunidad-local-de-buga\/\" \/>\n<meta property=\"og:locale\" content=\"es_ES\" \/>\n<meta property=\"og:type\" content=\"article\" \/>\n<meta property=\"og:title\" content=\"Visita can\u00f3nica del Padre Germ\u00e1n G\u00e1ndara, CJM, a la comunidad local de Buga - Eudistas MD\" \/>\n<meta property=\"og:description\" content=\"Por: Rafael Beltr\u00e1n, candidato eudista Del 8 al 11 de abril, el Padre Germ\u00e1n G\u00e1ndara, CJM, Superior Provincial de la Provincia Eudista Minuto de Dios, realiz\u00f3 la visita can\u00f3nica a la comunidad local \u201cNuestra Se\u00f1ora de la D\u00e9livrande\u201d en Buga, en un ambiente de fraternidad, cercan\u00eda y comuni\u00f3n con la misi\u00f3n. Durante estos d\u00edas, el [&hellip;]\" \/>\n<meta property=\"og:url\" content=\"https:\/\/www.eudistasmd.org\/index.php\/2026\/04\/16\/visita-canonica-del-padre-german-gandara-cjm-a-la-comunidad-local-de-buga\/\" \/>\n<meta property=\"og:site_name\" content=\"Eudistas MD\" \/>\n<meta property=\"article:published_time\" content=\"2026-04-16T16:49:14+00:00\" \/>\n<meta property=\"og:image\" content=\"https:\/\/www.eudistasmd.org\/wp-content\/uploads\/2026\/04\/Banner-web-Visita-canonica-buga.png\" \/>\n\t<meta property=\"og:image:width\" content=\"650\" \/>\n\t<meta property=\"og:image:height\" content=\"380\" \/>\n\t<meta property=\"og:image:type\" content=\"image\/png\" \/>\n<meta name=\"author\" content=\"Angie Stacy Rodr\u00edguez G\u00f3mez\" \/>\n<meta name=\"twitter:card\" content=\"summary_large_image\" \/>\n<meta name=\"twitter:label1\" content=\"Escrito por\" \/>\n\t<meta name=\"twitter:data1\" content=\"Angie Stacy Rodr\u00edguez G\u00f3mez\" \/>\n\t<meta name=\"twitter:label2\" content=\"Tiempo de lectura\" \/>\n\t<meta name=\"twitter:data2\" content=\"2 minutos\" \/>\n<script type=\"application\/ld+json\" class=\"yoast-schema-graph\">{\"@context\":\"https:\/\/schema.org\",\"@graph\":[{\"@type\":\"Article\",\"@id\":\"https:\/\/www.eudistasmd.org\/index.php\/2026\/04\/16\/visita-canonica-del-padre-german-gandara-cjm-a-la-comunidad-local-de-buga\/#article\",\"isPartOf\":{\"@id\":\"https:\/\/www.eudistasmd.org\/index.php\/2026\/04\/16\/visita-canonica-del-padre-german-gandara-cjm-a-la-comunidad-local-de-buga\/\"},\"author\":{\"name\":\"Angie Stacy Rodr\u00edguez G\u00f3mez\",\"@id\":\"https:\/\/www.eudistasmd.org\/#\/schema\/person\/ea031151eedd6aedadcdb515522d15d5\"},\"headline\":\"Visita can\u00f3nica del Padre Germ\u00e1n G\u00e1ndara, CJM, a la comunidad local de Buga\",\"datePublished\":\"2026-04-16T16:49:14+00:00\",\"mainEntityOfPage\":{\"@id\":\"https:\/\/www.eudistasmd.org\/index.php\/2026\/04\/16\/visita-canonica-del-padre-german-gandara-cjm-a-la-comunidad-local-de-buga\/\"},\"wordCount\":300,\"image\":{\"@id\":\"https:\/\/www.eudistasmd.org\/index.php\/2026\/04\/16\/visita-canonica-del-padre-german-gandara-cjm-a-la-comunidad-local-de-buga\/#primaryimage\"},\"thumbnailUrl\":\"https:\/\/www.eudistasmd.org\/wp-content\/uploads\/2026\/04\/Banner-web-Visita-canonica-buga.png\",\"keywords\":[\"Eudistas en Buga\",\"Eudistas en Cali\",\"Minuto de Dios en Cali\",\"padre Germ\u00e1n G\u00e1ndara\",\"Visita can\u00f3nica\"],\"articleSection\":[\"Actualidad Eudista\"],\"inLanguage\":\"es\"},{\"@type\":\"WebPage\",\"@id\":\"https:\/\/www.eudistasmd.org\/index.php\/2026\/04\/16\/visita-canonica-del-padre-german-gandara-cjm-a-la-comunidad-local-de-buga\/\",\"url\":\"https:\/\/www.eudistasmd.org\/index.php\/2026\/04\/16\/visita-canonica-del-padre-german-gandara-cjm-a-la-comunidad-local-de-buga\/\",\"name\":\"Visita can\u00f3nica del Padre Germ\u00e1n G\u00e1ndara, CJM, a la comunidad local de Buga - Eudistas MD\",\"isPartOf\":{\"@id\":\"https:\/\/www.eudistasmd.org\/#website\"},\"primaryImageOfPage\":{\"@id\":\"https:\/\/www.eudistasmd.org\/index.php\/2026\/04\/16\/visita-canonica-del-padre-german-gandara-cjm-a-la-comunidad-local-de-buga\/#primaryimage\"},\"image\":{\"@id\":\"https:\/\/www.eudistasmd.org\/index.php\/2026\/04\/16\/visita-canonica-del-padre-german-gandara-cjm-a-la-comunidad-local-de-buga\/#primaryimage\"},\"thumbnailUrl\":\"https:\/\/www.eudistasmd.org\/wp-content\/uploads\/2026\/04\/Banner-web-Visita-canonica-buga.png\",\"datePublished\":\"2026-04-16T16:49:14+00:00\",\"author\":{\"@id\":\"https:\/\/www.eudistasmd.org\/#\/schema\/person\/ea031151eedd6aedadcdb515522d15d5\"},\"breadcrumb\":{\"@id\":\"https:\/\/www.eudistasmd.org\/index.php\/2026\/04\/16\/visita-canonica-del-padre-german-gandara-cjm-a-la-comunidad-local-de-buga\/#breadcrumb\"},\"inLanguage\":\"es\",\"potentialAction\":[{\"@type\":\"ReadAction\",\"target\":[\"https:\/\/www.eudistasmd.org\/index.php\/2026\/04\/16\/visita-canonica-del-padre-german-gandara-cjm-a-la-comunidad-local-de-buga\/\"]}]},{\"@type\":\"ImageObject\",\"inLanguage\":\"es\",\"@id\":\"https:\/\/www.eudistasmd.org\/index.php\/2026\/04\/16\/visita-canonica-del-padre-german-gandara-cjm-a-la-comunidad-local-de-buga\/#primaryimage\",\"url\":\"https:\/\/www.eudistasmd.org\/wp-content\/uploads\/2026\/04\/Banner-web-Visita-canonica-buga.png\",\"contentUrl\":\"https:\/\/www.eudistasmd.org\/wp-content\/uploads\/2026\/04\/Banner-web-Visita-canonica-buga.png\",\"width\":650,\"height\":380},{\"@type\":\"BreadcrumbList\",\"@id\":\"https:\/\/www.eudistasmd.org\/index.php\/2026\/04\/16\/visita-canonica-del-padre-german-gandara-cjm-a-la-comunidad-local-de-buga\/#breadcrumb\",\"itemListElement\":[{\"@type\":\"ListItem\",\"position\":1,\"name\":\"Portada\",\"item\":\"https:\/\/www.eudistasmd.org\/\"},{\"@type\":\"ListItem\",\"position\":2,\"name\":\"Visita can\u00f3nica del Padre Germ\u00e1n G\u00e1ndara, CJM, a la comunidad local de Buga\"}]},{\"@type\":\"WebSite\",\"@id\":\"https:\/\/www.eudistasmd.org\/#website\",\"url\":\"https:\/\/www.eudistasmd.org\/\",\"name\":\"Eudistas MD\",\"description\":\"Esta Provincia naci\u00f3 de la obra fundada por el padre eudista: Rafael Garc\u00eda Herreros. Este Don del Minuto de Dios ha sido encomendado a los los Eudistas del El Minuto de Dios, quienes se dedican a la Evangelizaci\u00f3n, la Formaci\u00f3n, y al servicio a los m\u00e1s pobres a trav\u00e9s de la Organizaci\u00f3n Minuto de Dios.\",\"potentialAction\":[{\"@type\":\"SearchAction\",\"target\":{\"@type\":\"EntryPoint\",\"urlTemplate\":\"https:\/\/www.eudistasmd.org\/?s={search_term_string}\"},\"query-input\":{\"@type\":\"PropertyValueSpecification\",\"valueRequired\":true,\"valueName\":\"search_term_string\"}}],\"inLanguage\":\"es\"},{\"@type\":\"Person\",\"@id\":\"https:\/\/www.eudistasmd.org\/#\/schema\/person\/ea031151eedd6aedadcdb515522d15d5\",\"name\":\"Angie Stacy Rodr\u00edguez G\u00f3mez\",\"image\":{\"@type\":\"ImageObject\",\"inLanguage\":\"es\",\"@id\":\"https:\/\/secure.gravatar.com\/avatar\/08c6f46fb8b7d2682b0cdfd76fb248e50ae4b1eeed14c21faf047e138ae11aa3?s=96&d=mm&r=g\",\"url\":\"https:\/\/secure.gravatar.com\/avatar\/08c6f46fb8b7d2682b0cdfd76fb248e50ae4b1eeed14c21faf047e138ae11aa3?s=96&d=mm&r=g\",\"contentUrl\":\"https:\/\/secure.gravatar.com\/avatar\/08c6f46fb8b7d2682b0cdfd76fb248e50ae4b1eeed14c21faf047e138ae11aa3?s=96&d=mm&r=g\",\"caption\":\"Angie Stacy Rodr\u00edguez G\u00f3mez\"},\"url\":\"https:\/\/www.eudistasmd.org\/index.php\/author\/noticias-editoramd\/\"}]}<\/script>\n<!-- \/ Yoast SEO plugin. -->","yoast_head_json":{"title":"Visita can\u00f3nica del Padre Germ\u00e1n G\u00e1ndara, CJM, a la comunidad local de Buga - Eudistas MD","robots":{"index":"index","follow":"follow","max-snippet":"max-snippet:-1","max-image-preview":"max-image-preview:large","max-video-preview":"max-video-preview:-1"},"canonical":"https:\/\/www.eudistasmd.org\/index.php\/2026\/04\/16\/visita-canonica-del-padre-german-gandara-cjm-a-la-comunidad-local-de-buga\/","og_locale":"es_ES","og_type":"article","og_title":"Visita can\u00f3nica del Padre Germ\u00e1n G\u00e1ndara, CJM, a la comunidad local de Buga - Eudistas MD","og_description":"Por: Rafael Beltr\u00e1n, candidato eudista Del 8 al 11 de abril, el Padre Germ\u00e1n G\u00e1ndara, CJM, Superior Provincial de la Provincia Eudista Minuto de Dios, realiz\u00f3 la visita can\u00f3nica a la comunidad local \u201cNuestra Se\u00f1ora de la D\u00e9livrande\u201d en Buga, en un ambiente de fraternidad, cercan\u00eda y comuni\u00f3n con la misi\u00f3n. Durante estos d\u00edas, el [&hellip;]","og_url":"https:\/\/www.eudistasmd.org\/index.php\/2026\/04\/16\/visita-canonica-del-padre-german-gandara-cjm-a-la-comunidad-local-de-buga\/","og_site_name":"Eudistas MD","article_published_time":"2026-04-16T16:49:14+00:00","og_image":[{"width":650,"height":380,"url":"https:\/\/www.eudistasmd.org\/wp-content\/uploads\/2026\/04\/Banner-web-Visita-canonica-buga.png","type":"image\/png"}],"author":"Angie Stacy Rodr\u00edguez G\u00f3mez","twitter_card":"summary_large_image","twitter_misc":{"Escrito por":"Angie Stacy Rodr\u00edguez G\u00f3mez","Tiempo de lectura":"2 minutos"},"schema":{"@context":"https:\/\/schema.org","@graph":[{"@type":"Article","@id":"https:\/\/www.eudistasmd.org\/index.php\/2026\/04\/16\/visita-canonica-del-padre-german-gandara-cjm-a-la-comunidad-local-de-buga\/#article","isPartOf":{"@id":"https:\/\/www.eudistasmd.org\/index.php\/2026\/04\/16\/visita-canonica-del-padre-german-gandara-cjm-a-la-comunidad-local-de-buga\/"},"author":{"name":"Angie Stacy Rodr\u00edguez G\u00f3mez","@id":"https:\/\/www.eudistasmd.org\/#\/schema\/person\/ea031151eedd6aedadcdb515522d15d5"},"headline":"Visita can\u00f3nica del Padre Germ\u00e1n G\u00e1ndara, CJM, a la comunidad local de Buga","datePublished":"2026-04-16T16:49:14+00:00","mainEntityOfPage":{"@id":"https:\/\/www.eudistasmd.org\/index.php\/2026\/04\/16\/visita-canonica-del-padre-german-gandara-cjm-a-la-comunidad-local-de-buga\/"},"wordCount":300,"image":{"@id":"https:\/\/www.eudistasmd.org\/index.php\/2026\/04\/16\/visita-canonica-del-padre-german-gandara-cjm-a-la-comunidad-local-de-buga\/#primaryimage"},"thumbnailUrl":"https:\/\/www.eudistasmd.org\/wp-content\/uploads\/2026\/04\/Banner-web-Visita-canonica-buga.png","keywords":["Eudistas en Buga","Eudistas en Cali","Minuto de Dios en Cali","padre Germ\u00e1n G\u00e1ndara","Visita can\u00f3nica"],"articleSection":["Actualidad Eudista"],"inLanguage":"es"},{"@type":"WebPage","@id":"https:\/\/www.eudistasmd.org\/index.php\/2026\/04\/16\/visita-canonica-del-padre-german-gandara-cjm-a-la-comunidad-local-de-buga\/","url":"https:\/\/www.eudistasmd.org\/index.php\/2026\/04\/16\/visita-canonica-del-padre-german-gandara-cjm-a-la-comunidad-local-de-buga\/","name":"Visita can\u00f3nica del Padre Germ\u00e1n G\u00e1ndara, CJM, a la comunidad local de Buga - Eudistas MD","isPartOf":{"@id":"https:\/\/www.eudistasmd.org\/#website"},"primaryImageOfPage":{"@id":"https:\/\/www.eudistasmd.org\/index.php\/2026\/04\/16\/visita-canonica-del-padre-german-gandara-cjm-a-la-comunidad-local-de-buga\/#primaryimage"},"image":{"@id":"https:\/\/www.eudistasmd.org\/index.php\/2026\/04\/16\/visita-canonica-del-padre-german-gandara-cjm-a-la-comunidad-local-de-buga\/#primaryimage"},"thumbnailUrl":"https:\/\/www.eudistasmd.org\/wp-content\/uploads\/2026\/04\/Banner-web-Visita-canonica-buga.png","datePublished":"2026-04-16T16:49:14+00:00","author":{"@id":"https:\/\/www.eudistasmd.org\/#\/schema\/person\/ea031151eedd6aedadcdb515522d15d5"},"breadcrumb":{"@id":"https:\/\/www.eudistasmd.org\/index.php\/2026\/04\/16\/visita-canonica-del-padre-german-gandara-cjm-a-la-comunidad-local-de-buga\/#breadcrumb"},"inLanguage":"es","potentialAction":[{"@type":"ReadAction","target":["https:\/\/www.eudistasmd.org\/index.php\/2026\/04\/16\/visita-canonica-del-padre-german-gandara-cjm-a-la-comunidad-local-de-buga\/"]}]},{"@type":"ImageObject","inLanguage":"es","@id":"https:\/\/www.eudistasmd.org\/index.php\/2026\/04\/16\/visita-canonica-del-padre-german-gandara-cjm-a-la-comunidad-local-de-buga\/#primaryimage","url":"https:\/\/www.eudistasmd.org\/wp-content\/uploads\/2026\/04\/Banner-web-Visita-canonica-buga.png","contentUrl":"https:\/\/www.eudistasmd.org\/wp-content\/uploads\/2026\/04\/Banner-web-Visita-canonica-buga.png","width":650,"height":380},{"@type":"BreadcrumbList","@id":"https:\/\/www.eudistasmd.org\/index.php\/2026\/04\/16\/visita-canonica-del-padre-german-gandara-cjm-a-la-comunidad-local-de-buga\/#breadcrumb","itemListElement":[{"@type":"ListItem","position":1,"name":"Portada","item":"https:\/\/www.eudistasmd.org\/"},{"@type":"ListItem","position":2,"name":"Visita can\u00f3nica del Padre Germ\u00e1n G\u00e1ndara, CJM, a la comunidad local de Buga"}]},{"@type":"WebSite","@id":"https:\/\/www.eudistasmd.org\/#website","url":"https:\/\/www.eudistasmd.org\/","name":"Eudistas MD","description":"Esta Provincia naci\u00f3 de la obra fundada por el padre eudista: Rafael Garc\u00eda Herreros. Este Don del Minuto de Dios ha sido encomendado a los los Eudistas del El Minuto de Dios, quienes se dedican a la Evangelizaci\u00f3n, la Formaci\u00f3n, y al servicio a los m\u00e1s pobres a trav\u00e9s de la Organizaci\u00f3n Minuto de Dios.","potentialAction":[{"@type":"SearchAction","target":{"@type":"EntryPoint","urlTemplate":"https:\/\/www.eudistasmd.org\/?s={search_term_string}"},"query-input":{"@type":"PropertyValueSpecification","valueRequired":true,"valueName":"search_term_string"}}],"inLanguage":"es"},{"@type":"Person","@id":"https:\/\/www.eudistasmd.org\/#\/schema\/person\/ea031151eedd6aedadcdb515522d15d5","name":"Angie Stacy Rodr\u00edguez G\u00f3mez","image":{"@type":"ImageObject","inLanguage":"es","@id":"https:\/\/secure.gravatar.com\/avatar\/08c6f46fb8b7d2682b0cdfd76fb248e50ae4b1eeed14c21faf047e138ae11aa3?s=96&d=mm&r=g","url":"https:\/\/secure.gravatar.com\/avatar\/08c6f46fb8b7d2682b0cdfd76fb248e50ae4b1eeed14c21faf047e138ae11aa3?s=96&d=mm&r=g","contentUrl":"https:\/\/secure.gravatar.com\/avatar\/08c6f46fb8b7d2682b0cdfd76fb248e50ae4b1eeed14c21faf047e138ae11aa3?s=96&d=mm&r=g","caption":"Angie Stacy Rodr\u00edguez G\u00f3mez"},"url":"https:\/\/www.eudistasmd.org\/index.php\/author\/noticias-editoramd\/"}]}},"_links":{"self":[{"href":"https:\/\/www.eudistasmd.org\/index.php\/wp-json\/wp\/v2\/posts\/7892","targetHints":{"allow":["GET"]}}],"collection":[{"href":"https:\/\/www.eudistasmd.org\/index.php\/wp-json\/wp\/v2\/posts"}],"about":[{"href":"https:\/\/www.eudistasmd.org\/index.php\/wp-json\/wp\/v2\/types\/post"}],"author":[{"embeddable":true,"href":"https:\/\/www.eudistasmd.org\/index.php\/wp-json\/wp\/v2\/users\/7"}],"replies":[{"embeddable":true,"href":"https:\/\/www.eudistasmd.org\/index.php\/wp-json\/wp\/v2\/comments?post=7892"}],"version-history":[{"count":1,"href":"https:\/\/www.eudistasmd.org\/index.php\/wp-json\/wp\/v2\/posts\/7892\/revisions"}],"predecessor-version":[{"id":7899,"href":"https:\/\/www.eudistasmd.org\/index.php\/wp-json\/wp\/v2\/posts\/7892\/revisions\/7899"}],"wp:featuredmedia":[{"embeddable":true,"href":"https:\/\/www.eudistasmd.org\/index.php\/wp-json\/wp\/v2\/media\/7891"}],"wp:attachment":[{"href":"https:\/\/www.eudistasmd.org\/index.php\/wp-json\/wp\/v2\/media?parent=7892"}],"wp:term":[{"taxonomy":"category","embeddable":true,"href":"https:\/\/www.eudistasmd.org\/index.php\/wp-json\/wp\/v2\/categories?post=7892"},{"taxonomy":"post_tag","embeddable":true,"href":"https:\/\/www.eudistasmd.org\/index.php\/wp-json\/wp\/v2\/tags?post=7892"}],"curies":[{"name":"wp","href":"https:\/\/api.w.org\/{rel}","templated":true}]}}