{"id":7863,"date":"2026-04-09T15:45:59","date_gmt":"2026-04-09T20:45:59","guid":{"rendered":"https:\/\/www.eudistasmd.org\/?p=7863"},"modified":"2026-04-09T15:46:45","modified_gmt":"2026-04-09T20:46:45","slug":"una-semana-santa-de-encuentro-reflexion-y-renovacion-en-la-provincia-eudista-minuto-de-dios","status":"publish","type":"post","link":"https:\/\/www.eudistasmd.org\/index.php\/2026\/04\/09\/una-semana-santa-de-encuentro-reflexion-y-renovacion-en-la-provincia-eudista-minuto-de-dios\/","title":{"rendered":"Una Semana Santa de Encuentro, Reflexi\u00f3n y Renovaci\u00f3n en la Provincia Eudista Minuto de Dios"},"content":{"rendered":"<p class=\"leading-7 [&amp;:not(:first-child)]:mt-6\">Del 30 de marzo al 5 de abril, nuestra Provincia Eudista Minuto de Dios vivi\u00f3 una Semana Santa marcada por la oraci\u00f3n compartida y el renuevo de la fe en cada uno de los lugares de misi\u00f3n donde estamos presentes. En estos d\u00edas santos, sacerdotes, candidatos y asociados entregaron su servicio con fervor y pasi\u00f3n, recordando en cada parroquia el gran misterio del Triduo Pascual: la muerte y resurrecci\u00f3n de Jes\u00fas, vivido y celebrado seg\u00fan las tradiciones y el coraz\u00f3n de cada comunidad.<\/p>\n<p class=\"leading-7 [&amp;:not(:first-child)]:mt-6\">En cada parroquia, se sinti\u00f3 el acompa\u00f1amiento cercano de nuestra familia eudista y la riqueza de nuestros ritos, encarnados en la realidad local: la liturgia, la oraci\u00f3n comunitaria y los gestos de misericordia renovaron la esperanza y la fraternidad. Fue un tiempo para volver al coraz\u00f3n, como invit\u00f3 el Papa Le\u00f3n, XIV: oraci\u00f3n m\u00e1s profunda, ayuno sincero y recogimiento, prepar\u00e1ndonos para \u201cresucitar con Jes\u00fas a una vida nueva, abierta a la conversi\u00f3n y al amor\u201d.<\/p>\n<p class=\"leading-7 [&amp;:not(:first-child)]:mt-6\">Esta Semana Santa no solo fortaleci\u00f3 nuestra vida de fe; tambi\u00e9n nos record\u00f3 uno de nuestros prop\u00f3sitos centrales de la misi\u00f3n: ser otro Cristo para los hermanos, acompa\u00f1ando a quienes buscan sentido y conversi\u00f3n, desde el Evangelio y el esp\u00edritu de El Minuto de Dios.<\/p>\n<p class=\"leading-7 [&amp;:not(:first-child)]:mt-6\">Gracias a la entrega de cada uno, seguimos construyendo fraternidad y extendiendo nuestra misi\u00f3n.<\/p>\n<div class=\"et_pb_slider et_pb_slider_fullwidth_off et_pb_gallery_post_type\">\n\t\t\t\t<div class=\"et_pb_slides\">\n\t\t\t\t\t<div class=\"et_pb_slide\" style=\"background: url(https:\/\/www.eudistasmd.org\/wp-content\/uploads\/2026\/04\/WhatsApp-Image-2026-04-07-at-4.13.00-PM.jpeg);\"><\/div><div class=\"et_pb_slide\" style=\"background: url(https:\/\/www.eudistasmd.org\/wp-content\/uploads\/2026\/04\/WhatsApp-Image-2026-04-07-at-4.13.01-PM-1.jpeg);\"><\/div><div class=\"et_pb_slide\" style=\"background: url(https:\/\/www.eudistasmd.org\/wp-content\/uploads\/2026\/04\/WhatsApp-Image-2026-04-07-at-4.13.01-PM-2.jpeg);\"><\/div><div class=\"et_pb_slide\" style=\"background: url(https:\/\/www.eudistasmd.org\/wp-content\/uploads\/2026\/04\/WhatsApp-Image-2026-04-07-at-4.13.01-PM.jpeg);\"><\/div><div class=\"et_pb_slide\" style=\"background: url(https:\/\/www.eudistasmd.org\/wp-content\/uploads\/2026\/04\/WhatsApp-Image-2026-04-07-at-4.13.02-PM-1.jpeg);\"><\/div><div class=\"et_pb_slide\" style=\"background: url(https:\/\/www.eudistasmd.org\/wp-content\/uploads\/2026\/04\/WhatsApp-Image-2026-04-07-at-4.13.02-PM-2.jpeg);\"><\/div><div class=\"et_pb_slide\" style=\"background: url(https:\/\/www.eudistasmd.org\/wp-content\/uploads\/2026\/04\/WhatsApp-Image-2026-04-07-at-4.13.02-PM-3.jpeg);\"><\/div><div class=\"et_pb_slide\" style=\"background: url(https:\/\/www.eudistasmd.org\/wp-content\/uploads\/2026\/04\/WhatsApp-Image-2026-04-07-at-3.57.59-PM-1.jpeg);\"><\/div><div class=\"et_pb_slide\" style=\"background: url(https:\/\/www.eudistasmd.org\/wp-content\/uploads\/2026\/04\/WhatsApp-Image-2026-04-07-at-3.57.59-PM.jpeg);\"><\/div><div class=\"et_pb_slide\" style=\"background: url(https:\/\/www.eudistasmd.org\/wp-content\/uploads\/2026\/04\/WhatsApp-Image-2026-04-07-at-3.58.00-PM-1.jpeg);\"><\/div><div class=\"et_pb_slide\" style=\"background: url(https:\/\/www.eudistasmd.org\/wp-content\/uploads\/2026\/04\/WhatsApp-Image-2026-04-07-at-3.58.00-PM-2.jpeg);\"><\/div><div class=\"et_pb_slide\" style=\"background: url(https:\/\/www.eudistasmd.org\/wp-content\/uploads\/2026\/04\/WhatsApp-Image-2026-04-07-at-3.58.00-PM-3.jpeg);\"><\/div><div class=\"et_pb_slide\" style=\"background: url(https:\/\/www.eudistasmd.org\/wp-content\/uploads\/2026\/04\/WhatsApp-Image-2026-04-07-at-3.58.00-PM-4.jpeg);\"><\/div><div class=\"et_pb_slide\" style=\"background: url(https:\/\/www.eudistasmd.org\/wp-content\/uploads\/2026\/04\/WhatsApp-Image-2026-04-07-at-3.58.00-PM.jpeg);\"><\/div><div class=\"et_pb_slide\" style=\"background: url(https:\/\/www.eudistasmd.org\/wp-content\/uploads\/2026\/04\/WhatsApp-Image-2026-04-07-at-3.58.01-PM-1.jpeg);\"><\/div><div class=\"et_pb_slide\" style=\"background: url(https:\/\/www.eudistasmd.org\/wp-content\/uploads\/2026\/04\/WhatsApp-Image-2026-04-07-at-3.58.01-PM-2.jpeg);\"><\/div><div class=\"et_pb_slide\" style=\"background: url(https:\/\/www.eudistasmd.org\/wp-content\/uploads\/2026\/04\/WhatsApp-Image-2026-04-07-at-3.58.01-PM.jpeg);\"><\/div><div class=\"et_pb_slide\" style=\"background: url(https:\/\/www.eudistasmd.org\/wp-content\/uploads\/2026\/04\/WhatsApp-Image-2026-04-09-at-11.17.44-AM.jpeg);\"><\/div><div class=\"et_pb_slide\" style=\"background: url(https:\/\/www.eudistasmd.org\/wp-content\/uploads\/2026\/04\/WhatsApp-Image-2026-04-09-at-11.17.45-AM-3.jpeg);\"><\/div><div class=\"et_pb_slide\" style=\"background: url(https:\/\/www.eudistasmd.org\/wp-content\/uploads\/2026\/04\/WhatsApp-Image-2026-04-09-at-11.17.45-AM.jpeg);\"><\/div><div class=\"et_pb_slide\" style=\"background: url(https:\/\/www.eudistasmd.org\/wp-content\/uploads\/2026\/04\/WhatsApp-Image-2026-04-09-at-11.17.46-AM-1.jpeg);\"><\/div><div class=\"et_pb_slide\" style=\"background: url(https:\/\/www.eudistasmd.org\/wp-content\/uploads\/2026\/04\/WhatsApp-Image-2026-04-09-at-11.17.46-AM.jpeg);\"><\/div>\n\t\t\t\t<\/div>\n\t\t\t<\/div>\n","protected":false},"excerpt":{"rendered":"<p>Del 30 de marzo al 5 de abril, nuestra Provincia Eudista Minuto de Dios vivi\u00f3 una Semana Santa marcada por la oraci\u00f3n compartida y el renuevo de la fe en cada uno de los lugares de misi\u00f3n donde estamos presentes. En estos d\u00edas santos, sacerdotes, candidatos y asociados entregaron su servicio con fervor y pasi\u00f3n, [&hellip;]<\/p>\n","protected":false},"author":7,"featured_media":7864,"comment_status":"closed","ping_status":"closed","sticky":false,"template":"","format":"standard","meta":{"_et_pb_use_builder":"","_et_pb_old_content":"","_et_gb_content_width":"","footnotes":""},"categories":[13],"tags":[22,454,455],"class_list":["post-7863","post","type-post","status-publish","format-standard","has-post-thumbnail","hentry","category-actualidad-eudista","tag-eudistas","tag-eudistas-en-semana-santa","tag-semana-santa-2026"],"yoast_head":"<!-- This site is optimized with the Yoast SEO plugin v27.2 - https:\/\/yoast.com\/product\/yoast-seo-wordpress\/ -->\n<title>Una Semana Santa de Encuentro, Reflexi\u00f3n y Renovaci\u00f3n en la Provincia Eudista Minuto de Dios - Eudistas MD<\/title>\n<meta name=\"robots\" content=\"index, follow, max-snippet:-1, max-image-preview:large, max-video-preview:-1\" \/>\n<link rel=\"canonical\" href=\"https:\/\/www.eudistasmd.org\/index.php\/2026\/04\/09\/una-semana-santa-de-encuentro-reflexion-y-renovacion-en-la-provincia-eudista-minuto-de-dios\/\" \/>\n<meta property=\"og:locale\" content=\"es_ES\" \/>\n<meta property=\"og:type\" content=\"article\" \/>\n<meta property=\"og:title\" content=\"Una Semana Santa de Encuentro, Reflexi\u00f3n y Renovaci\u00f3n en la Provincia Eudista Minuto de Dios - Eudistas MD\" \/>\n<meta property=\"og:description\" content=\"Del 30 de marzo al 5 de abril, nuestra Provincia Eudista Minuto de Dios vivi\u00f3 una Semana Santa marcada por la oraci\u00f3n compartida y el renuevo de la fe en cada uno de los lugares de misi\u00f3n donde estamos presentes. En estos d\u00edas santos, sacerdotes, candidatos y asociados entregaron su servicio con fervor y pasi\u00f3n, [&hellip;]\" \/>\n<meta property=\"og:url\" content=\"https:\/\/www.eudistasmd.org\/index.php\/2026\/04\/09\/una-semana-santa-de-encuentro-reflexion-y-renovacion-en-la-provincia-eudista-minuto-de-dios\/\" \/>\n<meta property=\"og:site_name\" content=\"Eudistas MD\" \/>\n<meta property=\"article:published_time\" content=\"2026-04-09T20:45:59+00:00\" \/>\n<meta property=\"article:modified_time\" content=\"2026-04-09T20:46:45+00:00\" \/>\n<meta property=\"og:image\" content=\"https:\/\/www.eudistasmd.org\/wp-content\/uploads\/2026\/04\/WhatsApp-Image-2026-04-07-at-4.13.02-PM.jpeg\" \/>\n\t<meta property=\"og:image:width\" content=\"1280\" \/>\n\t<meta property=\"og:image:height\" content=\"960\" \/>\n\t<meta property=\"og:image:type\" content=\"image\/jpeg\" \/>\n<meta name=\"author\" content=\"Angie Stacy Rodr\u00edguez G\u00f3mez\" \/>\n<meta name=\"twitter:card\" content=\"summary_large_image\" \/>\n<meta name=\"twitter:label1\" content=\"Escrito por\" \/>\n\t<meta name=\"twitter:data1\" content=\"Angie Stacy Rodr\u00edguez G\u00f3mez\" \/>\n\t<meta name=\"twitter:label2\" content=\"Tiempo de lectura\" \/>\n\t<meta name=\"twitter:data2\" content=\"2 minutos\" \/>\n<script type=\"application\/ld+json\" class=\"yoast-schema-graph\">{\"@context\":\"https:\/\/schema.org\",\"@graph\":[{\"@type\":\"Article\",\"@id\":\"https:\/\/www.eudistasmd.org\/index.php\/2026\/04\/09\/una-semana-santa-de-encuentro-reflexion-y-renovacion-en-la-provincia-eudista-minuto-de-dios\/#article\",\"isPartOf\":{\"@id\":\"https:\/\/www.eudistasmd.org\/index.php\/2026\/04\/09\/una-semana-santa-de-encuentro-reflexion-y-renovacion-en-la-provincia-eudista-minuto-de-dios\/\"},\"author\":{\"name\":\"Angie Stacy Rodr\u00edguez G\u00f3mez\",\"@id\":\"https:\/\/www.eudistasmd.org\/#\/schema\/person\/ea031151eedd6aedadcdb515522d15d5\"},\"headline\":\"Una Semana Santa de Encuentro, Reflexi\u00f3n y Renovaci\u00f3n en la Provincia Eudista Minuto de Dios\",\"datePublished\":\"2026-04-09T20:45:59+00:00\",\"dateModified\":\"2026-04-09T20:46:45+00:00\",\"mainEntityOfPage\":{\"@id\":\"https:\/\/www.eudistasmd.org\/index.php\/2026\/04\/09\/una-semana-santa-de-encuentro-reflexion-y-renovacion-en-la-provincia-eudista-minuto-de-dios\/\"},\"wordCount\":258,\"image\":{\"@id\":\"https:\/\/www.eudistasmd.org\/index.php\/2026\/04\/09\/una-semana-santa-de-encuentro-reflexion-y-renovacion-en-la-provincia-eudista-minuto-de-dios\/#primaryimage\"},\"thumbnailUrl\":\"https:\/\/www.eudistasmd.org\/wp-content\/uploads\/2026\/04\/WhatsApp-Image-2026-04-07-at-4.13.02-PM.jpeg\",\"keywords\":[\"Eudistas\",\"Eudistas en Semana Santa\",\"Semana Santa 2026\"],\"articleSection\":[\"Actualidad Eudista\"],\"inLanguage\":\"es\"},{\"@type\":\"WebPage\",\"@id\":\"https:\/\/www.eudistasmd.org\/index.php\/2026\/04\/09\/una-semana-santa-de-encuentro-reflexion-y-renovacion-en-la-provincia-eudista-minuto-de-dios\/\",\"url\":\"https:\/\/www.eudistasmd.org\/index.php\/2026\/04\/09\/una-semana-santa-de-encuentro-reflexion-y-renovacion-en-la-provincia-eudista-minuto-de-dios\/\",\"name\":\"Una Semana Santa de Encuentro, Reflexi\u00f3n y Renovaci\u00f3n en la Provincia Eudista Minuto de Dios - Eudistas MD\",\"isPartOf\":{\"@id\":\"https:\/\/www.eudistasmd.org\/#website\"},\"primaryImageOfPage\":{\"@id\":\"https:\/\/www.eudistasmd.org\/index.php\/2026\/04\/09\/una-semana-santa-de-encuentro-reflexion-y-renovacion-en-la-provincia-eudista-minuto-de-dios\/#primaryimage\"},\"image\":{\"@id\":\"https:\/\/www.eudistasmd.org\/index.php\/2026\/04\/09\/una-semana-santa-de-encuentro-reflexion-y-renovacion-en-la-provincia-eudista-minuto-de-dios\/#primaryimage\"},\"thumbnailUrl\":\"https:\/\/www.eudistasmd.org\/wp-content\/uploads\/2026\/04\/WhatsApp-Image-2026-04-07-at-4.13.02-PM.jpeg\",\"datePublished\":\"2026-04-09T20:45:59+00:00\",\"dateModified\":\"2026-04-09T20:46:45+00:00\",\"author\":{\"@id\":\"https:\/\/www.eudistasmd.org\/#\/schema\/person\/ea031151eedd6aedadcdb515522d15d5\"},\"breadcrumb\":{\"@id\":\"https:\/\/www.eudistasmd.org\/index.php\/2026\/04\/09\/una-semana-santa-de-encuentro-reflexion-y-renovacion-en-la-provincia-eudista-minuto-de-dios\/#breadcrumb\"},\"inLanguage\":\"es\",\"potentialAction\":[{\"@type\":\"ReadAction\",\"target\":[\"https:\/\/www.eudistasmd.org\/index.php\/2026\/04\/09\/una-semana-santa-de-encuentro-reflexion-y-renovacion-en-la-provincia-eudista-minuto-de-dios\/\"]}]},{\"@type\":\"ImageObject\",\"inLanguage\":\"es\",\"@id\":\"https:\/\/www.eudistasmd.org\/index.php\/2026\/04\/09\/una-semana-santa-de-encuentro-reflexion-y-renovacion-en-la-provincia-eudista-minuto-de-dios\/#primaryimage\",\"url\":\"https:\/\/www.eudistasmd.org\/wp-content\/uploads\/2026\/04\/WhatsApp-Image-2026-04-07-at-4.13.02-PM.jpeg\",\"contentUrl\":\"https:\/\/www.eudistasmd.org\/wp-content\/uploads\/2026\/04\/WhatsApp-Image-2026-04-07-at-4.13.02-PM.jpeg\",\"width\":1280,\"height\":960},{\"@type\":\"BreadcrumbList\",\"@id\":\"https:\/\/www.eudistasmd.org\/index.php\/2026\/04\/09\/una-semana-santa-de-encuentro-reflexion-y-renovacion-en-la-provincia-eudista-minuto-de-dios\/#breadcrumb\",\"itemListElement\":[{\"@type\":\"ListItem\",\"position\":1,\"name\":\"Portada\",\"item\":\"https:\/\/www.eudistasmd.org\/\"},{\"@type\":\"ListItem\",\"position\":2,\"name\":\"Una Semana Santa de Encuentro, Reflexi\u00f3n y Renovaci\u00f3n en la Provincia Eudista Minuto de Dios\"}]},{\"@type\":\"WebSite\",\"@id\":\"https:\/\/www.eudistasmd.org\/#website\",\"url\":\"https:\/\/www.eudistasmd.org\/\",\"name\":\"Eudistas MD\",\"description\":\"Esta Provincia naci\u00f3 de la obra fundada por el padre eudista: Rafael Garc\u00eda Herreros. Este Don del Minuto de Dios ha sido encomendado a los los Eudistas del El Minuto de Dios, quienes se dedican a la Evangelizaci\u00f3n, la Formaci\u00f3n, y al servicio a los m\u00e1s pobres a trav\u00e9s de la Organizaci\u00f3n Minuto de Dios.\",\"potentialAction\":[{\"@type\":\"SearchAction\",\"target\":{\"@type\":\"EntryPoint\",\"urlTemplate\":\"https:\/\/www.eudistasmd.org\/?s={search_term_string}\"},\"query-input\":{\"@type\":\"PropertyValueSpecification\",\"valueRequired\":true,\"valueName\":\"search_term_string\"}}],\"inLanguage\":\"es\"},{\"@type\":\"Person\",\"@id\":\"https:\/\/www.eudistasmd.org\/#\/schema\/person\/ea031151eedd6aedadcdb515522d15d5\",\"name\":\"Angie Stacy Rodr\u00edguez G\u00f3mez\",\"image\":{\"@type\":\"ImageObject\",\"inLanguage\":\"es\",\"@id\":\"https:\/\/secure.gravatar.com\/avatar\/08c6f46fb8b7d2682b0cdfd76fb248e50ae4b1eeed14c21faf047e138ae11aa3?s=96&d=mm&r=g\",\"url\":\"https:\/\/secure.gravatar.com\/avatar\/08c6f46fb8b7d2682b0cdfd76fb248e50ae4b1eeed14c21faf047e138ae11aa3?s=96&d=mm&r=g\",\"contentUrl\":\"https:\/\/secure.gravatar.com\/avatar\/08c6f46fb8b7d2682b0cdfd76fb248e50ae4b1eeed14c21faf047e138ae11aa3?s=96&d=mm&r=g\",\"caption\":\"Angie Stacy Rodr\u00edguez G\u00f3mez\"},\"url\":\"https:\/\/www.eudistasmd.org\/index.php\/author\/noticias-editoramd\/\"}]}<\/script>\n<!-- \/ Yoast SEO plugin. -->","yoast_head_json":{"title":"Una Semana Santa de Encuentro, Reflexi\u00f3n y Renovaci\u00f3n en la Provincia Eudista Minuto de Dios - Eudistas MD","robots":{"index":"index","follow":"follow","max-snippet":"max-snippet:-1","max-image-preview":"max-image-preview:large","max-video-preview":"max-video-preview:-1"},"canonical":"https:\/\/www.eudistasmd.org\/index.php\/2026\/04\/09\/una-semana-santa-de-encuentro-reflexion-y-renovacion-en-la-provincia-eudista-minuto-de-dios\/","og_locale":"es_ES","og_type":"article","og_title":"Una Semana Santa de Encuentro, Reflexi\u00f3n y Renovaci\u00f3n en la Provincia Eudista Minuto de Dios - Eudistas MD","og_description":"Del 30 de marzo al 5 de abril, nuestra Provincia Eudista Minuto de Dios vivi\u00f3 una Semana Santa marcada por la oraci\u00f3n compartida y el renuevo de la fe en cada uno de los lugares de misi\u00f3n donde estamos presentes. En estos d\u00edas santos, sacerdotes, candidatos y asociados entregaron su servicio con fervor y pasi\u00f3n, [&hellip;]","og_url":"https:\/\/www.eudistasmd.org\/index.php\/2026\/04\/09\/una-semana-santa-de-encuentro-reflexion-y-renovacion-en-la-provincia-eudista-minuto-de-dios\/","og_site_name":"Eudistas MD","article_published_time":"2026-04-09T20:45:59+00:00","article_modified_time":"2026-04-09T20:46:45+00:00","og_image":[{"width":1280,"height":960,"url":"https:\/\/www.eudistasmd.org\/wp-content\/uploads\/2026\/04\/WhatsApp-Image-2026-04-07-at-4.13.02-PM.jpeg","type":"image\/jpeg"}],"author":"Angie Stacy Rodr\u00edguez G\u00f3mez","twitter_card":"summary_large_image","twitter_misc":{"Escrito por":"Angie Stacy Rodr\u00edguez G\u00f3mez","Tiempo de lectura":"2 minutos"},"schema":{"@context":"https:\/\/schema.org","@graph":[{"@type":"Article","@id":"https:\/\/www.eudistasmd.org\/index.php\/2026\/04\/09\/una-semana-santa-de-encuentro-reflexion-y-renovacion-en-la-provincia-eudista-minuto-de-dios\/#article","isPartOf":{"@id":"https:\/\/www.eudistasmd.org\/index.php\/2026\/04\/09\/una-semana-santa-de-encuentro-reflexion-y-renovacion-en-la-provincia-eudista-minuto-de-dios\/"},"author":{"name":"Angie Stacy Rodr\u00edguez G\u00f3mez","@id":"https:\/\/www.eudistasmd.org\/#\/schema\/person\/ea031151eedd6aedadcdb515522d15d5"},"headline":"Una Semana Santa de Encuentro, Reflexi\u00f3n y Renovaci\u00f3n en la Provincia Eudista Minuto de Dios","datePublished":"2026-04-09T20:45:59+00:00","dateModified":"2026-04-09T20:46:45+00:00","mainEntityOfPage":{"@id":"https:\/\/www.eudistasmd.org\/index.php\/2026\/04\/09\/una-semana-santa-de-encuentro-reflexion-y-renovacion-en-la-provincia-eudista-minuto-de-dios\/"},"wordCount":258,"image":{"@id":"https:\/\/www.eudistasmd.org\/index.php\/2026\/04\/09\/una-semana-santa-de-encuentro-reflexion-y-renovacion-en-la-provincia-eudista-minuto-de-dios\/#primaryimage"},"thumbnailUrl":"https:\/\/www.eudistasmd.org\/wp-content\/uploads\/2026\/04\/WhatsApp-Image-2026-04-07-at-4.13.02-PM.jpeg","keywords":["Eudistas","Eudistas en Semana Santa","Semana Santa 2026"],"articleSection":["Actualidad Eudista"],"inLanguage":"es"},{"@type":"WebPage","@id":"https:\/\/www.eudistasmd.org\/index.php\/2026\/04\/09\/una-semana-santa-de-encuentro-reflexion-y-renovacion-en-la-provincia-eudista-minuto-de-dios\/","url":"https:\/\/www.eudistasmd.org\/index.php\/2026\/04\/09\/una-semana-santa-de-encuentro-reflexion-y-renovacion-en-la-provincia-eudista-minuto-de-dios\/","name":"Una Semana Santa de Encuentro, Reflexi\u00f3n y Renovaci\u00f3n en la Provincia Eudista Minuto de Dios - Eudistas MD","isPartOf":{"@id":"https:\/\/www.eudistasmd.org\/#website"},"primaryImageOfPage":{"@id":"https:\/\/www.eudistasmd.org\/index.php\/2026\/04\/09\/una-semana-santa-de-encuentro-reflexion-y-renovacion-en-la-provincia-eudista-minuto-de-dios\/#primaryimage"},"image":{"@id":"https:\/\/www.eudistasmd.org\/index.php\/2026\/04\/09\/una-semana-santa-de-encuentro-reflexion-y-renovacion-en-la-provincia-eudista-minuto-de-dios\/#primaryimage"},"thumbnailUrl":"https:\/\/www.eudistasmd.org\/wp-content\/uploads\/2026\/04\/WhatsApp-Image-2026-04-07-at-4.13.02-PM.jpeg","datePublished":"2026-04-09T20:45:59+00:00","dateModified":"2026-04-09T20:46:45+00:00","author":{"@id":"https:\/\/www.eudistasmd.org\/#\/schema\/person\/ea031151eedd6aedadcdb515522d15d5"},"breadcrumb":{"@id":"https:\/\/www.eudistasmd.org\/index.php\/2026\/04\/09\/una-semana-santa-de-encuentro-reflexion-y-renovacion-en-la-provincia-eudista-minuto-de-dios\/#breadcrumb"},"inLanguage":"es","potentialAction":[{"@type":"ReadAction","target":["https:\/\/www.eudistasmd.org\/index.php\/2026\/04\/09\/una-semana-santa-de-encuentro-reflexion-y-renovacion-en-la-provincia-eudista-minuto-de-dios\/"]}]},{"@type":"ImageObject","inLanguage":"es","@id":"https:\/\/www.eudistasmd.org\/index.php\/2026\/04\/09\/una-semana-santa-de-encuentro-reflexion-y-renovacion-en-la-provincia-eudista-minuto-de-dios\/#primaryimage","url":"https:\/\/www.eudistasmd.org\/wp-content\/uploads\/2026\/04\/WhatsApp-Image-2026-04-07-at-4.13.02-PM.jpeg","contentUrl":"https:\/\/www.eudistasmd.org\/wp-content\/uploads\/2026\/04\/WhatsApp-Image-2026-04-07-at-4.13.02-PM.jpeg","width":1280,"height":960},{"@type":"BreadcrumbList","@id":"https:\/\/www.eudistasmd.org\/index.php\/2026\/04\/09\/una-semana-santa-de-encuentro-reflexion-y-renovacion-en-la-provincia-eudista-minuto-de-dios\/#breadcrumb","itemListElement":[{"@type":"ListItem","position":1,"name":"Portada","item":"https:\/\/www.eudistasmd.org\/"},{"@type":"ListItem","position":2,"name":"Una Semana Santa de Encuentro, Reflexi\u00f3n y Renovaci\u00f3n en la Provincia Eudista Minuto de Dios"}]},{"@type":"WebSite","@id":"https:\/\/www.eudistasmd.org\/#website","url":"https:\/\/www.eudistasmd.org\/","name":"Eudistas MD","description":"Esta Provincia naci\u00f3 de la obra fundada por el padre eudista: Rafael Garc\u00eda Herreros. Este Don del Minuto de Dios ha sido encomendado a los los Eudistas del El Minuto de Dios, quienes se dedican a la Evangelizaci\u00f3n, la Formaci\u00f3n, y al servicio a los m\u00e1s pobres a trav\u00e9s de la Organizaci\u00f3n Minuto de Dios.","potentialAction":[{"@type":"SearchAction","target":{"@type":"EntryPoint","urlTemplate":"https:\/\/www.eudistasmd.org\/?s={search_term_string}"},"query-input":{"@type":"PropertyValueSpecification","valueRequired":true,"valueName":"search_term_string"}}],"inLanguage":"es"},{"@type":"Person","@id":"https:\/\/www.eudistasmd.org\/#\/schema\/person\/ea031151eedd6aedadcdb515522d15d5","name":"Angie Stacy Rodr\u00edguez G\u00f3mez","image":{"@type":"ImageObject","inLanguage":"es","@id":"https:\/\/secure.gravatar.com\/avatar\/08c6f46fb8b7d2682b0cdfd76fb248e50ae4b1eeed14c21faf047e138ae11aa3?s=96&d=mm&r=g","url":"https:\/\/secure.gravatar.com\/avatar\/08c6f46fb8b7d2682b0cdfd76fb248e50ae4b1eeed14c21faf047e138ae11aa3?s=96&d=mm&r=g","contentUrl":"https:\/\/secure.gravatar.com\/avatar\/08c6f46fb8b7d2682b0cdfd76fb248e50ae4b1eeed14c21faf047e138ae11aa3?s=96&d=mm&r=g","caption":"Angie Stacy Rodr\u00edguez G\u00f3mez"},"url":"https:\/\/www.eudistasmd.org\/index.php\/author\/noticias-editoramd\/"}]}},"_links":{"self":[{"href":"https:\/\/www.eudistasmd.org\/index.php\/wp-json\/wp\/v2\/posts\/7863","targetHints":{"allow":["GET"]}}],"collection":[{"href":"https:\/\/www.eudistasmd.org\/index.php\/wp-json\/wp\/v2\/posts"}],"about":[{"href":"https:\/\/www.eudistasmd.org\/index.php\/wp-json\/wp\/v2\/types\/post"}],"author":[{"embeddable":true,"href":"https:\/\/www.eudistasmd.org\/index.php\/wp-json\/wp\/v2\/users\/7"}],"replies":[{"embeddable":true,"href":"https:\/\/www.eudistasmd.org\/index.php\/wp-json\/wp\/v2\/comments?post=7863"}],"version-history":[{"count":2,"href":"https:\/\/www.eudistasmd.org\/index.php\/wp-json\/wp\/v2\/posts\/7863\/revisions"}],"predecessor-version":[{"id":7888,"href":"https:\/\/www.eudistasmd.org\/index.php\/wp-json\/wp\/v2\/posts\/7863\/revisions\/7888"}],"wp:featuredmedia":[{"embeddable":true,"href":"https:\/\/www.eudistasmd.org\/index.php\/wp-json\/wp\/v2\/media\/7864"}],"wp:attachment":[{"href":"https:\/\/www.eudistasmd.org\/index.php\/wp-json\/wp\/v2\/media?parent=7863"}],"wp:term":[{"taxonomy":"category","embeddable":true,"href":"https:\/\/www.eudistasmd.org\/index.php\/wp-json\/wp\/v2\/categories?post=7863"},{"taxonomy":"post_tag","embeddable":true,"href":"https:\/\/www.eudistasmd.org\/index.php\/wp-json\/wp\/v2\/tags?post=7863"}],"curies":[{"name":"wp","href":"https:\/\/api.w.org\/{rel}","templated":true}]}}