{"id":7456,"date":"2025-09-29T15:57:59","date_gmt":"2025-09-29T20:57:59","guid":{"rendered":"https:\/\/www.eudistasmd.org\/?p=7456"},"modified":"2025-09-29T17:26:55","modified_gmt":"2025-09-29T22:26:55","slug":"comunicar-desde-el-corazon-un-nuevo-camino-para-el-equipo-provincial-de-comunicaciones","status":"publish","type":"post","link":"https:\/\/www.eudistasmd.org\/index.php\/2025\/09\/29\/comunicar-desde-el-corazon-un-nuevo-camino-para-el-equipo-provincial-de-comunicaciones\/","title":{"rendered":"Comunicar desde el coraz\u00f3n: un nuevo camino para el equipo provincial de comunicaciones"},"content":{"rendered":"<p>\u201cLo que no se comunica, no se comparte. Y lo que no se comparte, no transforma.\u201d<\/p>\n<p>Con esta intuici\u00f3n profundamente eudista, el jueves 25 de septiembre el equipo de comunicaciones de la Provincia Eudista Minuto de Dios se reuni\u00f3 para dialogar y so\u00f1ar juntos sobre la misi\u00f3n de comunicar en esta bendita comunidad. El encuentro tuvo como punto de partida un deseo com\u00fan: que la comunicaci\u00f3n, m\u00e1s all\u00e1 de informar, permita evangelizar, servir y encarnar el Coraz\u00f3n de Jes\u00fas en medio del mundo digital y de la vida cotidiana.<\/p>\n<p>Con la certeza de que comunicar no es \u00fanicamente un ejercicio t\u00e9cnico, sino tambi\u00e9n m\u00edstico, misi\u00f3n y vida compartida, se unieron voces diversas que se suman a este proyecto con el prop\u00f3sito de tocar corazones desde la mirada de Cristo, la espiritualidad eudista y la inspiraci\u00f3n del padre Rafael Garc\u00eda Herreros.<\/p>\n<p>Los rostros de este encuentro<\/p>\n<p>Estuvieron presentes:<\/p>\n<ol>\n<li>El P. Maynor Chavarr\u00eda, cjm, secretario provincial y director de la oficina de comunicaciones de la Provincia Eudista Minuto de Dios, acompa\u00f1\u00f3 y anim\u00f3 al equipo en este encuentro, motiv\u00e1ndolos a la construcci\u00f3n del nuevo plan de comunicaciones provincial.<\/li>\n<li>Angie Stacy Rodr\u00edguez, Coordinadora de Comunicaciones, quien ha sostenido con generosidad y entrega la comunicaci\u00f3n provincial.<\/li>\n<li>Rafael Beltr\u00e1n, candidato eudista, que realiza sus competencias MD en esta oficina y sue\u00f1a con una pastoral digital desde el alma.<\/li>\n<li>William Vargas, tambi\u00e9n candidato, animador de las comunicaciones entre sus hermanos en La Casa de Formaci\u00f3n La Misi\u00f3n.<\/li>\n<li>Zellidhay Guti\u00e9rrez, asociada eudista de Nicaragua y coordinadora de la comunicaci\u00f3n de los Asociados, quien con su fuego sinodal recuerda a la comunidad que comunicar es tejer puentes.<\/li>\n<li>Martha Ligia Jim\u00e9nez, miembro de la Fraternidad Minuto de Dios, experta en Transmedia, quien aporta su experiencia institucional y profesional a este nuevo comienzo.<\/li>\n<\/ol>\n<p><strong>Un sue\u00f1o que se escucha<\/strong><\/p>\n<p>Durante la jornada se desarrollaron di\u00e1logos en torno a temas estrat\u00e9gicos como la identidad, la misi\u00f3n, la comunidad y el carisma. No como conceptos lejanos, sino como ra\u00edces vivas. Tambi\u00e9n se compartieron desaf\u00edos, errores y aprendizajes. Pero, sobre todo, se renov\u00f3 el anhelo de comunicar lo esencial: la alegr\u00eda de ser de Cristo, la pasi\u00f3n por los pobres, la pedagog\u00eda de lo sencillo y la coherencia entre lo que somos y lo que decimos.<\/p>\n<p><strong>El mapa de empat\u00eda: un espejo necesario<\/strong><\/p>\n<p>En sinton\u00eda con el camino de construcci\u00f3n de identidad y misi\u00f3n, el grupo se propuso trabajar un Mapa de Empat\u00eda. Esta herramienta de diagn\u00f3stico no solo permitir\u00e1 encontrar luces sobre el tono comunicacional, sino que servir\u00e1 como un espejo para que la Provincia pueda preguntarse:<\/p>\n<ul>\n<li>\u00bfQu\u00e9 siente como familia eudista?<\/li>\n<li>\u00bfQu\u00e9 ve en sus obras y comunidades?<\/li>\n<li>\u00bfQu\u00e9 escucha?<\/li>\n<li>\u00bfQu\u00e9 quier gritarle al mundo?<\/li>\n<\/ul>\n<p>Ser\u00e1 una nueva ruta para hacer introspecci\u00f3n desde las voces y miradas de la comunidad, pero sobre todo desde el amor. Porque cuando la identidad est\u00e1 clara, la historia se cuenta con coherencia y fuerza.<\/p>\n<p><strong>Un nuevo Pentecost\u00e9s<\/strong><\/p>\n<p>Este encuentro no fue un cierre, sino un inicio: el de una comunidad comunicante, tejida con fraternidad, carisma, juventud y sinodalidad. El sue\u00f1o es que en este proyecto est\u00e9n representadas todas las voces: candidatos, incorporados y asociados, junto a los muchos rostros que conforman la Provincia en Colombia, Per\u00fa, Nicaragua y Estados Unidos.<\/p>\n<p>En el fondo, lo que se busca es volver al sue\u00f1o del padre Rafael Garc\u00eda Herreros, cjm, quien comprendi\u00f3 que comunicar es servir. Que el Evangelio debe anunciarse con palabras, pero tambi\u00e9n con gestos, c\u00e1maras, micr\u00f3fonos, redes, boletines, abrazos, poemas y actos de justicia. \u00c9l no fund\u00f3 solo una parroquia, una emisora o una obra social: fund\u00f3 una forma de amar a Cristo en los pobres y de anunciarlo con creatividad prof\u00e9tica. Hoy, m\u00e1s de 60 a\u00f1os despu\u00e9s, su sue\u00f1o sigue vivo.<\/p>\n<p>Este peque\u00f1o grupo, reunido con humildad y determinaci\u00f3n, contin\u00faa ese camino hacia una comunicaci\u00f3n que haga visible el paso de Dios en medio de su pueblo. Porque comunicar, en la Provincia Eudista Minuto de Dios, no es solo informar, es formar, transformar y amar.<\/p>\n<p>Y desde ah\u00ed seguimos diciendo juntos:<\/p>\n<p>\u00a1Viva Jes\u00fas y Mar\u00eda!<\/p>\n<div class=\"et_pb_slider et_pb_slider_fullwidth_off et_pb_gallery_post_type\">\n\t\t\t\t<div class=\"et_pb_slides\">\n\t\t\t\t\t<div class=\"et_pb_slide\" style=\"background: url(https:\/\/www.eudistasmd.org\/wp-content\/uploads\/2025\/09\/WhatsApp-Image-2025-09-25-at-7.01.41-PM.jpeg);\"><\/div><div class=\"et_pb_slide\" style=\"background: url(https:\/\/www.eudistasmd.org\/wp-content\/uploads\/2025\/09\/WhatsApp-Image-2025-09-25-at-7.01.42-PM-1.jpeg);\"><\/div><div class=\"et_pb_slide\" style=\"background: url(https:\/\/www.eudistasmd.org\/wp-content\/uploads\/2025\/09\/WhatsApp-Image-2025-09-25-at-7.01.42-PM.jpeg);\"><\/div><div class=\"et_pb_slide\" style=\"background: url(https:\/\/www.eudistasmd.org\/wp-content\/uploads\/2025\/09\/WhatsApp-Image-2025-09-25-at-10.03.26-PM.jpeg);\"><\/div><div class=\"et_pb_slide\" style=\"background: url(https:\/\/www.eudistasmd.org\/wp-content\/uploads\/2025\/09\/WhatsApp-Image-2025-09-26-at-11.53.42-AM-2.jpeg);\"><\/div>\n\t\t\t\t<\/div>\n\t\t\t<\/div>\n<p>&nbsp;<\/p>\n<p>&nbsp;<\/p>\n","protected":false},"excerpt":{"rendered":"<p>\u201cLo que no se comunica, no se comparte. Y lo que no se comparte, no transforma.\u201d Con esta intuici\u00f3n profundamente eudista, el jueves 25 de septiembre el equipo de comunicaciones de la Provincia Eudista Minuto de Dios se reuni\u00f3 para dialogar y so\u00f1ar juntos sobre la misi\u00f3n de comunicar en esta bendita comunidad. El encuentro [&hellip;]<\/p>\n","protected":false},"author":7,"featured_media":7457,"comment_status":"closed","ping_status":"closed","sticky":false,"template":"","format":"standard","meta":{"_et_pb_use_builder":"","_et_pb_old_content":"","_et_gb_content_width":"","footnotes":""},"categories":[13],"tags":[415,416,414,22],"class_list":["post-7456","post","type-post","status-publish","format-standard","has-post-thumbnail","hentry","category-actualidad-eudista","tag-comunicacion-con-proposito","tag-comunicacion-eudistas","tag-comunicaciones","tag-eudistas"],"yoast_head":"<!-- This site is optimized with the Yoast SEO plugin v27.2 - https:\/\/yoast.com\/product\/yoast-seo-wordpress\/ -->\n<title>Comunicar desde el coraz\u00f3n: un nuevo camino para el equipo provincial de comunicaciones - Eudistas MD<\/title>\n<meta name=\"robots\" content=\"index, follow, max-snippet:-1, max-image-preview:large, max-video-preview:-1\" \/>\n<link rel=\"canonical\" href=\"https:\/\/www.eudistasmd.org\/index.php\/2025\/09\/29\/comunicar-desde-el-corazon-un-nuevo-camino-para-el-equipo-provincial-de-comunicaciones\/\" \/>\n<meta property=\"og:locale\" content=\"es_ES\" \/>\n<meta property=\"og:type\" content=\"article\" \/>\n<meta property=\"og:title\" content=\"Comunicar desde el coraz\u00f3n: un nuevo camino para el equipo provincial de comunicaciones - Eudistas MD\" \/>\n<meta property=\"og:description\" content=\"\u201cLo que no se comunica, no se comparte. Y lo que no se comparte, no transforma.\u201d Con esta intuici\u00f3n profundamente eudista, el jueves 25 de septiembre el equipo de comunicaciones de la Provincia Eudista Minuto de Dios se reuni\u00f3 para dialogar y so\u00f1ar juntos sobre la misi\u00f3n de comunicar en esta bendita comunidad. El encuentro [&hellip;]\" \/>\n<meta property=\"og:url\" content=\"https:\/\/www.eudistasmd.org\/index.php\/2025\/09\/29\/comunicar-desde-el-corazon-un-nuevo-camino-para-el-equipo-provincial-de-comunicaciones\/\" \/>\n<meta property=\"og:site_name\" content=\"Eudistas MD\" \/>\n<meta property=\"article:published_time\" content=\"2025-09-29T20:57:59+00:00\" \/>\n<meta property=\"article:modified_time\" content=\"2025-09-29T22:26:55+00:00\" \/>\n<meta property=\"og:image\" content=\"https:\/\/www.eudistasmd.org\/wp-content\/uploads\/2025\/09\/WhatsApp-Image-2025-09-26-at-11.53.42-AM-1.jpeg\" \/>\n\t<meta property=\"og:image:width\" content=\"1600\" \/>\n\t<meta property=\"og:image:height\" content=\"900\" \/>\n\t<meta property=\"og:image:type\" content=\"image\/jpeg\" \/>\n<meta name=\"author\" content=\"Angie Stacy Rodr\u00edguez G\u00f3mez\" \/>\n<meta name=\"twitter:card\" content=\"summary_large_image\" \/>\n<meta name=\"twitter:label1\" content=\"Escrito por\" \/>\n\t<meta name=\"twitter:data1\" content=\"Angie Stacy Rodr\u00edguez G\u00f3mez\" \/>\n\t<meta name=\"twitter:label2\" content=\"Tiempo de lectura\" \/>\n\t<meta name=\"twitter:data2\" content=\"4 minutos\" \/>\n<script type=\"application\/ld+json\" class=\"yoast-schema-graph\">{\"@context\":\"https:\/\/schema.org\",\"@graph\":[{\"@type\":\"Article\",\"@id\":\"https:\/\/www.eudistasmd.org\/index.php\/2025\/09\/29\/comunicar-desde-el-corazon-un-nuevo-camino-para-el-equipo-provincial-de-comunicaciones\/#article\",\"isPartOf\":{\"@id\":\"https:\/\/www.eudistasmd.org\/index.php\/2025\/09\/29\/comunicar-desde-el-corazon-un-nuevo-camino-para-el-equipo-provincial-de-comunicaciones\/\"},\"author\":{\"name\":\"Angie Stacy Rodr\u00edguez G\u00f3mez\",\"@id\":\"https:\/\/www.eudistasmd.org\/#\/schema\/person\/ea031151eedd6aedadcdb515522d15d5\"},\"headline\":\"Comunicar desde el coraz\u00f3n: un nuevo camino para el equipo provincial de comunicaciones\",\"datePublished\":\"2025-09-29T20:57:59+00:00\",\"dateModified\":\"2025-09-29T22:26:55+00:00\",\"mainEntityOfPage\":{\"@id\":\"https:\/\/www.eudistasmd.org\/index.php\/2025\/09\/29\/comunicar-desde-el-corazon-un-nuevo-camino-para-el-equipo-provincial-de-comunicaciones\/\"},\"wordCount\":750,\"image\":{\"@id\":\"https:\/\/www.eudistasmd.org\/index.php\/2025\/09\/29\/comunicar-desde-el-corazon-un-nuevo-camino-para-el-equipo-provincial-de-comunicaciones\/#primaryimage\"},\"thumbnailUrl\":\"https:\/\/www.eudistasmd.org\/wp-content\/uploads\/2025\/09\/WhatsApp-Image-2025-09-26-at-11.53.42-AM-1.jpeg\",\"keywords\":[\"Comunicaci\u00f3n con prop\u00f3sito\",\"Comunicaci\u00f3n eudistas\",\"Comunicaciones\",\"Eudistas\"],\"articleSection\":[\"Actualidad Eudista\"],\"inLanguage\":\"es\"},{\"@type\":\"WebPage\",\"@id\":\"https:\/\/www.eudistasmd.org\/index.php\/2025\/09\/29\/comunicar-desde-el-corazon-un-nuevo-camino-para-el-equipo-provincial-de-comunicaciones\/\",\"url\":\"https:\/\/www.eudistasmd.org\/index.php\/2025\/09\/29\/comunicar-desde-el-corazon-un-nuevo-camino-para-el-equipo-provincial-de-comunicaciones\/\",\"name\":\"Comunicar desde el coraz\u00f3n: un nuevo camino para el equipo provincial de comunicaciones - Eudistas MD\",\"isPartOf\":{\"@id\":\"https:\/\/www.eudistasmd.org\/#website\"},\"primaryImageOfPage\":{\"@id\":\"https:\/\/www.eudistasmd.org\/index.php\/2025\/09\/29\/comunicar-desde-el-corazon-un-nuevo-camino-para-el-equipo-provincial-de-comunicaciones\/#primaryimage\"},\"image\":{\"@id\":\"https:\/\/www.eudistasmd.org\/index.php\/2025\/09\/29\/comunicar-desde-el-corazon-un-nuevo-camino-para-el-equipo-provincial-de-comunicaciones\/#primaryimage\"},\"thumbnailUrl\":\"https:\/\/www.eudistasmd.org\/wp-content\/uploads\/2025\/09\/WhatsApp-Image-2025-09-26-at-11.53.42-AM-1.jpeg\",\"datePublished\":\"2025-09-29T20:57:59+00:00\",\"dateModified\":\"2025-09-29T22:26:55+00:00\",\"author\":{\"@id\":\"https:\/\/www.eudistasmd.org\/#\/schema\/person\/ea031151eedd6aedadcdb515522d15d5\"},\"breadcrumb\":{\"@id\":\"https:\/\/www.eudistasmd.org\/index.php\/2025\/09\/29\/comunicar-desde-el-corazon-un-nuevo-camino-para-el-equipo-provincial-de-comunicaciones\/#breadcrumb\"},\"inLanguage\":\"es\",\"potentialAction\":[{\"@type\":\"ReadAction\",\"target\":[\"https:\/\/www.eudistasmd.org\/index.php\/2025\/09\/29\/comunicar-desde-el-corazon-un-nuevo-camino-para-el-equipo-provincial-de-comunicaciones\/\"]}]},{\"@type\":\"ImageObject\",\"inLanguage\":\"es\",\"@id\":\"https:\/\/www.eudistasmd.org\/index.php\/2025\/09\/29\/comunicar-desde-el-corazon-un-nuevo-camino-para-el-equipo-provincial-de-comunicaciones\/#primaryimage\",\"url\":\"https:\/\/www.eudistasmd.org\/wp-content\/uploads\/2025\/09\/WhatsApp-Image-2025-09-26-at-11.53.42-AM-1.jpeg\",\"contentUrl\":\"https:\/\/www.eudistasmd.org\/wp-content\/uploads\/2025\/09\/WhatsApp-Image-2025-09-26-at-11.53.42-AM-1.jpeg\",\"width\":1600,\"height\":900},{\"@type\":\"BreadcrumbList\",\"@id\":\"https:\/\/www.eudistasmd.org\/index.php\/2025\/09\/29\/comunicar-desde-el-corazon-un-nuevo-camino-para-el-equipo-provincial-de-comunicaciones\/#breadcrumb\",\"itemListElement\":[{\"@type\":\"ListItem\",\"position\":1,\"name\":\"Portada\",\"item\":\"https:\/\/www.eudistasmd.org\/\"},{\"@type\":\"ListItem\",\"position\":2,\"name\":\"Comunicar desde el coraz\u00f3n: un nuevo camino para el equipo provincial de comunicaciones\"}]},{\"@type\":\"WebSite\",\"@id\":\"https:\/\/www.eudistasmd.org\/#website\",\"url\":\"https:\/\/www.eudistasmd.org\/\",\"name\":\"Eudistas MD\",\"description\":\"Esta Provincia naci\u00f3 de la obra fundada por el padre eudista: Rafael Garc\u00eda Herreros. Este Don del Minuto de Dios ha sido encomendado a los los Eudistas del El Minuto de Dios, quienes se dedican a la Evangelizaci\u00f3n, la Formaci\u00f3n, y al servicio a los m\u00e1s pobres a trav\u00e9s de la Organizaci\u00f3n Minuto de Dios.\",\"potentialAction\":[{\"@type\":\"SearchAction\",\"target\":{\"@type\":\"EntryPoint\",\"urlTemplate\":\"https:\/\/www.eudistasmd.org\/?s={search_term_string}\"},\"query-input\":{\"@type\":\"PropertyValueSpecification\",\"valueRequired\":true,\"valueName\":\"search_term_string\"}}],\"inLanguage\":\"es\"},{\"@type\":\"Person\",\"@id\":\"https:\/\/www.eudistasmd.org\/#\/schema\/person\/ea031151eedd6aedadcdb515522d15d5\",\"name\":\"Angie Stacy Rodr\u00edguez G\u00f3mez\",\"image\":{\"@type\":\"ImageObject\",\"inLanguage\":\"es\",\"@id\":\"https:\/\/secure.gravatar.com\/avatar\/08c6f46fb8b7d2682b0cdfd76fb248e50ae4b1eeed14c21faf047e138ae11aa3?s=96&d=mm&r=g\",\"url\":\"https:\/\/secure.gravatar.com\/avatar\/08c6f46fb8b7d2682b0cdfd76fb248e50ae4b1eeed14c21faf047e138ae11aa3?s=96&d=mm&r=g\",\"contentUrl\":\"https:\/\/secure.gravatar.com\/avatar\/08c6f46fb8b7d2682b0cdfd76fb248e50ae4b1eeed14c21faf047e138ae11aa3?s=96&d=mm&r=g\",\"caption\":\"Angie Stacy Rodr\u00edguez G\u00f3mez\"},\"url\":\"https:\/\/www.eudistasmd.org\/index.php\/author\/noticias-editoramd\/\"}]}<\/script>\n<!-- \/ Yoast SEO plugin. -->","yoast_head_json":{"title":"Comunicar desde el coraz\u00f3n: un nuevo camino para el equipo provincial de comunicaciones - Eudistas MD","robots":{"index":"index","follow":"follow","max-snippet":"max-snippet:-1","max-image-preview":"max-image-preview:large","max-video-preview":"max-video-preview:-1"},"canonical":"https:\/\/www.eudistasmd.org\/index.php\/2025\/09\/29\/comunicar-desde-el-corazon-un-nuevo-camino-para-el-equipo-provincial-de-comunicaciones\/","og_locale":"es_ES","og_type":"article","og_title":"Comunicar desde el coraz\u00f3n: un nuevo camino para el equipo provincial de comunicaciones - Eudistas MD","og_description":"\u201cLo que no se comunica, no se comparte. Y lo que no se comparte, no transforma.\u201d Con esta intuici\u00f3n profundamente eudista, el jueves 25 de septiembre el equipo de comunicaciones de la Provincia Eudista Minuto de Dios se reuni\u00f3 para dialogar y so\u00f1ar juntos sobre la misi\u00f3n de comunicar en esta bendita comunidad. El encuentro [&hellip;]","og_url":"https:\/\/www.eudistasmd.org\/index.php\/2025\/09\/29\/comunicar-desde-el-corazon-un-nuevo-camino-para-el-equipo-provincial-de-comunicaciones\/","og_site_name":"Eudistas MD","article_published_time":"2025-09-29T20:57:59+00:00","article_modified_time":"2025-09-29T22:26:55+00:00","og_image":[{"width":1600,"height":900,"url":"https:\/\/www.eudistasmd.org\/wp-content\/uploads\/2025\/09\/WhatsApp-Image-2025-09-26-at-11.53.42-AM-1.jpeg","type":"image\/jpeg"}],"author":"Angie Stacy Rodr\u00edguez G\u00f3mez","twitter_card":"summary_large_image","twitter_misc":{"Escrito por":"Angie Stacy Rodr\u00edguez G\u00f3mez","Tiempo de lectura":"4 minutos"},"schema":{"@context":"https:\/\/schema.org","@graph":[{"@type":"Article","@id":"https:\/\/www.eudistasmd.org\/index.php\/2025\/09\/29\/comunicar-desde-el-corazon-un-nuevo-camino-para-el-equipo-provincial-de-comunicaciones\/#article","isPartOf":{"@id":"https:\/\/www.eudistasmd.org\/index.php\/2025\/09\/29\/comunicar-desde-el-corazon-un-nuevo-camino-para-el-equipo-provincial-de-comunicaciones\/"},"author":{"name":"Angie Stacy Rodr\u00edguez G\u00f3mez","@id":"https:\/\/www.eudistasmd.org\/#\/schema\/person\/ea031151eedd6aedadcdb515522d15d5"},"headline":"Comunicar desde el coraz\u00f3n: un nuevo camino para el equipo provincial de comunicaciones","datePublished":"2025-09-29T20:57:59+00:00","dateModified":"2025-09-29T22:26:55+00:00","mainEntityOfPage":{"@id":"https:\/\/www.eudistasmd.org\/index.php\/2025\/09\/29\/comunicar-desde-el-corazon-un-nuevo-camino-para-el-equipo-provincial-de-comunicaciones\/"},"wordCount":750,"image":{"@id":"https:\/\/www.eudistasmd.org\/index.php\/2025\/09\/29\/comunicar-desde-el-corazon-un-nuevo-camino-para-el-equipo-provincial-de-comunicaciones\/#primaryimage"},"thumbnailUrl":"https:\/\/www.eudistasmd.org\/wp-content\/uploads\/2025\/09\/WhatsApp-Image-2025-09-26-at-11.53.42-AM-1.jpeg","keywords":["Comunicaci\u00f3n con prop\u00f3sito","Comunicaci\u00f3n eudistas","Comunicaciones","Eudistas"],"articleSection":["Actualidad Eudista"],"inLanguage":"es"},{"@type":"WebPage","@id":"https:\/\/www.eudistasmd.org\/index.php\/2025\/09\/29\/comunicar-desde-el-corazon-un-nuevo-camino-para-el-equipo-provincial-de-comunicaciones\/","url":"https:\/\/www.eudistasmd.org\/index.php\/2025\/09\/29\/comunicar-desde-el-corazon-un-nuevo-camino-para-el-equipo-provincial-de-comunicaciones\/","name":"Comunicar desde el coraz\u00f3n: un nuevo camino para el equipo provincial de comunicaciones - Eudistas MD","isPartOf":{"@id":"https:\/\/www.eudistasmd.org\/#website"},"primaryImageOfPage":{"@id":"https:\/\/www.eudistasmd.org\/index.php\/2025\/09\/29\/comunicar-desde-el-corazon-un-nuevo-camino-para-el-equipo-provincial-de-comunicaciones\/#primaryimage"},"image":{"@id":"https:\/\/www.eudistasmd.org\/index.php\/2025\/09\/29\/comunicar-desde-el-corazon-un-nuevo-camino-para-el-equipo-provincial-de-comunicaciones\/#primaryimage"},"thumbnailUrl":"https:\/\/www.eudistasmd.org\/wp-content\/uploads\/2025\/09\/WhatsApp-Image-2025-09-26-at-11.53.42-AM-1.jpeg","datePublished":"2025-09-29T20:57:59+00:00","dateModified":"2025-09-29T22:26:55+00:00","author":{"@id":"https:\/\/www.eudistasmd.org\/#\/schema\/person\/ea031151eedd6aedadcdb515522d15d5"},"breadcrumb":{"@id":"https:\/\/www.eudistasmd.org\/index.php\/2025\/09\/29\/comunicar-desde-el-corazon-un-nuevo-camino-para-el-equipo-provincial-de-comunicaciones\/#breadcrumb"},"inLanguage":"es","potentialAction":[{"@type":"ReadAction","target":["https:\/\/www.eudistasmd.org\/index.php\/2025\/09\/29\/comunicar-desde-el-corazon-un-nuevo-camino-para-el-equipo-provincial-de-comunicaciones\/"]}]},{"@type":"ImageObject","inLanguage":"es","@id":"https:\/\/www.eudistasmd.org\/index.php\/2025\/09\/29\/comunicar-desde-el-corazon-un-nuevo-camino-para-el-equipo-provincial-de-comunicaciones\/#primaryimage","url":"https:\/\/www.eudistasmd.org\/wp-content\/uploads\/2025\/09\/WhatsApp-Image-2025-09-26-at-11.53.42-AM-1.jpeg","contentUrl":"https:\/\/www.eudistasmd.org\/wp-content\/uploads\/2025\/09\/WhatsApp-Image-2025-09-26-at-11.53.42-AM-1.jpeg","width":1600,"height":900},{"@type":"BreadcrumbList","@id":"https:\/\/www.eudistasmd.org\/index.php\/2025\/09\/29\/comunicar-desde-el-corazon-un-nuevo-camino-para-el-equipo-provincial-de-comunicaciones\/#breadcrumb","itemListElement":[{"@type":"ListItem","position":1,"name":"Portada","item":"https:\/\/www.eudistasmd.org\/"},{"@type":"ListItem","position":2,"name":"Comunicar desde el coraz\u00f3n: un nuevo camino para el equipo provincial de comunicaciones"}]},{"@type":"WebSite","@id":"https:\/\/www.eudistasmd.org\/#website","url":"https:\/\/www.eudistasmd.org\/","name":"Eudistas MD","description":"Esta Provincia naci\u00f3 de la obra fundada por el padre eudista: Rafael Garc\u00eda Herreros. Este Don del Minuto de Dios ha sido encomendado a los los Eudistas del El Minuto de Dios, quienes se dedican a la Evangelizaci\u00f3n, la Formaci\u00f3n, y al servicio a los m\u00e1s pobres a trav\u00e9s de la Organizaci\u00f3n Minuto de Dios.","potentialAction":[{"@type":"SearchAction","target":{"@type":"EntryPoint","urlTemplate":"https:\/\/www.eudistasmd.org\/?s={search_term_string}"},"query-input":{"@type":"PropertyValueSpecification","valueRequired":true,"valueName":"search_term_string"}}],"inLanguage":"es"},{"@type":"Person","@id":"https:\/\/www.eudistasmd.org\/#\/schema\/person\/ea031151eedd6aedadcdb515522d15d5","name":"Angie Stacy Rodr\u00edguez G\u00f3mez","image":{"@type":"ImageObject","inLanguage":"es","@id":"https:\/\/secure.gravatar.com\/avatar\/08c6f46fb8b7d2682b0cdfd76fb248e50ae4b1eeed14c21faf047e138ae11aa3?s=96&d=mm&r=g","url":"https:\/\/secure.gravatar.com\/avatar\/08c6f46fb8b7d2682b0cdfd76fb248e50ae4b1eeed14c21faf047e138ae11aa3?s=96&d=mm&r=g","contentUrl":"https:\/\/secure.gravatar.com\/avatar\/08c6f46fb8b7d2682b0cdfd76fb248e50ae4b1eeed14c21faf047e138ae11aa3?s=96&d=mm&r=g","caption":"Angie Stacy Rodr\u00edguez G\u00f3mez"},"url":"https:\/\/www.eudistasmd.org\/index.php\/author\/noticias-editoramd\/"}]}},"_links":{"self":[{"href":"https:\/\/www.eudistasmd.org\/index.php\/wp-json\/wp\/v2\/posts\/7456","targetHints":{"allow":["GET"]}}],"collection":[{"href":"https:\/\/www.eudistasmd.org\/index.php\/wp-json\/wp\/v2\/posts"}],"about":[{"href":"https:\/\/www.eudistasmd.org\/index.php\/wp-json\/wp\/v2\/types\/post"}],"author":[{"embeddable":true,"href":"https:\/\/www.eudistasmd.org\/index.php\/wp-json\/wp\/v2\/users\/7"}],"replies":[{"embeddable":true,"href":"https:\/\/www.eudistasmd.org\/index.php\/wp-json\/wp\/v2\/comments?post=7456"}],"version-history":[{"count":6,"href":"https:\/\/www.eudistasmd.org\/index.php\/wp-json\/wp\/v2\/posts\/7456\/revisions"}],"predecessor-version":[{"id":7468,"href":"https:\/\/www.eudistasmd.org\/index.php\/wp-json\/wp\/v2\/posts\/7456\/revisions\/7468"}],"wp:featuredmedia":[{"embeddable":true,"href":"https:\/\/www.eudistasmd.org\/index.php\/wp-json\/wp\/v2\/media\/7457"}],"wp:attachment":[{"href":"https:\/\/www.eudistasmd.org\/index.php\/wp-json\/wp\/v2\/media?parent=7456"}],"wp:term":[{"taxonomy":"category","embeddable":true,"href":"https:\/\/www.eudistasmd.org\/index.php\/wp-json\/wp\/v2\/categories?post=7456"},{"taxonomy":"post_tag","embeddable":true,"href":"https:\/\/www.eudistasmd.org\/index.php\/wp-json\/wp\/v2\/tags?post=7456"}],"curies":[{"name":"wp","href":"https:\/\/api.w.org\/{rel}","templated":true}]}}