{"id":7446,"date":"2025-09-27T11:57:49","date_gmt":"2025-09-27T16:57:49","guid":{"rendered":"https:\/\/www.eudistasmd.org\/?p=7446"},"modified":"2025-09-27T12:08:05","modified_gmt":"2025-09-27T17:08:05","slug":"retiro-sacerdotal-de-la-rcc-en-estados-unidos-y-canada-portadores-de-la-fe-sembradores-de-esperanza","status":"publish","type":"post","link":"https:\/\/www.eudistasmd.org\/index.php\/2025\/09\/27\/retiro-sacerdotal-de-la-rcc-en-estados-unidos-y-canada-portadores-de-la-fe-sembradores-de-esperanza\/","title":{"rendered":"Retiro Sacerdotal de la RCC en Estados Unidos y Canad\u00e1: Portadores de la Fe, sembradores de esperanza"},"content":{"rendered":"<p data-start=\"197\" data-end=\"400\">Del 15 al 18 de septiembre se llev\u00f3 a cabo el Retiro Sacerdotal de la Renovaci\u00f3n Carism\u00e1tica Cat\u00f3lica en Estados Unidos y Canad\u00e1, bajo el lema <em data-start=\"348\" data-end=\"397\">\u201cPortadores de la Fe, sembradores de esperanza\u201d<\/em>.<\/p>\n<p data-start=\"402\" data-end=\"683\">Este espacio fue una oportunidad para que sacerdotes inmersos en la gracia divina de la Renovaci\u00f3n, se encontraran con Cristo, renovaran su esp\u00edritu y fortalecieran su misi\u00f3n pastoral, a trav\u00e9s de jornadas de silencio, oraci\u00f3n y fraternidad que los llenaron de la fuerza del Esp\u00edritu Santo y del amor del Buen Pastor.<\/p>\n<p data-start=\"685\" data-end=\"1102\">Nuestro Superior Provincial, el Padre Germ\u00e1n G\u00e1ndara, cjm, particip\u00f3 de este retiro, en un escenario de formaci\u00f3n y riqueza espiritual que permiti\u00f3 seguir fortaleciendo la fe y el carisma en esta bendita gracia de la Renovaci\u00f3n. Su presencia tambi\u00e9n reafirm\u00f3 el compromiso de continuar aportando a este pa\u00eds desde el carisma eudista de El Minuto de Dios, donde hoy hacemos presencia en Atlanta, Georgia.<\/p>\n<p data-start=\"1104\" data-end=\"1381\">Como Provincia, nos unimos en oraci\u00f3n por cada sacerdote que particip\u00f3 en este encuentro, agradeciendo su entrega y pidiendo al Se\u00f1or que derrame abundantes bendiciones sobre ellos, para que, con un coraz\u00f3n renovado, sigan siendo verdaderos pastores seg\u00fan el coraz\u00f3n de Dios.<\/p>\n<div class=\"et_pb_slider et_pb_slider_fullwidth_off et_pb_gallery_post_type\">\n\t\t\t\t<div class=\"et_pb_slides\">\n\t\t\t\t\t<div class=\"et_pb_slide\" style=\"background: url(https:\/\/www.eudistasmd.org\/wp-content\/uploads\/2025\/09\/WhatsApp-Image-2025-09-19-at-11.37.50-AM-2.jpeg);\"><\/div><div class=\"et_pb_slide\" style=\"background: url(https:\/\/www.eudistasmd.org\/wp-content\/uploads\/2025\/09\/WhatsApp-Image-2025-09-19-at-11.37.50-AM-1.jpeg);\"><\/div><div class=\"et_pb_slide\" style=\"background: url(https:\/\/www.eudistasmd.org\/wp-content\/uploads\/2025\/09\/WhatsApp-Image-2025-09-19-at-11.37.50-AM.jpeg);\"><\/div><div class=\"et_pb_slide\" style=\"background: url(https:\/\/www.eudistasmd.org\/wp-content\/uploads\/2025\/09\/WhatsApp-Image-2025-09-19-at-11.37.50-AM-3.jpeg);\"><\/div><div class=\"et_pb_slide\" style=\"background: url(https:\/\/www.eudistasmd.org\/wp-content\/uploads\/2025\/09\/WhatsApp-Image-2025-09-19-at-11.37.55-AM.jpeg);\"><\/div>\n\t\t\t\t<\/div>\n\t\t\t<\/div>\n","protected":false},"excerpt":{"rendered":"<p>Del 15 al 18 de septiembre se llev\u00f3 a cabo el Retiro Sacerdotal de la Renovaci\u00f3n Carism\u00e1tica Cat\u00f3lica en Estados Unidos y Canad\u00e1, bajo el lema \u201cPortadores de la Fe, sembradores de esperanza\u201d. Este espacio fue una oportunidad para que sacerdotes inmersos en la gracia divina de la Renovaci\u00f3n, se encontraran con Cristo, renovaran su [&hellip;]<\/p>\n","protected":false},"author":7,"featured_media":7447,"comment_status":"closed","ping_status":"closed","sticky":false,"template":"","format":"standard","meta":{"_et_pb_use_builder":"","_et_pb_old_content":"","_et_gb_content_width":"","footnotes":""},"categories":[13],"tags":[411,404,412,413],"class_list":["post-7446","post","type-post","status-publish","format-standard","has-post-thumbnail","hentry","category-actualidad-eudista","tag-estados-unidos","tag-eudistas-en-estados-unidos","tag-rcc-en-estados-unidos","tag-rcc-hispana"],"yoast_head":"<!-- This site is optimized with the Yoast SEO plugin v27.2 - https:\/\/yoast.com\/product\/yoast-seo-wordpress\/ -->\n<title>Retiro Sacerdotal de la RCC en Estados Unidos y Canad\u00e1: Portadores de la Fe, sembradores de esperanza - Eudistas MD<\/title>\n<meta name=\"robots\" content=\"index, follow, max-snippet:-1, max-image-preview:large, max-video-preview:-1\" \/>\n<link rel=\"canonical\" href=\"https:\/\/www.eudistasmd.org\/index.php\/2025\/09\/27\/retiro-sacerdotal-de-la-rcc-en-estados-unidos-y-canada-portadores-de-la-fe-sembradores-de-esperanza\/\" \/>\n<meta property=\"og:locale\" content=\"es_ES\" \/>\n<meta property=\"og:type\" content=\"article\" \/>\n<meta property=\"og:title\" content=\"Retiro Sacerdotal de la RCC en Estados Unidos y Canad\u00e1: Portadores de la Fe, sembradores de esperanza - Eudistas MD\" \/>\n<meta property=\"og:description\" content=\"Del 15 al 18 de septiembre se llev\u00f3 a cabo el Retiro Sacerdotal de la Renovaci\u00f3n Carism\u00e1tica Cat\u00f3lica en Estados Unidos y Canad\u00e1, bajo el lema \u201cPortadores de la Fe, sembradores de esperanza\u201d. Este espacio fue una oportunidad para que sacerdotes inmersos en la gracia divina de la Renovaci\u00f3n, se encontraran con Cristo, renovaran su [&hellip;]\" \/>\n<meta property=\"og:url\" content=\"https:\/\/www.eudistasmd.org\/index.php\/2025\/09\/27\/retiro-sacerdotal-de-la-rcc-en-estados-unidos-y-canada-portadores-de-la-fe-sembradores-de-esperanza\/\" \/>\n<meta property=\"og:site_name\" content=\"Eudistas MD\" \/>\n<meta property=\"article:published_time\" content=\"2025-09-27T16:57:49+00:00\" \/>\n<meta property=\"article:modified_time\" content=\"2025-09-27T17:08:05+00:00\" \/>\n<meta property=\"og:image\" content=\"https:\/\/www.eudistasmd.org\/wp-content\/uploads\/2025\/09\/WhatsApp-Image-2025-09-19-at-11.37.54-AM.jpeg\" \/>\n\t<meta property=\"og:image:width\" content=\"1600\" \/>\n\t<meta property=\"og:image:height\" content=\"1200\" \/>\n\t<meta property=\"og:image:type\" content=\"image\/jpeg\" \/>\n<meta name=\"author\" content=\"Angie Stacy Rodr\u00edguez G\u00f3mez\" \/>\n<meta name=\"twitter:card\" content=\"summary_large_image\" \/>\n<meta name=\"twitter:label1\" content=\"Escrito por\" \/>\n\t<meta name=\"twitter:data1\" content=\"Angie Stacy Rodr\u00edguez G\u00f3mez\" \/>\n\t<meta name=\"twitter:label2\" content=\"Tiempo de lectura\" \/>\n\t<meta name=\"twitter:data2\" content=\"2 minutos\" \/>\n<script type=\"application\/ld+json\" class=\"yoast-schema-graph\">{\"@context\":\"https:\/\/schema.org\",\"@graph\":[{\"@type\":\"Article\",\"@id\":\"https:\/\/www.eudistasmd.org\/index.php\/2025\/09\/27\/retiro-sacerdotal-de-la-rcc-en-estados-unidos-y-canada-portadores-de-la-fe-sembradores-de-esperanza\/#article\",\"isPartOf\":{\"@id\":\"https:\/\/www.eudistasmd.org\/index.php\/2025\/09\/27\/retiro-sacerdotal-de-la-rcc-en-estados-unidos-y-canada-portadores-de-la-fe-sembradores-de-esperanza\/\"},\"author\":{\"name\":\"Angie Stacy Rodr\u00edguez G\u00f3mez\",\"@id\":\"https:\/\/www.eudistasmd.org\/#\/schema\/person\/ea031151eedd6aedadcdb515522d15d5\"},\"headline\":\"Retiro Sacerdotal de la RCC en Estados Unidos y Canad\u00e1: Portadores de la Fe, sembradores de esperanza\",\"datePublished\":\"2025-09-27T16:57:49+00:00\",\"dateModified\":\"2025-09-27T17:08:05+00:00\",\"mainEntityOfPage\":{\"@id\":\"https:\/\/www.eudistasmd.org\/index.php\/2025\/09\/27\/retiro-sacerdotal-de-la-rcc-en-estados-unidos-y-canada-portadores-de-la-fe-sembradores-de-esperanza\/\"},\"wordCount\":228,\"image\":{\"@id\":\"https:\/\/www.eudistasmd.org\/index.php\/2025\/09\/27\/retiro-sacerdotal-de-la-rcc-en-estados-unidos-y-canada-portadores-de-la-fe-sembradores-de-esperanza\/#primaryimage\"},\"thumbnailUrl\":\"https:\/\/www.eudistasmd.org\/wp-content\/uploads\/2025\/09\/WhatsApp-Image-2025-09-19-at-11.37.54-AM.jpeg\",\"keywords\":[\"Estados Unidos\",\"Eudistas en estados Unidos\",\"RCC en estados Unidos\",\"RCC Hispana\"],\"articleSection\":[\"Actualidad Eudista\"],\"inLanguage\":\"es\"},{\"@type\":\"WebPage\",\"@id\":\"https:\/\/www.eudistasmd.org\/index.php\/2025\/09\/27\/retiro-sacerdotal-de-la-rcc-en-estados-unidos-y-canada-portadores-de-la-fe-sembradores-de-esperanza\/\",\"url\":\"https:\/\/www.eudistasmd.org\/index.php\/2025\/09\/27\/retiro-sacerdotal-de-la-rcc-en-estados-unidos-y-canada-portadores-de-la-fe-sembradores-de-esperanza\/\",\"name\":\"Retiro Sacerdotal de la RCC en Estados Unidos y Canad\u00e1: Portadores de la Fe, sembradores de esperanza - Eudistas MD\",\"isPartOf\":{\"@id\":\"https:\/\/www.eudistasmd.org\/#website\"},\"primaryImageOfPage\":{\"@id\":\"https:\/\/www.eudistasmd.org\/index.php\/2025\/09\/27\/retiro-sacerdotal-de-la-rcc-en-estados-unidos-y-canada-portadores-de-la-fe-sembradores-de-esperanza\/#primaryimage\"},\"image\":{\"@id\":\"https:\/\/www.eudistasmd.org\/index.php\/2025\/09\/27\/retiro-sacerdotal-de-la-rcc-en-estados-unidos-y-canada-portadores-de-la-fe-sembradores-de-esperanza\/#primaryimage\"},\"thumbnailUrl\":\"https:\/\/www.eudistasmd.org\/wp-content\/uploads\/2025\/09\/WhatsApp-Image-2025-09-19-at-11.37.54-AM.jpeg\",\"datePublished\":\"2025-09-27T16:57:49+00:00\",\"dateModified\":\"2025-09-27T17:08:05+00:00\",\"author\":{\"@id\":\"https:\/\/www.eudistasmd.org\/#\/schema\/person\/ea031151eedd6aedadcdb515522d15d5\"},\"breadcrumb\":{\"@id\":\"https:\/\/www.eudistasmd.org\/index.php\/2025\/09\/27\/retiro-sacerdotal-de-la-rcc-en-estados-unidos-y-canada-portadores-de-la-fe-sembradores-de-esperanza\/#breadcrumb\"},\"inLanguage\":\"es\",\"potentialAction\":[{\"@type\":\"ReadAction\",\"target\":[\"https:\/\/www.eudistasmd.org\/index.php\/2025\/09\/27\/retiro-sacerdotal-de-la-rcc-en-estados-unidos-y-canada-portadores-de-la-fe-sembradores-de-esperanza\/\"]}]},{\"@type\":\"ImageObject\",\"inLanguage\":\"es\",\"@id\":\"https:\/\/www.eudistasmd.org\/index.php\/2025\/09\/27\/retiro-sacerdotal-de-la-rcc-en-estados-unidos-y-canada-portadores-de-la-fe-sembradores-de-esperanza\/#primaryimage\",\"url\":\"https:\/\/www.eudistasmd.org\/wp-content\/uploads\/2025\/09\/WhatsApp-Image-2025-09-19-at-11.37.54-AM.jpeg\",\"contentUrl\":\"https:\/\/www.eudistasmd.org\/wp-content\/uploads\/2025\/09\/WhatsApp-Image-2025-09-19-at-11.37.54-AM.jpeg\",\"width\":1600,\"height\":1200},{\"@type\":\"BreadcrumbList\",\"@id\":\"https:\/\/www.eudistasmd.org\/index.php\/2025\/09\/27\/retiro-sacerdotal-de-la-rcc-en-estados-unidos-y-canada-portadores-de-la-fe-sembradores-de-esperanza\/#breadcrumb\",\"itemListElement\":[{\"@type\":\"ListItem\",\"position\":1,\"name\":\"Portada\",\"item\":\"https:\/\/www.eudistasmd.org\/\"},{\"@type\":\"ListItem\",\"position\":2,\"name\":\"Retiro Sacerdotal de la RCC en Estados Unidos y Canad\u00e1: Portadores de la Fe, sembradores de esperanza\"}]},{\"@type\":\"WebSite\",\"@id\":\"https:\/\/www.eudistasmd.org\/#website\",\"url\":\"https:\/\/www.eudistasmd.org\/\",\"name\":\"Eudistas MD\",\"description\":\"Esta Provincia naci\u00f3 de la obra fundada por el padre eudista: Rafael Garc\u00eda Herreros. Este Don del Minuto de Dios ha sido encomendado a los los Eudistas del El Minuto de Dios, quienes se dedican a la Evangelizaci\u00f3n, la Formaci\u00f3n, y al servicio a los m\u00e1s pobres a trav\u00e9s de la Organizaci\u00f3n Minuto de Dios.\",\"potentialAction\":[{\"@type\":\"SearchAction\",\"target\":{\"@type\":\"EntryPoint\",\"urlTemplate\":\"https:\/\/www.eudistasmd.org\/?s={search_term_string}\"},\"query-input\":{\"@type\":\"PropertyValueSpecification\",\"valueRequired\":true,\"valueName\":\"search_term_string\"}}],\"inLanguage\":\"es\"},{\"@type\":\"Person\",\"@id\":\"https:\/\/www.eudistasmd.org\/#\/schema\/person\/ea031151eedd6aedadcdb515522d15d5\",\"name\":\"Angie Stacy Rodr\u00edguez G\u00f3mez\",\"image\":{\"@type\":\"ImageObject\",\"inLanguage\":\"es\",\"@id\":\"https:\/\/secure.gravatar.com\/avatar\/08c6f46fb8b7d2682b0cdfd76fb248e50ae4b1eeed14c21faf047e138ae11aa3?s=96&d=mm&r=g\",\"url\":\"https:\/\/secure.gravatar.com\/avatar\/08c6f46fb8b7d2682b0cdfd76fb248e50ae4b1eeed14c21faf047e138ae11aa3?s=96&d=mm&r=g\",\"contentUrl\":\"https:\/\/secure.gravatar.com\/avatar\/08c6f46fb8b7d2682b0cdfd76fb248e50ae4b1eeed14c21faf047e138ae11aa3?s=96&d=mm&r=g\",\"caption\":\"Angie Stacy Rodr\u00edguez G\u00f3mez\"},\"url\":\"https:\/\/www.eudistasmd.org\/index.php\/author\/noticias-editoramd\/\"}]}<\/script>\n<!-- \/ Yoast SEO plugin. -->","yoast_head_json":{"title":"Retiro Sacerdotal de la RCC en Estados Unidos y Canad\u00e1: Portadores de la Fe, sembradores de esperanza - Eudistas MD","robots":{"index":"index","follow":"follow","max-snippet":"max-snippet:-1","max-image-preview":"max-image-preview:large","max-video-preview":"max-video-preview:-1"},"canonical":"https:\/\/www.eudistasmd.org\/index.php\/2025\/09\/27\/retiro-sacerdotal-de-la-rcc-en-estados-unidos-y-canada-portadores-de-la-fe-sembradores-de-esperanza\/","og_locale":"es_ES","og_type":"article","og_title":"Retiro Sacerdotal de la RCC en Estados Unidos y Canad\u00e1: Portadores de la Fe, sembradores de esperanza - Eudistas MD","og_description":"Del 15 al 18 de septiembre se llev\u00f3 a cabo el Retiro Sacerdotal de la Renovaci\u00f3n Carism\u00e1tica Cat\u00f3lica en Estados Unidos y Canad\u00e1, bajo el lema \u201cPortadores de la Fe, sembradores de esperanza\u201d. Este espacio fue una oportunidad para que sacerdotes inmersos en la gracia divina de la Renovaci\u00f3n, se encontraran con Cristo, renovaran su [&hellip;]","og_url":"https:\/\/www.eudistasmd.org\/index.php\/2025\/09\/27\/retiro-sacerdotal-de-la-rcc-en-estados-unidos-y-canada-portadores-de-la-fe-sembradores-de-esperanza\/","og_site_name":"Eudistas MD","article_published_time":"2025-09-27T16:57:49+00:00","article_modified_time":"2025-09-27T17:08:05+00:00","og_image":[{"width":1600,"height":1200,"url":"https:\/\/www.eudistasmd.org\/wp-content\/uploads\/2025\/09\/WhatsApp-Image-2025-09-19-at-11.37.54-AM.jpeg","type":"image\/jpeg"}],"author":"Angie Stacy Rodr\u00edguez G\u00f3mez","twitter_card":"summary_large_image","twitter_misc":{"Escrito por":"Angie Stacy Rodr\u00edguez G\u00f3mez","Tiempo de lectura":"2 minutos"},"schema":{"@context":"https:\/\/schema.org","@graph":[{"@type":"Article","@id":"https:\/\/www.eudistasmd.org\/index.php\/2025\/09\/27\/retiro-sacerdotal-de-la-rcc-en-estados-unidos-y-canada-portadores-de-la-fe-sembradores-de-esperanza\/#article","isPartOf":{"@id":"https:\/\/www.eudistasmd.org\/index.php\/2025\/09\/27\/retiro-sacerdotal-de-la-rcc-en-estados-unidos-y-canada-portadores-de-la-fe-sembradores-de-esperanza\/"},"author":{"name":"Angie Stacy Rodr\u00edguez G\u00f3mez","@id":"https:\/\/www.eudistasmd.org\/#\/schema\/person\/ea031151eedd6aedadcdb515522d15d5"},"headline":"Retiro Sacerdotal de la RCC en Estados Unidos y Canad\u00e1: Portadores de la Fe, sembradores de esperanza","datePublished":"2025-09-27T16:57:49+00:00","dateModified":"2025-09-27T17:08:05+00:00","mainEntityOfPage":{"@id":"https:\/\/www.eudistasmd.org\/index.php\/2025\/09\/27\/retiro-sacerdotal-de-la-rcc-en-estados-unidos-y-canada-portadores-de-la-fe-sembradores-de-esperanza\/"},"wordCount":228,"image":{"@id":"https:\/\/www.eudistasmd.org\/index.php\/2025\/09\/27\/retiro-sacerdotal-de-la-rcc-en-estados-unidos-y-canada-portadores-de-la-fe-sembradores-de-esperanza\/#primaryimage"},"thumbnailUrl":"https:\/\/www.eudistasmd.org\/wp-content\/uploads\/2025\/09\/WhatsApp-Image-2025-09-19-at-11.37.54-AM.jpeg","keywords":["Estados Unidos","Eudistas en estados Unidos","RCC en estados Unidos","RCC Hispana"],"articleSection":["Actualidad Eudista"],"inLanguage":"es"},{"@type":"WebPage","@id":"https:\/\/www.eudistasmd.org\/index.php\/2025\/09\/27\/retiro-sacerdotal-de-la-rcc-en-estados-unidos-y-canada-portadores-de-la-fe-sembradores-de-esperanza\/","url":"https:\/\/www.eudistasmd.org\/index.php\/2025\/09\/27\/retiro-sacerdotal-de-la-rcc-en-estados-unidos-y-canada-portadores-de-la-fe-sembradores-de-esperanza\/","name":"Retiro Sacerdotal de la RCC en Estados Unidos y Canad\u00e1: Portadores de la Fe, sembradores de esperanza - Eudistas MD","isPartOf":{"@id":"https:\/\/www.eudistasmd.org\/#website"},"primaryImageOfPage":{"@id":"https:\/\/www.eudistasmd.org\/index.php\/2025\/09\/27\/retiro-sacerdotal-de-la-rcc-en-estados-unidos-y-canada-portadores-de-la-fe-sembradores-de-esperanza\/#primaryimage"},"image":{"@id":"https:\/\/www.eudistasmd.org\/index.php\/2025\/09\/27\/retiro-sacerdotal-de-la-rcc-en-estados-unidos-y-canada-portadores-de-la-fe-sembradores-de-esperanza\/#primaryimage"},"thumbnailUrl":"https:\/\/www.eudistasmd.org\/wp-content\/uploads\/2025\/09\/WhatsApp-Image-2025-09-19-at-11.37.54-AM.jpeg","datePublished":"2025-09-27T16:57:49+00:00","dateModified":"2025-09-27T17:08:05+00:00","author":{"@id":"https:\/\/www.eudistasmd.org\/#\/schema\/person\/ea031151eedd6aedadcdb515522d15d5"},"breadcrumb":{"@id":"https:\/\/www.eudistasmd.org\/index.php\/2025\/09\/27\/retiro-sacerdotal-de-la-rcc-en-estados-unidos-y-canada-portadores-de-la-fe-sembradores-de-esperanza\/#breadcrumb"},"inLanguage":"es","potentialAction":[{"@type":"ReadAction","target":["https:\/\/www.eudistasmd.org\/index.php\/2025\/09\/27\/retiro-sacerdotal-de-la-rcc-en-estados-unidos-y-canada-portadores-de-la-fe-sembradores-de-esperanza\/"]}]},{"@type":"ImageObject","inLanguage":"es","@id":"https:\/\/www.eudistasmd.org\/index.php\/2025\/09\/27\/retiro-sacerdotal-de-la-rcc-en-estados-unidos-y-canada-portadores-de-la-fe-sembradores-de-esperanza\/#primaryimage","url":"https:\/\/www.eudistasmd.org\/wp-content\/uploads\/2025\/09\/WhatsApp-Image-2025-09-19-at-11.37.54-AM.jpeg","contentUrl":"https:\/\/www.eudistasmd.org\/wp-content\/uploads\/2025\/09\/WhatsApp-Image-2025-09-19-at-11.37.54-AM.jpeg","width":1600,"height":1200},{"@type":"BreadcrumbList","@id":"https:\/\/www.eudistasmd.org\/index.php\/2025\/09\/27\/retiro-sacerdotal-de-la-rcc-en-estados-unidos-y-canada-portadores-de-la-fe-sembradores-de-esperanza\/#breadcrumb","itemListElement":[{"@type":"ListItem","position":1,"name":"Portada","item":"https:\/\/www.eudistasmd.org\/"},{"@type":"ListItem","position":2,"name":"Retiro Sacerdotal de la RCC en Estados Unidos y Canad\u00e1: Portadores de la Fe, sembradores de esperanza"}]},{"@type":"WebSite","@id":"https:\/\/www.eudistasmd.org\/#website","url":"https:\/\/www.eudistasmd.org\/","name":"Eudistas MD","description":"Esta Provincia naci\u00f3 de la obra fundada por el padre eudista: Rafael Garc\u00eda Herreros. Este Don del Minuto de Dios ha sido encomendado a los los Eudistas del El Minuto de Dios, quienes se dedican a la Evangelizaci\u00f3n, la Formaci\u00f3n, y al servicio a los m\u00e1s pobres a trav\u00e9s de la Organizaci\u00f3n Minuto de Dios.","potentialAction":[{"@type":"SearchAction","target":{"@type":"EntryPoint","urlTemplate":"https:\/\/www.eudistasmd.org\/?s={search_term_string}"},"query-input":{"@type":"PropertyValueSpecification","valueRequired":true,"valueName":"search_term_string"}}],"inLanguage":"es"},{"@type":"Person","@id":"https:\/\/www.eudistasmd.org\/#\/schema\/person\/ea031151eedd6aedadcdb515522d15d5","name":"Angie Stacy Rodr\u00edguez G\u00f3mez","image":{"@type":"ImageObject","inLanguage":"es","@id":"https:\/\/secure.gravatar.com\/avatar\/08c6f46fb8b7d2682b0cdfd76fb248e50ae4b1eeed14c21faf047e138ae11aa3?s=96&d=mm&r=g","url":"https:\/\/secure.gravatar.com\/avatar\/08c6f46fb8b7d2682b0cdfd76fb248e50ae4b1eeed14c21faf047e138ae11aa3?s=96&d=mm&r=g","contentUrl":"https:\/\/secure.gravatar.com\/avatar\/08c6f46fb8b7d2682b0cdfd76fb248e50ae4b1eeed14c21faf047e138ae11aa3?s=96&d=mm&r=g","caption":"Angie Stacy Rodr\u00edguez G\u00f3mez"},"url":"https:\/\/www.eudistasmd.org\/index.php\/author\/noticias-editoramd\/"}]}},"_links":{"self":[{"href":"https:\/\/www.eudistasmd.org\/index.php\/wp-json\/wp\/v2\/posts\/7446","targetHints":{"allow":["GET"]}}],"collection":[{"href":"https:\/\/www.eudistasmd.org\/index.php\/wp-json\/wp\/v2\/posts"}],"about":[{"href":"https:\/\/www.eudistasmd.org\/index.php\/wp-json\/wp\/v2\/types\/post"}],"author":[{"embeddable":true,"href":"https:\/\/www.eudistasmd.org\/index.php\/wp-json\/wp\/v2\/users\/7"}],"replies":[{"embeddable":true,"href":"https:\/\/www.eudistasmd.org\/index.php\/wp-json\/wp\/v2\/comments?post=7446"}],"version-history":[{"count":3,"href":"https:\/\/www.eudistasmd.org\/index.php\/wp-json\/wp\/v2\/posts\/7446\/revisions"}],"predecessor-version":[{"id":7455,"href":"https:\/\/www.eudistasmd.org\/index.php\/wp-json\/wp\/v2\/posts\/7446\/revisions\/7455"}],"wp:featuredmedia":[{"embeddable":true,"href":"https:\/\/www.eudistasmd.org\/index.php\/wp-json\/wp\/v2\/media\/7447"}],"wp:attachment":[{"href":"https:\/\/www.eudistasmd.org\/index.php\/wp-json\/wp\/v2\/media?parent=7446"}],"wp:term":[{"taxonomy":"category","embeddable":true,"href":"https:\/\/www.eudistasmd.org\/index.php\/wp-json\/wp\/v2\/categories?post=7446"},{"taxonomy":"post_tag","embeddable":true,"href":"https:\/\/www.eudistasmd.org\/index.php\/wp-json\/wp\/v2\/tags?post=7446"}],"curies":[{"name":"wp","href":"https:\/\/api.w.org\/{rel}","templated":true}]}}