{"id":7435,"date":"2025-09-11T15:30:46","date_gmt":"2025-09-11T20:30:46","guid":{"rendered":"https:\/\/www.eudistasmd.org\/?p=7435"},"modified":"2025-09-11T15:30:46","modified_gmt":"2025-09-11T20:30:46","slug":"60-anos-de-gracia-memoria-y-compromiso-misionero-aniversario-de-la-parroquia-san-juan-eudes-en-el-minuto-de-dios","status":"publish","type":"post","link":"https:\/\/www.eudistasmd.org\/index.php\/2025\/09\/11\/60-anos-de-gracia-memoria-y-compromiso-misionero-aniversario-de-la-parroquia-san-juan-eudes-en-el-minuto-de-dios\/","title":{"rendered":"60 a\u00f1os de gracia, memoria y compromiso misionero \u2013 Aniversario de la Parroquia San Juan Eudes en el Minuto de Dios"},"content":{"rendered":"<p><strong>Por: Rafael Beltr\u00e1n &#8211; Candidato Eudista<\/strong><\/p>\n<p>El pasado 10 de septiembre, en una tarde llena de gratitud y fe, la comunidad del barrio Minuto de Dios celebr\u00f3 los 60 a\u00f1os de vida de la Parroquia San Juan Eudes. La Eucarist\u00eda fue presidida por el Cardenal Luis Jos\u00e9 Rueda Aparicio, Arzobispo de Bogot\u00e1 y Primado de Colombia, en el nuevo templo parroquial, recientemente consagrado, que acogi\u00f3 a cientos de fieles que llegaron a dar gracias, a recordar y a renovar su compromiso con la misi\u00f3n.<\/p>\n<p>Desde el inicio de la celebraci\u00f3n, el Cardenal nos invit\u00f3 a poner el centro de nuestra vida y de nuestra comunidad en Cristo, afirmando con fuerza que \u201cCristo es el Se\u00f1or, Cristo es la plenitud, Cristo es la vena de nuestra vida\u201d. Retomando las ense\u00f1anzas del Documento de Aparecida, record\u00f3 que una parroquia es un \u201cpoderoso centro de impregnaci\u00f3n de la vida de Cristo\u201d, y destac\u00f3 que este ha sido precisamente el testimonio de la comunidad durante seis d\u00e9cadas: una vida enraizada en el Evangelio, encarnada en la vida de las familias, irradiada en las calles del barrio.<\/p>\n<p>\u201cDios toma un pu\u00f1ado de su gracia, de su bendici\u00f3n, y la pone ah\u00ed, donde est\u00e1n los seres humanos\u201d, dijo con fuerza. La parroquia, a\u00f1adi\u00f3, \u201ces la Iglesia que vive dentro de las casas\u201d, y su misi\u00f3n es hacer que Cristo habite en medio del trabajo, del estudio, del sufrimiento y de la alegr\u00eda de la gente. Con profunda emoci\u00f3n, el Cardenal subray\u00f3 que esta comunidad ha sido durante 60 a\u00f1os \u201cuna fuente de agua viva\u201d que calma el hambre espiritual con la Eucarist\u00eda, la Palabra y la fraternidad.<\/p>\n<p>A partir de las bienaventuranzas del Evangelio de Lucas, nos record\u00f3 que estamos llamados a ser una comunidad de bienaventurados: \u201cBienaventurados los pobres, bienaventurados los que ahora lloran, bienaventurados los que tienen hambre\u2026\u201d. La parroquia, dijo, es lugar de consuelo y de esperanza, donde cada persona puede encontrar sentido, alimento espiritual y fuerza para seguir caminando.<\/p>\n<p>Dirigi\u00e9ndose directamente al p\u00e1rroco, exclam\u00f3: \u201c\u00a1Tienes el m\u00e1s hermoso templo de la ciudad!\u201d. Pero enseguida a\u00f1adi\u00f3, con sabidur\u00eda pastoral: \u201cEl templo no est\u00e1 acabado. Y eso me gusta, me alegra\u201d. Esa inacabada belleza es s\u00edmbolo de que la comunidad est\u00e1 viva, que hay mucho por construir, que cada persona a\u00fan tiene algo por aportar. \u201cSi el templo ya estuviera terminado\u2026 estar\u00edamos recibiendo un mensaje de \u2018\u00a1No hay nada que hacer!\u2019\u201d, dijo. En cambio, un templo en obra nos recuerda que todos estamos llamados a participar activamente en la construcci\u00f3n del Reino.<\/p>\n<p>El Cardenal felicit\u00f3 a los Padres Eudistas, custodios del carisma de San Juan Eudes, y agradeci\u00f3 al\u00a0<strong>Padre Ra\u00fal T\u00e9llez, cjm<\/strong>, actual p\u00e1rroco, por su servicio alegre, fiel y cercano. E invit\u00f3 a toda la comunidad a no tener miedo de seguir siendo una parroquia \u201cen salida\u201d, como lo so\u00f1\u00f3 su fundador, el Padre Rafael Garc\u00eda Herreros.<\/p>\n<p>Ese sue\u00f1o fundacional qued\u00f3 plasmado hace 60 a\u00f1os en un documento memorable. El 17 de septiembre de 1965, el Obispo Coadjutor de Bogot\u00e1, Monse\u00f1or Rub\u00e9n Isaza Restrepo, erigi\u00f3 can\u00f3nicamente la parroquia, por mandato del Cardenal Luis Concha C\u00f3rdoba. En ese acto fue posesionado como primer p\u00e1rroco el Padre Rafael Garc\u00eda Herreros, quien con profunda emoci\u00f3n expres\u00f3: \u201cEste es el bautismo de la obra\u2026 que en cierta manera es adoptada por la Iglesia Arquidiocesana\u201d. Al elegir a San Juan Eudes como patrono, el Padre Rafael so\u00f1aba una parroquia profundamente evang\u00e9lica, mariana, comunitaria, juvenil y cercana a los pobres.<\/p>\n<p>Sesenta a\u00f1os despu\u00e9s, ese \u201cbautismo\u201d sigue dando frutos. Hoy, como ayer, la comunidad reafirma que la parroquia no es solo un edificio, sino un pueblo creyente que camina unido, una comunidad viva que ama a Cristo, que sirve al pr\u00f3jimo, que construye esperanza desde las periferias. Como dijo el Cardenal al final de su homil\u00eda: \u201cHoy m\u00e1s que nunca hacen falta hombres y mujeres que vivan el gozo de ser cristianos cat\u00f3licos. \u00a1Felicitaciones por estos primeros 60 a\u00f1os!\u201d.<\/p>\n<p>&nbsp;<\/p>\n","protected":false},"excerpt":{"rendered":"<p>Por: Rafael Beltr\u00e1n &#8211; Candidato Eudista El pasado 10 de septiembre, en una tarde llena de gratitud y fe, la comunidad del barrio Minuto de Dios celebr\u00f3 los 60 a\u00f1os de vida de la Parroquia San Juan Eudes. La Eucarist\u00eda fue presidida por el Cardenal Luis Jos\u00e9 Rueda Aparicio, Arzobispo de Bogot\u00e1 y Primado de [&hellip;]<\/p>\n","protected":false},"author":7,"featured_media":7436,"comment_status":"closed","ping_status":"closed","sticky":false,"template":"","format":"standard","meta":{"_et_pb_use_builder":"","_et_pb_old_content":"","_et_gb_content_width":"","footnotes":""},"categories":[13],"tags":[307,22,410],"class_list":["post-7435","post","type-post","status-publish","format-standard","has-post-thumbnail","hentry","category-actualidad-eudista","tag-el-minuto-de-dios","tag-eudistas","tag-templo-de-el-minuto-de-dios"],"yoast_head":"<!-- This site is optimized with the Yoast SEO plugin v27.2 - https:\/\/yoast.com\/product\/yoast-seo-wordpress\/ -->\n<title>60 a\u00f1os de gracia, memoria y compromiso misionero \u2013 Aniversario de la Parroquia San Juan Eudes en el Minuto de Dios - Eudistas MD<\/title>\n<meta name=\"robots\" content=\"index, follow, max-snippet:-1, max-image-preview:large, max-video-preview:-1\" \/>\n<link rel=\"canonical\" href=\"https:\/\/www.eudistasmd.org\/index.php\/2025\/09\/11\/60-anos-de-gracia-memoria-y-compromiso-misionero-aniversario-de-la-parroquia-san-juan-eudes-en-el-minuto-de-dios\/\" \/>\n<meta property=\"og:locale\" content=\"es_ES\" \/>\n<meta property=\"og:type\" content=\"article\" \/>\n<meta property=\"og:title\" content=\"60 a\u00f1os de gracia, memoria y compromiso misionero \u2013 Aniversario de la Parroquia San Juan Eudes en el Minuto de Dios - Eudistas MD\" \/>\n<meta property=\"og:description\" content=\"Por: Rafael Beltr\u00e1n &#8211; Candidato Eudista El pasado 10 de septiembre, en una tarde llena de gratitud y fe, la comunidad del barrio Minuto de Dios celebr\u00f3 los 60 a\u00f1os de vida de la Parroquia San Juan Eudes. La Eucarist\u00eda fue presidida por el Cardenal Luis Jos\u00e9 Rueda Aparicio, Arzobispo de Bogot\u00e1 y Primado de [&hellip;]\" \/>\n<meta property=\"og:url\" content=\"https:\/\/www.eudistasmd.org\/index.php\/2025\/09\/11\/60-anos-de-gracia-memoria-y-compromiso-misionero-aniversario-de-la-parroquia-san-juan-eudes-en-el-minuto-de-dios\/\" \/>\n<meta property=\"og:site_name\" content=\"Eudistas MD\" \/>\n<meta property=\"article:published_time\" content=\"2025-09-11T20:30:46+00:00\" \/>\n<meta property=\"og:image\" content=\"https:\/\/www.eudistasmd.org\/wp-content\/uploads\/2025\/09\/033A2922.jpg\" \/>\n\t<meta property=\"og:image:width\" content=\"1024\" \/>\n\t<meta property=\"og:image:height\" content=\"683\" \/>\n\t<meta property=\"og:image:type\" content=\"image\/jpeg\" \/>\n<meta name=\"author\" content=\"Angie Stacy Rodr\u00edguez G\u00f3mez\" \/>\n<meta name=\"twitter:card\" content=\"summary_large_image\" \/>\n<meta name=\"twitter:label1\" content=\"Escrito por\" \/>\n\t<meta name=\"twitter:data1\" content=\"Angie Stacy Rodr\u00edguez G\u00f3mez\" \/>\n\t<meta name=\"twitter:label2\" content=\"Tiempo de lectura\" \/>\n\t<meta name=\"twitter:data2\" content=\"4 minutos\" \/>\n<script type=\"application\/ld+json\" class=\"yoast-schema-graph\">{\"@context\":\"https:\/\/schema.org\",\"@graph\":[{\"@type\":\"Article\",\"@id\":\"https:\/\/www.eudistasmd.org\/index.php\/2025\/09\/11\/60-anos-de-gracia-memoria-y-compromiso-misionero-aniversario-de-la-parroquia-san-juan-eudes-en-el-minuto-de-dios\/#article\",\"isPartOf\":{\"@id\":\"https:\/\/www.eudistasmd.org\/index.php\/2025\/09\/11\/60-anos-de-gracia-memoria-y-compromiso-misionero-aniversario-de-la-parroquia-san-juan-eudes-en-el-minuto-de-dios\/\"},\"author\":{\"name\":\"Angie Stacy Rodr\u00edguez G\u00f3mez\",\"@id\":\"https:\/\/www.eudistasmd.org\/#\/schema\/person\/ea031151eedd6aedadcdb515522d15d5\"},\"headline\":\"60 a\u00f1os de gracia, memoria y compromiso misionero \u2013 Aniversario de la Parroquia San Juan Eudes en el Minuto de Dios\",\"datePublished\":\"2025-09-11T20:30:46+00:00\",\"mainEntityOfPage\":{\"@id\":\"https:\/\/www.eudistasmd.org\/index.php\/2025\/09\/11\/60-anos-de-gracia-memoria-y-compromiso-misionero-aniversario-de-la-parroquia-san-juan-eudes-en-el-minuto-de-dios\/\"},\"wordCount\":713,\"image\":{\"@id\":\"https:\/\/www.eudistasmd.org\/index.php\/2025\/09\/11\/60-anos-de-gracia-memoria-y-compromiso-misionero-aniversario-de-la-parroquia-san-juan-eudes-en-el-minuto-de-dios\/#primaryimage\"},\"thumbnailUrl\":\"https:\/\/www.eudistasmd.org\/wp-content\/uploads\/2025\/09\/033A2922.jpg\",\"keywords\":[\"El Minuto de Dios\",\"Eudistas\",\"templo de el minuto de Dios\"],\"articleSection\":[\"Actualidad Eudista\"],\"inLanguage\":\"es\"},{\"@type\":\"WebPage\",\"@id\":\"https:\/\/www.eudistasmd.org\/index.php\/2025\/09\/11\/60-anos-de-gracia-memoria-y-compromiso-misionero-aniversario-de-la-parroquia-san-juan-eudes-en-el-minuto-de-dios\/\",\"url\":\"https:\/\/www.eudistasmd.org\/index.php\/2025\/09\/11\/60-anos-de-gracia-memoria-y-compromiso-misionero-aniversario-de-la-parroquia-san-juan-eudes-en-el-minuto-de-dios\/\",\"name\":\"60 a\u00f1os de gracia, memoria y compromiso misionero \u2013 Aniversario de la Parroquia San Juan Eudes en el Minuto de Dios - Eudistas MD\",\"isPartOf\":{\"@id\":\"https:\/\/www.eudistasmd.org\/#website\"},\"primaryImageOfPage\":{\"@id\":\"https:\/\/www.eudistasmd.org\/index.php\/2025\/09\/11\/60-anos-de-gracia-memoria-y-compromiso-misionero-aniversario-de-la-parroquia-san-juan-eudes-en-el-minuto-de-dios\/#primaryimage\"},\"image\":{\"@id\":\"https:\/\/www.eudistasmd.org\/index.php\/2025\/09\/11\/60-anos-de-gracia-memoria-y-compromiso-misionero-aniversario-de-la-parroquia-san-juan-eudes-en-el-minuto-de-dios\/#primaryimage\"},\"thumbnailUrl\":\"https:\/\/www.eudistasmd.org\/wp-content\/uploads\/2025\/09\/033A2922.jpg\",\"datePublished\":\"2025-09-11T20:30:46+00:00\",\"author\":{\"@id\":\"https:\/\/www.eudistasmd.org\/#\/schema\/person\/ea031151eedd6aedadcdb515522d15d5\"},\"breadcrumb\":{\"@id\":\"https:\/\/www.eudistasmd.org\/index.php\/2025\/09\/11\/60-anos-de-gracia-memoria-y-compromiso-misionero-aniversario-de-la-parroquia-san-juan-eudes-en-el-minuto-de-dios\/#breadcrumb\"},\"inLanguage\":\"es\",\"potentialAction\":[{\"@type\":\"ReadAction\",\"target\":[\"https:\/\/www.eudistasmd.org\/index.php\/2025\/09\/11\/60-anos-de-gracia-memoria-y-compromiso-misionero-aniversario-de-la-parroquia-san-juan-eudes-en-el-minuto-de-dios\/\"]}]},{\"@type\":\"ImageObject\",\"inLanguage\":\"es\",\"@id\":\"https:\/\/www.eudistasmd.org\/index.php\/2025\/09\/11\/60-anos-de-gracia-memoria-y-compromiso-misionero-aniversario-de-la-parroquia-san-juan-eudes-en-el-minuto-de-dios\/#primaryimage\",\"url\":\"https:\/\/www.eudistasmd.org\/wp-content\/uploads\/2025\/09\/033A2922.jpg\",\"contentUrl\":\"https:\/\/www.eudistasmd.org\/wp-content\/uploads\/2025\/09\/033A2922.jpg\",\"width\":5472,\"height\":3648},{\"@type\":\"BreadcrumbList\",\"@id\":\"https:\/\/www.eudistasmd.org\/index.php\/2025\/09\/11\/60-anos-de-gracia-memoria-y-compromiso-misionero-aniversario-de-la-parroquia-san-juan-eudes-en-el-minuto-de-dios\/#breadcrumb\",\"itemListElement\":[{\"@type\":\"ListItem\",\"position\":1,\"name\":\"Portada\",\"item\":\"https:\/\/www.eudistasmd.org\/\"},{\"@type\":\"ListItem\",\"position\":2,\"name\":\"60 a\u00f1os de gracia, memoria y compromiso misionero \u2013 Aniversario de la Parroquia San Juan Eudes en el Minuto de Dios\"}]},{\"@type\":\"WebSite\",\"@id\":\"https:\/\/www.eudistasmd.org\/#website\",\"url\":\"https:\/\/www.eudistasmd.org\/\",\"name\":\"Eudistas MD\",\"description\":\"Esta Provincia naci\u00f3 de la obra fundada por el padre eudista: Rafael Garc\u00eda Herreros. Este Don del Minuto de Dios ha sido encomendado a los los Eudistas del El Minuto de Dios, quienes se dedican a la Evangelizaci\u00f3n, la Formaci\u00f3n, y al servicio a los m\u00e1s pobres a trav\u00e9s de la Organizaci\u00f3n Minuto de Dios.\",\"potentialAction\":[{\"@type\":\"SearchAction\",\"target\":{\"@type\":\"EntryPoint\",\"urlTemplate\":\"https:\/\/www.eudistasmd.org\/?s={search_term_string}\"},\"query-input\":{\"@type\":\"PropertyValueSpecification\",\"valueRequired\":true,\"valueName\":\"search_term_string\"}}],\"inLanguage\":\"es\"},{\"@type\":\"Person\",\"@id\":\"https:\/\/www.eudistasmd.org\/#\/schema\/person\/ea031151eedd6aedadcdb515522d15d5\",\"name\":\"Angie Stacy Rodr\u00edguez G\u00f3mez\",\"image\":{\"@type\":\"ImageObject\",\"inLanguage\":\"es\",\"@id\":\"https:\/\/secure.gravatar.com\/avatar\/08c6f46fb8b7d2682b0cdfd76fb248e50ae4b1eeed14c21faf047e138ae11aa3?s=96&d=mm&r=g\",\"url\":\"https:\/\/secure.gravatar.com\/avatar\/08c6f46fb8b7d2682b0cdfd76fb248e50ae4b1eeed14c21faf047e138ae11aa3?s=96&d=mm&r=g\",\"contentUrl\":\"https:\/\/secure.gravatar.com\/avatar\/08c6f46fb8b7d2682b0cdfd76fb248e50ae4b1eeed14c21faf047e138ae11aa3?s=96&d=mm&r=g\",\"caption\":\"Angie Stacy Rodr\u00edguez G\u00f3mez\"},\"url\":\"https:\/\/www.eudistasmd.org\/index.php\/author\/noticias-editoramd\/\"}]}<\/script>\n<!-- \/ Yoast SEO plugin. -->","yoast_head_json":{"title":"60 a\u00f1os de gracia, memoria y compromiso misionero \u2013 Aniversario de la Parroquia San Juan Eudes en el Minuto de Dios - Eudistas MD","robots":{"index":"index","follow":"follow","max-snippet":"max-snippet:-1","max-image-preview":"max-image-preview:large","max-video-preview":"max-video-preview:-1"},"canonical":"https:\/\/www.eudistasmd.org\/index.php\/2025\/09\/11\/60-anos-de-gracia-memoria-y-compromiso-misionero-aniversario-de-la-parroquia-san-juan-eudes-en-el-minuto-de-dios\/","og_locale":"es_ES","og_type":"article","og_title":"60 a\u00f1os de gracia, memoria y compromiso misionero \u2013 Aniversario de la Parroquia San Juan Eudes en el Minuto de Dios - Eudistas MD","og_description":"Por: Rafael Beltr\u00e1n &#8211; Candidato Eudista El pasado 10 de septiembre, en una tarde llena de gratitud y fe, la comunidad del barrio Minuto de Dios celebr\u00f3 los 60 a\u00f1os de vida de la Parroquia San Juan Eudes. La Eucarist\u00eda fue presidida por el Cardenal Luis Jos\u00e9 Rueda Aparicio, Arzobispo de Bogot\u00e1 y Primado de [&hellip;]","og_url":"https:\/\/www.eudistasmd.org\/index.php\/2025\/09\/11\/60-anos-de-gracia-memoria-y-compromiso-misionero-aniversario-de-la-parroquia-san-juan-eudes-en-el-minuto-de-dios\/","og_site_name":"Eudistas MD","article_published_time":"2025-09-11T20:30:46+00:00","og_image":[{"url":"https:\/\/www.eudistasmd.org\/wp-content\/uploads\/2025\/09\/033A2922.jpg","width":1024,"height":683,"type":"image\/jpeg"}],"author":"Angie Stacy Rodr\u00edguez G\u00f3mez","twitter_card":"summary_large_image","twitter_misc":{"Escrito por":"Angie Stacy Rodr\u00edguez G\u00f3mez","Tiempo de lectura":"4 minutos"},"schema":{"@context":"https:\/\/schema.org","@graph":[{"@type":"Article","@id":"https:\/\/www.eudistasmd.org\/index.php\/2025\/09\/11\/60-anos-de-gracia-memoria-y-compromiso-misionero-aniversario-de-la-parroquia-san-juan-eudes-en-el-minuto-de-dios\/#article","isPartOf":{"@id":"https:\/\/www.eudistasmd.org\/index.php\/2025\/09\/11\/60-anos-de-gracia-memoria-y-compromiso-misionero-aniversario-de-la-parroquia-san-juan-eudes-en-el-minuto-de-dios\/"},"author":{"name":"Angie Stacy Rodr\u00edguez G\u00f3mez","@id":"https:\/\/www.eudistasmd.org\/#\/schema\/person\/ea031151eedd6aedadcdb515522d15d5"},"headline":"60 a\u00f1os de gracia, memoria y compromiso misionero \u2013 Aniversario de la Parroquia San Juan Eudes en el Minuto de Dios","datePublished":"2025-09-11T20:30:46+00:00","mainEntityOfPage":{"@id":"https:\/\/www.eudistasmd.org\/index.php\/2025\/09\/11\/60-anos-de-gracia-memoria-y-compromiso-misionero-aniversario-de-la-parroquia-san-juan-eudes-en-el-minuto-de-dios\/"},"wordCount":713,"image":{"@id":"https:\/\/www.eudistasmd.org\/index.php\/2025\/09\/11\/60-anos-de-gracia-memoria-y-compromiso-misionero-aniversario-de-la-parroquia-san-juan-eudes-en-el-minuto-de-dios\/#primaryimage"},"thumbnailUrl":"https:\/\/www.eudistasmd.org\/wp-content\/uploads\/2025\/09\/033A2922.jpg","keywords":["El Minuto de Dios","Eudistas","templo de el minuto de Dios"],"articleSection":["Actualidad Eudista"],"inLanguage":"es"},{"@type":"WebPage","@id":"https:\/\/www.eudistasmd.org\/index.php\/2025\/09\/11\/60-anos-de-gracia-memoria-y-compromiso-misionero-aniversario-de-la-parroquia-san-juan-eudes-en-el-minuto-de-dios\/","url":"https:\/\/www.eudistasmd.org\/index.php\/2025\/09\/11\/60-anos-de-gracia-memoria-y-compromiso-misionero-aniversario-de-la-parroquia-san-juan-eudes-en-el-minuto-de-dios\/","name":"60 a\u00f1os de gracia, memoria y compromiso misionero \u2013 Aniversario de la Parroquia San Juan Eudes en el Minuto de Dios - Eudistas MD","isPartOf":{"@id":"https:\/\/www.eudistasmd.org\/#website"},"primaryImageOfPage":{"@id":"https:\/\/www.eudistasmd.org\/index.php\/2025\/09\/11\/60-anos-de-gracia-memoria-y-compromiso-misionero-aniversario-de-la-parroquia-san-juan-eudes-en-el-minuto-de-dios\/#primaryimage"},"image":{"@id":"https:\/\/www.eudistasmd.org\/index.php\/2025\/09\/11\/60-anos-de-gracia-memoria-y-compromiso-misionero-aniversario-de-la-parroquia-san-juan-eudes-en-el-minuto-de-dios\/#primaryimage"},"thumbnailUrl":"https:\/\/www.eudistasmd.org\/wp-content\/uploads\/2025\/09\/033A2922.jpg","datePublished":"2025-09-11T20:30:46+00:00","author":{"@id":"https:\/\/www.eudistasmd.org\/#\/schema\/person\/ea031151eedd6aedadcdb515522d15d5"},"breadcrumb":{"@id":"https:\/\/www.eudistasmd.org\/index.php\/2025\/09\/11\/60-anos-de-gracia-memoria-y-compromiso-misionero-aniversario-de-la-parroquia-san-juan-eudes-en-el-minuto-de-dios\/#breadcrumb"},"inLanguage":"es","potentialAction":[{"@type":"ReadAction","target":["https:\/\/www.eudistasmd.org\/index.php\/2025\/09\/11\/60-anos-de-gracia-memoria-y-compromiso-misionero-aniversario-de-la-parroquia-san-juan-eudes-en-el-minuto-de-dios\/"]}]},{"@type":"ImageObject","inLanguage":"es","@id":"https:\/\/www.eudistasmd.org\/index.php\/2025\/09\/11\/60-anos-de-gracia-memoria-y-compromiso-misionero-aniversario-de-la-parroquia-san-juan-eudes-en-el-minuto-de-dios\/#primaryimage","url":"https:\/\/www.eudistasmd.org\/wp-content\/uploads\/2025\/09\/033A2922.jpg","contentUrl":"https:\/\/www.eudistasmd.org\/wp-content\/uploads\/2025\/09\/033A2922.jpg","width":5472,"height":3648},{"@type":"BreadcrumbList","@id":"https:\/\/www.eudistasmd.org\/index.php\/2025\/09\/11\/60-anos-de-gracia-memoria-y-compromiso-misionero-aniversario-de-la-parroquia-san-juan-eudes-en-el-minuto-de-dios\/#breadcrumb","itemListElement":[{"@type":"ListItem","position":1,"name":"Portada","item":"https:\/\/www.eudistasmd.org\/"},{"@type":"ListItem","position":2,"name":"60 a\u00f1os de gracia, memoria y compromiso misionero \u2013 Aniversario de la Parroquia San Juan Eudes en el Minuto de Dios"}]},{"@type":"WebSite","@id":"https:\/\/www.eudistasmd.org\/#website","url":"https:\/\/www.eudistasmd.org\/","name":"Eudistas MD","description":"Esta Provincia naci\u00f3 de la obra fundada por el padre eudista: Rafael Garc\u00eda Herreros. Este Don del Minuto de Dios ha sido encomendado a los los Eudistas del El Minuto de Dios, quienes se dedican a la Evangelizaci\u00f3n, la Formaci\u00f3n, y al servicio a los m\u00e1s pobres a trav\u00e9s de la Organizaci\u00f3n Minuto de Dios.","potentialAction":[{"@type":"SearchAction","target":{"@type":"EntryPoint","urlTemplate":"https:\/\/www.eudistasmd.org\/?s={search_term_string}"},"query-input":{"@type":"PropertyValueSpecification","valueRequired":true,"valueName":"search_term_string"}}],"inLanguage":"es"},{"@type":"Person","@id":"https:\/\/www.eudistasmd.org\/#\/schema\/person\/ea031151eedd6aedadcdb515522d15d5","name":"Angie Stacy Rodr\u00edguez G\u00f3mez","image":{"@type":"ImageObject","inLanguage":"es","@id":"https:\/\/secure.gravatar.com\/avatar\/08c6f46fb8b7d2682b0cdfd76fb248e50ae4b1eeed14c21faf047e138ae11aa3?s=96&d=mm&r=g","url":"https:\/\/secure.gravatar.com\/avatar\/08c6f46fb8b7d2682b0cdfd76fb248e50ae4b1eeed14c21faf047e138ae11aa3?s=96&d=mm&r=g","contentUrl":"https:\/\/secure.gravatar.com\/avatar\/08c6f46fb8b7d2682b0cdfd76fb248e50ae4b1eeed14c21faf047e138ae11aa3?s=96&d=mm&r=g","caption":"Angie Stacy Rodr\u00edguez G\u00f3mez"},"url":"https:\/\/www.eudistasmd.org\/index.php\/author\/noticias-editoramd\/"}]}},"_links":{"self":[{"href":"https:\/\/www.eudistasmd.org\/index.php\/wp-json\/wp\/v2\/posts\/7435","targetHints":{"allow":["GET"]}}],"collection":[{"href":"https:\/\/www.eudistasmd.org\/index.php\/wp-json\/wp\/v2\/posts"}],"about":[{"href":"https:\/\/www.eudistasmd.org\/index.php\/wp-json\/wp\/v2\/types\/post"}],"author":[{"embeddable":true,"href":"https:\/\/www.eudistasmd.org\/index.php\/wp-json\/wp\/v2\/users\/7"}],"replies":[{"embeddable":true,"href":"https:\/\/www.eudistasmd.org\/index.php\/wp-json\/wp\/v2\/comments?post=7435"}],"version-history":[{"count":1,"href":"https:\/\/www.eudistasmd.org\/index.php\/wp-json\/wp\/v2\/posts\/7435\/revisions"}],"predecessor-version":[{"id":7437,"href":"https:\/\/www.eudistasmd.org\/index.php\/wp-json\/wp\/v2\/posts\/7435\/revisions\/7437"}],"wp:featuredmedia":[{"embeddable":true,"href":"https:\/\/www.eudistasmd.org\/index.php\/wp-json\/wp\/v2\/media\/7436"}],"wp:attachment":[{"href":"https:\/\/www.eudistasmd.org\/index.php\/wp-json\/wp\/v2\/media?parent=7435"}],"wp:term":[{"taxonomy":"category","embeddable":true,"href":"https:\/\/www.eudistasmd.org\/index.php\/wp-json\/wp\/v2\/categories?post=7435"},{"taxonomy":"post_tag","embeddable":true,"href":"https:\/\/www.eudistasmd.org\/index.php\/wp-json\/wp\/v2\/tags?post=7435"}],"curies":[{"name":"wp","href":"https:\/\/api.w.org\/{rel}","templated":true}]}}