{"id":7418,"date":"2025-09-02T20:20:23","date_gmt":"2025-09-03T01:20:23","guid":{"rendered":"https:\/\/www.eudistasmd.org\/?p=7418"},"modified":"2025-09-04T12:18:38","modified_gmt":"2025-09-04T17:18:38","slug":"nueva-mision-eudista-en-estados-unidos-fundacion-en-atlanta","status":"publish","type":"post","link":"https:\/\/www.eudistasmd.org\/index.php\/2025\/09\/02\/nueva-mision-eudista-en-estados-unidos-fundacion-en-atlanta\/","title":{"rendered":"Nueva misi\u00f3n eudista en Estados Unidos: Fundaci\u00f3n en Atlanta"},"content":{"rendered":"<p data-start=\"172\" data-end=\"424\">En la fiesta de los M\u00e1rtires Eudistas, la Provincia Eudista Minuto de Dios emprende con esperanza una nueva misi\u00f3n: la implantaci\u00f3n en los Estados Unidos, con una nueva obra y una comunidad local en el coraz\u00f3n de la Arquidi\u00f3cesis de Atlanta, Georgia.<\/p>\n<p data-start=\"426\" data-end=\"836\">Los padres Jorge Camas y Jorge Moya han recibido el env\u00edo para iniciar esta fundaci\u00f3n, con el apoyo y la oraci\u00f3n de toda la Provincia. Esta misi\u00f3n nace gracias a la invitaci\u00f3n de Monse\u00f1or Gregory John Hartmayer, arzobispo de Atlanta, y del Reverendo Joel M. Konzen, obispo auxiliar, quienes han abierto las puertas para este llamado que los Eudistas hemos respondido con alegr\u00eda y compromiso.<\/p>\n<p data-start=\"426\" data-end=\"836\"><img loading=\"lazy\" decoding=\"async\" class=\"wp-image-7420 aligncenter\" src=\"https:\/\/www.eudistasmd.org\/wp-content\/uploads\/2025\/09\/WhatsApp-Image-2025-09-02-at-7.52.50-PM-1.jpeg\" alt=\"\" width=\"357\" height=\"201\" \/><\/p>\n<p data-start=\"838\" data-end=\"1085\">Agradecemos tambi\u00e9n a los laicos y sacerdotes colombianos que han recibido nuestra presencia como un don, y al padre Camilo por animar y acompa\u00f1ar a estos laicos, as\u00ed como por fortalecer la presencia de la obra Minuto de Dios en esta ciudad.<\/p>\n<p data-start=\"1087\" data-end=\"1332\">Elevamos nuestras oraciones para que Dios acompa\u00f1e esta fundaci\u00f3n y que San Juan Eudes, los m\u00e1rtires eudistas y el Siervo de Dios Rafael Garc\u00eda Herreros intercedan por esta nueva misi\u00f3n que inicia con entusiasmo en tierras norteamericanas.<\/p>\n","protected":false},"excerpt":{"rendered":"<p>En la fiesta de los M\u00e1rtires Eudistas, la Provincia Eudista Minuto de Dios emprende con esperanza una nueva misi\u00f3n: la implantaci\u00f3n en los Estados Unidos, con una nueva obra y una comunidad local en el coraz\u00f3n de la Arquidi\u00f3cesis de Atlanta, Georgia. Los padres Jorge Camas y Jorge Moya han recibido el env\u00edo para iniciar [&hellip;]<\/p>\n","protected":false},"author":7,"featured_media":7419,"comment_status":"closed","ping_status":"closed","sticky":false,"template":"","format":"standard","meta":{"_et_pb_use_builder":"","_et_pb_old_content":"","_et_gb_content_width":"","footnotes":""},"categories":[13],"tags":[405,55,404],"class_list":["post-7418","post","type-post","status-publish","format-standard","has-post-thumbnail","hentry","category-actualidad-eudista","tag-el-minuto-de-dios-en-estados-unidos","tag-eudistas-de-el-minuto-de-dios","tag-eudistas-en-estados-unidos"],"yoast_head":"<!-- This site is optimized with the Yoast SEO plugin v27.2 - https:\/\/yoast.com\/product\/yoast-seo-wordpress\/ -->\n<title>Nueva misi\u00f3n eudista en Estados Unidos: Fundaci\u00f3n en Atlanta - Eudistas MD<\/title>\n<meta name=\"robots\" content=\"index, follow, max-snippet:-1, max-image-preview:large, max-video-preview:-1\" \/>\n<link rel=\"canonical\" href=\"https:\/\/www.eudistasmd.org\/index.php\/2025\/09\/02\/nueva-mision-eudista-en-estados-unidos-fundacion-en-atlanta\/\" \/>\n<meta property=\"og:locale\" content=\"es_ES\" \/>\n<meta property=\"og:type\" content=\"article\" \/>\n<meta property=\"og:title\" content=\"Nueva misi\u00f3n eudista en Estados Unidos: Fundaci\u00f3n en Atlanta - Eudistas MD\" \/>\n<meta property=\"og:description\" content=\"En la fiesta de los M\u00e1rtires Eudistas, la Provincia Eudista Minuto de Dios emprende con esperanza una nueva misi\u00f3n: la implantaci\u00f3n en los Estados Unidos, con una nueva obra y una comunidad local en el coraz\u00f3n de la Arquidi\u00f3cesis de Atlanta, Georgia. Los padres Jorge Camas y Jorge Moya han recibido el env\u00edo para iniciar [&hellip;]\" \/>\n<meta property=\"og:url\" content=\"https:\/\/www.eudistasmd.org\/index.php\/2025\/09\/02\/nueva-mision-eudista-en-estados-unidos-fundacion-en-atlanta\/\" \/>\n<meta property=\"og:site_name\" content=\"Eudistas MD\" \/>\n<meta property=\"article:published_time\" content=\"2025-09-03T01:20:23+00:00\" \/>\n<meta property=\"article:modified_time\" content=\"2025-09-04T17:18:38+00:00\" \/>\n<meta property=\"og:image\" content=\"https:\/\/www.eudistasmd.org\/wp-content\/uploads\/2025\/09\/WhatsApp-Image-2025-09-02-at-7.52.50-PM.jpeg\" \/>\n\t<meta property=\"og:image:width\" content=\"1600\" \/>\n\t<meta property=\"og:image:height\" content=\"1200\" \/>\n\t<meta property=\"og:image:type\" content=\"image\/jpeg\" \/>\n<meta name=\"author\" content=\"Angie Stacy Rodr\u00edguez G\u00f3mez\" \/>\n<meta name=\"twitter:card\" content=\"summary_large_image\" \/>\n<meta name=\"twitter:label1\" content=\"Escrito por\" \/>\n\t<meta name=\"twitter:data1\" content=\"Angie Stacy Rodr\u00edguez G\u00f3mez\" \/>\n\t<meta name=\"twitter:label2\" content=\"Tiempo de lectura\" \/>\n\t<meta name=\"twitter:data2\" content=\"2 minutos\" \/>\n<script type=\"application\/ld+json\" class=\"yoast-schema-graph\">{\"@context\":\"https:\/\/schema.org\",\"@graph\":[{\"@type\":\"Article\",\"@id\":\"https:\/\/www.eudistasmd.org\/index.php\/2025\/09\/02\/nueva-mision-eudista-en-estados-unidos-fundacion-en-atlanta\/#article\",\"isPartOf\":{\"@id\":\"https:\/\/www.eudistasmd.org\/index.php\/2025\/09\/02\/nueva-mision-eudista-en-estados-unidos-fundacion-en-atlanta\/\"},\"author\":{\"name\":\"Angie Stacy Rodr\u00edguez G\u00f3mez\",\"@id\":\"https:\/\/www.eudistasmd.org\/#\/schema\/person\/ea031151eedd6aedadcdb515522d15d5\"},\"headline\":\"Nueva misi\u00f3n eudista en Estados Unidos: Fundaci\u00f3n en Atlanta\",\"datePublished\":\"2025-09-03T01:20:23+00:00\",\"dateModified\":\"2025-09-04T17:18:38+00:00\",\"mainEntityOfPage\":{\"@id\":\"https:\/\/www.eudistasmd.org\/index.php\/2025\/09\/02\/nueva-mision-eudista-en-estados-unidos-fundacion-en-atlanta\/\"},\"wordCount\":216,\"image\":{\"@id\":\"https:\/\/www.eudistasmd.org\/index.php\/2025\/09\/02\/nueva-mision-eudista-en-estados-unidos-fundacion-en-atlanta\/#primaryimage\"},\"thumbnailUrl\":\"https:\/\/www.eudistasmd.org\/wp-content\/uploads\/2025\/09\/WhatsApp-Image-2025-09-02-at-7.52.50-PM.jpeg\",\"keywords\":[\"el Minuto de Dios en Estados Unidos\",\"Eudistas de El Minuto de Dios\",\"Eudistas en estados Unidos\"],\"articleSection\":[\"Actualidad Eudista\"],\"inLanguage\":\"es\"},{\"@type\":\"WebPage\",\"@id\":\"https:\/\/www.eudistasmd.org\/index.php\/2025\/09\/02\/nueva-mision-eudista-en-estados-unidos-fundacion-en-atlanta\/\",\"url\":\"https:\/\/www.eudistasmd.org\/index.php\/2025\/09\/02\/nueva-mision-eudista-en-estados-unidos-fundacion-en-atlanta\/\",\"name\":\"Nueva misi\u00f3n eudista en Estados Unidos: Fundaci\u00f3n en Atlanta - Eudistas MD\",\"isPartOf\":{\"@id\":\"https:\/\/www.eudistasmd.org\/#website\"},\"primaryImageOfPage\":{\"@id\":\"https:\/\/www.eudistasmd.org\/index.php\/2025\/09\/02\/nueva-mision-eudista-en-estados-unidos-fundacion-en-atlanta\/#primaryimage\"},\"image\":{\"@id\":\"https:\/\/www.eudistasmd.org\/index.php\/2025\/09\/02\/nueva-mision-eudista-en-estados-unidos-fundacion-en-atlanta\/#primaryimage\"},\"thumbnailUrl\":\"https:\/\/www.eudistasmd.org\/wp-content\/uploads\/2025\/09\/WhatsApp-Image-2025-09-02-at-7.52.50-PM.jpeg\",\"datePublished\":\"2025-09-03T01:20:23+00:00\",\"dateModified\":\"2025-09-04T17:18:38+00:00\",\"author\":{\"@id\":\"https:\/\/www.eudistasmd.org\/#\/schema\/person\/ea031151eedd6aedadcdb515522d15d5\"},\"breadcrumb\":{\"@id\":\"https:\/\/www.eudistasmd.org\/index.php\/2025\/09\/02\/nueva-mision-eudista-en-estados-unidos-fundacion-en-atlanta\/#breadcrumb\"},\"inLanguage\":\"es\",\"potentialAction\":[{\"@type\":\"ReadAction\",\"target\":[\"https:\/\/www.eudistasmd.org\/index.php\/2025\/09\/02\/nueva-mision-eudista-en-estados-unidos-fundacion-en-atlanta\/\"]}]},{\"@type\":\"ImageObject\",\"inLanguage\":\"es\",\"@id\":\"https:\/\/www.eudistasmd.org\/index.php\/2025\/09\/02\/nueva-mision-eudista-en-estados-unidos-fundacion-en-atlanta\/#primaryimage\",\"url\":\"https:\/\/www.eudistasmd.org\/wp-content\/uploads\/2025\/09\/WhatsApp-Image-2025-09-02-at-7.52.50-PM.jpeg\",\"contentUrl\":\"https:\/\/www.eudistasmd.org\/wp-content\/uploads\/2025\/09\/WhatsApp-Image-2025-09-02-at-7.52.50-PM.jpeg\",\"width\":1600,\"height\":1200},{\"@type\":\"BreadcrumbList\",\"@id\":\"https:\/\/www.eudistasmd.org\/index.php\/2025\/09\/02\/nueva-mision-eudista-en-estados-unidos-fundacion-en-atlanta\/#breadcrumb\",\"itemListElement\":[{\"@type\":\"ListItem\",\"position\":1,\"name\":\"Portada\",\"item\":\"https:\/\/www.eudistasmd.org\/\"},{\"@type\":\"ListItem\",\"position\":2,\"name\":\"Nueva misi\u00f3n eudista en Estados Unidos: Fundaci\u00f3n en Atlanta\"}]},{\"@type\":\"WebSite\",\"@id\":\"https:\/\/www.eudistasmd.org\/#website\",\"url\":\"https:\/\/www.eudistasmd.org\/\",\"name\":\"Eudistas MD\",\"description\":\"Esta Provincia naci\u00f3 de la obra fundada por el padre eudista: Rafael Garc\u00eda Herreros. Este Don del Minuto de Dios ha sido encomendado a los los Eudistas del El Minuto de Dios, quienes se dedican a la Evangelizaci\u00f3n, la Formaci\u00f3n, y al servicio a los m\u00e1s pobres a trav\u00e9s de la Organizaci\u00f3n Minuto de Dios.\",\"potentialAction\":[{\"@type\":\"SearchAction\",\"target\":{\"@type\":\"EntryPoint\",\"urlTemplate\":\"https:\/\/www.eudistasmd.org\/?s={search_term_string}\"},\"query-input\":{\"@type\":\"PropertyValueSpecification\",\"valueRequired\":true,\"valueName\":\"search_term_string\"}}],\"inLanguage\":\"es\"},{\"@type\":\"Person\",\"@id\":\"https:\/\/www.eudistasmd.org\/#\/schema\/person\/ea031151eedd6aedadcdb515522d15d5\",\"name\":\"Angie Stacy Rodr\u00edguez G\u00f3mez\",\"image\":{\"@type\":\"ImageObject\",\"inLanguage\":\"es\",\"@id\":\"https:\/\/secure.gravatar.com\/avatar\/08c6f46fb8b7d2682b0cdfd76fb248e50ae4b1eeed14c21faf047e138ae11aa3?s=96&d=mm&r=g\",\"url\":\"https:\/\/secure.gravatar.com\/avatar\/08c6f46fb8b7d2682b0cdfd76fb248e50ae4b1eeed14c21faf047e138ae11aa3?s=96&d=mm&r=g\",\"contentUrl\":\"https:\/\/secure.gravatar.com\/avatar\/08c6f46fb8b7d2682b0cdfd76fb248e50ae4b1eeed14c21faf047e138ae11aa3?s=96&d=mm&r=g\",\"caption\":\"Angie Stacy Rodr\u00edguez G\u00f3mez\"},\"url\":\"https:\/\/www.eudistasmd.org\/index.php\/author\/noticias-editoramd\/\"}]}<\/script>\n<!-- \/ Yoast SEO plugin. -->","yoast_head_json":{"title":"Nueva misi\u00f3n eudista en Estados Unidos: Fundaci\u00f3n en Atlanta - Eudistas MD","robots":{"index":"index","follow":"follow","max-snippet":"max-snippet:-1","max-image-preview":"max-image-preview:large","max-video-preview":"max-video-preview:-1"},"canonical":"https:\/\/www.eudistasmd.org\/index.php\/2025\/09\/02\/nueva-mision-eudista-en-estados-unidos-fundacion-en-atlanta\/","og_locale":"es_ES","og_type":"article","og_title":"Nueva misi\u00f3n eudista en Estados Unidos: Fundaci\u00f3n en Atlanta - Eudistas MD","og_description":"En la fiesta de los M\u00e1rtires Eudistas, la Provincia Eudista Minuto de Dios emprende con esperanza una nueva misi\u00f3n: la implantaci\u00f3n en los Estados Unidos, con una nueva obra y una comunidad local en el coraz\u00f3n de la Arquidi\u00f3cesis de Atlanta, Georgia. Los padres Jorge Camas y Jorge Moya han recibido el env\u00edo para iniciar [&hellip;]","og_url":"https:\/\/www.eudistasmd.org\/index.php\/2025\/09\/02\/nueva-mision-eudista-en-estados-unidos-fundacion-en-atlanta\/","og_site_name":"Eudistas MD","article_published_time":"2025-09-03T01:20:23+00:00","article_modified_time":"2025-09-04T17:18:38+00:00","og_image":[{"width":1600,"height":1200,"url":"https:\/\/www.eudistasmd.org\/wp-content\/uploads\/2025\/09\/WhatsApp-Image-2025-09-02-at-7.52.50-PM.jpeg","type":"image\/jpeg"}],"author":"Angie Stacy Rodr\u00edguez G\u00f3mez","twitter_card":"summary_large_image","twitter_misc":{"Escrito por":"Angie Stacy Rodr\u00edguez G\u00f3mez","Tiempo de lectura":"2 minutos"},"schema":{"@context":"https:\/\/schema.org","@graph":[{"@type":"Article","@id":"https:\/\/www.eudistasmd.org\/index.php\/2025\/09\/02\/nueva-mision-eudista-en-estados-unidos-fundacion-en-atlanta\/#article","isPartOf":{"@id":"https:\/\/www.eudistasmd.org\/index.php\/2025\/09\/02\/nueva-mision-eudista-en-estados-unidos-fundacion-en-atlanta\/"},"author":{"name":"Angie Stacy Rodr\u00edguez G\u00f3mez","@id":"https:\/\/www.eudistasmd.org\/#\/schema\/person\/ea031151eedd6aedadcdb515522d15d5"},"headline":"Nueva misi\u00f3n eudista en Estados Unidos: Fundaci\u00f3n en Atlanta","datePublished":"2025-09-03T01:20:23+00:00","dateModified":"2025-09-04T17:18:38+00:00","mainEntityOfPage":{"@id":"https:\/\/www.eudistasmd.org\/index.php\/2025\/09\/02\/nueva-mision-eudista-en-estados-unidos-fundacion-en-atlanta\/"},"wordCount":216,"image":{"@id":"https:\/\/www.eudistasmd.org\/index.php\/2025\/09\/02\/nueva-mision-eudista-en-estados-unidos-fundacion-en-atlanta\/#primaryimage"},"thumbnailUrl":"https:\/\/www.eudistasmd.org\/wp-content\/uploads\/2025\/09\/WhatsApp-Image-2025-09-02-at-7.52.50-PM.jpeg","keywords":["el Minuto de Dios en Estados Unidos","Eudistas de El Minuto de Dios","Eudistas en estados Unidos"],"articleSection":["Actualidad Eudista"],"inLanguage":"es"},{"@type":"WebPage","@id":"https:\/\/www.eudistasmd.org\/index.php\/2025\/09\/02\/nueva-mision-eudista-en-estados-unidos-fundacion-en-atlanta\/","url":"https:\/\/www.eudistasmd.org\/index.php\/2025\/09\/02\/nueva-mision-eudista-en-estados-unidos-fundacion-en-atlanta\/","name":"Nueva misi\u00f3n eudista en Estados Unidos: Fundaci\u00f3n en Atlanta - Eudistas MD","isPartOf":{"@id":"https:\/\/www.eudistasmd.org\/#website"},"primaryImageOfPage":{"@id":"https:\/\/www.eudistasmd.org\/index.php\/2025\/09\/02\/nueva-mision-eudista-en-estados-unidos-fundacion-en-atlanta\/#primaryimage"},"image":{"@id":"https:\/\/www.eudistasmd.org\/index.php\/2025\/09\/02\/nueva-mision-eudista-en-estados-unidos-fundacion-en-atlanta\/#primaryimage"},"thumbnailUrl":"https:\/\/www.eudistasmd.org\/wp-content\/uploads\/2025\/09\/WhatsApp-Image-2025-09-02-at-7.52.50-PM.jpeg","datePublished":"2025-09-03T01:20:23+00:00","dateModified":"2025-09-04T17:18:38+00:00","author":{"@id":"https:\/\/www.eudistasmd.org\/#\/schema\/person\/ea031151eedd6aedadcdb515522d15d5"},"breadcrumb":{"@id":"https:\/\/www.eudistasmd.org\/index.php\/2025\/09\/02\/nueva-mision-eudista-en-estados-unidos-fundacion-en-atlanta\/#breadcrumb"},"inLanguage":"es","potentialAction":[{"@type":"ReadAction","target":["https:\/\/www.eudistasmd.org\/index.php\/2025\/09\/02\/nueva-mision-eudista-en-estados-unidos-fundacion-en-atlanta\/"]}]},{"@type":"ImageObject","inLanguage":"es","@id":"https:\/\/www.eudistasmd.org\/index.php\/2025\/09\/02\/nueva-mision-eudista-en-estados-unidos-fundacion-en-atlanta\/#primaryimage","url":"https:\/\/www.eudistasmd.org\/wp-content\/uploads\/2025\/09\/WhatsApp-Image-2025-09-02-at-7.52.50-PM.jpeg","contentUrl":"https:\/\/www.eudistasmd.org\/wp-content\/uploads\/2025\/09\/WhatsApp-Image-2025-09-02-at-7.52.50-PM.jpeg","width":1600,"height":1200},{"@type":"BreadcrumbList","@id":"https:\/\/www.eudistasmd.org\/index.php\/2025\/09\/02\/nueva-mision-eudista-en-estados-unidos-fundacion-en-atlanta\/#breadcrumb","itemListElement":[{"@type":"ListItem","position":1,"name":"Portada","item":"https:\/\/www.eudistasmd.org\/"},{"@type":"ListItem","position":2,"name":"Nueva misi\u00f3n eudista en Estados Unidos: Fundaci\u00f3n en Atlanta"}]},{"@type":"WebSite","@id":"https:\/\/www.eudistasmd.org\/#website","url":"https:\/\/www.eudistasmd.org\/","name":"Eudistas MD","description":"Esta Provincia naci\u00f3 de la obra fundada por el padre eudista: Rafael Garc\u00eda Herreros. Este Don del Minuto de Dios ha sido encomendado a los los Eudistas del El Minuto de Dios, quienes se dedican a la Evangelizaci\u00f3n, la Formaci\u00f3n, y al servicio a los m\u00e1s pobres a trav\u00e9s de la Organizaci\u00f3n Minuto de Dios.","potentialAction":[{"@type":"SearchAction","target":{"@type":"EntryPoint","urlTemplate":"https:\/\/www.eudistasmd.org\/?s={search_term_string}"},"query-input":{"@type":"PropertyValueSpecification","valueRequired":true,"valueName":"search_term_string"}}],"inLanguage":"es"},{"@type":"Person","@id":"https:\/\/www.eudistasmd.org\/#\/schema\/person\/ea031151eedd6aedadcdb515522d15d5","name":"Angie Stacy Rodr\u00edguez G\u00f3mez","image":{"@type":"ImageObject","inLanguage":"es","@id":"https:\/\/secure.gravatar.com\/avatar\/08c6f46fb8b7d2682b0cdfd76fb248e50ae4b1eeed14c21faf047e138ae11aa3?s=96&d=mm&r=g","url":"https:\/\/secure.gravatar.com\/avatar\/08c6f46fb8b7d2682b0cdfd76fb248e50ae4b1eeed14c21faf047e138ae11aa3?s=96&d=mm&r=g","contentUrl":"https:\/\/secure.gravatar.com\/avatar\/08c6f46fb8b7d2682b0cdfd76fb248e50ae4b1eeed14c21faf047e138ae11aa3?s=96&d=mm&r=g","caption":"Angie Stacy Rodr\u00edguez G\u00f3mez"},"url":"https:\/\/www.eudistasmd.org\/index.php\/author\/noticias-editoramd\/"}]}},"_links":{"self":[{"href":"https:\/\/www.eudistasmd.org\/index.php\/wp-json\/wp\/v2\/posts\/7418","targetHints":{"allow":["GET"]}}],"collection":[{"href":"https:\/\/www.eudistasmd.org\/index.php\/wp-json\/wp\/v2\/posts"}],"about":[{"href":"https:\/\/www.eudistasmd.org\/index.php\/wp-json\/wp\/v2\/types\/post"}],"author":[{"embeddable":true,"href":"https:\/\/www.eudistasmd.org\/index.php\/wp-json\/wp\/v2\/users\/7"}],"replies":[{"embeddable":true,"href":"https:\/\/www.eudistasmd.org\/index.php\/wp-json\/wp\/v2\/comments?post=7418"}],"version-history":[{"count":1,"href":"https:\/\/www.eudistasmd.org\/index.php\/wp-json\/wp\/v2\/posts\/7418\/revisions"}],"predecessor-version":[{"id":7421,"href":"https:\/\/www.eudistasmd.org\/index.php\/wp-json\/wp\/v2\/posts\/7418\/revisions\/7421"}],"wp:featuredmedia":[{"embeddable":true,"href":"https:\/\/www.eudistasmd.org\/index.php\/wp-json\/wp\/v2\/media\/7419"}],"wp:attachment":[{"href":"https:\/\/www.eudistasmd.org\/index.php\/wp-json\/wp\/v2\/media?parent=7418"}],"wp:term":[{"taxonomy":"category","embeddable":true,"href":"https:\/\/www.eudistasmd.org\/index.php\/wp-json\/wp\/v2\/categories?post=7418"},{"taxonomy":"post_tag","embeddable":true,"href":"https:\/\/www.eudistasmd.org\/index.php\/wp-json\/wp\/v2\/tags?post=7418"}],"curies":[{"name":"wp","href":"https:\/\/api.w.org\/{rel}","templated":true}]}}