{"id":7415,"date":"2025-09-02T18:16:36","date_gmt":"2025-09-02T23:16:36","guid":{"rendered":"https:\/\/www.eudistasmd.org\/?p=7415"},"modified":"2025-09-03T10:24:54","modified_gmt":"2025-09-03T15:24:54","slug":"consejo-provincial-ampliado-el-caribe-suena-en-clave-de-mision-eudista","status":"publish","type":"post","link":"https:\/\/www.eudistasmd.org\/index.php\/2025\/09\/02\/consejo-provincial-ampliado-el-caribe-suena-en-clave-de-mision-eudista\/","title":{"rendered":"Consejo Provincial Ampliado: el Caribe sue\u00f1a en clave de misi\u00f3n eudista"},"content":{"rendered":"<p><strong>Por: Rafael Beltr\u00e1n, Candidato Eudista<\/strong><\/p>\n<p>En un ambiente fraterno, espiritual y profundamente comprometido con la realidad del Caribe colombiano, el pasado\u00a029 de agosto\u00a0se llev\u00f3 a cabo en el Seminario Arquidiocesano\u00a0San Juan XXIII\u00a0de\u00a0Barranquilla\u00a0el\u00a0Consejo Provincial Ampliado de la Provincia Eudista Minuto de Dios, con la participaci\u00f3n de los miembros del Consejo Provincial, los Miembros de la Comunidad Local Germ\u00e1n Villa Gaviria, representantes de la\u00a0Obra Minuto de Dios, asociados y laicos comprometidos.<\/p>\n<p>Este encuentro se realiz\u00f3 en un lugar de profundo significado, pues\u00a0hace 142 a\u00f1os, en el puerto de\u00a0Sabanilla, desembarcaron los primeros misioneros eudistas, iniciando all\u00ed una intensa labor formadora que marc\u00f3 la historia de la regi\u00f3n. Aquel mismo esp\u00edritu fundacional volvi\u00f3 a resonar en este Consejo, donde se vivi\u00f3 una jornada propicia para\u00a0reflexionar en torno a la misi\u00f3n de los Eudistas en el Caribe\u00a0y el compromiso con\u00a0continuar siendo Jes\u00fas\u00a0en los \u00e1mbitos\u00a0sociales, educativos y evangelizadores.<\/p>\n<p>La jornada inici\u00f3 con la celebraci\u00f3n eucar\u00edstica presidida por el padre\u00a0Germ\u00e1n G\u00e1ndara, cjm, Superior Provincial, quien invit\u00f3 a todos los presentes a contemplar el camino recorrido por los Eudistas en el Caribe como una historia de fidelidad al Evangelio y a los pobres, animando al discernimiento comunitario sobre los retos actuales de la regi\u00f3n.<\/p>\n<p>Posteriormente, el padre\u00a0Agust\u00edn Villar, presb\u00edtero de la Arquidi\u00f3cesis de Cartagena, ofreci\u00f3 una ponencia iluminadora sobre\u00a0<em>\u201cEl Caribe Colombiano y la impronta de los padres Eudistas\u201d<\/em>, rescatando los signos prof\u00e9ticos de su presencia en tierras coste\u00f1as y su impacto en la Iglesia local.<\/p>\n<p>El padre\u00a0Camilo Bernal, cjm, asistente en calidad de\u00a0Vicepresidente de la Obra Minuto de Dios, present\u00f3 la ponencia\u00a0<em>\u201cLa Obra el Minuto de Dios en el Caribe, presencia prof\u00e9tica ayer y hoy\u201d<\/em>, donde resalt\u00f3 el compromiso social, educativo y evangelizador de las distintas plataformas que integran la OMD en la regi\u00f3n.<\/p>\n<p>A lo largo del d\u00eda, se ofrecieron\u00a0informes de misi\u00f3n\u00a0que permitieron visualizar el camino recorrido y los sue\u00f1os por venir:<\/p>\n<ul>\n<li>El padre\u00a0John Mario Montoya, cjm, junto al padre\u00a0Jos\u00e9 Hurtado, cjm, presentaron el\u00a0informe del Centro Carism\u00e1tico Minuto de Dios.<\/li>\n<li>El padre\u00a0Danilo D\u00edaz, cjm, Superior Local, comparti\u00f3 el\u00a0estado de la misi\u00f3n eudista en UNIMINUTO.<\/li>\n<li>El padre\u00a0Roger Grau, cjm, present\u00f3 el informe de la\u00a0Corporaci\u00f3n Educativa Minuto de Dios\u00a0en el Caribe, mientras que el padre\u00a0Hugo Ruiz, cjm, expuso sobre los\u00a0Colegios CEMID en Cartagena.<\/li>\n<li>La asociada\u00a0Patricia G\u00f3mez\u00a0entreg\u00f3 un completo informe del caminar de los\u00a0Asociados Eudistas en la regi\u00f3n.<\/li>\n<\/ul>\n<p>El almuerzo fraterno con presencia del Se\u00f1or Arzobispo y miembros de la familia eudista permiti\u00f3 seguir estrechando lazos de comuni\u00f3n y misi\u00f3n, en un clima de cercan\u00eda y gratitud.<\/p>\n<p>En horas de la tarde, tras una oraci\u00f3n eudista animada por el padre Roger Grau, se desarroll\u00f3 el conversatorio\u00a0<em>\u201cProvincia Eudista Minuto de Dios y Obra Minuto de Dios en el Caribe: presente y futuro\u201d<\/em>, moderado por el padre\u00a0Harold Castilla, cjm, donde se compartieron\u00a0retos, sue\u00f1os, propuestas y visiones\u00a0hacia una presencia cada vez m\u00e1s encarnada, articulada y transformadora.<\/p>\n<p>La jornada concluy\u00f3 con un espacio de s\u00edntesis y conclusiones, reconociendo que este Consejo Provincial Ampliado no solo permiti\u00f3 mirar el pasado con gratitud, sino proyectar con esperanza la misi\u00f3n eudista en el Caribe, con los pies en la tierra y el coraz\u00f3n en Dios.<\/p>\n<p>Este Consejo ha sido, en palabras del padre Provincial, una verdadera carta de navegaci\u00f3n para toda la Provincia: un ejercicio de escucha sinodal, de lectura de los signos del Esp\u00edritu en las regiones y de discernimiento com\u00fan sobre los caminos que los Eudistas est\u00e1n llamados a recorrer. Una oportunidad para so\u00f1ar en grande, caminar juntos y renovar el ardor misionero.<\/p>\n<p><a title=\"Consejo Ampliado\" href=\"https:\/\/www.flickr.com\/photos\/200276192@N06\/albums\/72177720328781392\" data-flickr-embed=\"true\"><img loading=\"lazy\" decoding=\"async\" class=\"aligncenter\" src=\"https:\/\/live.staticflickr.com\/65535\/54762068038_59a5a99792_h.jpg\" alt=\"Consejo Ampliado\" width=\"460\" height=\"613\" \/><\/a><script async src=\"\/\/embedr.flickr.com\/assets\/client-code.js\" charset=\"utf-8\"><\/script><\/p>\n","protected":false},"excerpt":{"rendered":"<p>Por: Rafael Beltr\u00e1n, Candidato Eudista En un ambiente fraterno, espiritual y profundamente comprometido con la realidad del Caribe colombiano, el pasado\u00a029 de agosto\u00a0se llev\u00f3 a cabo en el Seminario Arquidiocesano\u00a0San Juan XXIII\u00a0de\u00a0Barranquilla\u00a0el\u00a0Consejo Provincial Ampliado de la Provincia Eudista Minuto de Dios, con la participaci\u00f3n de los miembros del Consejo Provincial, los Miembros de la Comunidad [&hellip;]<\/p>\n","protected":false},"author":7,"featured_media":7416,"comment_status":"closed","ping_status":"closed","sticky":false,"template":"","format":"standard","meta":{"_et_pb_use_builder":"","_et_pb_old_content":"","_et_gb_content_width":"","footnotes":""},"categories":[13],"tags":[309,22,109,322],"class_list":["post-7415","post","type-post","status-publish","format-standard","has-post-thumbnail","hentry","category-actualidad-eudista","tag-barranquilla","tag-eudistas","tag-eudistas-minuto-de-dios","tag-sacerdotes-en-barranquilla"],"yoast_head":"<!-- This site is optimized with the Yoast SEO plugin v27.2 - https:\/\/yoast.com\/product\/yoast-seo-wordpress\/ -->\n<title>Consejo Provincial Ampliado: el Caribe sue\u00f1a en clave de misi\u00f3n eudista - Eudistas MD<\/title>\n<meta name=\"robots\" content=\"index, follow, max-snippet:-1, max-image-preview:large, max-video-preview:-1\" \/>\n<link rel=\"canonical\" href=\"https:\/\/www.eudistasmd.org\/index.php\/2025\/09\/02\/consejo-provincial-ampliado-el-caribe-suena-en-clave-de-mision-eudista\/\" \/>\n<meta property=\"og:locale\" content=\"es_ES\" \/>\n<meta property=\"og:type\" content=\"article\" \/>\n<meta property=\"og:title\" content=\"Consejo Provincial Ampliado: el Caribe sue\u00f1a en clave de misi\u00f3n eudista - Eudistas MD\" \/>\n<meta property=\"og:description\" content=\"Por: Rafael Beltr\u00e1n, Candidato Eudista En un ambiente fraterno, espiritual y profundamente comprometido con la realidad del Caribe colombiano, el pasado\u00a029 de agosto\u00a0se llev\u00f3 a cabo en el Seminario Arquidiocesano\u00a0San Juan XXIII\u00a0de\u00a0Barranquilla\u00a0el\u00a0Consejo Provincial Ampliado de la Provincia Eudista Minuto de Dios, con la participaci\u00f3n de los miembros del Consejo Provincial, los Miembros de la Comunidad [&hellip;]\" \/>\n<meta property=\"og:url\" content=\"https:\/\/www.eudistasmd.org\/index.php\/2025\/09\/02\/consejo-provincial-ampliado-el-caribe-suena-en-clave-de-mision-eudista\/\" \/>\n<meta property=\"og:site_name\" content=\"Eudistas MD\" \/>\n<meta property=\"article:published_time\" content=\"2025-09-02T23:16:36+00:00\" \/>\n<meta property=\"article:modified_time\" content=\"2025-09-03T15:24:54+00:00\" \/>\n<meta property=\"og:image\" content=\"https:\/\/www.eudistasmd.org\/wp-content\/uploads\/2025\/09\/WhatsApp-Image-2025-09-01-at-7.26.11-PM.jpeg\" \/>\n\t<meta property=\"og:image:width\" content=\"4160\" \/>\n\t<meta property=\"og:image:height\" content=\"2678\" \/>\n\t<meta property=\"og:image:type\" content=\"image\/jpeg\" \/>\n<meta name=\"author\" content=\"Angie Stacy Rodr\u00edguez G\u00f3mez\" \/>\n<meta name=\"twitter:card\" content=\"summary_large_image\" \/>\n<meta name=\"twitter:label1\" content=\"Escrito por\" \/>\n\t<meta name=\"twitter:data1\" content=\"Angie Stacy Rodr\u00edguez G\u00f3mez\" \/>\n\t<meta name=\"twitter:label2\" content=\"Tiempo de lectura\" \/>\n\t<meta name=\"twitter:data2\" content=\"4 minutos\" \/>\n<script type=\"application\/ld+json\" class=\"yoast-schema-graph\">{\"@context\":\"https:\/\/schema.org\",\"@graph\":[{\"@type\":\"Article\",\"@id\":\"https:\/\/www.eudistasmd.org\/index.php\/2025\/09\/02\/consejo-provincial-ampliado-el-caribe-suena-en-clave-de-mision-eudista\/#article\",\"isPartOf\":{\"@id\":\"https:\/\/www.eudistasmd.org\/index.php\/2025\/09\/02\/consejo-provincial-ampliado-el-caribe-suena-en-clave-de-mision-eudista\/\"},\"author\":{\"name\":\"Angie Stacy Rodr\u00edguez G\u00f3mez\",\"@id\":\"https:\/\/www.eudistasmd.org\/#\/schema\/person\/ea031151eedd6aedadcdb515522d15d5\"},\"headline\":\"Consejo Provincial Ampliado: el Caribe sue\u00f1a en clave de misi\u00f3n eudista\",\"datePublished\":\"2025-09-02T23:16:36+00:00\",\"dateModified\":\"2025-09-03T15:24:54+00:00\",\"mainEntityOfPage\":{\"@id\":\"https:\/\/www.eudistasmd.org\/index.php\/2025\/09\/02\/consejo-provincial-ampliado-el-caribe-suena-en-clave-de-mision-eudista\/\"},\"wordCount\":663,\"image\":{\"@id\":\"https:\/\/www.eudistasmd.org\/index.php\/2025\/09\/02\/consejo-provincial-ampliado-el-caribe-suena-en-clave-de-mision-eudista\/#primaryimage\"},\"thumbnailUrl\":\"https:\/\/www.eudistasmd.org\/wp-content\/uploads\/2025\/09\/WhatsApp-Image-2025-09-01-at-7.26.11-PM.jpeg\",\"keywords\":[\"barranquilla\",\"Eudistas\",\"Eudistas Minuto de Dios\",\"sacerdotes en barranquilla\"],\"articleSection\":[\"Actualidad Eudista\"],\"inLanguage\":\"es\"},{\"@type\":\"WebPage\",\"@id\":\"https:\/\/www.eudistasmd.org\/index.php\/2025\/09\/02\/consejo-provincial-ampliado-el-caribe-suena-en-clave-de-mision-eudista\/\",\"url\":\"https:\/\/www.eudistasmd.org\/index.php\/2025\/09\/02\/consejo-provincial-ampliado-el-caribe-suena-en-clave-de-mision-eudista\/\",\"name\":\"Consejo Provincial Ampliado: el Caribe sue\u00f1a en clave de misi\u00f3n eudista - Eudistas MD\",\"isPartOf\":{\"@id\":\"https:\/\/www.eudistasmd.org\/#website\"},\"primaryImageOfPage\":{\"@id\":\"https:\/\/www.eudistasmd.org\/index.php\/2025\/09\/02\/consejo-provincial-ampliado-el-caribe-suena-en-clave-de-mision-eudista\/#primaryimage\"},\"image\":{\"@id\":\"https:\/\/www.eudistasmd.org\/index.php\/2025\/09\/02\/consejo-provincial-ampliado-el-caribe-suena-en-clave-de-mision-eudista\/#primaryimage\"},\"thumbnailUrl\":\"https:\/\/www.eudistasmd.org\/wp-content\/uploads\/2025\/09\/WhatsApp-Image-2025-09-01-at-7.26.11-PM.jpeg\",\"datePublished\":\"2025-09-02T23:16:36+00:00\",\"dateModified\":\"2025-09-03T15:24:54+00:00\",\"author\":{\"@id\":\"https:\/\/www.eudistasmd.org\/#\/schema\/person\/ea031151eedd6aedadcdb515522d15d5\"},\"breadcrumb\":{\"@id\":\"https:\/\/www.eudistasmd.org\/index.php\/2025\/09\/02\/consejo-provincial-ampliado-el-caribe-suena-en-clave-de-mision-eudista\/#breadcrumb\"},\"inLanguage\":\"es\",\"potentialAction\":[{\"@type\":\"ReadAction\",\"target\":[\"https:\/\/www.eudistasmd.org\/index.php\/2025\/09\/02\/consejo-provincial-ampliado-el-caribe-suena-en-clave-de-mision-eudista\/\"]}]},{\"@type\":\"ImageObject\",\"inLanguage\":\"es\",\"@id\":\"https:\/\/www.eudistasmd.org\/index.php\/2025\/09\/02\/consejo-provincial-ampliado-el-caribe-suena-en-clave-de-mision-eudista\/#primaryimage\",\"url\":\"https:\/\/www.eudistasmd.org\/wp-content\/uploads\/2025\/09\/WhatsApp-Image-2025-09-01-at-7.26.11-PM.jpeg\",\"contentUrl\":\"https:\/\/www.eudistasmd.org\/wp-content\/uploads\/2025\/09\/WhatsApp-Image-2025-09-01-at-7.26.11-PM.jpeg\",\"width\":4160,\"height\":2678},{\"@type\":\"BreadcrumbList\",\"@id\":\"https:\/\/www.eudistasmd.org\/index.php\/2025\/09\/02\/consejo-provincial-ampliado-el-caribe-suena-en-clave-de-mision-eudista\/#breadcrumb\",\"itemListElement\":[{\"@type\":\"ListItem\",\"position\":1,\"name\":\"Portada\",\"item\":\"https:\/\/www.eudistasmd.org\/\"},{\"@type\":\"ListItem\",\"position\":2,\"name\":\"Consejo Provincial Ampliado: el Caribe sue\u00f1a en clave de misi\u00f3n eudista\"}]},{\"@type\":\"WebSite\",\"@id\":\"https:\/\/www.eudistasmd.org\/#website\",\"url\":\"https:\/\/www.eudistasmd.org\/\",\"name\":\"Eudistas MD\",\"description\":\"Esta Provincia naci\u00f3 de la obra fundada por el padre eudista: Rafael Garc\u00eda Herreros. Este Don del Minuto de Dios ha sido encomendado a los los Eudistas del El Minuto de Dios, quienes se dedican a la Evangelizaci\u00f3n, la Formaci\u00f3n, y al servicio a los m\u00e1s pobres a trav\u00e9s de la Organizaci\u00f3n Minuto de Dios.\",\"potentialAction\":[{\"@type\":\"SearchAction\",\"target\":{\"@type\":\"EntryPoint\",\"urlTemplate\":\"https:\/\/www.eudistasmd.org\/?s={search_term_string}\"},\"query-input\":{\"@type\":\"PropertyValueSpecification\",\"valueRequired\":true,\"valueName\":\"search_term_string\"}}],\"inLanguage\":\"es\"},{\"@type\":\"Person\",\"@id\":\"https:\/\/www.eudistasmd.org\/#\/schema\/person\/ea031151eedd6aedadcdb515522d15d5\",\"name\":\"Angie Stacy Rodr\u00edguez G\u00f3mez\",\"image\":{\"@type\":\"ImageObject\",\"inLanguage\":\"es\",\"@id\":\"https:\/\/secure.gravatar.com\/avatar\/08c6f46fb8b7d2682b0cdfd76fb248e50ae4b1eeed14c21faf047e138ae11aa3?s=96&d=mm&r=g\",\"url\":\"https:\/\/secure.gravatar.com\/avatar\/08c6f46fb8b7d2682b0cdfd76fb248e50ae4b1eeed14c21faf047e138ae11aa3?s=96&d=mm&r=g\",\"contentUrl\":\"https:\/\/secure.gravatar.com\/avatar\/08c6f46fb8b7d2682b0cdfd76fb248e50ae4b1eeed14c21faf047e138ae11aa3?s=96&d=mm&r=g\",\"caption\":\"Angie Stacy Rodr\u00edguez G\u00f3mez\"},\"url\":\"https:\/\/www.eudistasmd.org\/index.php\/author\/noticias-editoramd\/\"}]}<\/script>\n<!-- \/ Yoast SEO plugin. -->","yoast_head_json":{"title":"Consejo Provincial Ampliado: el Caribe sue\u00f1a en clave de misi\u00f3n eudista - Eudistas MD","robots":{"index":"index","follow":"follow","max-snippet":"max-snippet:-1","max-image-preview":"max-image-preview:large","max-video-preview":"max-video-preview:-1"},"canonical":"https:\/\/www.eudistasmd.org\/index.php\/2025\/09\/02\/consejo-provincial-ampliado-el-caribe-suena-en-clave-de-mision-eudista\/","og_locale":"es_ES","og_type":"article","og_title":"Consejo Provincial Ampliado: el Caribe sue\u00f1a en clave de misi\u00f3n eudista - Eudistas MD","og_description":"Por: Rafael Beltr\u00e1n, Candidato Eudista En un ambiente fraterno, espiritual y profundamente comprometido con la realidad del Caribe colombiano, el pasado\u00a029 de agosto\u00a0se llev\u00f3 a cabo en el Seminario Arquidiocesano\u00a0San Juan XXIII\u00a0de\u00a0Barranquilla\u00a0el\u00a0Consejo Provincial Ampliado de la Provincia Eudista Minuto de Dios, con la participaci\u00f3n de los miembros del Consejo Provincial, los Miembros de la Comunidad [&hellip;]","og_url":"https:\/\/www.eudistasmd.org\/index.php\/2025\/09\/02\/consejo-provincial-ampliado-el-caribe-suena-en-clave-de-mision-eudista\/","og_site_name":"Eudistas MD","article_published_time":"2025-09-02T23:16:36+00:00","article_modified_time":"2025-09-03T15:24:54+00:00","og_image":[{"width":4160,"height":2678,"url":"https:\/\/www.eudistasmd.org\/wp-content\/uploads\/2025\/09\/WhatsApp-Image-2025-09-01-at-7.26.11-PM.jpeg","type":"image\/jpeg"}],"author":"Angie Stacy Rodr\u00edguez G\u00f3mez","twitter_card":"summary_large_image","twitter_misc":{"Escrito por":"Angie Stacy Rodr\u00edguez G\u00f3mez","Tiempo de lectura":"4 minutos"},"schema":{"@context":"https:\/\/schema.org","@graph":[{"@type":"Article","@id":"https:\/\/www.eudistasmd.org\/index.php\/2025\/09\/02\/consejo-provincial-ampliado-el-caribe-suena-en-clave-de-mision-eudista\/#article","isPartOf":{"@id":"https:\/\/www.eudistasmd.org\/index.php\/2025\/09\/02\/consejo-provincial-ampliado-el-caribe-suena-en-clave-de-mision-eudista\/"},"author":{"name":"Angie Stacy Rodr\u00edguez G\u00f3mez","@id":"https:\/\/www.eudistasmd.org\/#\/schema\/person\/ea031151eedd6aedadcdb515522d15d5"},"headline":"Consejo Provincial Ampliado: el Caribe sue\u00f1a en clave de misi\u00f3n eudista","datePublished":"2025-09-02T23:16:36+00:00","dateModified":"2025-09-03T15:24:54+00:00","mainEntityOfPage":{"@id":"https:\/\/www.eudistasmd.org\/index.php\/2025\/09\/02\/consejo-provincial-ampliado-el-caribe-suena-en-clave-de-mision-eudista\/"},"wordCount":663,"image":{"@id":"https:\/\/www.eudistasmd.org\/index.php\/2025\/09\/02\/consejo-provincial-ampliado-el-caribe-suena-en-clave-de-mision-eudista\/#primaryimage"},"thumbnailUrl":"https:\/\/www.eudistasmd.org\/wp-content\/uploads\/2025\/09\/WhatsApp-Image-2025-09-01-at-7.26.11-PM.jpeg","keywords":["barranquilla","Eudistas","Eudistas Minuto de Dios","sacerdotes en barranquilla"],"articleSection":["Actualidad Eudista"],"inLanguage":"es"},{"@type":"WebPage","@id":"https:\/\/www.eudistasmd.org\/index.php\/2025\/09\/02\/consejo-provincial-ampliado-el-caribe-suena-en-clave-de-mision-eudista\/","url":"https:\/\/www.eudistasmd.org\/index.php\/2025\/09\/02\/consejo-provincial-ampliado-el-caribe-suena-en-clave-de-mision-eudista\/","name":"Consejo Provincial Ampliado: el Caribe sue\u00f1a en clave de misi\u00f3n eudista - Eudistas MD","isPartOf":{"@id":"https:\/\/www.eudistasmd.org\/#website"},"primaryImageOfPage":{"@id":"https:\/\/www.eudistasmd.org\/index.php\/2025\/09\/02\/consejo-provincial-ampliado-el-caribe-suena-en-clave-de-mision-eudista\/#primaryimage"},"image":{"@id":"https:\/\/www.eudistasmd.org\/index.php\/2025\/09\/02\/consejo-provincial-ampliado-el-caribe-suena-en-clave-de-mision-eudista\/#primaryimage"},"thumbnailUrl":"https:\/\/www.eudistasmd.org\/wp-content\/uploads\/2025\/09\/WhatsApp-Image-2025-09-01-at-7.26.11-PM.jpeg","datePublished":"2025-09-02T23:16:36+00:00","dateModified":"2025-09-03T15:24:54+00:00","author":{"@id":"https:\/\/www.eudistasmd.org\/#\/schema\/person\/ea031151eedd6aedadcdb515522d15d5"},"breadcrumb":{"@id":"https:\/\/www.eudistasmd.org\/index.php\/2025\/09\/02\/consejo-provincial-ampliado-el-caribe-suena-en-clave-de-mision-eudista\/#breadcrumb"},"inLanguage":"es","potentialAction":[{"@type":"ReadAction","target":["https:\/\/www.eudistasmd.org\/index.php\/2025\/09\/02\/consejo-provincial-ampliado-el-caribe-suena-en-clave-de-mision-eudista\/"]}]},{"@type":"ImageObject","inLanguage":"es","@id":"https:\/\/www.eudistasmd.org\/index.php\/2025\/09\/02\/consejo-provincial-ampliado-el-caribe-suena-en-clave-de-mision-eudista\/#primaryimage","url":"https:\/\/www.eudistasmd.org\/wp-content\/uploads\/2025\/09\/WhatsApp-Image-2025-09-01-at-7.26.11-PM.jpeg","contentUrl":"https:\/\/www.eudistasmd.org\/wp-content\/uploads\/2025\/09\/WhatsApp-Image-2025-09-01-at-7.26.11-PM.jpeg","width":4160,"height":2678},{"@type":"BreadcrumbList","@id":"https:\/\/www.eudistasmd.org\/index.php\/2025\/09\/02\/consejo-provincial-ampliado-el-caribe-suena-en-clave-de-mision-eudista\/#breadcrumb","itemListElement":[{"@type":"ListItem","position":1,"name":"Portada","item":"https:\/\/www.eudistasmd.org\/"},{"@type":"ListItem","position":2,"name":"Consejo Provincial Ampliado: el Caribe sue\u00f1a en clave de misi\u00f3n eudista"}]},{"@type":"WebSite","@id":"https:\/\/www.eudistasmd.org\/#website","url":"https:\/\/www.eudistasmd.org\/","name":"Eudistas MD","description":"Esta Provincia naci\u00f3 de la obra fundada por el padre eudista: Rafael Garc\u00eda Herreros. Este Don del Minuto de Dios ha sido encomendado a los los Eudistas del El Minuto de Dios, quienes se dedican a la Evangelizaci\u00f3n, la Formaci\u00f3n, y al servicio a los m\u00e1s pobres a trav\u00e9s de la Organizaci\u00f3n Minuto de Dios.","potentialAction":[{"@type":"SearchAction","target":{"@type":"EntryPoint","urlTemplate":"https:\/\/www.eudistasmd.org\/?s={search_term_string}"},"query-input":{"@type":"PropertyValueSpecification","valueRequired":true,"valueName":"search_term_string"}}],"inLanguage":"es"},{"@type":"Person","@id":"https:\/\/www.eudistasmd.org\/#\/schema\/person\/ea031151eedd6aedadcdb515522d15d5","name":"Angie Stacy Rodr\u00edguez G\u00f3mez","image":{"@type":"ImageObject","inLanguage":"es","@id":"https:\/\/secure.gravatar.com\/avatar\/08c6f46fb8b7d2682b0cdfd76fb248e50ae4b1eeed14c21faf047e138ae11aa3?s=96&d=mm&r=g","url":"https:\/\/secure.gravatar.com\/avatar\/08c6f46fb8b7d2682b0cdfd76fb248e50ae4b1eeed14c21faf047e138ae11aa3?s=96&d=mm&r=g","contentUrl":"https:\/\/secure.gravatar.com\/avatar\/08c6f46fb8b7d2682b0cdfd76fb248e50ae4b1eeed14c21faf047e138ae11aa3?s=96&d=mm&r=g","caption":"Angie Stacy Rodr\u00edguez G\u00f3mez"},"url":"https:\/\/www.eudistasmd.org\/index.php\/author\/noticias-editoramd\/"}]}},"_links":{"self":[{"href":"https:\/\/www.eudistasmd.org\/index.php\/wp-json\/wp\/v2\/posts\/7415","targetHints":{"allow":["GET"]}}],"collection":[{"href":"https:\/\/www.eudistasmd.org\/index.php\/wp-json\/wp\/v2\/posts"}],"about":[{"href":"https:\/\/www.eudistasmd.org\/index.php\/wp-json\/wp\/v2\/types\/post"}],"author":[{"embeddable":true,"href":"https:\/\/www.eudistasmd.org\/index.php\/wp-json\/wp\/v2\/users\/7"}],"replies":[{"embeddable":true,"href":"https:\/\/www.eudistasmd.org\/index.php\/wp-json\/wp\/v2\/comments?post=7415"}],"version-history":[{"count":1,"href":"https:\/\/www.eudistasmd.org\/index.php\/wp-json\/wp\/v2\/posts\/7415\/revisions"}],"predecessor-version":[{"id":7417,"href":"https:\/\/www.eudistasmd.org\/index.php\/wp-json\/wp\/v2\/posts\/7415\/revisions\/7417"}],"wp:featuredmedia":[{"embeddable":true,"href":"https:\/\/www.eudistasmd.org\/index.php\/wp-json\/wp\/v2\/media\/7416"}],"wp:attachment":[{"href":"https:\/\/www.eudistasmd.org\/index.php\/wp-json\/wp\/v2\/media?parent=7415"}],"wp:term":[{"taxonomy":"category","embeddable":true,"href":"https:\/\/www.eudistasmd.org\/index.php\/wp-json\/wp\/v2\/categories?post=7415"},{"taxonomy":"post_tag","embeddable":true,"href":"https:\/\/www.eudistasmd.org\/index.php\/wp-json\/wp\/v2\/tags?post=7415"}],"curies":[{"name":"wp","href":"https:\/\/api.w.org\/{rel}","templated":true}]}}