{"id":7399,"date":"2025-08-26T17:31:53","date_gmt":"2025-08-26T22:31:53","guid":{"rendered":"https:\/\/www.eudistasmd.org\/?p=7399"},"modified":"2025-08-26T17:31:53","modified_gmt":"2025-08-26T22:31:53","slug":"de-francisco-a-leon-el-hilo-rojo-entre-dos-pontificados","status":"publish","type":"post","link":"https:\/\/www.eudistasmd.org\/index.php\/2025\/08\/26\/de-francisco-a-leon-el-hilo-rojo-entre-dos-pontificados\/","title":{"rendered":"De Francisco a Le\u00f3n: el \u00abhilo rojo\u00bb entre dos pontificados"},"content":{"rendered":"<p><strong>Por: P. Hermes Fl\u00f3rez. cjm\u00a0<\/strong><\/p>\n<p>He le\u00eddo gustosamente el libro <em>\u00abDa Francesco a Leone\u00bb<\/em>, del sacerdote jesuita Antonio Spadaro, cuyo prop\u00f3sito me parece que es ofrecer algunas claves de lectura en este momento coyuntural de la Iglesia, donde a los doce fruct\u00edferos a\u00f1os de pontificado de Francisco le sucede el papa Le\u00f3n, una sucesi\u00f3n apost\u00f3lica que dar\u00e1 tambi\u00e9n mucho bien a la Iglesia. Quiero compartir mis impresiones personales a la luz de este libro y despu\u00e9s de m\u00e1s de cien d\u00edas de pontificado del Papa de la \u00abpaz desarmada y desarmante\u00bb, pues muchos a\u00fan podr\u00edamos preguntarnos por ese <em>\u00abfilo rosso\u00bb<\/em> entre la continuidad y la novedad.<\/p>\n<p>La primera impresi\u00f3n que me ha generado es la convicci\u00f3n -como deber\u00eda ser \u2013 de que la Iglesia es conducida en todo por el Esp\u00edritu Santo. Por tanto, el mismo Se\u00f1or es quien nos ayuda a entender que la Iglesia es un organismo vivo y no puede ser reducida a categor\u00edas de \u00abprogresistas\u00bb y \u00abtradicionalistas\u00bb. Esta lamentable realidad en la que hemos ca\u00eddo no pocos cat\u00f3licos ha suscitado la visi\u00f3n de una Iglesia casi a la manera de la lucha de dos partidos pol\u00edticos que se dividen el poder, entre los de derecha y los de izquierda. Por ejemplo, en estos d\u00edas muchos han salido a alabar como sana doctrina de Le\u00f3n la oposici\u00f3n a la adoraci\u00f3n de la naturaleza, dado que cre\u00edan que en el pontificado anterior -tildado de doctrina oscura- no se hab\u00eda tenido esta claridad. Pareciera que aquella convicci\u00f3n de ser creaturas y de cuidar la casa com\u00fan que Dios nos ha dado no fuera lo suficientemente asegurada en la doctrina cristiana de siempre.<\/p>\n<p>Una segunda impresi\u00f3n, que profundiza lo que acabamos de decir, es la visi\u00f3n de Iglesia que poseen el hijo de san Ignacio y el hijo de san Agust\u00edn: Francisco y Le\u00f3n respectivamente. De forma extraordinaria Spadaro al final de su libro, como ap\u00e9ndice, nos ofrece dos textos que valdr\u00eda la pena leer detenidamente. Por una parte, la homil\u00eda de Francisco para la santa misa en el inicio del cap\u00edtulo general de la Orden de San Agust\u00edn (28 de agosto de 2013); por otra, la entrevista al cardenal Robert Prevost (7 de agosto de 2024), donde se pueden encontrar elementos de su comprensi\u00f3n del pontificado de Francisco y de la Iglesia.<\/p>\n<p>En efecto, Francisco nos ha hablado de una Iglesia en salida que anuncia el Evangelio de Jesucristo, rostro de la misericordia de Dios (lo recuerda en la primera parte el padre Spadaro), cuyo m\u00e9todo es el discernimiento y cuyo horizonte es la fraternidad. Es una Iglesia de la escucha paciente y de una Iglesia que se convierte en hospital de campa\u00f1a para todos. Curiosamente el papa Le\u00f3n habla de una Iglesia abierta que promueve una paz desarmada y desarmante (mensaje que al interior de la Iglesia deber\u00edamos tomar muy en serio para evitar aquella tentaci\u00f3n de progresistas y tradicionalistas) y que ser\u00e1 una categor\u00eda importante en su pontificado.<\/p>\n<p>Una tercera impresi\u00f3n de la que no podr\u00eda dejar de hablar es aquella que aparece en este libro con bastante claridad: el pasaje de testimonio entre Francisco y el papa Le\u00f3n desde la categor\u00eda de la inquietud. Spadaro considera que esta palabra, <em>\u00abinquietudine\u00bb<\/em> es aquella m\u00e1s apropiada para captar esta herencia. Seguramente la ha tomado de la homil\u00eda que Francisco pronunci\u00f3 ante la Orden de San Agust\u00edn, donde hablaba de tres inquietudes: la inquietud de la b\u00fasqueda espiritual, la inquietud del encuentro con Dios y la inquietud del amor. El texto de partida de esa homil\u00eda fue precisamente el inicio de las Confesiones de san Agust\u00edn: <em>\u00abNos has hecho para ti e inquieto est\u00e1 nuestro coraz\u00f3n hasta que no descanse en Ti\u00bb<\/em> (I, 1,1). Este es el testimonio que revela la manera como el Esp\u00edritu conduce a su Iglesia y le da pastores seg\u00fan su Coraz\u00f3n en cada momento de la historia. Pero no se trata de una inquietud entendida en el sentido de incertidumbre, sino una inquietud en el sentido de dejarse interrogar por las <em>\u00abRerum Novarum\u00bb<\/em> o, mejor, las <em>\u00abRerum digitalium\u00bb<\/em> que hoy requieren una mirada desde esa sana inquietud en la que se anuncia con caridad y claridad el mensaje cristiano.<\/p>\n<p>Sobre todo, me atrever\u00eda a decir que es la inquietud del amor la que abrir\u00e1 grandes horizontes en el pontificado de Le\u00f3n en la que se conecta aquella inquietud de la b\u00fasqueda espiritual y del encuentro con Dios, temas, por cierto, en los que la espiritualidad eudista est\u00e1 llamada a decir una palabra.<\/p>\n","protected":false},"excerpt":{"rendered":"<p>Por: P. Hermes Fl\u00f3rez. cjm\u00a0 He le\u00eddo gustosamente el libro \u00abDa Francesco a Leone\u00bb, del sacerdote jesuita Antonio Spadaro, cuyo prop\u00f3sito me parece que es ofrecer algunas claves de lectura en este momento coyuntural de la Iglesia, donde a los doce fruct\u00edferos a\u00f1os de pontificado de Francisco le sucede el papa Le\u00f3n, una sucesi\u00f3n apost\u00f3lica [&hellip;]<\/p>\n","protected":false},"author":7,"featured_media":7401,"comment_status":"closed","ping_status":"closed","sticky":false,"template":"","format":"standard","meta":{"_et_pb_use_builder":"","_et_pb_old_content":"","_et_gb_content_width":"","footnotes":""},"categories":[13],"tags":[22,47,342],"class_list":["post-7399","post","type-post","status-publish","format-standard","has-post-thumbnail","hentry","category-actualidad-eudista","tag-eudistas","tag-papa-francisco","tag-papa-leon-xiv"],"yoast_head":"<!-- This site is optimized with the Yoast SEO plugin v27.2 - https:\/\/yoast.com\/product\/yoast-seo-wordpress\/ -->\n<title>De Francisco a Le\u00f3n: el \u00abhilo rojo\u00bb entre dos pontificados - Eudistas MD<\/title>\n<meta name=\"robots\" content=\"index, follow, max-snippet:-1, max-image-preview:large, max-video-preview:-1\" \/>\n<link rel=\"canonical\" href=\"https:\/\/www.eudistasmd.org\/index.php\/2025\/08\/26\/de-francisco-a-leon-el-hilo-rojo-entre-dos-pontificados\/\" \/>\n<meta property=\"og:locale\" content=\"es_ES\" \/>\n<meta property=\"og:type\" content=\"article\" \/>\n<meta property=\"og:title\" content=\"De Francisco a Le\u00f3n: el \u00abhilo rojo\u00bb entre dos pontificados - Eudistas MD\" \/>\n<meta property=\"og:description\" content=\"Por: P. Hermes Fl\u00f3rez. cjm\u00a0 He le\u00eddo gustosamente el libro \u00abDa Francesco a Leone\u00bb, del sacerdote jesuita Antonio Spadaro, cuyo prop\u00f3sito me parece que es ofrecer algunas claves de lectura en este momento coyuntural de la Iglesia, donde a los doce fruct\u00edferos a\u00f1os de pontificado de Francisco le sucede el papa Le\u00f3n, una sucesi\u00f3n apost\u00f3lica [&hellip;]\" \/>\n<meta property=\"og:url\" content=\"https:\/\/www.eudistasmd.org\/index.php\/2025\/08\/26\/de-francisco-a-leon-el-hilo-rojo-entre-dos-pontificados\/\" \/>\n<meta property=\"og:site_name\" content=\"Eudistas MD\" \/>\n<meta property=\"article:published_time\" content=\"2025-08-26T22:31:53+00:00\" \/>\n<meta property=\"og:image\" content=\"https:\/\/www.eudistasmd.org\/wp-content\/uploads\/2025\/08\/Noticia-san-juan-eudes.jpg\" \/>\n\t<meta property=\"og:image:width\" content=\"650\" \/>\n\t<meta property=\"og:image:height\" content=\"400\" \/>\n\t<meta property=\"og:image:type\" content=\"image\/jpeg\" \/>\n<meta name=\"author\" content=\"Angie Stacy Rodr\u00edguez G\u00f3mez\" \/>\n<meta name=\"twitter:card\" content=\"summary_large_image\" \/>\n<meta name=\"twitter:label1\" content=\"Escrito por\" \/>\n\t<meta name=\"twitter:data1\" content=\"Angie Stacy Rodr\u00edguez G\u00f3mez\" \/>\n\t<meta name=\"twitter:label2\" content=\"Tiempo de lectura\" \/>\n\t<meta name=\"twitter:data2\" content=\"4 minutos\" \/>\n<script type=\"application\/ld+json\" class=\"yoast-schema-graph\">{\"@context\":\"https:\/\/schema.org\",\"@graph\":[{\"@type\":\"Article\",\"@id\":\"https:\/\/www.eudistasmd.org\/index.php\/2025\/08\/26\/de-francisco-a-leon-el-hilo-rojo-entre-dos-pontificados\/#article\",\"isPartOf\":{\"@id\":\"https:\/\/www.eudistasmd.org\/index.php\/2025\/08\/26\/de-francisco-a-leon-el-hilo-rojo-entre-dos-pontificados\/\"},\"author\":{\"name\":\"Angie Stacy Rodr\u00edguez G\u00f3mez\",\"@id\":\"https:\/\/www.eudistasmd.org\/#\/schema\/person\/ea031151eedd6aedadcdb515522d15d5\"},\"headline\":\"De Francisco a Le\u00f3n: el \u00abhilo rojo\u00bb entre dos pontificados\",\"datePublished\":\"2025-08-26T22:31:53+00:00\",\"mainEntityOfPage\":{\"@id\":\"https:\/\/www.eudistasmd.org\/index.php\/2025\/08\/26\/de-francisco-a-leon-el-hilo-rojo-entre-dos-pontificados\/\"},\"wordCount\":818,\"image\":{\"@id\":\"https:\/\/www.eudistasmd.org\/index.php\/2025\/08\/26\/de-francisco-a-leon-el-hilo-rojo-entre-dos-pontificados\/#primaryimage\"},\"thumbnailUrl\":\"https:\/\/www.eudistasmd.org\/wp-content\/uploads\/2025\/08\/Noticia-san-juan-eudes.jpg\",\"keywords\":[\"Eudistas\",\"Papa Francisco\",\"Papa Le\u00f3n XIV\"],\"articleSection\":[\"Actualidad Eudista\"],\"inLanguage\":\"es\"},{\"@type\":\"WebPage\",\"@id\":\"https:\/\/www.eudistasmd.org\/index.php\/2025\/08\/26\/de-francisco-a-leon-el-hilo-rojo-entre-dos-pontificados\/\",\"url\":\"https:\/\/www.eudistasmd.org\/index.php\/2025\/08\/26\/de-francisco-a-leon-el-hilo-rojo-entre-dos-pontificados\/\",\"name\":\"De Francisco a Le\u00f3n: el \u00abhilo rojo\u00bb entre dos pontificados - Eudistas MD\",\"isPartOf\":{\"@id\":\"https:\/\/www.eudistasmd.org\/#website\"},\"primaryImageOfPage\":{\"@id\":\"https:\/\/www.eudistasmd.org\/index.php\/2025\/08\/26\/de-francisco-a-leon-el-hilo-rojo-entre-dos-pontificados\/#primaryimage\"},\"image\":{\"@id\":\"https:\/\/www.eudistasmd.org\/index.php\/2025\/08\/26\/de-francisco-a-leon-el-hilo-rojo-entre-dos-pontificados\/#primaryimage\"},\"thumbnailUrl\":\"https:\/\/www.eudistasmd.org\/wp-content\/uploads\/2025\/08\/Noticia-san-juan-eudes.jpg\",\"datePublished\":\"2025-08-26T22:31:53+00:00\",\"author\":{\"@id\":\"https:\/\/www.eudistasmd.org\/#\/schema\/person\/ea031151eedd6aedadcdb515522d15d5\"},\"breadcrumb\":{\"@id\":\"https:\/\/www.eudistasmd.org\/index.php\/2025\/08\/26\/de-francisco-a-leon-el-hilo-rojo-entre-dos-pontificados\/#breadcrumb\"},\"inLanguage\":\"es\",\"potentialAction\":[{\"@type\":\"ReadAction\",\"target\":[\"https:\/\/www.eudistasmd.org\/index.php\/2025\/08\/26\/de-francisco-a-leon-el-hilo-rojo-entre-dos-pontificados\/\"]}]},{\"@type\":\"ImageObject\",\"inLanguage\":\"es\",\"@id\":\"https:\/\/www.eudistasmd.org\/index.php\/2025\/08\/26\/de-francisco-a-leon-el-hilo-rojo-entre-dos-pontificados\/#primaryimage\",\"url\":\"https:\/\/www.eudistasmd.org\/wp-content\/uploads\/2025\/08\/Noticia-san-juan-eudes.jpg\",\"contentUrl\":\"https:\/\/www.eudistasmd.org\/wp-content\/uploads\/2025\/08\/Noticia-san-juan-eudes.jpg\",\"width\":650,\"height\":400},{\"@type\":\"BreadcrumbList\",\"@id\":\"https:\/\/www.eudistasmd.org\/index.php\/2025\/08\/26\/de-francisco-a-leon-el-hilo-rojo-entre-dos-pontificados\/#breadcrumb\",\"itemListElement\":[{\"@type\":\"ListItem\",\"position\":1,\"name\":\"Portada\",\"item\":\"https:\/\/www.eudistasmd.org\/\"},{\"@type\":\"ListItem\",\"position\":2,\"name\":\"De Francisco a Le\u00f3n: el \u00abhilo rojo\u00bb entre dos pontificados\"}]},{\"@type\":\"WebSite\",\"@id\":\"https:\/\/www.eudistasmd.org\/#website\",\"url\":\"https:\/\/www.eudistasmd.org\/\",\"name\":\"Eudistas MD\",\"description\":\"Esta Provincia naci\u00f3 de la obra fundada por el padre eudista: Rafael Garc\u00eda Herreros. Este Don del Minuto de Dios ha sido encomendado a los los Eudistas del El Minuto de Dios, quienes se dedican a la Evangelizaci\u00f3n, la Formaci\u00f3n, y al servicio a los m\u00e1s pobres a trav\u00e9s de la Organizaci\u00f3n Minuto de Dios.\",\"potentialAction\":[{\"@type\":\"SearchAction\",\"target\":{\"@type\":\"EntryPoint\",\"urlTemplate\":\"https:\/\/www.eudistasmd.org\/?s={search_term_string}\"},\"query-input\":{\"@type\":\"PropertyValueSpecification\",\"valueRequired\":true,\"valueName\":\"search_term_string\"}}],\"inLanguage\":\"es\"},{\"@type\":\"Person\",\"@id\":\"https:\/\/www.eudistasmd.org\/#\/schema\/person\/ea031151eedd6aedadcdb515522d15d5\",\"name\":\"Angie Stacy Rodr\u00edguez G\u00f3mez\",\"image\":{\"@type\":\"ImageObject\",\"inLanguage\":\"es\",\"@id\":\"https:\/\/secure.gravatar.com\/avatar\/08c6f46fb8b7d2682b0cdfd76fb248e50ae4b1eeed14c21faf047e138ae11aa3?s=96&d=mm&r=g\",\"url\":\"https:\/\/secure.gravatar.com\/avatar\/08c6f46fb8b7d2682b0cdfd76fb248e50ae4b1eeed14c21faf047e138ae11aa3?s=96&d=mm&r=g\",\"contentUrl\":\"https:\/\/secure.gravatar.com\/avatar\/08c6f46fb8b7d2682b0cdfd76fb248e50ae4b1eeed14c21faf047e138ae11aa3?s=96&d=mm&r=g\",\"caption\":\"Angie Stacy Rodr\u00edguez G\u00f3mez\"},\"url\":\"https:\/\/www.eudistasmd.org\/index.php\/author\/noticias-editoramd\/\"}]}<\/script>\n<!-- \/ Yoast SEO plugin. -->","yoast_head_json":{"title":"De Francisco a Le\u00f3n: el \u00abhilo rojo\u00bb entre dos pontificados - Eudistas MD","robots":{"index":"index","follow":"follow","max-snippet":"max-snippet:-1","max-image-preview":"max-image-preview:large","max-video-preview":"max-video-preview:-1"},"canonical":"https:\/\/www.eudistasmd.org\/index.php\/2025\/08\/26\/de-francisco-a-leon-el-hilo-rojo-entre-dos-pontificados\/","og_locale":"es_ES","og_type":"article","og_title":"De Francisco a Le\u00f3n: el \u00abhilo rojo\u00bb entre dos pontificados - Eudistas MD","og_description":"Por: P. Hermes Fl\u00f3rez. cjm\u00a0 He le\u00eddo gustosamente el libro \u00abDa Francesco a Leone\u00bb, del sacerdote jesuita Antonio Spadaro, cuyo prop\u00f3sito me parece que es ofrecer algunas claves de lectura en este momento coyuntural de la Iglesia, donde a los doce fruct\u00edferos a\u00f1os de pontificado de Francisco le sucede el papa Le\u00f3n, una sucesi\u00f3n apost\u00f3lica [&hellip;]","og_url":"https:\/\/www.eudistasmd.org\/index.php\/2025\/08\/26\/de-francisco-a-leon-el-hilo-rojo-entre-dos-pontificados\/","og_site_name":"Eudistas MD","article_published_time":"2025-08-26T22:31:53+00:00","og_image":[{"width":650,"height":400,"url":"https:\/\/www.eudistasmd.org\/wp-content\/uploads\/2025\/08\/Noticia-san-juan-eudes.jpg","type":"image\/jpeg"}],"author":"Angie Stacy Rodr\u00edguez G\u00f3mez","twitter_card":"summary_large_image","twitter_misc":{"Escrito por":"Angie Stacy Rodr\u00edguez G\u00f3mez","Tiempo de lectura":"4 minutos"},"schema":{"@context":"https:\/\/schema.org","@graph":[{"@type":"Article","@id":"https:\/\/www.eudistasmd.org\/index.php\/2025\/08\/26\/de-francisco-a-leon-el-hilo-rojo-entre-dos-pontificados\/#article","isPartOf":{"@id":"https:\/\/www.eudistasmd.org\/index.php\/2025\/08\/26\/de-francisco-a-leon-el-hilo-rojo-entre-dos-pontificados\/"},"author":{"name":"Angie Stacy Rodr\u00edguez G\u00f3mez","@id":"https:\/\/www.eudistasmd.org\/#\/schema\/person\/ea031151eedd6aedadcdb515522d15d5"},"headline":"De Francisco a Le\u00f3n: el \u00abhilo rojo\u00bb entre dos pontificados","datePublished":"2025-08-26T22:31:53+00:00","mainEntityOfPage":{"@id":"https:\/\/www.eudistasmd.org\/index.php\/2025\/08\/26\/de-francisco-a-leon-el-hilo-rojo-entre-dos-pontificados\/"},"wordCount":818,"image":{"@id":"https:\/\/www.eudistasmd.org\/index.php\/2025\/08\/26\/de-francisco-a-leon-el-hilo-rojo-entre-dos-pontificados\/#primaryimage"},"thumbnailUrl":"https:\/\/www.eudistasmd.org\/wp-content\/uploads\/2025\/08\/Noticia-san-juan-eudes.jpg","keywords":["Eudistas","Papa Francisco","Papa Le\u00f3n XIV"],"articleSection":["Actualidad Eudista"],"inLanguage":"es"},{"@type":"WebPage","@id":"https:\/\/www.eudistasmd.org\/index.php\/2025\/08\/26\/de-francisco-a-leon-el-hilo-rojo-entre-dos-pontificados\/","url":"https:\/\/www.eudistasmd.org\/index.php\/2025\/08\/26\/de-francisco-a-leon-el-hilo-rojo-entre-dos-pontificados\/","name":"De Francisco a Le\u00f3n: el \u00abhilo rojo\u00bb entre dos pontificados - Eudistas MD","isPartOf":{"@id":"https:\/\/www.eudistasmd.org\/#website"},"primaryImageOfPage":{"@id":"https:\/\/www.eudistasmd.org\/index.php\/2025\/08\/26\/de-francisco-a-leon-el-hilo-rojo-entre-dos-pontificados\/#primaryimage"},"image":{"@id":"https:\/\/www.eudistasmd.org\/index.php\/2025\/08\/26\/de-francisco-a-leon-el-hilo-rojo-entre-dos-pontificados\/#primaryimage"},"thumbnailUrl":"https:\/\/www.eudistasmd.org\/wp-content\/uploads\/2025\/08\/Noticia-san-juan-eudes.jpg","datePublished":"2025-08-26T22:31:53+00:00","author":{"@id":"https:\/\/www.eudistasmd.org\/#\/schema\/person\/ea031151eedd6aedadcdb515522d15d5"},"breadcrumb":{"@id":"https:\/\/www.eudistasmd.org\/index.php\/2025\/08\/26\/de-francisco-a-leon-el-hilo-rojo-entre-dos-pontificados\/#breadcrumb"},"inLanguage":"es","potentialAction":[{"@type":"ReadAction","target":["https:\/\/www.eudistasmd.org\/index.php\/2025\/08\/26\/de-francisco-a-leon-el-hilo-rojo-entre-dos-pontificados\/"]}]},{"@type":"ImageObject","inLanguage":"es","@id":"https:\/\/www.eudistasmd.org\/index.php\/2025\/08\/26\/de-francisco-a-leon-el-hilo-rojo-entre-dos-pontificados\/#primaryimage","url":"https:\/\/www.eudistasmd.org\/wp-content\/uploads\/2025\/08\/Noticia-san-juan-eudes.jpg","contentUrl":"https:\/\/www.eudistasmd.org\/wp-content\/uploads\/2025\/08\/Noticia-san-juan-eudes.jpg","width":650,"height":400},{"@type":"BreadcrumbList","@id":"https:\/\/www.eudistasmd.org\/index.php\/2025\/08\/26\/de-francisco-a-leon-el-hilo-rojo-entre-dos-pontificados\/#breadcrumb","itemListElement":[{"@type":"ListItem","position":1,"name":"Portada","item":"https:\/\/www.eudistasmd.org\/"},{"@type":"ListItem","position":2,"name":"De Francisco a Le\u00f3n: el \u00abhilo rojo\u00bb entre dos pontificados"}]},{"@type":"WebSite","@id":"https:\/\/www.eudistasmd.org\/#website","url":"https:\/\/www.eudistasmd.org\/","name":"Eudistas MD","description":"Esta Provincia naci\u00f3 de la obra fundada por el padre eudista: Rafael Garc\u00eda Herreros. Este Don del Minuto de Dios ha sido encomendado a los los Eudistas del El Minuto de Dios, quienes se dedican a la Evangelizaci\u00f3n, la Formaci\u00f3n, y al servicio a los m\u00e1s pobres a trav\u00e9s de la Organizaci\u00f3n Minuto de Dios.","potentialAction":[{"@type":"SearchAction","target":{"@type":"EntryPoint","urlTemplate":"https:\/\/www.eudistasmd.org\/?s={search_term_string}"},"query-input":{"@type":"PropertyValueSpecification","valueRequired":true,"valueName":"search_term_string"}}],"inLanguage":"es"},{"@type":"Person","@id":"https:\/\/www.eudistasmd.org\/#\/schema\/person\/ea031151eedd6aedadcdb515522d15d5","name":"Angie Stacy Rodr\u00edguez G\u00f3mez","image":{"@type":"ImageObject","inLanguage":"es","@id":"https:\/\/secure.gravatar.com\/avatar\/08c6f46fb8b7d2682b0cdfd76fb248e50ae4b1eeed14c21faf047e138ae11aa3?s=96&d=mm&r=g","url":"https:\/\/secure.gravatar.com\/avatar\/08c6f46fb8b7d2682b0cdfd76fb248e50ae4b1eeed14c21faf047e138ae11aa3?s=96&d=mm&r=g","contentUrl":"https:\/\/secure.gravatar.com\/avatar\/08c6f46fb8b7d2682b0cdfd76fb248e50ae4b1eeed14c21faf047e138ae11aa3?s=96&d=mm&r=g","caption":"Angie Stacy Rodr\u00edguez G\u00f3mez"},"url":"https:\/\/www.eudistasmd.org\/index.php\/author\/noticias-editoramd\/"}]}},"_links":{"self":[{"href":"https:\/\/www.eudistasmd.org\/index.php\/wp-json\/wp\/v2\/posts\/7399","targetHints":{"allow":["GET"]}}],"collection":[{"href":"https:\/\/www.eudistasmd.org\/index.php\/wp-json\/wp\/v2\/posts"}],"about":[{"href":"https:\/\/www.eudistasmd.org\/index.php\/wp-json\/wp\/v2\/types\/post"}],"author":[{"embeddable":true,"href":"https:\/\/www.eudistasmd.org\/index.php\/wp-json\/wp\/v2\/users\/7"}],"replies":[{"embeddable":true,"href":"https:\/\/www.eudistasmd.org\/index.php\/wp-json\/wp\/v2\/comments?post=7399"}],"version-history":[{"count":1,"href":"https:\/\/www.eudistasmd.org\/index.php\/wp-json\/wp\/v2\/posts\/7399\/revisions"}],"predecessor-version":[{"id":7402,"href":"https:\/\/www.eudistasmd.org\/index.php\/wp-json\/wp\/v2\/posts\/7399\/revisions\/7402"}],"wp:featuredmedia":[{"embeddable":true,"href":"https:\/\/www.eudistasmd.org\/index.php\/wp-json\/wp\/v2\/media\/7401"}],"wp:attachment":[{"href":"https:\/\/www.eudistasmd.org\/index.php\/wp-json\/wp\/v2\/media?parent=7399"}],"wp:term":[{"taxonomy":"category","embeddable":true,"href":"https:\/\/www.eudistasmd.org\/index.php\/wp-json\/wp\/v2\/categories?post=7399"},{"taxonomy":"post_tag","embeddable":true,"href":"https:\/\/www.eudistasmd.org\/index.php\/wp-json\/wp\/v2\/tags?post=7399"}],"curies":[{"name":"wp","href":"https:\/\/api.w.org\/{rel}","templated":true}]}}