{"id":7391,"date":"2025-08-25T16:24:53","date_gmt":"2025-08-25T21:24:53","guid":{"rendered":"https:\/\/www.eudistasmd.org\/?p=7391"},"modified":"2025-08-26T09:16:36","modified_gmt":"2025-08-26T14:16:36","slug":"un-momento-de-comunion-escucha-y-envio-visita-canonica-a-la-comunidad-local-carlos-eduardo-acosta-en-bogota","status":"publish","type":"post","link":"https:\/\/www.eudistasmd.org\/index.php\/2025\/08\/25\/un-momento-de-comunion-escucha-y-envio-visita-canonica-a-la-comunidad-local-carlos-eduardo-acosta-en-bogota\/","title":{"rendered":"Un momento de comuni\u00f3n, escucha y env\u00edo: Visita Can\u00f3nica a la Comunidad Local Carlos Eduardo Acosta en Bogot\u00e1"},"content":{"rendered":"<p>Durante los d\u00edas 22 al 24 de agosto de 2025, la Comunidad Local Carlos Eduardo Acosta, con sede en Bogot\u00e1, recibi\u00f3 con alegr\u00eda la visita can\u00f3nica del P. Germ\u00e1n G\u00e1ndara, CJM, Superior Provincial de la Provincia Eudista Minuto de Dios. Esta visita fraterna, realizada en esp\u00edritu de discernimiento y renovaci\u00f3n, permiti\u00f3 estrechar los lazos de comuni\u00f3n, revisar los signos de la acci\u00f3n del Esp\u00edritu en la comunidad y proyectar los desaf\u00edos de la misi\u00f3n eudista en el coraz\u00f3n de la ciudad capital.<\/p>\n<p><strong>Una comunidad al servicio del Reino<\/strong><\/p>\n<p>La Comunidad Local Carlos Eduardo Acosta est\u00e1 compuesta por ocho hermanos eudistas que desarrollan su ministerio en diversos frentes de evangelizaci\u00f3n, medios de comunicaci\u00f3n, educaci\u00f3n, espiritualidad y acompa\u00f1amiento pastoral. Esta comunidad est\u00e1 conformada por:<\/p>\n<ul>\n<li><strong>P. Diego Jaramillo Cuartas, CJM<\/strong>, Superior Local y Presidente de El Minuto de Dios.<\/li>\n<li><strong>P. Camilo Bernal Hadad, CJM<\/strong>, Vicepresidente de El Minuto de Dios.<\/li>\n<li><strong>P. Harold de Jes\u00fas Castilla Devoz, CJM<\/strong>, Asistente Provincial y Rector General de UNIMINUTO.<\/li>\n<li><strong>P. Jorge Humberto Moya Garc\u00eda, CJM<\/strong>, realizador de programas para la Emisora Minuto de Dios.<\/li>\n<li><strong>P. Oscar Andr\u00e9s Rodr\u00edguez Tique, CJM<\/strong>, Director de Pastoral UNIMINUTO Bogot\u00e1.<\/li>\n<li><strong>P. Javier Enrique Riveros Gonz\u00e1lez, CJM<\/strong>, Director de las Emisoras Minuto de Dios en Bogot\u00e1 y Medell\u00edn, y asesor de RCC Colombia.<\/li>\n<li><strong>P. Diego Augusto Vargas Garc\u00eda, CJM<\/strong>, responsable de la Pastoral de la Corporaci\u00f3n Organizaci\u00f3n Minuto de Dios.<\/li>\n<li><strong>Di\u00e1c. Andr\u00e9s Felipe Torres Acero, CJM<\/strong>, colaborador en la C\u00e1tedra Virtual Minuto de Dios.<\/li>\n<\/ul>\n<p>Esta rica diversidad de servicios, edades y trayectorias da testimonio de una comunidad que conjuga la experiencia con el dinamismo apost\u00f3lico, el pensamiento con la acci\u00f3n pastoral, y la espiritualidad con el compromiso transformador.<\/p>\n<p><strong>Un espacio de encuentro espiritual y fraterno<\/strong><\/p>\n<p>Durante la visita, el Padre Provincial sostuvo encuentros personales con cada uno de los miembros de la comunidad, escuchando su caminar vocacional, sus inquietudes y propuestas. Se vivieron tambi\u00e9n momentos comunitarios de oraci\u00f3n, di\u00e1logo fraterno y discernimiento. El punto culminante de la visita fue la\u00a0celebraci\u00f3n de la Eucarist\u00eda con los asociados eudistas\u00a0de la comunidad local, en la\u00a0Capilla del Sant\u00edsimo del nuevo templo parroquial San Juan Eudes, recientemente consagrado.<\/p>\n<p>Este gesto, profundamente simb\u00f3lico, uni\u00f3 a la comunidad religiosa y laical en torno al altar, en el marco de la reciente fiesta del padre San Juan Eudes. All\u00ed se renov\u00f3 el deseo de vivir la comuni\u00f3n eudista como cuerpo apost\u00f3lico al servicio del pueblo, con la mirada fija en el Coraz\u00f3n de Jes\u00fas y la audacia de quien dice cada d\u00eda: \u201c\u00a1Viva Jes\u00fas y Mar\u00eda!\u201d<\/p>\n<p><strong>Camino sinodal<\/strong><\/p>\n<p>La visita can\u00f3nica no fue un simple acto administrativo, sino una experiencia de escucha mutua, animaci\u00f3n espiritual y discernimiento conjunto. El Superior Provincial, con su cercan\u00eda y claridad, alent\u00f3 a los hermanos a continuar profundizando en la vivencia del carisma, a fortalecer la vida fraterna y a ser signos prof\u00e9ticos de esperanza en medio de una sociedad herida.<\/p>\n<p>La Comunidad Carlos Eduardo Acosta renueva as\u00ed su compromiso de ser, como nos ense\u00f1\u00f3 nuestro fundador,\u00a0\u201csiervos de Cristo, luz de la historia\u201d, caminando unidos con toda la Provincia hacia nuevos horizontes de misi\u00f3n, formaci\u00f3n y servicio.<\/p>\n<p><a title=\"Visita Can\u00f3nica Comunidad Local Carlos Eduardo Acosta\" href=\"https:\/\/www.flickr.com\/photos\/200276192@N06\/albums\/72177720328597321\" data-flickr-embed=\"true\"><img loading=\"lazy\" decoding=\"async\" class=\"aligncenter\" src=\"https:\/\/live.staticflickr.com\/65535\/54744911284_16d494d722_h.jpg\" alt=\"Visita Can\u00f3nica Comunidad Local Carlos Eduardo Acosta\" width=\"558\" height=\"418\" \/><\/a><script async src=\"\/\/embedr.flickr.com\/assets\/client-code.js\" charset=\"utf-8\"><\/script><\/p>\n","protected":false},"excerpt":{"rendered":"<p>Durante los d\u00edas 22 al 24 de agosto de 2025, la Comunidad Local Carlos Eduardo Acosta, con sede en Bogot\u00e1, recibi\u00f3 con alegr\u00eda la visita can\u00f3nica del P. Germ\u00e1n G\u00e1ndara, CJM, Superior Provincial de la Provincia Eudista Minuto de Dios. Esta visita fraterna, realizada en esp\u00edritu de discernimiento y renovaci\u00f3n, permiti\u00f3 estrechar los lazos de [&hellip;]<\/p>\n","protected":false},"author":7,"featured_media":7392,"comment_status":"closed","ping_status":"closed","sticky":false,"template":"","format":"standard","meta":{"_et_pb_use_builder":"","_et_pb_old_content":"","_et_gb_content_width":"","footnotes":""},"categories":[13],"tags":[400,22,55],"class_list":["post-7391","post","type-post","status-publish","format-standard","has-post-thumbnail","hentry","category-actualidad-eudista","tag-carlos-eduardo-acosta","tag-eudistas","tag-eudistas-de-el-minuto-de-dios"],"yoast_head":"<!-- This site is optimized with the Yoast SEO plugin v27.2 - https:\/\/yoast.com\/product\/yoast-seo-wordpress\/ -->\n<title>Un momento de comuni\u00f3n, escucha y env\u00edo: Visita Can\u00f3nica a la Comunidad Local Carlos Eduardo Acosta en Bogot\u00e1 - Eudistas MD<\/title>\n<meta name=\"robots\" content=\"index, follow, max-snippet:-1, max-image-preview:large, max-video-preview:-1\" \/>\n<link rel=\"canonical\" href=\"https:\/\/www.eudistasmd.org\/index.php\/2025\/08\/25\/un-momento-de-comunion-escucha-y-envio-visita-canonica-a-la-comunidad-local-carlos-eduardo-acosta-en-bogota\/\" \/>\n<meta property=\"og:locale\" content=\"es_ES\" \/>\n<meta property=\"og:type\" content=\"article\" \/>\n<meta property=\"og:title\" content=\"Un momento de comuni\u00f3n, escucha y env\u00edo: Visita Can\u00f3nica a la Comunidad Local Carlos Eduardo Acosta en Bogot\u00e1 - Eudistas MD\" \/>\n<meta property=\"og:description\" content=\"Durante los d\u00edas 22 al 24 de agosto de 2025, la Comunidad Local Carlos Eduardo Acosta, con sede en Bogot\u00e1, recibi\u00f3 con alegr\u00eda la visita can\u00f3nica del P. Germ\u00e1n G\u00e1ndara, CJM, Superior Provincial de la Provincia Eudista Minuto de Dios. Esta visita fraterna, realizada en esp\u00edritu de discernimiento y renovaci\u00f3n, permiti\u00f3 estrechar los lazos de [&hellip;]\" \/>\n<meta property=\"og:url\" content=\"https:\/\/www.eudistasmd.org\/index.php\/2025\/08\/25\/un-momento-de-comunion-escucha-y-envio-visita-canonica-a-la-comunidad-local-carlos-eduardo-acosta-en-bogota\/\" \/>\n<meta property=\"og:site_name\" content=\"Eudistas MD\" \/>\n<meta property=\"article:published_time\" content=\"2025-08-25T21:24:53+00:00\" \/>\n<meta property=\"article:modified_time\" content=\"2025-08-26T14:16:36+00:00\" \/>\n<meta property=\"og:image\" content=\"https:\/\/www.eudistasmd.org\/wp-content\/uploads\/2025\/08\/Noticia.jpeg\" \/>\n\t<meta property=\"og:image:width\" content=\"1600\" \/>\n\t<meta property=\"og:image:height\" content=\"960\" \/>\n\t<meta property=\"og:image:type\" content=\"image\/jpeg\" \/>\n<meta name=\"author\" content=\"Angie Stacy Rodr\u00edguez G\u00f3mez\" \/>\n<meta name=\"twitter:card\" content=\"summary_large_image\" \/>\n<meta name=\"twitter:label1\" content=\"Escrito por\" \/>\n\t<meta name=\"twitter:data1\" content=\"Angie Stacy Rodr\u00edguez G\u00f3mez\" \/>\n\t<meta name=\"twitter:label2\" content=\"Tiempo de lectura\" \/>\n\t<meta name=\"twitter:data2\" content=\"3 minutos\" \/>\n<script type=\"application\/ld+json\" class=\"yoast-schema-graph\">{\"@context\":\"https:\/\/schema.org\",\"@graph\":[{\"@type\":\"Article\",\"@id\":\"https:\/\/www.eudistasmd.org\/index.php\/2025\/08\/25\/un-momento-de-comunion-escucha-y-envio-visita-canonica-a-la-comunidad-local-carlos-eduardo-acosta-en-bogota\/#article\",\"isPartOf\":{\"@id\":\"https:\/\/www.eudistasmd.org\/index.php\/2025\/08\/25\/un-momento-de-comunion-escucha-y-envio-visita-canonica-a-la-comunidad-local-carlos-eduardo-acosta-en-bogota\/\"},\"author\":{\"name\":\"Angie Stacy Rodr\u00edguez G\u00f3mez\",\"@id\":\"https:\/\/www.eudistasmd.org\/#\/schema\/person\/ea031151eedd6aedadcdb515522d15d5\"},\"headline\":\"Un momento de comuni\u00f3n, escucha y env\u00edo: Visita Can\u00f3nica a la Comunidad Local Carlos Eduardo Acosta en Bogot\u00e1\",\"datePublished\":\"2025-08-25T21:24:53+00:00\",\"dateModified\":\"2025-08-26T14:16:36+00:00\",\"mainEntityOfPage\":{\"@id\":\"https:\/\/www.eudistasmd.org\/index.php\/2025\/08\/25\/un-momento-de-comunion-escucha-y-envio-visita-canonica-a-la-comunidad-local-carlos-eduardo-acosta-en-bogota\/\"},\"wordCount\":583,\"image\":{\"@id\":\"https:\/\/www.eudistasmd.org\/index.php\/2025\/08\/25\/un-momento-de-comunion-escucha-y-envio-visita-canonica-a-la-comunidad-local-carlos-eduardo-acosta-en-bogota\/#primaryimage\"},\"thumbnailUrl\":\"https:\/\/www.eudistasmd.org\/wp-content\/uploads\/2025\/08\/Noticia.jpeg\",\"keywords\":[\"Carlos Eduardo Acosta\",\"Eudistas\",\"Eudistas de El Minuto de Dios\"],\"articleSection\":[\"Actualidad Eudista\"],\"inLanguage\":\"es\"},{\"@type\":\"WebPage\",\"@id\":\"https:\/\/www.eudistasmd.org\/index.php\/2025\/08\/25\/un-momento-de-comunion-escucha-y-envio-visita-canonica-a-la-comunidad-local-carlos-eduardo-acosta-en-bogota\/\",\"url\":\"https:\/\/www.eudistasmd.org\/index.php\/2025\/08\/25\/un-momento-de-comunion-escucha-y-envio-visita-canonica-a-la-comunidad-local-carlos-eduardo-acosta-en-bogota\/\",\"name\":\"Un momento de comuni\u00f3n, escucha y env\u00edo: Visita Can\u00f3nica a la Comunidad Local Carlos Eduardo Acosta en Bogot\u00e1 - Eudistas MD\",\"isPartOf\":{\"@id\":\"https:\/\/www.eudistasmd.org\/#website\"},\"primaryImageOfPage\":{\"@id\":\"https:\/\/www.eudistasmd.org\/index.php\/2025\/08\/25\/un-momento-de-comunion-escucha-y-envio-visita-canonica-a-la-comunidad-local-carlos-eduardo-acosta-en-bogota\/#primaryimage\"},\"image\":{\"@id\":\"https:\/\/www.eudistasmd.org\/index.php\/2025\/08\/25\/un-momento-de-comunion-escucha-y-envio-visita-canonica-a-la-comunidad-local-carlos-eduardo-acosta-en-bogota\/#primaryimage\"},\"thumbnailUrl\":\"https:\/\/www.eudistasmd.org\/wp-content\/uploads\/2025\/08\/Noticia.jpeg\",\"datePublished\":\"2025-08-25T21:24:53+00:00\",\"dateModified\":\"2025-08-26T14:16:36+00:00\",\"author\":{\"@id\":\"https:\/\/www.eudistasmd.org\/#\/schema\/person\/ea031151eedd6aedadcdb515522d15d5\"},\"breadcrumb\":{\"@id\":\"https:\/\/www.eudistasmd.org\/index.php\/2025\/08\/25\/un-momento-de-comunion-escucha-y-envio-visita-canonica-a-la-comunidad-local-carlos-eduardo-acosta-en-bogota\/#breadcrumb\"},\"inLanguage\":\"es\",\"potentialAction\":[{\"@type\":\"ReadAction\",\"target\":[\"https:\/\/www.eudistasmd.org\/index.php\/2025\/08\/25\/un-momento-de-comunion-escucha-y-envio-visita-canonica-a-la-comunidad-local-carlos-eduardo-acosta-en-bogota\/\"]}]},{\"@type\":\"ImageObject\",\"inLanguage\":\"es\",\"@id\":\"https:\/\/www.eudistasmd.org\/index.php\/2025\/08\/25\/un-momento-de-comunion-escucha-y-envio-visita-canonica-a-la-comunidad-local-carlos-eduardo-acosta-en-bogota\/#primaryimage\",\"url\":\"https:\/\/www.eudistasmd.org\/wp-content\/uploads\/2025\/08\/Noticia.jpeg\",\"contentUrl\":\"https:\/\/www.eudistasmd.org\/wp-content\/uploads\/2025\/08\/Noticia.jpeg\",\"width\":1600,\"height\":960},{\"@type\":\"BreadcrumbList\",\"@id\":\"https:\/\/www.eudistasmd.org\/index.php\/2025\/08\/25\/un-momento-de-comunion-escucha-y-envio-visita-canonica-a-la-comunidad-local-carlos-eduardo-acosta-en-bogota\/#breadcrumb\",\"itemListElement\":[{\"@type\":\"ListItem\",\"position\":1,\"name\":\"Portada\",\"item\":\"https:\/\/www.eudistasmd.org\/\"},{\"@type\":\"ListItem\",\"position\":2,\"name\":\"Un momento de comuni\u00f3n, escucha y env\u00edo: Visita Can\u00f3nica a la Comunidad Local Carlos Eduardo Acosta en Bogot\u00e1\"}]},{\"@type\":\"WebSite\",\"@id\":\"https:\/\/www.eudistasmd.org\/#website\",\"url\":\"https:\/\/www.eudistasmd.org\/\",\"name\":\"Eudistas MD\",\"description\":\"Esta Provincia naci\u00f3 de la obra fundada por el padre eudista: Rafael Garc\u00eda Herreros. Este Don del Minuto de Dios ha sido encomendado a los los Eudistas del El Minuto de Dios, quienes se dedican a la Evangelizaci\u00f3n, la Formaci\u00f3n, y al servicio a los m\u00e1s pobres a trav\u00e9s de la Organizaci\u00f3n Minuto de Dios.\",\"potentialAction\":[{\"@type\":\"SearchAction\",\"target\":{\"@type\":\"EntryPoint\",\"urlTemplate\":\"https:\/\/www.eudistasmd.org\/?s={search_term_string}\"},\"query-input\":{\"@type\":\"PropertyValueSpecification\",\"valueRequired\":true,\"valueName\":\"search_term_string\"}}],\"inLanguage\":\"es\"},{\"@type\":\"Person\",\"@id\":\"https:\/\/www.eudistasmd.org\/#\/schema\/person\/ea031151eedd6aedadcdb515522d15d5\",\"name\":\"Angie Stacy Rodr\u00edguez G\u00f3mez\",\"image\":{\"@type\":\"ImageObject\",\"inLanguage\":\"es\",\"@id\":\"https:\/\/secure.gravatar.com\/avatar\/08c6f46fb8b7d2682b0cdfd76fb248e50ae4b1eeed14c21faf047e138ae11aa3?s=96&d=mm&r=g\",\"url\":\"https:\/\/secure.gravatar.com\/avatar\/08c6f46fb8b7d2682b0cdfd76fb248e50ae4b1eeed14c21faf047e138ae11aa3?s=96&d=mm&r=g\",\"contentUrl\":\"https:\/\/secure.gravatar.com\/avatar\/08c6f46fb8b7d2682b0cdfd76fb248e50ae4b1eeed14c21faf047e138ae11aa3?s=96&d=mm&r=g\",\"caption\":\"Angie Stacy Rodr\u00edguez G\u00f3mez\"},\"url\":\"https:\/\/www.eudistasmd.org\/index.php\/author\/noticias-editoramd\/\"}]}<\/script>\n<!-- \/ Yoast SEO plugin. -->","yoast_head_json":{"title":"Un momento de comuni\u00f3n, escucha y env\u00edo: Visita Can\u00f3nica a la Comunidad Local Carlos Eduardo Acosta en Bogot\u00e1 - Eudistas MD","robots":{"index":"index","follow":"follow","max-snippet":"max-snippet:-1","max-image-preview":"max-image-preview:large","max-video-preview":"max-video-preview:-1"},"canonical":"https:\/\/www.eudistasmd.org\/index.php\/2025\/08\/25\/un-momento-de-comunion-escucha-y-envio-visita-canonica-a-la-comunidad-local-carlos-eduardo-acosta-en-bogota\/","og_locale":"es_ES","og_type":"article","og_title":"Un momento de comuni\u00f3n, escucha y env\u00edo: Visita Can\u00f3nica a la Comunidad Local Carlos Eduardo Acosta en Bogot\u00e1 - Eudistas MD","og_description":"Durante los d\u00edas 22 al 24 de agosto de 2025, la Comunidad Local Carlos Eduardo Acosta, con sede en Bogot\u00e1, recibi\u00f3 con alegr\u00eda la visita can\u00f3nica del P. Germ\u00e1n G\u00e1ndara, CJM, Superior Provincial de la Provincia Eudista Minuto de Dios. Esta visita fraterna, realizada en esp\u00edritu de discernimiento y renovaci\u00f3n, permiti\u00f3 estrechar los lazos de [&hellip;]","og_url":"https:\/\/www.eudistasmd.org\/index.php\/2025\/08\/25\/un-momento-de-comunion-escucha-y-envio-visita-canonica-a-la-comunidad-local-carlos-eduardo-acosta-en-bogota\/","og_site_name":"Eudistas MD","article_published_time":"2025-08-25T21:24:53+00:00","article_modified_time":"2025-08-26T14:16:36+00:00","og_image":[{"width":1600,"height":960,"url":"https:\/\/www.eudistasmd.org\/wp-content\/uploads\/2025\/08\/Noticia.jpeg","type":"image\/jpeg"}],"author":"Angie Stacy Rodr\u00edguez G\u00f3mez","twitter_card":"summary_large_image","twitter_misc":{"Escrito por":"Angie Stacy Rodr\u00edguez G\u00f3mez","Tiempo de lectura":"3 minutos"},"schema":{"@context":"https:\/\/schema.org","@graph":[{"@type":"Article","@id":"https:\/\/www.eudistasmd.org\/index.php\/2025\/08\/25\/un-momento-de-comunion-escucha-y-envio-visita-canonica-a-la-comunidad-local-carlos-eduardo-acosta-en-bogota\/#article","isPartOf":{"@id":"https:\/\/www.eudistasmd.org\/index.php\/2025\/08\/25\/un-momento-de-comunion-escucha-y-envio-visita-canonica-a-la-comunidad-local-carlos-eduardo-acosta-en-bogota\/"},"author":{"name":"Angie Stacy Rodr\u00edguez G\u00f3mez","@id":"https:\/\/www.eudistasmd.org\/#\/schema\/person\/ea031151eedd6aedadcdb515522d15d5"},"headline":"Un momento de comuni\u00f3n, escucha y env\u00edo: Visita Can\u00f3nica a la Comunidad Local Carlos Eduardo Acosta en Bogot\u00e1","datePublished":"2025-08-25T21:24:53+00:00","dateModified":"2025-08-26T14:16:36+00:00","mainEntityOfPage":{"@id":"https:\/\/www.eudistasmd.org\/index.php\/2025\/08\/25\/un-momento-de-comunion-escucha-y-envio-visita-canonica-a-la-comunidad-local-carlos-eduardo-acosta-en-bogota\/"},"wordCount":583,"image":{"@id":"https:\/\/www.eudistasmd.org\/index.php\/2025\/08\/25\/un-momento-de-comunion-escucha-y-envio-visita-canonica-a-la-comunidad-local-carlos-eduardo-acosta-en-bogota\/#primaryimage"},"thumbnailUrl":"https:\/\/www.eudistasmd.org\/wp-content\/uploads\/2025\/08\/Noticia.jpeg","keywords":["Carlos Eduardo Acosta","Eudistas","Eudistas de El Minuto de Dios"],"articleSection":["Actualidad Eudista"],"inLanguage":"es"},{"@type":"WebPage","@id":"https:\/\/www.eudistasmd.org\/index.php\/2025\/08\/25\/un-momento-de-comunion-escucha-y-envio-visita-canonica-a-la-comunidad-local-carlos-eduardo-acosta-en-bogota\/","url":"https:\/\/www.eudistasmd.org\/index.php\/2025\/08\/25\/un-momento-de-comunion-escucha-y-envio-visita-canonica-a-la-comunidad-local-carlos-eduardo-acosta-en-bogota\/","name":"Un momento de comuni\u00f3n, escucha y env\u00edo: Visita Can\u00f3nica a la Comunidad Local Carlos Eduardo Acosta en Bogot\u00e1 - Eudistas MD","isPartOf":{"@id":"https:\/\/www.eudistasmd.org\/#website"},"primaryImageOfPage":{"@id":"https:\/\/www.eudistasmd.org\/index.php\/2025\/08\/25\/un-momento-de-comunion-escucha-y-envio-visita-canonica-a-la-comunidad-local-carlos-eduardo-acosta-en-bogota\/#primaryimage"},"image":{"@id":"https:\/\/www.eudistasmd.org\/index.php\/2025\/08\/25\/un-momento-de-comunion-escucha-y-envio-visita-canonica-a-la-comunidad-local-carlos-eduardo-acosta-en-bogota\/#primaryimage"},"thumbnailUrl":"https:\/\/www.eudistasmd.org\/wp-content\/uploads\/2025\/08\/Noticia.jpeg","datePublished":"2025-08-25T21:24:53+00:00","dateModified":"2025-08-26T14:16:36+00:00","author":{"@id":"https:\/\/www.eudistasmd.org\/#\/schema\/person\/ea031151eedd6aedadcdb515522d15d5"},"breadcrumb":{"@id":"https:\/\/www.eudistasmd.org\/index.php\/2025\/08\/25\/un-momento-de-comunion-escucha-y-envio-visita-canonica-a-la-comunidad-local-carlos-eduardo-acosta-en-bogota\/#breadcrumb"},"inLanguage":"es","potentialAction":[{"@type":"ReadAction","target":["https:\/\/www.eudistasmd.org\/index.php\/2025\/08\/25\/un-momento-de-comunion-escucha-y-envio-visita-canonica-a-la-comunidad-local-carlos-eduardo-acosta-en-bogota\/"]}]},{"@type":"ImageObject","inLanguage":"es","@id":"https:\/\/www.eudistasmd.org\/index.php\/2025\/08\/25\/un-momento-de-comunion-escucha-y-envio-visita-canonica-a-la-comunidad-local-carlos-eduardo-acosta-en-bogota\/#primaryimage","url":"https:\/\/www.eudistasmd.org\/wp-content\/uploads\/2025\/08\/Noticia.jpeg","contentUrl":"https:\/\/www.eudistasmd.org\/wp-content\/uploads\/2025\/08\/Noticia.jpeg","width":1600,"height":960},{"@type":"BreadcrumbList","@id":"https:\/\/www.eudistasmd.org\/index.php\/2025\/08\/25\/un-momento-de-comunion-escucha-y-envio-visita-canonica-a-la-comunidad-local-carlos-eduardo-acosta-en-bogota\/#breadcrumb","itemListElement":[{"@type":"ListItem","position":1,"name":"Portada","item":"https:\/\/www.eudistasmd.org\/"},{"@type":"ListItem","position":2,"name":"Un momento de comuni\u00f3n, escucha y env\u00edo: Visita Can\u00f3nica a la Comunidad Local Carlos Eduardo Acosta en Bogot\u00e1"}]},{"@type":"WebSite","@id":"https:\/\/www.eudistasmd.org\/#website","url":"https:\/\/www.eudistasmd.org\/","name":"Eudistas MD","description":"Esta Provincia naci\u00f3 de la obra fundada por el padre eudista: Rafael Garc\u00eda Herreros. Este Don del Minuto de Dios ha sido encomendado a los los Eudistas del El Minuto de Dios, quienes se dedican a la Evangelizaci\u00f3n, la Formaci\u00f3n, y al servicio a los m\u00e1s pobres a trav\u00e9s de la Organizaci\u00f3n Minuto de Dios.","potentialAction":[{"@type":"SearchAction","target":{"@type":"EntryPoint","urlTemplate":"https:\/\/www.eudistasmd.org\/?s={search_term_string}"},"query-input":{"@type":"PropertyValueSpecification","valueRequired":true,"valueName":"search_term_string"}}],"inLanguage":"es"},{"@type":"Person","@id":"https:\/\/www.eudistasmd.org\/#\/schema\/person\/ea031151eedd6aedadcdb515522d15d5","name":"Angie Stacy Rodr\u00edguez G\u00f3mez","image":{"@type":"ImageObject","inLanguage":"es","@id":"https:\/\/secure.gravatar.com\/avatar\/08c6f46fb8b7d2682b0cdfd76fb248e50ae4b1eeed14c21faf047e138ae11aa3?s=96&d=mm&r=g","url":"https:\/\/secure.gravatar.com\/avatar\/08c6f46fb8b7d2682b0cdfd76fb248e50ae4b1eeed14c21faf047e138ae11aa3?s=96&d=mm&r=g","contentUrl":"https:\/\/secure.gravatar.com\/avatar\/08c6f46fb8b7d2682b0cdfd76fb248e50ae4b1eeed14c21faf047e138ae11aa3?s=96&d=mm&r=g","caption":"Angie Stacy Rodr\u00edguez G\u00f3mez"},"url":"https:\/\/www.eudistasmd.org\/index.php\/author\/noticias-editoramd\/"}]}},"_links":{"self":[{"href":"https:\/\/www.eudistasmd.org\/index.php\/wp-json\/wp\/v2\/posts\/7391","targetHints":{"allow":["GET"]}}],"collection":[{"href":"https:\/\/www.eudistasmd.org\/index.php\/wp-json\/wp\/v2\/posts"}],"about":[{"href":"https:\/\/www.eudistasmd.org\/index.php\/wp-json\/wp\/v2\/types\/post"}],"author":[{"embeddable":true,"href":"https:\/\/www.eudistasmd.org\/index.php\/wp-json\/wp\/v2\/users\/7"}],"replies":[{"embeddable":true,"href":"https:\/\/www.eudistasmd.org\/index.php\/wp-json\/wp\/v2\/comments?post=7391"}],"version-history":[{"count":2,"href":"https:\/\/www.eudistasmd.org\/index.php\/wp-json\/wp\/v2\/posts\/7391\/revisions"}],"predecessor-version":[{"id":7397,"href":"https:\/\/www.eudistasmd.org\/index.php\/wp-json\/wp\/v2\/posts\/7391\/revisions\/7397"}],"wp:featuredmedia":[{"embeddable":true,"href":"https:\/\/www.eudistasmd.org\/index.php\/wp-json\/wp\/v2\/media\/7392"}],"wp:attachment":[{"href":"https:\/\/www.eudistasmd.org\/index.php\/wp-json\/wp\/v2\/media?parent=7391"}],"wp:term":[{"taxonomy":"category","embeddable":true,"href":"https:\/\/www.eudistasmd.org\/index.php\/wp-json\/wp\/v2\/categories?post=7391"},{"taxonomy":"post_tag","embeddable":true,"href":"https:\/\/www.eudistasmd.org\/index.php\/wp-json\/wp\/v2\/tags?post=7391"}],"curies":[{"name":"wp","href":"https:\/\/api.w.org\/{rel}","templated":true}]}}