{"id":7358,"date":"2025-08-06T16:01:55","date_gmt":"2025-08-06T21:01:55","guid":{"rendered":"https:\/\/www.eudistasmd.org\/?p=7358"},"modified":"2025-08-06T16:04:46","modified_gmt":"2025-08-06T21:04:46","slug":"el-arte-de-la-escucha-o-cuando-mi-hermano-sacerdote-me-conmueve","status":"publish","type":"post","link":"https:\/\/www.eudistasmd.org\/index.php\/2025\/08\/06\/el-arte-de-la-escucha-o-cuando-mi-hermano-sacerdote-me-conmueve\/","title":{"rendered":"El arte de la escucha o cuando mi hermano sacerdote me conmueve"},"content":{"rendered":"<p><strong>Por: P. Hermes Fl\u00f3rez, cjm\u00a0<\/strong><\/p>\n<p><em>\u00abLa obligaci\u00f3n de un pastor es el ejercicio de la caridad. Debe ser todo caridad para escuchar a cada uno; para hablar dulce y amigablemente a todos; para mostrarse benigno a cuantos lo abordan\u2026\u00bb <\/em><\/p>\n<p style=\"text-align: right;\"><em>(San Juan Eudes, El buen confesor, OC IV, 187)<\/em><\/p>\n<p>El arte de la escucha depende, seg\u00fan san Juan Eudes, de la caridad, especialmente si se considera como disposici\u00f3n del pastor que trabaja por la salvaci\u00f3n de las almas. A\u00f1os atr\u00e1s, nuestro fundador hab\u00eda escrito que, en el marco de este celo por la salvaci\u00f3n de las almas, era necesario \u00abtener una caridad especial, en particular de tus allegados y de quienes dependen de ti, y buscar\u00e1s su salvaci\u00f3n por todos los medios a tu alcance\u00bb<a href=\"#_ftn1\" name=\"_ftnref1\">[1]<\/a>. Por tanto, aquel que posee la caridad est\u00e1 habilitado para \u00abescuchar con los o\u00eddos del coraz\u00f3n\u00bb, como nos ense\u00f1\u00f3 nuestro muy querido papa Francisco<a href=\"#_ftn2\" name=\"_ftnref2\">[2]<\/a>, cuando alert\u00f3 sobre la p\u00e9rdida de la capacidad de escuchar. A continuaci\u00f3n se ofrece una experiencia concreta de lo que ha producido un proceso de escucha en un servidor y que seguramente usted como lector se sentir\u00e1 identificado.<\/p>\n<p><strong>La paciente escucha durante largo tiempo<\/strong><\/p>\n<p>Como parte de su ejercicio pastoral este sacerdote tuvo la posibilidad de compartir y llevar la vida pastoral, durante un mes, con otro hermano en el ministerio, quien acompa\u00f1a once parroquias (cerca de 30 capillas) en una zona rural de Espa\u00f1a. El sacerdote espa\u00f1ol, de una extraordinaria capacidad para asistir y sacar una sonrisa a sus parroquianos, no oculta el desaf\u00edo de la atenci\u00f3n a la vida sacramental en todas sus parroquias, as\u00ed como la siempre necesaria caridad pastoral (ministerial) para ayudar en este importante apostolado.<\/p>\n<p>Durante horas compartimos la vida y la situaci\u00f3n que viv\u00eda mi hermano sacerdote y que ciertamente me interpel\u00f3 el coraz\u00f3n y la visi\u00f3n de mi propio ministerio: \u00bfc\u00f3mo puedo apoyar a mi hermano sacerdote? \u00bfSirve en algo esta compa\u00f1\u00eda al menos para que el sacerdote pueda descansar? \u00bfY despu\u00e9s de mi partida todo volver\u00e1 a la misma situaci\u00f3n? \u00bfBasta una respuesta tipo \u201ctenga paciencia\u201d, \u201cbusque ayuda de otros sacerdotes para que lo puedan orientar\u201d, \u201chable con un especialista\u201d, \u201cDios le ayudar\u00e1 y le recompensar\u00e1\u201d etc.? Todo esto, sin negar su importancia, \u00bfllega a satisfacer del todo a este ministro incansable? Sin dudas que muchas de estas preguntas y sus respuestas ya las conoce aquel sacerdote que vive silenciosamente estas situaciones; todo esto seguramente se une en ocasiones a la incomprensi\u00f3n de muchos de sus hermanos o inclusive de sus fieles que podemos juzgar \u00fanicamente la situaci\u00f3n desde nuestros intereses particulares.<\/p>\n<p><strong>La disposici\u00f3n para cambiar de idea o la hip\u00f3tesis de partida<\/strong><\/p>\n<p>Desde mi carisma fundacional de \u201cevangelizador-formador\u201d ten\u00eda respuestas preestablecidas, la m\u00e1s com\u00fan, \u201cbusquemos ayuda con un especialista\u201d con todas las estrategias de acompa\u00f1amiento que existen. Pero tal vez esto ya lo hac\u00eda el sacerdote cuando contaba sus realidades que necesitaban ser escuchadas con arte, con genio, con disposici\u00f3n, con inspiraci\u00f3n, con creatividad. El problema no radicaba tanto, al menos eso creo, en acomodar lo que me dec\u00eda mi hermano sacerdote a una especie de \u201cdu\u00e1logo\u201d<a href=\"#_ftn3\" name=\"_ftnref3\">[3]<\/a>, en el que \u00e9l me dec\u00eda y yo le respond\u00eda con recetas prestablecidas sobre la manera como \u201cideaba\u201d un cambio en la situaci\u00f3n. Pero al mismo tiempo recordaba las palabras del papa Francisco: \u201cen la acci\u00f3n pastoral, la obra m\u00e1s importante es el \u2018apostolado del o\u00eddo\u2019, escuchar antes de hablar\u201d y tambi\u00e9n: \u201cLa comuni\u00f3n no es el resultado de estrategias y programas sino que se edifica en la escucha rec\u00edproca entre hermanos y hermanas\u201d.<\/p>\n<p>Todas estas situaciones me han conmovido interiormente: la situaci\u00f3n del sacerdote, su intensidad pastoral, su soledad ministerial, las soluciones insuficientes que podemos dar y c\u00f3mo podemos hacer m\u00e1s efectivo un acompa\u00f1amiento mediante el arte de la escucha de nuestros hermanos en el ministerio. Sin embargo, las preguntas siguen: \u00bfc\u00f3mo hacer m\u00e1s preciso el apoyo que este hermano necesita? Su situaci\u00f3n es que requiere ayuda concreta para acompa\u00f1ar a los fieles que le fueron confiados; el desaf\u00edo es que necesita una mano en tal situaci\u00f3n; la caridad pastoral es estar con \u00e9l y ayudar en un lugar donde se requieren sacerdotes para continuar con el anuncio del Evangelio.<\/p>\n<p>\u00bfSer\u00e1 suficiente pensar en ideas o planes nuevos de acompa\u00f1amiento y de escucha sacerdotal? \u00bfNo ser\u00e1 mejor cambiar de idea o de hip\u00f3tesis de partida para que, escuchando, podamos sencillamente \u201cestar con quienes nos necesitan\u201d? \u00bfDaremos por fin el tercer paso de la misericordia: hacerla efectiva? En fin, no se pretenden dar soluciones, sino sencillamente interpelar el coraz\u00f3n.<\/p>\n<p><strong>Orientarse en una sinfon\u00eda de voces<\/strong><\/p>\n<p>Hoy la escucha como arte (y tambi\u00e9n como don de Dios) es indispensable en los procesos de acompa\u00f1amiento como bien lo sabemos. Pero hace falta afianzar un poco m\u00e1s el acompa\u00f1amiento personal que no es escuchar y dar recetas, sino \u201cestar\u201d. Tal vez estos procesos sean m\u00e1s desafiantes y se queden muy en el terreno de lo espec\u00edfico y de lo concreto y se conviertan en una fatiga para quienes servimos a los sacerdotes, pero seguramente es una manera de entender mejor las situaciones muy particulares que viven tantos hermanos en el ministerio.<\/p>\n<p>El apostolado del o\u00eddo no se deja encasillar por patrones generales sino que entiende de sentimientos, de pensamientos, de afectos, de emociones y de muchos otros asuntos que afectan a alguien con un rostro y con una historia (una tentaci\u00f3n del laicado clericalizado o del mismo clericalismo es ocultar esta dimensi\u00f3n tan esencial de la persona del ministro). \u00bfEstaremos capacitados para hacerlo? \u00bfSeremos capaces de caminar con estas historias sagradas de los hermanos?<\/p>\n<p><strong>Al final, escuchar por caridad pastoral<\/strong><\/p>\n<p>Como se lee, esta reflexi\u00f3n est\u00e1 marcada por el sentimiento y el afecto que encuentran eco en el coraz\u00f3n. Escuchar es m\u00e1s que o\u00edr efectivamente; pero tambi\u00e9n es m\u00e1s que estar prontos a dar la receta o el remedio; tambi\u00e9n es m\u00e1s que animar para que el otro cumpla con su apostolado; me atrever\u00eda a afirmar que escuchar por caridad pastoral es estar f\u00edsica y espiritualmente disponibles ante quien se siente abatido y consumido en su celo apost\u00f3lico por la salvaci\u00f3n de las almas. \u00a1Y en este punto s\u00ed que necesito hacer escuela yo en primer lugar! Ya no ser\u00eda la comunidad que acompa\u00f1a sacerdotes, sino el sacerdote que acompa\u00f1a a este sacerdote integralmente: de coraz\u00f3n a coraz\u00f3n.<\/p>\n<p><strong>Bibliograf\u00eda<\/strong><\/p>\n<p><strong>\u00a0<\/strong>Francisco. <em>Mensaje para la 56 Jornada Mundial de las Comunicaciones Sociales<\/em>. Librer\u00eda Editrice Vaticana, Roma 2022. <a href=\"https:\/\/www.vatican.va\/content\/francesco\/es\/messages\/communications\/documents\/20220124-messaggio-comunicazioni-sociali.pdf\">https:\/\/www.vatican.va\/content\/francesco\/es\/messages\/communications\/documents\/20220124-messaggio-comunicazioni-sociali.pdf<\/a><\/p>\n<p>Saint Jean Eudes. <em>Le Royaume de J\u00e9sus.<\/em> Imprimerie Lafolye Fr\u00e8res, Vannes, 1989.<\/p>\n<p>Saint Jean Eudes. <em>Le bon confesseur.<\/em> Imprimerie Lafolye Fr\u00e8res, Vannes, 1907.<\/p>\n<p>&nbsp;<\/p>\n<p><a href=\"#_ftnref1\" name=\"_ftn1\">[1]<\/a> Saint Jean Eudes, <em>Le Royaume de J\u00e9sus,<\/em> 264.<\/p>\n<p><a href=\"#_ftnref2\" name=\"_ftn2\">[2]<\/a> Francisco, <em>Mensaje para la 56 Jornada Mundial de las Comunicaciones Sociales<\/em> (24 enero 2022).<\/p>\n<p><a href=\"#_ftnref3\" name=\"_ftn3\">[3]<\/a> Kaplan, A., The life of dialogue, en J. D. Roslansky ed., Communication. A discussion at the Nobel Conference, North-Holland Publishing Company \u2013 Amsterdam 1969, 89-108, citado por el Papa Francisco en su Mensaje del 2022 previamente mencionado.<\/p>\n","protected":false},"excerpt":{"rendered":"<p>Por: P. Hermes Fl\u00f3rez, cjm\u00a0 \u00abLa obligaci\u00f3n de un pastor es el ejercicio de la caridad. Debe ser todo caridad para escuchar a cada uno; para hablar dulce y amigablemente a todos; para mostrarse benigno a cuantos lo abordan\u2026\u00bb (San Juan Eudes, El buen confesor, OC IV, 187) El arte de la escucha depende, seg\u00fan [&hellip;]<\/p>\n","protected":false},"author":7,"featured_media":7359,"comment_status":"closed","ping_status":"closed","sticky":false,"template":"","format":"standard","meta":{"_et_pb_use_builder":"","_et_pb_old_content":"","_et_gb_content_width":"","footnotes":""},"categories":[311],"tags":[393,22,392,62],"class_list":["post-7358","post","type-post","status-publish","format-standard","has-post-thumbnail","hentry","category-ano-jubiliar-eudista","tag-19-de-agosto","tag-eudistas","tag-fiesta-de-san-juan-eudes","tag-san-juan-eudes"],"yoast_head":"<!-- This site is optimized with the Yoast SEO plugin v27.2 - https:\/\/yoast.com\/product\/yoast-seo-wordpress\/ -->\n<title>El arte de la escucha o cuando mi hermano sacerdote me conmueve - Eudistas MD<\/title>\n<meta name=\"robots\" content=\"index, follow, max-snippet:-1, max-image-preview:large, max-video-preview:-1\" \/>\n<link rel=\"canonical\" href=\"https:\/\/www.eudistasmd.org\/index.php\/2025\/08\/06\/el-arte-de-la-escucha-o-cuando-mi-hermano-sacerdote-me-conmueve\/\" \/>\n<meta property=\"og:locale\" content=\"es_ES\" \/>\n<meta property=\"og:type\" content=\"article\" \/>\n<meta property=\"og:title\" content=\"El arte de la escucha o cuando mi hermano sacerdote me conmueve - Eudistas MD\" \/>\n<meta property=\"og:description\" content=\"Por: P. Hermes Fl\u00f3rez, cjm\u00a0 \u00abLa obligaci\u00f3n de un pastor es el ejercicio de la caridad. Debe ser todo caridad para escuchar a cada uno; para hablar dulce y amigablemente a todos; para mostrarse benigno a cuantos lo abordan\u2026\u00bb (San Juan Eudes, El buen confesor, OC IV, 187) El arte de la escucha depende, seg\u00fan [&hellip;]\" \/>\n<meta property=\"og:url\" content=\"https:\/\/www.eudistasmd.org\/index.php\/2025\/08\/06\/el-arte-de-la-escucha-o-cuando-mi-hermano-sacerdote-me-conmueve\/\" \/>\n<meta property=\"og:site_name\" content=\"Eudistas MD\" \/>\n<meta property=\"article:published_time\" content=\"2025-08-06T21:01:55+00:00\" \/>\n<meta property=\"article:modified_time\" content=\"2025-08-06T21:04:46+00:00\" \/>\n<meta property=\"og:image\" content=\"https:\/\/www.eudistasmd.org\/wp-content\/uploads\/2025\/08\/Portada-Nota-Hermes.png\" \/>\n\t<meta property=\"og:image:width\" content=\"650\" \/>\n\t<meta property=\"og:image:height\" content=\"400\" \/>\n\t<meta property=\"og:image:type\" content=\"image\/png\" \/>\n<meta name=\"author\" content=\"Angie Stacy Rodr\u00edguez G\u00f3mez\" \/>\n<meta name=\"twitter:card\" content=\"summary_large_image\" \/>\n<meta name=\"twitter:label1\" content=\"Escrito por\" \/>\n\t<meta name=\"twitter:data1\" content=\"Angie Stacy Rodr\u00edguez G\u00f3mez\" \/>\n\t<meta name=\"twitter:label2\" content=\"Tiempo de lectura\" \/>\n\t<meta name=\"twitter:data2\" content=\"6 minutos\" \/>\n<script type=\"application\/ld+json\" class=\"yoast-schema-graph\">{\"@context\":\"https:\/\/schema.org\",\"@graph\":[{\"@type\":\"Article\",\"@id\":\"https:\/\/www.eudistasmd.org\/index.php\/2025\/08\/06\/el-arte-de-la-escucha-o-cuando-mi-hermano-sacerdote-me-conmueve\/#article\",\"isPartOf\":{\"@id\":\"https:\/\/www.eudistasmd.org\/index.php\/2025\/08\/06\/el-arte-de-la-escucha-o-cuando-mi-hermano-sacerdote-me-conmueve\/\"},\"author\":{\"name\":\"Angie Stacy Rodr\u00edguez G\u00f3mez\",\"@id\":\"https:\/\/www.eudistasmd.org\/#\/schema\/person\/ea031151eedd6aedadcdb515522d15d5\"},\"headline\":\"El arte de la escucha o cuando mi hermano sacerdote me conmueve\",\"datePublished\":\"2025-08-06T21:01:55+00:00\",\"dateModified\":\"2025-08-06T21:04:46+00:00\",\"mainEntityOfPage\":{\"@id\":\"https:\/\/www.eudistasmd.org\/index.php\/2025\/08\/06\/el-arte-de-la-escucha-o-cuando-mi-hermano-sacerdote-me-conmueve\/\"},\"wordCount\":1256,\"image\":{\"@id\":\"https:\/\/www.eudistasmd.org\/index.php\/2025\/08\/06\/el-arte-de-la-escucha-o-cuando-mi-hermano-sacerdote-me-conmueve\/#primaryimage\"},\"thumbnailUrl\":\"https:\/\/www.eudistasmd.org\/wp-content\/uploads\/2025\/08\/Portada-Nota-Hermes.png\",\"keywords\":[\"19 de agosto\",\"Eudistas\",\"Fiesta de san juan eudes\",\"San Juan Eudes\"],\"articleSection\":[\"A\u00f1o Jubiliar Eudista\"],\"inLanguage\":\"es\"},{\"@type\":\"WebPage\",\"@id\":\"https:\/\/www.eudistasmd.org\/index.php\/2025\/08\/06\/el-arte-de-la-escucha-o-cuando-mi-hermano-sacerdote-me-conmueve\/\",\"url\":\"https:\/\/www.eudistasmd.org\/index.php\/2025\/08\/06\/el-arte-de-la-escucha-o-cuando-mi-hermano-sacerdote-me-conmueve\/\",\"name\":\"El arte de la escucha o cuando mi hermano sacerdote me conmueve - Eudistas MD\",\"isPartOf\":{\"@id\":\"https:\/\/www.eudistasmd.org\/#website\"},\"primaryImageOfPage\":{\"@id\":\"https:\/\/www.eudistasmd.org\/index.php\/2025\/08\/06\/el-arte-de-la-escucha-o-cuando-mi-hermano-sacerdote-me-conmueve\/#primaryimage\"},\"image\":{\"@id\":\"https:\/\/www.eudistasmd.org\/index.php\/2025\/08\/06\/el-arte-de-la-escucha-o-cuando-mi-hermano-sacerdote-me-conmueve\/#primaryimage\"},\"thumbnailUrl\":\"https:\/\/www.eudistasmd.org\/wp-content\/uploads\/2025\/08\/Portada-Nota-Hermes.png\",\"datePublished\":\"2025-08-06T21:01:55+00:00\",\"dateModified\":\"2025-08-06T21:04:46+00:00\",\"author\":{\"@id\":\"https:\/\/www.eudistasmd.org\/#\/schema\/person\/ea031151eedd6aedadcdb515522d15d5\"},\"breadcrumb\":{\"@id\":\"https:\/\/www.eudistasmd.org\/index.php\/2025\/08\/06\/el-arte-de-la-escucha-o-cuando-mi-hermano-sacerdote-me-conmueve\/#breadcrumb\"},\"inLanguage\":\"es\",\"potentialAction\":[{\"@type\":\"ReadAction\",\"target\":[\"https:\/\/www.eudistasmd.org\/index.php\/2025\/08\/06\/el-arte-de-la-escucha-o-cuando-mi-hermano-sacerdote-me-conmueve\/\"]}]},{\"@type\":\"ImageObject\",\"inLanguage\":\"es\",\"@id\":\"https:\/\/www.eudistasmd.org\/index.php\/2025\/08\/06\/el-arte-de-la-escucha-o-cuando-mi-hermano-sacerdote-me-conmueve\/#primaryimage\",\"url\":\"https:\/\/www.eudistasmd.org\/wp-content\/uploads\/2025\/08\/Portada-Nota-Hermes.png\",\"contentUrl\":\"https:\/\/www.eudistasmd.org\/wp-content\/uploads\/2025\/08\/Portada-Nota-Hermes.png\",\"width\":650,\"height\":400},{\"@type\":\"BreadcrumbList\",\"@id\":\"https:\/\/www.eudistasmd.org\/index.php\/2025\/08\/06\/el-arte-de-la-escucha-o-cuando-mi-hermano-sacerdote-me-conmueve\/#breadcrumb\",\"itemListElement\":[{\"@type\":\"ListItem\",\"position\":1,\"name\":\"Portada\",\"item\":\"https:\/\/www.eudistasmd.org\/\"},{\"@type\":\"ListItem\",\"position\":2,\"name\":\"El arte de la escucha o cuando mi hermano sacerdote me conmueve\"}]},{\"@type\":\"WebSite\",\"@id\":\"https:\/\/www.eudistasmd.org\/#website\",\"url\":\"https:\/\/www.eudistasmd.org\/\",\"name\":\"Eudistas MD\",\"description\":\"Esta Provincia naci\u00f3 de la obra fundada por el padre eudista: Rafael Garc\u00eda Herreros. Este Don del Minuto de Dios ha sido encomendado a los los Eudistas del El Minuto de Dios, quienes se dedican a la Evangelizaci\u00f3n, la Formaci\u00f3n, y al servicio a los m\u00e1s pobres a trav\u00e9s de la Organizaci\u00f3n Minuto de Dios.\",\"potentialAction\":[{\"@type\":\"SearchAction\",\"target\":{\"@type\":\"EntryPoint\",\"urlTemplate\":\"https:\/\/www.eudistasmd.org\/?s={search_term_string}\"},\"query-input\":{\"@type\":\"PropertyValueSpecification\",\"valueRequired\":true,\"valueName\":\"search_term_string\"}}],\"inLanguage\":\"es\"},{\"@type\":\"Person\",\"@id\":\"https:\/\/www.eudistasmd.org\/#\/schema\/person\/ea031151eedd6aedadcdb515522d15d5\",\"name\":\"Angie Stacy Rodr\u00edguez G\u00f3mez\",\"image\":{\"@type\":\"ImageObject\",\"inLanguage\":\"es\",\"@id\":\"https:\/\/secure.gravatar.com\/avatar\/08c6f46fb8b7d2682b0cdfd76fb248e50ae4b1eeed14c21faf047e138ae11aa3?s=96&d=mm&r=g\",\"url\":\"https:\/\/secure.gravatar.com\/avatar\/08c6f46fb8b7d2682b0cdfd76fb248e50ae4b1eeed14c21faf047e138ae11aa3?s=96&d=mm&r=g\",\"contentUrl\":\"https:\/\/secure.gravatar.com\/avatar\/08c6f46fb8b7d2682b0cdfd76fb248e50ae4b1eeed14c21faf047e138ae11aa3?s=96&d=mm&r=g\",\"caption\":\"Angie Stacy Rodr\u00edguez G\u00f3mez\"},\"url\":\"https:\/\/www.eudistasmd.org\/index.php\/author\/noticias-editoramd\/\"}]}<\/script>\n<!-- \/ Yoast SEO plugin. -->","yoast_head_json":{"title":"El arte de la escucha o cuando mi hermano sacerdote me conmueve - Eudistas MD","robots":{"index":"index","follow":"follow","max-snippet":"max-snippet:-1","max-image-preview":"max-image-preview:large","max-video-preview":"max-video-preview:-1"},"canonical":"https:\/\/www.eudistasmd.org\/index.php\/2025\/08\/06\/el-arte-de-la-escucha-o-cuando-mi-hermano-sacerdote-me-conmueve\/","og_locale":"es_ES","og_type":"article","og_title":"El arte de la escucha o cuando mi hermano sacerdote me conmueve - Eudistas MD","og_description":"Por: P. Hermes Fl\u00f3rez, cjm\u00a0 \u00abLa obligaci\u00f3n de un pastor es el ejercicio de la caridad. Debe ser todo caridad para escuchar a cada uno; para hablar dulce y amigablemente a todos; para mostrarse benigno a cuantos lo abordan\u2026\u00bb (San Juan Eudes, El buen confesor, OC IV, 187) El arte de la escucha depende, seg\u00fan [&hellip;]","og_url":"https:\/\/www.eudistasmd.org\/index.php\/2025\/08\/06\/el-arte-de-la-escucha-o-cuando-mi-hermano-sacerdote-me-conmueve\/","og_site_name":"Eudistas MD","article_published_time":"2025-08-06T21:01:55+00:00","article_modified_time":"2025-08-06T21:04:46+00:00","og_image":[{"width":650,"height":400,"url":"https:\/\/www.eudistasmd.org\/wp-content\/uploads\/2025\/08\/Portada-Nota-Hermes.png","type":"image\/png"}],"author":"Angie Stacy Rodr\u00edguez G\u00f3mez","twitter_card":"summary_large_image","twitter_misc":{"Escrito por":"Angie Stacy Rodr\u00edguez G\u00f3mez","Tiempo de lectura":"6 minutos"},"schema":{"@context":"https:\/\/schema.org","@graph":[{"@type":"Article","@id":"https:\/\/www.eudistasmd.org\/index.php\/2025\/08\/06\/el-arte-de-la-escucha-o-cuando-mi-hermano-sacerdote-me-conmueve\/#article","isPartOf":{"@id":"https:\/\/www.eudistasmd.org\/index.php\/2025\/08\/06\/el-arte-de-la-escucha-o-cuando-mi-hermano-sacerdote-me-conmueve\/"},"author":{"name":"Angie Stacy Rodr\u00edguez G\u00f3mez","@id":"https:\/\/www.eudistasmd.org\/#\/schema\/person\/ea031151eedd6aedadcdb515522d15d5"},"headline":"El arte de la escucha o cuando mi hermano sacerdote me conmueve","datePublished":"2025-08-06T21:01:55+00:00","dateModified":"2025-08-06T21:04:46+00:00","mainEntityOfPage":{"@id":"https:\/\/www.eudistasmd.org\/index.php\/2025\/08\/06\/el-arte-de-la-escucha-o-cuando-mi-hermano-sacerdote-me-conmueve\/"},"wordCount":1256,"image":{"@id":"https:\/\/www.eudistasmd.org\/index.php\/2025\/08\/06\/el-arte-de-la-escucha-o-cuando-mi-hermano-sacerdote-me-conmueve\/#primaryimage"},"thumbnailUrl":"https:\/\/www.eudistasmd.org\/wp-content\/uploads\/2025\/08\/Portada-Nota-Hermes.png","keywords":["19 de agosto","Eudistas","Fiesta de san juan eudes","San Juan Eudes"],"articleSection":["A\u00f1o Jubiliar Eudista"],"inLanguage":"es"},{"@type":"WebPage","@id":"https:\/\/www.eudistasmd.org\/index.php\/2025\/08\/06\/el-arte-de-la-escucha-o-cuando-mi-hermano-sacerdote-me-conmueve\/","url":"https:\/\/www.eudistasmd.org\/index.php\/2025\/08\/06\/el-arte-de-la-escucha-o-cuando-mi-hermano-sacerdote-me-conmueve\/","name":"El arte de la escucha o cuando mi hermano sacerdote me conmueve - Eudistas MD","isPartOf":{"@id":"https:\/\/www.eudistasmd.org\/#website"},"primaryImageOfPage":{"@id":"https:\/\/www.eudistasmd.org\/index.php\/2025\/08\/06\/el-arte-de-la-escucha-o-cuando-mi-hermano-sacerdote-me-conmueve\/#primaryimage"},"image":{"@id":"https:\/\/www.eudistasmd.org\/index.php\/2025\/08\/06\/el-arte-de-la-escucha-o-cuando-mi-hermano-sacerdote-me-conmueve\/#primaryimage"},"thumbnailUrl":"https:\/\/www.eudistasmd.org\/wp-content\/uploads\/2025\/08\/Portada-Nota-Hermes.png","datePublished":"2025-08-06T21:01:55+00:00","dateModified":"2025-08-06T21:04:46+00:00","author":{"@id":"https:\/\/www.eudistasmd.org\/#\/schema\/person\/ea031151eedd6aedadcdb515522d15d5"},"breadcrumb":{"@id":"https:\/\/www.eudistasmd.org\/index.php\/2025\/08\/06\/el-arte-de-la-escucha-o-cuando-mi-hermano-sacerdote-me-conmueve\/#breadcrumb"},"inLanguage":"es","potentialAction":[{"@type":"ReadAction","target":["https:\/\/www.eudistasmd.org\/index.php\/2025\/08\/06\/el-arte-de-la-escucha-o-cuando-mi-hermano-sacerdote-me-conmueve\/"]}]},{"@type":"ImageObject","inLanguage":"es","@id":"https:\/\/www.eudistasmd.org\/index.php\/2025\/08\/06\/el-arte-de-la-escucha-o-cuando-mi-hermano-sacerdote-me-conmueve\/#primaryimage","url":"https:\/\/www.eudistasmd.org\/wp-content\/uploads\/2025\/08\/Portada-Nota-Hermes.png","contentUrl":"https:\/\/www.eudistasmd.org\/wp-content\/uploads\/2025\/08\/Portada-Nota-Hermes.png","width":650,"height":400},{"@type":"BreadcrumbList","@id":"https:\/\/www.eudistasmd.org\/index.php\/2025\/08\/06\/el-arte-de-la-escucha-o-cuando-mi-hermano-sacerdote-me-conmueve\/#breadcrumb","itemListElement":[{"@type":"ListItem","position":1,"name":"Portada","item":"https:\/\/www.eudistasmd.org\/"},{"@type":"ListItem","position":2,"name":"El arte de la escucha o cuando mi hermano sacerdote me conmueve"}]},{"@type":"WebSite","@id":"https:\/\/www.eudistasmd.org\/#website","url":"https:\/\/www.eudistasmd.org\/","name":"Eudistas MD","description":"Esta Provincia naci\u00f3 de la obra fundada por el padre eudista: Rafael Garc\u00eda Herreros. Este Don del Minuto de Dios ha sido encomendado a los los Eudistas del El Minuto de Dios, quienes se dedican a la Evangelizaci\u00f3n, la Formaci\u00f3n, y al servicio a los m\u00e1s pobres a trav\u00e9s de la Organizaci\u00f3n Minuto de Dios.","potentialAction":[{"@type":"SearchAction","target":{"@type":"EntryPoint","urlTemplate":"https:\/\/www.eudistasmd.org\/?s={search_term_string}"},"query-input":{"@type":"PropertyValueSpecification","valueRequired":true,"valueName":"search_term_string"}}],"inLanguage":"es"},{"@type":"Person","@id":"https:\/\/www.eudistasmd.org\/#\/schema\/person\/ea031151eedd6aedadcdb515522d15d5","name":"Angie Stacy Rodr\u00edguez G\u00f3mez","image":{"@type":"ImageObject","inLanguage":"es","@id":"https:\/\/secure.gravatar.com\/avatar\/08c6f46fb8b7d2682b0cdfd76fb248e50ae4b1eeed14c21faf047e138ae11aa3?s=96&d=mm&r=g","url":"https:\/\/secure.gravatar.com\/avatar\/08c6f46fb8b7d2682b0cdfd76fb248e50ae4b1eeed14c21faf047e138ae11aa3?s=96&d=mm&r=g","contentUrl":"https:\/\/secure.gravatar.com\/avatar\/08c6f46fb8b7d2682b0cdfd76fb248e50ae4b1eeed14c21faf047e138ae11aa3?s=96&d=mm&r=g","caption":"Angie Stacy Rodr\u00edguez G\u00f3mez"},"url":"https:\/\/www.eudistasmd.org\/index.php\/author\/noticias-editoramd\/"}]}},"_links":{"self":[{"href":"https:\/\/www.eudistasmd.org\/index.php\/wp-json\/wp\/v2\/posts\/7358","targetHints":{"allow":["GET"]}}],"collection":[{"href":"https:\/\/www.eudistasmd.org\/index.php\/wp-json\/wp\/v2\/posts"}],"about":[{"href":"https:\/\/www.eudistasmd.org\/index.php\/wp-json\/wp\/v2\/types\/post"}],"author":[{"embeddable":true,"href":"https:\/\/www.eudistasmd.org\/index.php\/wp-json\/wp\/v2\/users\/7"}],"replies":[{"embeddable":true,"href":"https:\/\/www.eudistasmd.org\/index.php\/wp-json\/wp\/v2\/comments?post=7358"}],"version-history":[{"count":3,"href":"https:\/\/www.eudistasmd.org\/index.php\/wp-json\/wp\/v2\/posts\/7358\/revisions"}],"predecessor-version":[{"id":7362,"href":"https:\/\/www.eudistasmd.org\/index.php\/wp-json\/wp\/v2\/posts\/7358\/revisions\/7362"}],"wp:featuredmedia":[{"embeddable":true,"href":"https:\/\/www.eudistasmd.org\/index.php\/wp-json\/wp\/v2\/media\/7359"}],"wp:attachment":[{"href":"https:\/\/www.eudistasmd.org\/index.php\/wp-json\/wp\/v2\/media?parent=7358"}],"wp:term":[{"taxonomy":"category","embeddable":true,"href":"https:\/\/www.eudistasmd.org\/index.php\/wp-json\/wp\/v2\/categories?post=7358"},{"taxonomy":"post_tag","embeddable":true,"href":"https:\/\/www.eudistasmd.org\/index.php\/wp-json\/wp\/v2\/tags?post=7358"}],"curies":[{"name":"wp","href":"https:\/\/api.w.org\/{rel}","templated":true}]}}