{"id":7331,"date":"2025-07-28T12:21:57","date_gmt":"2025-07-28T17:21:57","guid":{"rendered":"https:\/\/www.eudistasmd.org\/?p=7331"},"modified":"2025-07-28T17:50:13","modified_gmt":"2025-07-28T22:50:13","slug":"visita-del-padre-german-gandara-cjm-a-la-comunidad-local-cristo-evangelizador-en-medellin","status":"publish","type":"post","link":"https:\/\/www.eudistasmd.org\/index.php\/2025\/07\/28\/visita-del-padre-german-gandara-cjm-a-la-comunidad-local-cristo-evangelizador-en-medellin\/","title":{"rendered":"Visita can\u00f3nica a la Comunidad Local Cristo Evangelizador en Medell\u00edn"},"content":{"rendered":"<p data-start=\"1666\" data-end=\"2008\">Del 23 al 27 de julio, el Padre Germ\u00e1n G\u00e1ndara, CJM, Superior Provincial de la Provincia Eudista Minuto de Dios, realiz\u00f3 su visita provincial a la Comunidad Local Cristo Formador Evangelizador, ubicada en Medell\u00edn. Fue acogido fraternalmente por los padres Alfonso Sierra y Yimer Ortiz, miembros de esta comunidad.<\/p>\n<p data-start=\"2010\" data-end=\"2658\">Durante estos d\u00edas, el Padre Germ\u00e1n visit\u00f3 los distintos lugares de apostolado donde los sacerdotes desarrollan su misi\u00f3n evangelizadora. Uno de los momentos centrales fue su encuentro con la Corporaci\u00f3n Universitaria Minuto de Dios &#8211; Bello, donde sostuvo una reuni\u00f3n con el rector Dr. Faber \u00c1lzate, acompa\u00f1ado por los sacerdotes de la comunidad. Adem\u00e1s, celebr\u00f3 la Eucarist\u00eda con los colaboradores de la instituci\u00f3n, comparti\u00e9ndoles un mensaje de \u00e1nimo, esperanza y renovaci\u00f3n espiritual, como representante de la Provincia, pero sobre todo desde el Evangelio: un Cristo vivo que anima los corazones con su amor y misericordia.<\/p>\n<p data-start=\"2660\" data-end=\"3052\">Tambi\u00e9n tuvo la oportunidad de visitar el Centro Carism\u00e1tico Minuto de Dios y la Casa de Oraci\u00f3n Tierra Nueva, obras donde el Padre Jos\u00e9 Leonardo Arboleda, CJM, desarrolla su servicio pastoral. All\u00ed celebr\u00f3 la Eucarist\u00eda en un ambiente de oraci\u00f3n y carisma, y comparti\u00f3 con los servidores y colaboradores que hacen posible esta importante labor de evangelizaci\u00f3n en la ciudad.<\/p>\n<p data-start=\"3054\" data-end=\"3398\">Como indican las Constituciones de la Congregaci\u00f3n de Jes\u00fas y Mar\u00eda, la visita provincial permiti\u00f3 al Superior encontrarse personalmente con cada uno de los hermanos, escucharles y animarles en su caminar. Se realizaron entrevistas individuales y espacios fraternos, fortaleciendo los v\u00ednculos comunitarios y la proyecci\u00f3n de la misi\u00f3n.<\/p>\n<p data-start=\"3400\" data-end=\"3872\">Uno de los momentos m\u00e1s significativos fue la instalaci\u00f3n del Padre Alfonso Sierra, CJM, como nuevo superior local, durante una solemne Eucarist\u00eda en la casa comunitaria, seguida de una celebraci\u00f3n especial con un desayuno t\u00edpico de la regi\u00f3n natal del padre. En este espacio, se agradeci\u00f3 tambi\u00e9n la entrega del Padre Huberto Obando, CJM, quien ven\u00eda desempe\u00f1ando ese servicio, y se reconoci\u00f3 la labor de todos los hermanos que han pasado por esta misi\u00f3n.<\/p>\n<p data-start=\"3874\" data-end=\"3925\">La comunidad local est\u00e1 actualmente conformada por:<\/p>\n<ul data-start=\"3927\" data-end=\"4234\">\n<li data-start=\"3927\" data-end=\"4028\">\n<p data-start=\"3929\" data-end=\"4028\">Padre Alfonso Sierra, CJM, Superior Local y docente en la Facultad de Educaci\u00f3n de UNIMINUTO.<\/p>\n<\/li>\n<li data-start=\"4029\" data-end=\"4136\">\n<p data-start=\"4031\" data-end=\"4136\">Padre Jos\u00e9 Leonardo Arboleda, CJM, colaborador en la Emisora Minuto de Dios y la Casa Tierra Nueva.<\/p>\n<\/li>\n<li data-start=\"4137\" data-end=\"4234\">\n<p data-start=\"4139\" data-end=\"4234\">Padre Yimer Ortiz, CJM, Director de Pastoral e Identidad Misional en UNIMINUTO \u2013 Antioquia.<\/p>\n<\/li>\n<\/ul>\n<p data-start=\"4236\" data-end=\"4526\">Pedimos al Se\u00f1or que esta obra siga fortaleci\u00e9ndose con el servicio y liderazgo de la comunidad en el Centro Carism\u00e1tico, la Corporaci\u00f3n Minuto de Dios y UNIMINUTO, y que el esp\u00edritu de San Juan Eudes contin\u00fae animando la entrega generosa de quienes forman parte de esta misi\u00f3n.<\/p>\n<p><a title=\"Visita Can\u00f3nica Comunidad Local Cristo Evangelizador\" href=\"https:\/\/www.flickr.com\/photos\/200276192@N06\/albums\/72177720327915494\" data-flickr-embed=\"true\"><img loading=\"lazy\" decoding=\"async\" class=\"aligncenter\" src=\"https:\/\/live.staticflickr.com\/65535\/54684020862_0ef6a167db_h.jpg\" alt=\"Visita Can\u00f3nica Comunidad Local Cristo Evangelizador\" width=\"431\" height=\"575\" \/><\/a><script async src=\"\/\/embedr.flickr.com\/assets\/client-code.js\" charset=\"utf-8\"><\/script><\/p>\n","protected":false},"excerpt":{"rendered":"<p>Del 23 al 27 de julio, el Padre Germ\u00e1n G\u00e1ndara, CJM, Superior Provincial de la Provincia Eudista Minuto de Dios, realiz\u00f3 su visita provincial a la Comunidad Local Cristo Formador Evangelizador, ubicada en Medell\u00edn. Fue acogido fraternalmente por los padres Alfonso Sierra y Yimer Ortiz, miembros de esta comunidad. Durante estos d\u00edas, el Padre Germ\u00e1n [&hellip;]<\/p>\n","protected":false},"author":7,"featured_media":7332,"comment_status":"closed","ping_status":"closed","sticky":false,"template":"","format":"standard","meta":{"_et_pb_use_builder":"","_et_pb_old_content":"","_et_gb_content_width":"","footnotes":""},"categories":[13],"tags":[386,383,385,384],"class_list":["post-7331","post","type-post","status-publish","format-standard","has-post-thumbnail","hentry","category-actualidad-eudista","tag-emisora-minuto-de-dios-en-medellin","tag-eudistas-en-medellin","tag-sacerdotes-eudistas-en-medellin","tag-uniminuto-en-medellin"],"yoast_head":"<!-- This site is optimized with the Yoast SEO plugin v27.2 - https:\/\/yoast.com\/product\/yoast-seo-wordpress\/ -->\n<title>Visita can\u00f3nica a la Comunidad Local Cristo Evangelizador en Medell\u00edn - Eudistas MD<\/title>\n<meta name=\"robots\" content=\"index, follow, max-snippet:-1, max-image-preview:large, max-video-preview:-1\" \/>\n<link rel=\"canonical\" href=\"https:\/\/www.eudistasmd.org\/index.php\/2025\/07\/28\/visita-del-padre-german-gandara-cjm-a-la-comunidad-local-cristo-evangelizador-en-medellin\/\" \/>\n<meta property=\"og:locale\" content=\"es_ES\" \/>\n<meta property=\"og:type\" content=\"article\" \/>\n<meta property=\"og:title\" content=\"Visita can\u00f3nica a la Comunidad Local Cristo Evangelizador en Medell\u00edn - Eudistas MD\" \/>\n<meta property=\"og:description\" content=\"Del 23 al 27 de julio, el Padre Germ\u00e1n G\u00e1ndara, CJM, Superior Provincial de la Provincia Eudista Minuto de Dios, realiz\u00f3 su visita provincial a la Comunidad Local Cristo Formador Evangelizador, ubicada en Medell\u00edn. Fue acogido fraternalmente por los padres Alfonso Sierra y Yimer Ortiz, miembros de esta comunidad. Durante estos d\u00edas, el Padre Germ\u00e1n [&hellip;]\" \/>\n<meta property=\"og:url\" content=\"https:\/\/www.eudistasmd.org\/index.php\/2025\/07\/28\/visita-del-padre-german-gandara-cjm-a-la-comunidad-local-cristo-evangelizador-en-medellin\/\" \/>\n<meta property=\"og:site_name\" content=\"Eudistas MD\" \/>\n<meta property=\"article:published_time\" content=\"2025-07-28T17:21:57+00:00\" \/>\n<meta property=\"article:modified_time\" content=\"2025-07-28T22:50:13+00:00\" \/>\n<meta property=\"og:image\" content=\"https:\/\/www.eudistasmd.org\/wp-content\/uploads\/2025\/07\/Cristo-evangelizador-Nota.png\" \/>\n\t<meta property=\"og:image:width\" content=\"650\" \/>\n\t<meta property=\"og:image:height\" content=\"400\" \/>\n\t<meta property=\"og:image:type\" content=\"image\/png\" \/>\n<meta name=\"author\" content=\"Angie Stacy Rodr\u00edguez G\u00f3mez\" \/>\n<meta name=\"twitter:card\" content=\"summary_large_image\" \/>\n<meta name=\"twitter:label1\" content=\"Escrito por\" \/>\n\t<meta name=\"twitter:data1\" content=\"Angie Stacy Rodr\u00edguez G\u00f3mez\" \/>\n\t<meta name=\"twitter:label2\" content=\"Tiempo de lectura\" \/>\n\t<meta name=\"twitter:data2\" content=\"3 minutos\" \/>\n<script type=\"application\/ld+json\" class=\"yoast-schema-graph\">{\"@context\":\"https:\/\/schema.org\",\"@graph\":[{\"@type\":\"Article\",\"@id\":\"https:\/\/www.eudistasmd.org\/index.php\/2025\/07\/28\/visita-del-padre-german-gandara-cjm-a-la-comunidad-local-cristo-evangelizador-en-medellin\/#article\",\"isPartOf\":{\"@id\":\"https:\/\/www.eudistasmd.org\/index.php\/2025\/07\/28\/visita-del-padre-german-gandara-cjm-a-la-comunidad-local-cristo-evangelizador-en-medellin\/\"},\"author\":{\"name\":\"Angie Stacy Rodr\u00edguez G\u00f3mez\",\"@id\":\"https:\/\/www.eudistasmd.org\/#\/schema\/person\/ea031151eedd6aedadcdb515522d15d5\"},\"headline\":\"Visita can\u00f3nica a la Comunidad Local Cristo Evangelizador en Medell\u00edn\",\"datePublished\":\"2025-07-28T17:21:57+00:00\",\"dateModified\":\"2025-07-28T22:50:13+00:00\",\"mainEntityOfPage\":{\"@id\":\"https:\/\/www.eudistasmd.org\/index.php\/2025\/07\/28\/visita-del-padre-german-gandara-cjm-a-la-comunidad-local-cristo-evangelizador-en-medellin\/\"},\"wordCount\":479,\"image\":{\"@id\":\"https:\/\/www.eudistasmd.org\/index.php\/2025\/07\/28\/visita-del-padre-german-gandara-cjm-a-la-comunidad-local-cristo-evangelizador-en-medellin\/#primaryimage\"},\"thumbnailUrl\":\"https:\/\/www.eudistasmd.org\/wp-content\/uploads\/2025\/07\/Cristo-evangelizador-Nota.png\",\"keywords\":[\"Emisora Minuto de Dios en Medell\u00edn\",\"Eudistas en Medell\u00edn\",\"Sacerdotes Eudistas en Medell\u00edn\",\"UNIMINUTO en Medell\u00edn\"],\"articleSection\":[\"Actualidad Eudista\"],\"inLanguage\":\"es\"},{\"@type\":\"WebPage\",\"@id\":\"https:\/\/www.eudistasmd.org\/index.php\/2025\/07\/28\/visita-del-padre-german-gandara-cjm-a-la-comunidad-local-cristo-evangelizador-en-medellin\/\",\"url\":\"https:\/\/www.eudistasmd.org\/index.php\/2025\/07\/28\/visita-del-padre-german-gandara-cjm-a-la-comunidad-local-cristo-evangelizador-en-medellin\/\",\"name\":\"Visita can\u00f3nica a la Comunidad Local Cristo Evangelizador en Medell\u00edn - Eudistas MD\",\"isPartOf\":{\"@id\":\"https:\/\/www.eudistasmd.org\/#website\"},\"primaryImageOfPage\":{\"@id\":\"https:\/\/www.eudistasmd.org\/index.php\/2025\/07\/28\/visita-del-padre-german-gandara-cjm-a-la-comunidad-local-cristo-evangelizador-en-medellin\/#primaryimage\"},\"image\":{\"@id\":\"https:\/\/www.eudistasmd.org\/index.php\/2025\/07\/28\/visita-del-padre-german-gandara-cjm-a-la-comunidad-local-cristo-evangelizador-en-medellin\/#primaryimage\"},\"thumbnailUrl\":\"https:\/\/www.eudistasmd.org\/wp-content\/uploads\/2025\/07\/Cristo-evangelizador-Nota.png\",\"datePublished\":\"2025-07-28T17:21:57+00:00\",\"dateModified\":\"2025-07-28T22:50:13+00:00\",\"author\":{\"@id\":\"https:\/\/www.eudistasmd.org\/#\/schema\/person\/ea031151eedd6aedadcdb515522d15d5\"},\"breadcrumb\":{\"@id\":\"https:\/\/www.eudistasmd.org\/index.php\/2025\/07\/28\/visita-del-padre-german-gandara-cjm-a-la-comunidad-local-cristo-evangelizador-en-medellin\/#breadcrumb\"},\"inLanguage\":\"es\",\"potentialAction\":[{\"@type\":\"ReadAction\",\"target\":[\"https:\/\/www.eudistasmd.org\/index.php\/2025\/07\/28\/visita-del-padre-german-gandara-cjm-a-la-comunidad-local-cristo-evangelizador-en-medellin\/\"]}]},{\"@type\":\"ImageObject\",\"inLanguage\":\"es\",\"@id\":\"https:\/\/www.eudistasmd.org\/index.php\/2025\/07\/28\/visita-del-padre-german-gandara-cjm-a-la-comunidad-local-cristo-evangelizador-en-medellin\/#primaryimage\",\"url\":\"https:\/\/www.eudistasmd.org\/wp-content\/uploads\/2025\/07\/Cristo-evangelizador-Nota.png\",\"contentUrl\":\"https:\/\/www.eudistasmd.org\/wp-content\/uploads\/2025\/07\/Cristo-evangelizador-Nota.png\",\"width\":650,\"height\":400},{\"@type\":\"BreadcrumbList\",\"@id\":\"https:\/\/www.eudistasmd.org\/index.php\/2025\/07\/28\/visita-del-padre-german-gandara-cjm-a-la-comunidad-local-cristo-evangelizador-en-medellin\/#breadcrumb\",\"itemListElement\":[{\"@type\":\"ListItem\",\"position\":1,\"name\":\"Portada\",\"item\":\"https:\/\/www.eudistasmd.org\/\"},{\"@type\":\"ListItem\",\"position\":2,\"name\":\"Visita can\u00f3nica a la Comunidad Local Cristo Evangelizador en Medell\u00edn\"}]},{\"@type\":\"WebSite\",\"@id\":\"https:\/\/www.eudistasmd.org\/#website\",\"url\":\"https:\/\/www.eudistasmd.org\/\",\"name\":\"Eudistas MD\",\"description\":\"Esta Provincia naci\u00f3 de la obra fundada por el padre eudista: Rafael Garc\u00eda Herreros. Este Don del Minuto de Dios ha sido encomendado a los los Eudistas del El Minuto de Dios, quienes se dedican a la Evangelizaci\u00f3n, la Formaci\u00f3n, y al servicio a los m\u00e1s pobres a trav\u00e9s de la Organizaci\u00f3n Minuto de Dios.\",\"potentialAction\":[{\"@type\":\"SearchAction\",\"target\":{\"@type\":\"EntryPoint\",\"urlTemplate\":\"https:\/\/www.eudistasmd.org\/?s={search_term_string}\"},\"query-input\":{\"@type\":\"PropertyValueSpecification\",\"valueRequired\":true,\"valueName\":\"search_term_string\"}}],\"inLanguage\":\"es\"},{\"@type\":\"Person\",\"@id\":\"https:\/\/www.eudistasmd.org\/#\/schema\/person\/ea031151eedd6aedadcdb515522d15d5\",\"name\":\"Angie Stacy Rodr\u00edguez G\u00f3mez\",\"image\":{\"@type\":\"ImageObject\",\"inLanguage\":\"es\",\"@id\":\"https:\/\/secure.gravatar.com\/avatar\/08c6f46fb8b7d2682b0cdfd76fb248e50ae4b1eeed14c21faf047e138ae11aa3?s=96&d=mm&r=g\",\"url\":\"https:\/\/secure.gravatar.com\/avatar\/08c6f46fb8b7d2682b0cdfd76fb248e50ae4b1eeed14c21faf047e138ae11aa3?s=96&d=mm&r=g\",\"contentUrl\":\"https:\/\/secure.gravatar.com\/avatar\/08c6f46fb8b7d2682b0cdfd76fb248e50ae4b1eeed14c21faf047e138ae11aa3?s=96&d=mm&r=g\",\"caption\":\"Angie Stacy Rodr\u00edguez G\u00f3mez\"},\"url\":\"https:\/\/www.eudistasmd.org\/index.php\/author\/noticias-editoramd\/\"}]}<\/script>\n<!-- \/ Yoast SEO plugin. -->","yoast_head_json":{"title":"Visita can\u00f3nica a la Comunidad Local Cristo Evangelizador en Medell\u00edn - Eudistas MD","robots":{"index":"index","follow":"follow","max-snippet":"max-snippet:-1","max-image-preview":"max-image-preview:large","max-video-preview":"max-video-preview:-1"},"canonical":"https:\/\/www.eudistasmd.org\/index.php\/2025\/07\/28\/visita-del-padre-german-gandara-cjm-a-la-comunidad-local-cristo-evangelizador-en-medellin\/","og_locale":"es_ES","og_type":"article","og_title":"Visita can\u00f3nica a la Comunidad Local Cristo Evangelizador en Medell\u00edn - Eudistas MD","og_description":"Del 23 al 27 de julio, el Padre Germ\u00e1n G\u00e1ndara, CJM, Superior Provincial de la Provincia Eudista Minuto de Dios, realiz\u00f3 su visita provincial a la Comunidad Local Cristo Formador Evangelizador, ubicada en Medell\u00edn. Fue acogido fraternalmente por los padres Alfonso Sierra y Yimer Ortiz, miembros de esta comunidad. Durante estos d\u00edas, el Padre Germ\u00e1n [&hellip;]","og_url":"https:\/\/www.eudistasmd.org\/index.php\/2025\/07\/28\/visita-del-padre-german-gandara-cjm-a-la-comunidad-local-cristo-evangelizador-en-medellin\/","og_site_name":"Eudistas MD","article_published_time":"2025-07-28T17:21:57+00:00","article_modified_time":"2025-07-28T22:50:13+00:00","og_image":[{"width":650,"height":400,"url":"https:\/\/www.eudistasmd.org\/wp-content\/uploads\/2025\/07\/Cristo-evangelizador-Nota.png","type":"image\/png"}],"author":"Angie Stacy Rodr\u00edguez G\u00f3mez","twitter_card":"summary_large_image","twitter_misc":{"Escrito por":"Angie Stacy Rodr\u00edguez G\u00f3mez","Tiempo de lectura":"3 minutos"},"schema":{"@context":"https:\/\/schema.org","@graph":[{"@type":"Article","@id":"https:\/\/www.eudistasmd.org\/index.php\/2025\/07\/28\/visita-del-padre-german-gandara-cjm-a-la-comunidad-local-cristo-evangelizador-en-medellin\/#article","isPartOf":{"@id":"https:\/\/www.eudistasmd.org\/index.php\/2025\/07\/28\/visita-del-padre-german-gandara-cjm-a-la-comunidad-local-cristo-evangelizador-en-medellin\/"},"author":{"name":"Angie Stacy Rodr\u00edguez G\u00f3mez","@id":"https:\/\/www.eudistasmd.org\/#\/schema\/person\/ea031151eedd6aedadcdb515522d15d5"},"headline":"Visita can\u00f3nica a la Comunidad Local Cristo Evangelizador en Medell\u00edn","datePublished":"2025-07-28T17:21:57+00:00","dateModified":"2025-07-28T22:50:13+00:00","mainEntityOfPage":{"@id":"https:\/\/www.eudistasmd.org\/index.php\/2025\/07\/28\/visita-del-padre-german-gandara-cjm-a-la-comunidad-local-cristo-evangelizador-en-medellin\/"},"wordCount":479,"image":{"@id":"https:\/\/www.eudistasmd.org\/index.php\/2025\/07\/28\/visita-del-padre-german-gandara-cjm-a-la-comunidad-local-cristo-evangelizador-en-medellin\/#primaryimage"},"thumbnailUrl":"https:\/\/www.eudistasmd.org\/wp-content\/uploads\/2025\/07\/Cristo-evangelizador-Nota.png","keywords":["Emisora Minuto de Dios en Medell\u00edn","Eudistas en Medell\u00edn","Sacerdotes Eudistas en Medell\u00edn","UNIMINUTO en Medell\u00edn"],"articleSection":["Actualidad Eudista"],"inLanguage":"es"},{"@type":"WebPage","@id":"https:\/\/www.eudistasmd.org\/index.php\/2025\/07\/28\/visita-del-padre-german-gandara-cjm-a-la-comunidad-local-cristo-evangelizador-en-medellin\/","url":"https:\/\/www.eudistasmd.org\/index.php\/2025\/07\/28\/visita-del-padre-german-gandara-cjm-a-la-comunidad-local-cristo-evangelizador-en-medellin\/","name":"Visita can\u00f3nica a la Comunidad Local Cristo Evangelizador en Medell\u00edn - Eudistas MD","isPartOf":{"@id":"https:\/\/www.eudistasmd.org\/#website"},"primaryImageOfPage":{"@id":"https:\/\/www.eudistasmd.org\/index.php\/2025\/07\/28\/visita-del-padre-german-gandara-cjm-a-la-comunidad-local-cristo-evangelizador-en-medellin\/#primaryimage"},"image":{"@id":"https:\/\/www.eudistasmd.org\/index.php\/2025\/07\/28\/visita-del-padre-german-gandara-cjm-a-la-comunidad-local-cristo-evangelizador-en-medellin\/#primaryimage"},"thumbnailUrl":"https:\/\/www.eudistasmd.org\/wp-content\/uploads\/2025\/07\/Cristo-evangelizador-Nota.png","datePublished":"2025-07-28T17:21:57+00:00","dateModified":"2025-07-28T22:50:13+00:00","author":{"@id":"https:\/\/www.eudistasmd.org\/#\/schema\/person\/ea031151eedd6aedadcdb515522d15d5"},"breadcrumb":{"@id":"https:\/\/www.eudistasmd.org\/index.php\/2025\/07\/28\/visita-del-padre-german-gandara-cjm-a-la-comunidad-local-cristo-evangelizador-en-medellin\/#breadcrumb"},"inLanguage":"es","potentialAction":[{"@type":"ReadAction","target":["https:\/\/www.eudistasmd.org\/index.php\/2025\/07\/28\/visita-del-padre-german-gandara-cjm-a-la-comunidad-local-cristo-evangelizador-en-medellin\/"]}]},{"@type":"ImageObject","inLanguage":"es","@id":"https:\/\/www.eudistasmd.org\/index.php\/2025\/07\/28\/visita-del-padre-german-gandara-cjm-a-la-comunidad-local-cristo-evangelizador-en-medellin\/#primaryimage","url":"https:\/\/www.eudistasmd.org\/wp-content\/uploads\/2025\/07\/Cristo-evangelizador-Nota.png","contentUrl":"https:\/\/www.eudistasmd.org\/wp-content\/uploads\/2025\/07\/Cristo-evangelizador-Nota.png","width":650,"height":400},{"@type":"BreadcrumbList","@id":"https:\/\/www.eudistasmd.org\/index.php\/2025\/07\/28\/visita-del-padre-german-gandara-cjm-a-la-comunidad-local-cristo-evangelizador-en-medellin\/#breadcrumb","itemListElement":[{"@type":"ListItem","position":1,"name":"Portada","item":"https:\/\/www.eudistasmd.org\/"},{"@type":"ListItem","position":2,"name":"Visita can\u00f3nica a la Comunidad Local Cristo Evangelizador en Medell\u00edn"}]},{"@type":"WebSite","@id":"https:\/\/www.eudistasmd.org\/#website","url":"https:\/\/www.eudistasmd.org\/","name":"Eudistas MD","description":"Esta Provincia naci\u00f3 de la obra fundada por el padre eudista: Rafael Garc\u00eda Herreros. Este Don del Minuto de Dios ha sido encomendado a los los Eudistas del El Minuto de Dios, quienes se dedican a la Evangelizaci\u00f3n, la Formaci\u00f3n, y al servicio a los m\u00e1s pobres a trav\u00e9s de la Organizaci\u00f3n Minuto de Dios.","potentialAction":[{"@type":"SearchAction","target":{"@type":"EntryPoint","urlTemplate":"https:\/\/www.eudistasmd.org\/?s={search_term_string}"},"query-input":{"@type":"PropertyValueSpecification","valueRequired":true,"valueName":"search_term_string"}}],"inLanguage":"es"},{"@type":"Person","@id":"https:\/\/www.eudistasmd.org\/#\/schema\/person\/ea031151eedd6aedadcdb515522d15d5","name":"Angie Stacy Rodr\u00edguez G\u00f3mez","image":{"@type":"ImageObject","inLanguage":"es","@id":"https:\/\/secure.gravatar.com\/avatar\/08c6f46fb8b7d2682b0cdfd76fb248e50ae4b1eeed14c21faf047e138ae11aa3?s=96&d=mm&r=g","url":"https:\/\/secure.gravatar.com\/avatar\/08c6f46fb8b7d2682b0cdfd76fb248e50ae4b1eeed14c21faf047e138ae11aa3?s=96&d=mm&r=g","contentUrl":"https:\/\/secure.gravatar.com\/avatar\/08c6f46fb8b7d2682b0cdfd76fb248e50ae4b1eeed14c21faf047e138ae11aa3?s=96&d=mm&r=g","caption":"Angie Stacy Rodr\u00edguez G\u00f3mez"},"url":"https:\/\/www.eudistasmd.org\/index.php\/author\/noticias-editoramd\/"}]}},"_links":{"self":[{"href":"https:\/\/www.eudistasmd.org\/index.php\/wp-json\/wp\/v2\/posts\/7331","targetHints":{"allow":["GET"]}}],"collection":[{"href":"https:\/\/www.eudistasmd.org\/index.php\/wp-json\/wp\/v2\/posts"}],"about":[{"href":"https:\/\/www.eudistasmd.org\/index.php\/wp-json\/wp\/v2\/types\/post"}],"author":[{"embeddable":true,"href":"https:\/\/www.eudistasmd.org\/index.php\/wp-json\/wp\/v2\/users\/7"}],"replies":[{"embeddable":true,"href":"https:\/\/www.eudistasmd.org\/index.php\/wp-json\/wp\/v2\/comments?post=7331"}],"version-history":[{"count":4,"href":"https:\/\/www.eudistasmd.org\/index.php\/wp-json\/wp\/v2\/posts\/7331\/revisions"}],"predecessor-version":[{"id":7338,"href":"https:\/\/www.eudistasmd.org\/index.php\/wp-json\/wp\/v2\/posts\/7331\/revisions\/7338"}],"wp:featuredmedia":[{"embeddable":true,"href":"https:\/\/www.eudistasmd.org\/index.php\/wp-json\/wp\/v2\/media\/7332"}],"wp:attachment":[{"href":"https:\/\/www.eudistasmd.org\/index.php\/wp-json\/wp\/v2\/media?parent=7331"}],"wp:term":[{"taxonomy":"category","embeddable":true,"href":"https:\/\/www.eudistasmd.org\/index.php\/wp-json\/wp\/v2\/categories?post=7331"},{"taxonomy":"post_tag","embeddable":true,"href":"https:\/\/www.eudistasmd.org\/index.php\/wp-json\/wp\/v2\/tags?post=7331"}],"curies":[{"name":"wp","href":"https:\/\/api.w.org\/{rel}","templated":true}]}}