{"id":7324,"date":"2025-07-25T15:29:58","date_gmt":"2025-07-25T20:29:58","guid":{"rendered":"https:\/\/www.eudistasmd.org\/?p=7324"},"modified":"2025-07-25T15:30:37","modified_gmt":"2025-07-25T20:30:37","slug":"visita-canonica-a-la-comunidad-local-nuevo-pentecostes-en-bogota","status":"publish","type":"post","link":"https:\/\/www.eudistasmd.org\/index.php\/2025\/07\/25\/visita-canonica-a-la-comunidad-local-nuevo-pentecostes-en-bogota\/","title":{"rendered":"Visita Can\u00f3nica a la Comunidad Local Nuevo Pentecost\u00e9s en Bogot\u00e1"},"content":{"rendered":"<p>Como parte del recorrido fraterno por las comunidades eudistas, el Padre Germ\u00e1n G\u00e1ndara, CJM, Superior Provincial de la Provincia Eudista Minuto de Dios visit\u00f3 la Comunidad Local Nuevo Pentecost\u00e9s ubicada en Bogot\u00e1.<\/p>\n<p>Durante su visita, el Padre Germ\u00e1n tuvo la oportunidad de compartir momentos de escucha, reflexi\u00f3n y oraci\u00f3n con los hermanos que conforman esta comunidad, quienes llevan adelante la misi\u00f3n eudista en distintos frentes de evangelizaci\u00f3n, educaci\u00f3n y servicio pastoral en diferentes parroquias.<\/p>\n<p>&nbsp;<\/p>\n<p>La comunidad local est\u00e1 conformada por:<\/p>\n<ul>\n<li>Padre Hern\u00e1n Alzate Duque, CJM, Superior Local y director de la Oficina del Cuidado PEMD<\/li>\n<li>Padre Salom\u00f3n Bravo, CJM, director de Asuntos Estudiantiles &#8211; \u00a0UNIMINUTO<\/li>\n<li>Padre Gonzalo G\u00f3mez Yepez,CJM Facultad de Ciencias Humanas y Sociales. Programa de \u00e9tica.<\/li>\n<li>Padre Nelson Torifio S\u00e1nchez,CJM Investigaci\u00f3n &#8211; UNIMINUTO<\/li>\n<li>Padre Guillermo Antonio Echeverriy, CJM, Capell\u00e1n Fundaci\u00f3n Polit\u00e9cnico Minuto de Dios TEC MD<\/li>\n<\/ul>\n<p>Sigamos orando por esta comunidad local, por el fruto de la visita y por la fidelidad de cada uno de sus miembros al esp\u00edritu de San Juan Eudes.<\/p>\n","protected":false},"excerpt":{"rendered":"<p>Como parte del recorrido fraterno por las comunidades eudistas, el Padre Germ\u00e1n G\u00e1ndara, CJM, Superior Provincial de la Provincia Eudista Minuto de Dios visit\u00f3 la Comunidad Local Nuevo Pentecost\u00e9s ubicada en Bogot\u00e1. Durante su visita, el Padre Germ\u00e1n tuvo la oportunidad de compartir momentos de escucha, reflexi\u00f3n y oraci\u00f3n con los hermanos que conforman esta [&hellip;]<\/p>\n","protected":false},"author":7,"featured_media":7325,"comment_status":"closed","ping_status":"closed","sticky":false,"template":"","format":"standard","meta":{"_et_pb_use_builder":"","_et_pb_old_content":"","_et_gb_content_width":"","footnotes":""},"categories":[13],"tags":[55,269,98],"class_list":["post-7324","post","type-post","status-publish","format-standard","has-post-thumbnail","hentry","category-actualidad-eudista","tag-eudistas-de-el-minuto-de-dios","tag-eudistas-en-bogota","tag-sacerdotes-eudistas"],"yoast_head":"<!-- This site is optimized with the Yoast SEO plugin v27.2 - https:\/\/yoast.com\/product\/yoast-seo-wordpress\/ -->\n<title>Visita Can\u00f3nica a la Comunidad Local Nuevo Pentecost\u00e9s en Bogot\u00e1 - Eudistas MD<\/title>\n<meta name=\"robots\" content=\"index, follow, max-snippet:-1, max-image-preview:large, max-video-preview:-1\" \/>\n<link rel=\"canonical\" href=\"https:\/\/www.eudistasmd.org\/index.php\/2025\/07\/25\/visita-canonica-a-la-comunidad-local-nuevo-pentecostes-en-bogota\/\" \/>\n<meta property=\"og:locale\" content=\"es_ES\" \/>\n<meta property=\"og:type\" content=\"article\" \/>\n<meta property=\"og:title\" content=\"Visita Can\u00f3nica a la Comunidad Local Nuevo Pentecost\u00e9s en Bogot\u00e1 - Eudistas MD\" \/>\n<meta property=\"og:description\" content=\"Como parte del recorrido fraterno por las comunidades eudistas, el Padre Germ\u00e1n G\u00e1ndara, CJM, Superior Provincial de la Provincia Eudista Minuto de Dios visit\u00f3 la Comunidad Local Nuevo Pentecost\u00e9s ubicada en Bogot\u00e1. Durante su visita, el Padre Germ\u00e1n tuvo la oportunidad de compartir momentos de escucha, reflexi\u00f3n y oraci\u00f3n con los hermanos que conforman esta [&hellip;]\" \/>\n<meta property=\"og:url\" content=\"https:\/\/www.eudistasmd.org\/index.php\/2025\/07\/25\/visita-canonica-a-la-comunidad-local-nuevo-pentecostes-en-bogota\/\" \/>\n<meta property=\"og:site_name\" content=\"Eudistas MD\" \/>\n<meta property=\"article:published_time\" content=\"2025-07-25T20:29:58+00:00\" \/>\n<meta property=\"article:modified_time\" content=\"2025-07-25T20:30:37+00:00\" \/>\n<meta property=\"og:image\" content=\"https:\/\/www.eudistasmd.org\/wp-content\/uploads\/2025\/07\/WhatsApp-Image-2025-07-24-at-1.48.36-PM.jpeg\" \/>\n\t<meta property=\"og:image:width\" content=\"1600\" \/>\n\t<meta property=\"og:image:height\" content=\"1200\" \/>\n\t<meta property=\"og:image:type\" content=\"image\/jpeg\" \/>\n<meta name=\"author\" content=\"Angie Stacy Rodr\u00edguez G\u00f3mez\" \/>\n<meta name=\"twitter:card\" content=\"summary_large_image\" \/>\n<meta name=\"twitter:label1\" content=\"Escrito por\" \/>\n\t<meta name=\"twitter:data1\" content=\"Angie Stacy Rodr\u00edguez G\u00f3mez\" \/>\n\t<meta name=\"twitter:label2\" content=\"Tiempo de lectura\" \/>\n\t<meta name=\"twitter:data2\" content=\"1 minuto\" \/>\n<script type=\"application\/ld+json\" class=\"yoast-schema-graph\">{\"@context\":\"https:\/\/schema.org\",\"@graph\":[{\"@type\":\"Article\",\"@id\":\"https:\/\/www.eudistasmd.org\/index.php\/2025\/07\/25\/visita-canonica-a-la-comunidad-local-nuevo-pentecostes-en-bogota\/#article\",\"isPartOf\":{\"@id\":\"https:\/\/www.eudistasmd.org\/index.php\/2025\/07\/25\/visita-canonica-a-la-comunidad-local-nuevo-pentecostes-en-bogota\/\"},\"author\":{\"name\":\"Angie Stacy Rodr\u00edguez G\u00f3mez\",\"@id\":\"https:\/\/www.eudistasmd.org\/#\/schema\/person\/ea031151eedd6aedadcdb515522d15d5\"},\"headline\":\"Visita Can\u00f3nica a la Comunidad Local Nuevo Pentecost\u00e9s en Bogot\u00e1\",\"datePublished\":\"2025-07-25T20:29:58+00:00\",\"dateModified\":\"2025-07-25T20:30:37+00:00\",\"mainEntityOfPage\":{\"@id\":\"https:\/\/www.eudistasmd.org\/index.php\/2025\/07\/25\/visita-canonica-a-la-comunidad-local-nuevo-pentecostes-en-bogota\/\"},\"wordCount\":199,\"image\":{\"@id\":\"https:\/\/www.eudistasmd.org\/index.php\/2025\/07\/25\/visita-canonica-a-la-comunidad-local-nuevo-pentecostes-en-bogota\/#primaryimage\"},\"thumbnailUrl\":\"https:\/\/www.eudistasmd.org\/wp-content\/uploads\/2025\/07\/WhatsApp-Image-2025-07-24-at-1.48.36-PM.jpeg\",\"keywords\":[\"Eudistas de El Minuto de Dios\",\"Eudistas en Bogot\u00e1\",\"sacerdotes eudistas\"],\"articleSection\":[\"Actualidad Eudista\"],\"inLanguage\":\"es\"},{\"@type\":\"WebPage\",\"@id\":\"https:\/\/www.eudistasmd.org\/index.php\/2025\/07\/25\/visita-canonica-a-la-comunidad-local-nuevo-pentecostes-en-bogota\/\",\"url\":\"https:\/\/www.eudistasmd.org\/index.php\/2025\/07\/25\/visita-canonica-a-la-comunidad-local-nuevo-pentecostes-en-bogota\/\",\"name\":\"Visita Can\u00f3nica a la Comunidad Local Nuevo Pentecost\u00e9s en Bogot\u00e1 - Eudistas MD\",\"isPartOf\":{\"@id\":\"https:\/\/www.eudistasmd.org\/#website\"},\"primaryImageOfPage\":{\"@id\":\"https:\/\/www.eudistasmd.org\/index.php\/2025\/07\/25\/visita-canonica-a-la-comunidad-local-nuevo-pentecostes-en-bogota\/#primaryimage\"},\"image\":{\"@id\":\"https:\/\/www.eudistasmd.org\/index.php\/2025\/07\/25\/visita-canonica-a-la-comunidad-local-nuevo-pentecostes-en-bogota\/#primaryimage\"},\"thumbnailUrl\":\"https:\/\/www.eudistasmd.org\/wp-content\/uploads\/2025\/07\/WhatsApp-Image-2025-07-24-at-1.48.36-PM.jpeg\",\"datePublished\":\"2025-07-25T20:29:58+00:00\",\"dateModified\":\"2025-07-25T20:30:37+00:00\",\"author\":{\"@id\":\"https:\/\/www.eudistasmd.org\/#\/schema\/person\/ea031151eedd6aedadcdb515522d15d5\"},\"breadcrumb\":{\"@id\":\"https:\/\/www.eudistasmd.org\/index.php\/2025\/07\/25\/visita-canonica-a-la-comunidad-local-nuevo-pentecostes-en-bogota\/#breadcrumb\"},\"inLanguage\":\"es\",\"potentialAction\":[{\"@type\":\"ReadAction\",\"target\":[\"https:\/\/www.eudistasmd.org\/index.php\/2025\/07\/25\/visita-canonica-a-la-comunidad-local-nuevo-pentecostes-en-bogota\/\"]}]},{\"@type\":\"ImageObject\",\"inLanguage\":\"es\",\"@id\":\"https:\/\/www.eudistasmd.org\/index.php\/2025\/07\/25\/visita-canonica-a-la-comunidad-local-nuevo-pentecostes-en-bogota\/#primaryimage\",\"url\":\"https:\/\/www.eudistasmd.org\/wp-content\/uploads\/2025\/07\/WhatsApp-Image-2025-07-24-at-1.48.36-PM.jpeg\",\"contentUrl\":\"https:\/\/www.eudistasmd.org\/wp-content\/uploads\/2025\/07\/WhatsApp-Image-2025-07-24-at-1.48.36-PM.jpeg\",\"width\":1600,\"height\":1200},{\"@type\":\"BreadcrumbList\",\"@id\":\"https:\/\/www.eudistasmd.org\/index.php\/2025\/07\/25\/visita-canonica-a-la-comunidad-local-nuevo-pentecostes-en-bogota\/#breadcrumb\",\"itemListElement\":[{\"@type\":\"ListItem\",\"position\":1,\"name\":\"Portada\",\"item\":\"https:\/\/www.eudistasmd.org\/\"},{\"@type\":\"ListItem\",\"position\":2,\"name\":\"Visita Can\u00f3nica a la Comunidad Local Nuevo Pentecost\u00e9s en Bogot\u00e1\"}]},{\"@type\":\"WebSite\",\"@id\":\"https:\/\/www.eudistasmd.org\/#website\",\"url\":\"https:\/\/www.eudistasmd.org\/\",\"name\":\"Eudistas MD\",\"description\":\"Esta Provincia naci\u00f3 de la obra fundada por el padre eudista: Rafael Garc\u00eda Herreros. Este Don del Minuto de Dios ha sido encomendado a los los Eudistas del El Minuto de Dios, quienes se dedican a la Evangelizaci\u00f3n, la Formaci\u00f3n, y al servicio a los m\u00e1s pobres a trav\u00e9s de la Organizaci\u00f3n Minuto de Dios.\",\"potentialAction\":[{\"@type\":\"SearchAction\",\"target\":{\"@type\":\"EntryPoint\",\"urlTemplate\":\"https:\/\/www.eudistasmd.org\/?s={search_term_string}\"},\"query-input\":{\"@type\":\"PropertyValueSpecification\",\"valueRequired\":true,\"valueName\":\"search_term_string\"}}],\"inLanguage\":\"es\"},{\"@type\":\"Person\",\"@id\":\"https:\/\/www.eudistasmd.org\/#\/schema\/person\/ea031151eedd6aedadcdb515522d15d5\",\"name\":\"Angie Stacy Rodr\u00edguez G\u00f3mez\",\"image\":{\"@type\":\"ImageObject\",\"inLanguage\":\"es\",\"@id\":\"https:\/\/secure.gravatar.com\/avatar\/08c6f46fb8b7d2682b0cdfd76fb248e50ae4b1eeed14c21faf047e138ae11aa3?s=96&d=mm&r=g\",\"url\":\"https:\/\/secure.gravatar.com\/avatar\/08c6f46fb8b7d2682b0cdfd76fb248e50ae4b1eeed14c21faf047e138ae11aa3?s=96&d=mm&r=g\",\"contentUrl\":\"https:\/\/secure.gravatar.com\/avatar\/08c6f46fb8b7d2682b0cdfd76fb248e50ae4b1eeed14c21faf047e138ae11aa3?s=96&d=mm&r=g\",\"caption\":\"Angie Stacy Rodr\u00edguez G\u00f3mez\"},\"url\":\"https:\/\/www.eudistasmd.org\/index.php\/author\/noticias-editoramd\/\"}]}<\/script>\n<!-- \/ Yoast SEO plugin. -->","yoast_head_json":{"title":"Visita Can\u00f3nica a la Comunidad Local Nuevo Pentecost\u00e9s en Bogot\u00e1 - Eudistas MD","robots":{"index":"index","follow":"follow","max-snippet":"max-snippet:-1","max-image-preview":"max-image-preview:large","max-video-preview":"max-video-preview:-1"},"canonical":"https:\/\/www.eudistasmd.org\/index.php\/2025\/07\/25\/visita-canonica-a-la-comunidad-local-nuevo-pentecostes-en-bogota\/","og_locale":"es_ES","og_type":"article","og_title":"Visita Can\u00f3nica a la Comunidad Local Nuevo Pentecost\u00e9s en Bogot\u00e1 - Eudistas MD","og_description":"Como parte del recorrido fraterno por las comunidades eudistas, el Padre Germ\u00e1n G\u00e1ndara, CJM, Superior Provincial de la Provincia Eudista Minuto de Dios visit\u00f3 la Comunidad Local Nuevo Pentecost\u00e9s ubicada en Bogot\u00e1. Durante su visita, el Padre Germ\u00e1n tuvo la oportunidad de compartir momentos de escucha, reflexi\u00f3n y oraci\u00f3n con los hermanos que conforman esta [&hellip;]","og_url":"https:\/\/www.eudistasmd.org\/index.php\/2025\/07\/25\/visita-canonica-a-la-comunidad-local-nuevo-pentecostes-en-bogota\/","og_site_name":"Eudistas MD","article_published_time":"2025-07-25T20:29:58+00:00","article_modified_time":"2025-07-25T20:30:37+00:00","og_image":[{"width":1600,"height":1200,"url":"https:\/\/www.eudistasmd.org\/wp-content\/uploads\/2025\/07\/WhatsApp-Image-2025-07-24-at-1.48.36-PM.jpeg","type":"image\/jpeg"}],"author":"Angie Stacy Rodr\u00edguez G\u00f3mez","twitter_card":"summary_large_image","twitter_misc":{"Escrito por":"Angie Stacy Rodr\u00edguez G\u00f3mez","Tiempo de lectura":"1 minuto"},"schema":{"@context":"https:\/\/schema.org","@graph":[{"@type":"Article","@id":"https:\/\/www.eudistasmd.org\/index.php\/2025\/07\/25\/visita-canonica-a-la-comunidad-local-nuevo-pentecostes-en-bogota\/#article","isPartOf":{"@id":"https:\/\/www.eudistasmd.org\/index.php\/2025\/07\/25\/visita-canonica-a-la-comunidad-local-nuevo-pentecostes-en-bogota\/"},"author":{"name":"Angie Stacy Rodr\u00edguez G\u00f3mez","@id":"https:\/\/www.eudistasmd.org\/#\/schema\/person\/ea031151eedd6aedadcdb515522d15d5"},"headline":"Visita Can\u00f3nica a la Comunidad Local Nuevo Pentecost\u00e9s en Bogot\u00e1","datePublished":"2025-07-25T20:29:58+00:00","dateModified":"2025-07-25T20:30:37+00:00","mainEntityOfPage":{"@id":"https:\/\/www.eudistasmd.org\/index.php\/2025\/07\/25\/visita-canonica-a-la-comunidad-local-nuevo-pentecostes-en-bogota\/"},"wordCount":199,"image":{"@id":"https:\/\/www.eudistasmd.org\/index.php\/2025\/07\/25\/visita-canonica-a-la-comunidad-local-nuevo-pentecostes-en-bogota\/#primaryimage"},"thumbnailUrl":"https:\/\/www.eudistasmd.org\/wp-content\/uploads\/2025\/07\/WhatsApp-Image-2025-07-24-at-1.48.36-PM.jpeg","keywords":["Eudistas de El Minuto de Dios","Eudistas en Bogot\u00e1","sacerdotes eudistas"],"articleSection":["Actualidad Eudista"],"inLanguage":"es"},{"@type":"WebPage","@id":"https:\/\/www.eudistasmd.org\/index.php\/2025\/07\/25\/visita-canonica-a-la-comunidad-local-nuevo-pentecostes-en-bogota\/","url":"https:\/\/www.eudistasmd.org\/index.php\/2025\/07\/25\/visita-canonica-a-la-comunidad-local-nuevo-pentecostes-en-bogota\/","name":"Visita Can\u00f3nica a la Comunidad Local Nuevo Pentecost\u00e9s en Bogot\u00e1 - Eudistas MD","isPartOf":{"@id":"https:\/\/www.eudistasmd.org\/#website"},"primaryImageOfPage":{"@id":"https:\/\/www.eudistasmd.org\/index.php\/2025\/07\/25\/visita-canonica-a-la-comunidad-local-nuevo-pentecostes-en-bogota\/#primaryimage"},"image":{"@id":"https:\/\/www.eudistasmd.org\/index.php\/2025\/07\/25\/visita-canonica-a-la-comunidad-local-nuevo-pentecostes-en-bogota\/#primaryimage"},"thumbnailUrl":"https:\/\/www.eudistasmd.org\/wp-content\/uploads\/2025\/07\/WhatsApp-Image-2025-07-24-at-1.48.36-PM.jpeg","datePublished":"2025-07-25T20:29:58+00:00","dateModified":"2025-07-25T20:30:37+00:00","author":{"@id":"https:\/\/www.eudistasmd.org\/#\/schema\/person\/ea031151eedd6aedadcdb515522d15d5"},"breadcrumb":{"@id":"https:\/\/www.eudistasmd.org\/index.php\/2025\/07\/25\/visita-canonica-a-la-comunidad-local-nuevo-pentecostes-en-bogota\/#breadcrumb"},"inLanguage":"es","potentialAction":[{"@type":"ReadAction","target":["https:\/\/www.eudistasmd.org\/index.php\/2025\/07\/25\/visita-canonica-a-la-comunidad-local-nuevo-pentecostes-en-bogota\/"]}]},{"@type":"ImageObject","inLanguage":"es","@id":"https:\/\/www.eudistasmd.org\/index.php\/2025\/07\/25\/visita-canonica-a-la-comunidad-local-nuevo-pentecostes-en-bogota\/#primaryimage","url":"https:\/\/www.eudistasmd.org\/wp-content\/uploads\/2025\/07\/WhatsApp-Image-2025-07-24-at-1.48.36-PM.jpeg","contentUrl":"https:\/\/www.eudistasmd.org\/wp-content\/uploads\/2025\/07\/WhatsApp-Image-2025-07-24-at-1.48.36-PM.jpeg","width":1600,"height":1200},{"@type":"BreadcrumbList","@id":"https:\/\/www.eudistasmd.org\/index.php\/2025\/07\/25\/visita-canonica-a-la-comunidad-local-nuevo-pentecostes-en-bogota\/#breadcrumb","itemListElement":[{"@type":"ListItem","position":1,"name":"Portada","item":"https:\/\/www.eudistasmd.org\/"},{"@type":"ListItem","position":2,"name":"Visita Can\u00f3nica a la Comunidad Local Nuevo Pentecost\u00e9s en Bogot\u00e1"}]},{"@type":"WebSite","@id":"https:\/\/www.eudistasmd.org\/#website","url":"https:\/\/www.eudistasmd.org\/","name":"Eudistas MD","description":"Esta Provincia naci\u00f3 de la obra fundada por el padre eudista: Rafael Garc\u00eda Herreros. Este Don del Minuto de Dios ha sido encomendado a los los Eudistas del El Minuto de Dios, quienes se dedican a la Evangelizaci\u00f3n, la Formaci\u00f3n, y al servicio a los m\u00e1s pobres a trav\u00e9s de la Organizaci\u00f3n Minuto de Dios.","potentialAction":[{"@type":"SearchAction","target":{"@type":"EntryPoint","urlTemplate":"https:\/\/www.eudistasmd.org\/?s={search_term_string}"},"query-input":{"@type":"PropertyValueSpecification","valueRequired":true,"valueName":"search_term_string"}}],"inLanguage":"es"},{"@type":"Person","@id":"https:\/\/www.eudistasmd.org\/#\/schema\/person\/ea031151eedd6aedadcdb515522d15d5","name":"Angie Stacy Rodr\u00edguez G\u00f3mez","image":{"@type":"ImageObject","inLanguage":"es","@id":"https:\/\/secure.gravatar.com\/avatar\/08c6f46fb8b7d2682b0cdfd76fb248e50ae4b1eeed14c21faf047e138ae11aa3?s=96&d=mm&r=g","url":"https:\/\/secure.gravatar.com\/avatar\/08c6f46fb8b7d2682b0cdfd76fb248e50ae4b1eeed14c21faf047e138ae11aa3?s=96&d=mm&r=g","contentUrl":"https:\/\/secure.gravatar.com\/avatar\/08c6f46fb8b7d2682b0cdfd76fb248e50ae4b1eeed14c21faf047e138ae11aa3?s=96&d=mm&r=g","caption":"Angie Stacy Rodr\u00edguez G\u00f3mez"},"url":"https:\/\/www.eudistasmd.org\/index.php\/author\/noticias-editoramd\/"}]}},"_links":{"self":[{"href":"https:\/\/www.eudistasmd.org\/index.php\/wp-json\/wp\/v2\/posts\/7324","targetHints":{"allow":["GET"]}}],"collection":[{"href":"https:\/\/www.eudistasmd.org\/index.php\/wp-json\/wp\/v2\/posts"}],"about":[{"href":"https:\/\/www.eudistasmd.org\/index.php\/wp-json\/wp\/v2\/types\/post"}],"author":[{"embeddable":true,"href":"https:\/\/www.eudistasmd.org\/index.php\/wp-json\/wp\/v2\/users\/7"}],"replies":[{"embeddable":true,"href":"https:\/\/www.eudistasmd.org\/index.php\/wp-json\/wp\/v2\/comments?post=7324"}],"version-history":[{"count":2,"href":"https:\/\/www.eudistasmd.org\/index.php\/wp-json\/wp\/v2\/posts\/7324\/revisions"}],"predecessor-version":[{"id":7327,"href":"https:\/\/www.eudistasmd.org\/index.php\/wp-json\/wp\/v2\/posts\/7324\/revisions\/7327"}],"wp:featuredmedia":[{"embeddable":true,"href":"https:\/\/www.eudistasmd.org\/index.php\/wp-json\/wp\/v2\/media\/7325"}],"wp:attachment":[{"href":"https:\/\/www.eudistasmd.org\/index.php\/wp-json\/wp\/v2\/media?parent=7324"}],"wp:term":[{"taxonomy":"category","embeddable":true,"href":"https:\/\/www.eudistasmd.org\/index.php\/wp-json\/wp\/v2\/categories?post=7324"},{"taxonomy":"post_tag","embeddable":true,"href":"https:\/\/www.eudistasmd.org\/index.php\/wp-json\/wp\/v2\/tags?post=7324"}],"curies":[{"name":"wp","href":"https:\/\/api.w.org\/{rel}","templated":true}]}}