{"id":7305,"date":"2025-07-21T16:35:53","date_gmt":"2025-07-21T21:35:53","guid":{"rendered":"https:\/\/www.eudistasmd.org\/?p=7305"},"modified":"2025-07-21T16:57:34","modified_gmt":"2025-07-21T21:57:34","slug":"la-asamblea-general-como-punto-de-encuentro-estrategico","status":"publish","type":"post","link":"https:\/\/www.eudistasmd.org\/index.php\/2025\/07\/21\/la-asamblea-general-como-punto-de-encuentro-estrategico\/","title":{"rendered":"La Asamblea General como punto de encuentro estrat\u00e9gico"},"content":{"rendered":"<p><strong>Por : Fundaci\u00f3n Universitaria de Popay\u00e1n<\/strong><\/p>\n<p>El pasado mi\u00e9rcoles\u00a0<strong>16 de julio de 2025<\/strong>, en las instalaciones de nuestro\u00a0<strong>Claustro San Jos\u00e9<\/strong>\u00a0en la ciudad de\u00a0<strong>Popay\u00e1n<\/strong>, se llev\u00f3 a cabo una sesi\u00f3n extraordinaria de la\u00a0<strong>Asamblea General de la Fundaci\u00f3n Universitaria de Popay\u00e1n.<\/strong><\/p>\n<p>La jornada fue presidida por\u00a0<strong>Monse\u00f1or Omar Alberto S\u00e1nchez Cubillos, OP.<\/strong>\u00a0<strong>Arzobispo de Popay\u00e1n<\/strong>\u00a0y presidente de la\u00a0<strong>Asamblea General<\/strong>, y cont\u00f3 con la participaci\u00f3n de los distinguidos miembros que integran este \u00f3rgano de gobierno, como el\u00a0<strong>Padre Germ\u00e1n Jos\u00e9 G\u00e1ndara Ricardo, CJM., Superior de la<\/strong>\u00a0<a href=\"https:\/\/www.eudistasmd.org\/\" target=\"_blank\" rel=\"noopener\"><strong>Provincia Eudista del Minuto de Dios<\/strong><\/a>, en un espacio que se caracteriz\u00f3 por un ambiente ameno, fraterno y constructivo.<\/p>\n<p><img loading=\"lazy\" decoding=\"async\" class=\"wp-image-7307 aligncenter\" src=\"https:\/\/www.eudistasmd.org\/wp-content\/uploads\/2025\/07\/WhatsApp-Image-2025-07-16-at-6.27.50-PM-2.jpeg\" alt=\"\" width=\"453\" height=\"255\" \/><\/p>\n<p>Durante la sesi\u00f3n, se sostuvo un di\u00e1logo profundo sobre los retos actuales que enfrentan las instituciones de<strong>\u00a0Educaci\u00f3n Superior<\/strong>\u00a0en\u00a0<strong>Colombia<\/strong>, as\u00ed como sobre la visi\u00f3n conjunta que orienta el presente y futuro de nuestra Instituci\u00f3n.<\/p>\n<p>Este encuentro fortalece el compromiso institucional con la excelencia acad\u00e9mica, la formaci\u00f3n integral de los estudiantes y el aporte decidido al desarrollo regional y nacional.<\/p>\n<p>Adem\u00e1s, esta asamblea reviste un valor especial para nuestra Provincia, pues desde hace casi 20 a\u00f1os, gracias a la alianza entre la FUP y UNIMINUTO, los Padres Eudistas como el P. Mario Polo,cjm Danilo D\u00edaz,cjm y actualmente el P. Gregorio Rodr\u00edguez,cjm han dejado una huella imborrable no solo en el desarrollo educativo del territorio, sino tambi\u00e9n en la vivencia y promoci\u00f3n de la espiritualidad eudista.<\/p>\n<p><em><strong>Seguimos construyendo juntos educaci\u00f3n de calidad con responsabilidad social.<\/strong><\/em><\/p>\n<div class=\"et_pb_slider et_pb_slider_fullwidth_off et_pb_gallery_post_type\">\n\t\t\t\t<div class=\"et_pb_slides\">\n\t\t\t\t\t<div class=\"et_pb_slide\" style=\"background: url(https:\/\/www.eudistasmd.org\/wp-content\/uploads\/2025\/07\/WhatsApp-Image-2025-07-16-at-6.27.50-PM-3.jpeg);\"><\/div><div class=\"et_pb_slide\" style=\"background: url(https:\/\/www.eudistasmd.org\/wp-content\/uploads\/2025\/07\/WhatsApp-Image-2025-07-16-at-6.27.50-PM-4.jpeg);\"><\/div><div class=\"et_pb_slide\" style=\"background: url(https:\/\/www.eudistasmd.org\/wp-content\/uploads\/2025\/07\/WhatsApp-Image-2025-07-16-at-6.27.51-PM.jpeg);\"><\/div><div class=\"et_pb_slide\" style=\"background: url(https:\/\/www.eudistasmd.org\/wp-content\/uploads\/2025\/07\/WhatsApp-Image-2025-07-16-at-6.27.51-PM-1-1.jpeg);\"><\/div><div class=\"et_pb_slide\" style=\"background: url(https:\/\/www.eudistasmd.org\/wp-content\/uploads\/2025\/07\/WhatsApp-Image-2025-07-16-at-6.27.51-PM-2.jpeg);\"><\/div><div class=\"et_pb_slide\" style=\"background: url(https:\/\/www.eudistasmd.org\/wp-content\/uploads\/2025\/07\/WhatsApp-Image-2025-07-16-at-6.27.52-PM.jpeg);\"><\/div>\n\t\t\t\t<\/div>\n\t\t\t<\/div>\n<p>Link de la nota: <a href=\"https:\/\/fup.edu.co\/la-asamblea-general-como-punto-de-encuentro-estrategico\/?fbclid=IwY2xjawLrjT1leHRuA2FlbQIxMQBicmlkETFya0dwTnpUek02cGtraVUwAR5VsH9v0xFKqnK6IFqzR3ArAs5_wWRPS6p6wZnYsZPZzxvm77vUPXM5yivW5w_aem_KNss180rS1A05Tjritqeyg\">FUNDACI\u00d3N UNIVERSITARIA POPAY\u00c1N<\/a><\/p>\n","protected":false},"excerpt":{"rendered":"<p>Por : Fundaci\u00f3n Universitaria de Popay\u00e1n El pasado mi\u00e9rcoles\u00a016 de julio de 2025, en las instalaciones de nuestro\u00a0Claustro San Jos\u00e9\u00a0en la ciudad de\u00a0Popay\u00e1n, se llev\u00f3 a cabo una sesi\u00f3n extraordinaria de la\u00a0Asamblea General de la Fundaci\u00f3n Universitaria de Popay\u00e1n. La jornada fue presidida por\u00a0Monse\u00f1or Omar Alberto S\u00e1nchez Cubillos, OP.\u00a0Arzobispo de Popay\u00e1n\u00a0y presidente de la\u00a0Asamblea General, [&hellip;]<\/p>\n","protected":false},"author":7,"featured_media":7306,"comment_status":"closed","ping_status":"closed","sticky":false,"template":"","format":"standard","meta":{"_et_pb_use_builder":"","_et_pb_old_content":"","_et_gb_content_width":"","footnotes":""},"categories":[13],"tags":[338,373,376,375,374],"class_list":["post-7305","post","type-post","status-publish","format-standard","has-post-thumbnail","hentry","category-actualidad-eudista","tag-eudistas-en-popayan","tag-euidstas-minuto-de-dios","tag-fundacion-universitaria-de-popayan","tag-padre-german-gandara","tag-sacerdotes-eudistas-en-popayan"],"yoast_head":"<!-- This site is optimized with the Yoast SEO plugin v27.2 - https:\/\/yoast.com\/product\/yoast-seo-wordpress\/ -->\n<title>La Asamblea General como punto de encuentro estrat\u00e9gico - Eudistas MD<\/title>\n<meta name=\"robots\" content=\"index, follow, max-snippet:-1, max-image-preview:large, max-video-preview:-1\" \/>\n<link rel=\"canonical\" href=\"https:\/\/www.eudistasmd.org\/index.php\/2025\/07\/21\/la-asamblea-general-como-punto-de-encuentro-estrategico\/\" \/>\n<meta property=\"og:locale\" content=\"es_ES\" \/>\n<meta property=\"og:type\" content=\"article\" \/>\n<meta property=\"og:title\" content=\"La Asamblea General como punto de encuentro estrat\u00e9gico - Eudistas MD\" \/>\n<meta property=\"og:description\" content=\"Por : Fundaci\u00f3n Universitaria de Popay\u00e1n El pasado mi\u00e9rcoles\u00a016 de julio de 2025, en las instalaciones de nuestro\u00a0Claustro San Jos\u00e9\u00a0en la ciudad de\u00a0Popay\u00e1n, se llev\u00f3 a cabo una sesi\u00f3n extraordinaria de la\u00a0Asamblea General de la Fundaci\u00f3n Universitaria de Popay\u00e1n. La jornada fue presidida por\u00a0Monse\u00f1or Omar Alberto S\u00e1nchez Cubillos, OP.\u00a0Arzobispo de Popay\u00e1n\u00a0y presidente de la\u00a0Asamblea General, [&hellip;]\" \/>\n<meta property=\"og:url\" content=\"https:\/\/www.eudistasmd.org\/index.php\/2025\/07\/21\/la-asamblea-general-como-punto-de-encuentro-estrategico\/\" \/>\n<meta property=\"og:site_name\" content=\"Eudistas MD\" \/>\n<meta property=\"article:published_time\" content=\"2025-07-21T21:35:53+00:00\" \/>\n<meta property=\"article:modified_time\" content=\"2025-07-21T21:57:34+00:00\" \/>\n<meta property=\"og:image\" content=\"https:\/\/www.eudistasmd.org\/wp-content\/uploads\/2025\/07\/WhatsApp-Image-2025-07-16-at-6.27.50-PM-1.jpeg\" \/>\n\t<meta property=\"og:image:width\" content=\"1600\" \/>\n\t<meta property=\"og:image:height\" content=\"1201\" \/>\n\t<meta property=\"og:image:type\" content=\"image\/jpeg\" \/>\n<meta name=\"author\" content=\"Angie Stacy Rodr\u00edguez G\u00f3mez\" \/>\n<meta name=\"twitter:card\" content=\"summary_large_image\" \/>\n<meta name=\"twitter:label1\" content=\"Escrito por\" \/>\n\t<meta name=\"twitter:data1\" content=\"Angie Stacy Rodr\u00edguez G\u00f3mez\" \/>\n\t<meta name=\"twitter:label2\" content=\"Tiempo de lectura\" \/>\n\t<meta name=\"twitter:data2\" content=\"2 minutos\" \/>\n<script type=\"application\/ld+json\" class=\"yoast-schema-graph\">{\"@context\":\"https:\/\/schema.org\",\"@graph\":[{\"@type\":\"Article\",\"@id\":\"https:\/\/www.eudistasmd.org\/index.php\/2025\/07\/21\/la-asamblea-general-como-punto-de-encuentro-estrategico\/#article\",\"isPartOf\":{\"@id\":\"https:\/\/www.eudistasmd.org\/index.php\/2025\/07\/21\/la-asamblea-general-como-punto-de-encuentro-estrategico\/\"},\"author\":{\"name\":\"Angie Stacy Rodr\u00edguez G\u00f3mez\",\"@id\":\"https:\/\/www.eudistasmd.org\/#\/schema\/person\/ea031151eedd6aedadcdb515522d15d5\"},\"headline\":\"La Asamblea General como punto de encuentro estrat\u00e9gico\",\"datePublished\":\"2025-07-21T21:35:53+00:00\",\"dateModified\":\"2025-07-21T21:57:34+00:00\",\"mainEntityOfPage\":{\"@id\":\"https:\/\/www.eudistasmd.org\/index.php\/2025\/07\/21\/la-asamblea-general-como-punto-de-encuentro-estrategico\/\"},\"wordCount\":290,\"image\":{\"@id\":\"https:\/\/www.eudistasmd.org\/index.php\/2025\/07\/21\/la-asamblea-general-como-punto-de-encuentro-estrategico\/#primaryimage\"},\"thumbnailUrl\":\"https:\/\/www.eudistasmd.org\/wp-content\/uploads\/2025\/07\/WhatsApp-Image-2025-07-16-at-6.27.50-PM-1.jpeg\",\"keywords\":[\"Eudistas en popay\u00e1n\",\"Euidstas Minuto de Dios\",\"Fundaci\u00f3n Universitaria de Popay\u00e1n\",\"padre Germ\u00e1n G\u00e1ndara\",\"Sacerdotes Eudistas en Popay\u00e1n\"],\"articleSection\":[\"Actualidad Eudista\"],\"inLanguage\":\"es\"},{\"@type\":\"WebPage\",\"@id\":\"https:\/\/www.eudistasmd.org\/index.php\/2025\/07\/21\/la-asamblea-general-como-punto-de-encuentro-estrategico\/\",\"url\":\"https:\/\/www.eudistasmd.org\/index.php\/2025\/07\/21\/la-asamblea-general-como-punto-de-encuentro-estrategico\/\",\"name\":\"La Asamblea General como punto de encuentro estrat\u00e9gico - Eudistas MD\",\"isPartOf\":{\"@id\":\"https:\/\/www.eudistasmd.org\/#website\"},\"primaryImageOfPage\":{\"@id\":\"https:\/\/www.eudistasmd.org\/index.php\/2025\/07\/21\/la-asamblea-general-como-punto-de-encuentro-estrategico\/#primaryimage\"},\"image\":{\"@id\":\"https:\/\/www.eudistasmd.org\/index.php\/2025\/07\/21\/la-asamblea-general-como-punto-de-encuentro-estrategico\/#primaryimage\"},\"thumbnailUrl\":\"https:\/\/www.eudistasmd.org\/wp-content\/uploads\/2025\/07\/WhatsApp-Image-2025-07-16-at-6.27.50-PM-1.jpeg\",\"datePublished\":\"2025-07-21T21:35:53+00:00\",\"dateModified\":\"2025-07-21T21:57:34+00:00\",\"author\":{\"@id\":\"https:\/\/www.eudistasmd.org\/#\/schema\/person\/ea031151eedd6aedadcdb515522d15d5\"},\"breadcrumb\":{\"@id\":\"https:\/\/www.eudistasmd.org\/index.php\/2025\/07\/21\/la-asamblea-general-como-punto-de-encuentro-estrategico\/#breadcrumb\"},\"inLanguage\":\"es\",\"potentialAction\":[{\"@type\":\"ReadAction\",\"target\":[\"https:\/\/www.eudistasmd.org\/index.php\/2025\/07\/21\/la-asamblea-general-como-punto-de-encuentro-estrategico\/\"]}]},{\"@type\":\"ImageObject\",\"inLanguage\":\"es\",\"@id\":\"https:\/\/www.eudistasmd.org\/index.php\/2025\/07\/21\/la-asamblea-general-como-punto-de-encuentro-estrategico\/#primaryimage\",\"url\":\"https:\/\/www.eudistasmd.org\/wp-content\/uploads\/2025\/07\/WhatsApp-Image-2025-07-16-at-6.27.50-PM-1.jpeg\",\"contentUrl\":\"https:\/\/www.eudistasmd.org\/wp-content\/uploads\/2025\/07\/WhatsApp-Image-2025-07-16-at-6.27.50-PM-1.jpeg\",\"width\":1600,\"height\":1201},{\"@type\":\"BreadcrumbList\",\"@id\":\"https:\/\/www.eudistasmd.org\/index.php\/2025\/07\/21\/la-asamblea-general-como-punto-de-encuentro-estrategico\/#breadcrumb\",\"itemListElement\":[{\"@type\":\"ListItem\",\"position\":1,\"name\":\"Portada\",\"item\":\"https:\/\/www.eudistasmd.org\/\"},{\"@type\":\"ListItem\",\"position\":2,\"name\":\"La Asamblea General como punto de encuentro estrat\u00e9gico\"}]},{\"@type\":\"WebSite\",\"@id\":\"https:\/\/www.eudistasmd.org\/#website\",\"url\":\"https:\/\/www.eudistasmd.org\/\",\"name\":\"Eudistas MD\",\"description\":\"Esta Provincia naci\u00f3 de la obra fundada por el padre eudista: Rafael Garc\u00eda Herreros. Este Don del Minuto de Dios ha sido encomendado a los los Eudistas del El Minuto de Dios, quienes se dedican a la Evangelizaci\u00f3n, la Formaci\u00f3n, y al servicio a los m\u00e1s pobres a trav\u00e9s de la Organizaci\u00f3n Minuto de Dios.\",\"potentialAction\":[{\"@type\":\"SearchAction\",\"target\":{\"@type\":\"EntryPoint\",\"urlTemplate\":\"https:\/\/www.eudistasmd.org\/?s={search_term_string}\"},\"query-input\":{\"@type\":\"PropertyValueSpecification\",\"valueRequired\":true,\"valueName\":\"search_term_string\"}}],\"inLanguage\":\"es\"},{\"@type\":\"Person\",\"@id\":\"https:\/\/www.eudistasmd.org\/#\/schema\/person\/ea031151eedd6aedadcdb515522d15d5\",\"name\":\"Angie Stacy Rodr\u00edguez G\u00f3mez\",\"image\":{\"@type\":\"ImageObject\",\"inLanguage\":\"es\",\"@id\":\"https:\/\/secure.gravatar.com\/avatar\/08c6f46fb8b7d2682b0cdfd76fb248e50ae4b1eeed14c21faf047e138ae11aa3?s=96&d=mm&r=g\",\"url\":\"https:\/\/secure.gravatar.com\/avatar\/08c6f46fb8b7d2682b0cdfd76fb248e50ae4b1eeed14c21faf047e138ae11aa3?s=96&d=mm&r=g\",\"contentUrl\":\"https:\/\/secure.gravatar.com\/avatar\/08c6f46fb8b7d2682b0cdfd76fb248e50ae4b1eeed14c21faf047e138ae11aa3?s=96&d=mm&r=g\",\"caption\":\"Angie Stacy Rodr\u00edguez G\u00f3mez\"},\"url\":\"https:\/\/www.eudistasmd.org\/index.php\/author\/noticias-editoramd\/\"}]}<\/script>\n<!-- \/ Yoast SEO plugin. -->","yoast_head_json":{"title":"La Asamblea General como punto de encuentro estrat\u00e9gico - Eudistas MD","robots":{"index":"index","follow":"follow","max-snippet":"max-snippet:-1","max-image-preview":"max-image-preview:large","max-video-preview":"max-video-preview:-1"},"canonical":"https:\/\/www.eudistasmd.org\/index.php\/2025\/07\/21\/la-asamblea-general-como-punto-de-encuentro-estrategico\/","og_locale":"es_ES","og_type":"article","og_title":"La Asamblea General como punto de encuentro estrat\u00e9gico - Eudistas MD","og_description":"Por : Fundaci\u00f3n Universitaria de Popay\u00e1n El pasado mi\u00e9rcoles\u00a016 de julio de 2025, en las instalaciones de nuestro\u00a0Claustro San Jos\u00e9\u00a0en la ciudad de\u00a0Popay\u00e1n, se llev\u00f3 a cabo una sesi\u00f3n extraordinaria de la\u00a0Asamblea General de la Fundaci\u00f3n Universitaria de Popay\u00e1n. La jornada fue presidida por\u00a0Monse\u00f1or Omar Alberto S\u00e1nchez Cubillos, OP.\u00a0Arzobispo de Popay\u00e1n\u00a0y presidente de la\u00a0Asamblea General, [&hellip;]","og_url":"https:\/\/www.eudistasmd.org\/index.php\/2025\/07\/21\/la-asamblea-general-como-punto-de-encuentro-estrategico\/","og_site_name":"Eudistas MD","article_published_time":"2025-07-21T21:35:53+00:00","article_modified_time":"2025-07-21T21:57:34+00:00","og_image":[{"width":1600,"height":1201,"url":"https:\/\/www.eudistasmd.org\/wp-content\/uploads\/2025\/07\/WhatsApp-Image-2025-07-16-at-6.27.50-PM-1.jpeg","type":"image\/jpeg"}],"author":"Angie Stacy Rodr\u00edguez G\u00f3mez","twitter_card":"summary_large_image","twitter_misc":{"Escrito por":"Angie Stacy Rodr\u00edguez G\u00f3mez","Tiempo de lectura":"2 minutos"},"schema":{"@context":"https:\/\/schema.org","@graph":[{"@type":"Article","@id":"https:\/\/www.eudistasmd.org\/index.php\/2025\/07\/21\/la-asamblea-general-como-punto-de-encuentro-estrategico\/#article","isPartOf":{"@id":"https:\/\/www.eudistasmd.org\/index.php\/2025\/07\/21\/la-asamblea-general-como-punto-de-encuentro-estrategico\/"},"author":{"name":"Angie Stacy Rodr\u00edguez G\u00f3mez","@id":"https:\/\/www.eudistasmd.org\/#\/schema\/person\/ea031151eedd6aedadcdb515522d15d5"},"headline":"La Asamblea General como punto de encuentro estrat\u00e9gico","datePublished":"2025-07-21T21:35:53+00:00","dateModified":"2025-07-21T21:57:34+00:00","mainEntityOfPage":{"@id":"https:\/\/www.eudistasmd.org\/index.php\/2025\/07\/21\/la-asamblea-general-como-punto-de-encuentro-estrategico\/"},"wordCount":290,"image":{"@id":"https:\/\/www.eudistasmd.org\/index.php\/2025\/07\/21\/la-asamblea-general-como-punto-de-encuentro-estrategico\/#primaryimage"},"thumbnailUrl":"https:\/\/www.eudistasmd.org\/wp-content\/uploads\/2025\/07\/WhatsApp-Image-2025-07-16-at-6.27.50-PM-1.jpeg","keywords":["Eudistas en popay\u00e1n","Euidstas Minuto de Dios","Fundaci\u00f3n Universitaria de Popay\u00e1n","padre Germ\u00e1n G\u00e1ndara","Sacerdotes Eudistas en Popay\u00e1n"],"articleSection":["Actualidad Eudista"],"inLanguage":"es"},{"@type":"WebPage","@id":"https:\/\/www.eudistasmd.org\/index.php\/2025\/07\/21\/la-asamblea-general-como-punto-de-encuentro-estrategico\/","url":"https:\/\/www.eudistasmd.org\/index.php\/2025\/07\/21\/la-asamblea-general-como-punto-de-encuentro-estrategico\/","name":"La Asamblea General como punto de encuentro estrat\u00e9gico - Eudistas MD","isPartOf":{"@id":"https:\/\/www.eudistasmd.org\/#website"},"primaryImageOfPage":{"@id":"https:\/\/www.eudistasmd.org\/index.php\/2025\/07\/21\/la-asamblea-general-como-punto-de-encuentro-estrategico\/#primaryimage"},"image":{"@id":"https:\/\/www.eudistasmd.org\/index.php\/2025\/07\/21\/la-asamblea-general-como-punto-de-encuentro-estrategico\/#primaryimage"},"thumbnailUrl":"https:\/\/www.eudistasmd.org\/wp-content\/uploads\/2025\/07\/WhatsApp-Image-2025-07-16-at-6.27.50-PM-1.jpeg","datePublished":"2025-07-21T21:35:53+00:00","dateModified":"2025-07-21T21:57:34+00:00","author":{"@id":"https:\/\/www.eudistasmd.org\/#\/schema\/person\/ea031151eedd6aedadcdb515522d15d5"},"breadcrumb":{"@id":"https:\/\/www.eudistasmd.org\/index.php\/2025\/07\/21\/la-asamblea-general-como-punto-de-encuentro-estrategico\/#breadcrumb"},"inLanguage":"es","potentialAction":[{"@type":"ReadAction","target":["https:\/\/www.eudistasmd.org\/index.php\/2025\/07\/21\/la-asamblea-general-como-punto-de-encuentro-estrategico\/"]}]},{"@type":"ImageObject","inLanguage":"es","@id":"https:\/\/www.eudistasmd.org\/index.php\/2025\/07\/21\/la-asamblea-general-como-punto-de-encuentro-estrategico\/#primaryimage","url":"https:\/\/www.eudistasmd.org\/wp-content\/uploads\/2025\/07\/WhatsApp-Image-2025-07-16-at-6.27.50-PM-1.jpeg","contentUrl":"https:\/\/www.eudistasmd.org\/wp-content\/uploads\/2025\/07\/WhatsApp-Image-2025-07-16-at-6.27.50-PM-1.jpeg","width":1600,"height":1201},{"@type":"BreadcrumbList","@id":"https:\/\/www.eudistasmd.org\/index.php\/2025\/07\/21\/la-asamblea-general-como-punto-de-encuentro-estrategico\/#breadcrumb","itemListElement":[{"@type":"ListItem","position":1,"name":"Portada","item":"https:\/\/www.eudistasmd.org\/"},{"@type":"ListItem","position":2,"name":"La Asamblea General como punto de encuentro estrat\u00e9gico"}]},{"@type":"WebSite","@id":"https:\/\/www.eudistasmd.org\/#website","url":"https:\/\/www.eudistasmd.org\/","name":"Eudistas MD","description":"Esta Provincia naci\u00f3 de la obra fundada por el padre eudista: Rafael Garc\u00eda Herreros. Este Don del Minuto de Dios ha sido encomendado a los los Eudistas del El Minuto de Dios, quienes se dedican a la Evangelizaci\u00f3n, la Formaci\u00f3n, y al servicio a los m\u00e1s pobres a trav\u00e9s de la Organizaci\u00f3n Minuto de Dios.","potentialAction":[{"@type":"SearchAction","target":{"@type":"EntryPoint","urlTemplate":"https:\/\/www.eudistasmd.org\/?s={search_term_string}"},"query-input":{"@type":"PropertyValueSpecification","valueRequired":true,"valueName":"search_term_string"}}],"inLanguage":"es"},{"@type":"Person","@id":"https:\/\/www.eudistasmd.org\/#\/schema\/person\/ea031151eedd6aedadcdb515522d15d5","name":"Angie Stacy Rodr\u00edguez G\u00f3mez","image":{"@type":"ImageObject","inLanguage":"es","@id":"https:\/\/secure.gravatar.com\/avatar\/08c6f46fb8b7d2682b0cdfd76fb248e50ae4b1eeed14c21faf047e138ae11aa3?s=96&d=mm&r=g","url":"https:\/\/secure.gravatar.com\/avatar\/08c6f46fb8b7d2682b0cdfd76fb248e50ae4b1eeed14c21faf047e138ae11aa3?s=96&d=mm&r=g","contentUrl":"https:\/\/secure.gravatar.com\/avatar\/08c6f46fb8b7d2682b0cdfd76fb248e50ae4b1eeed14c21faf047e138ae11aa3?s=96&d=mm&r=g","caption":"Angie Stacy Rodr\u00edguez G\u00f3mez"},"url":"https:\/\/www.eudistasmd.org\/index.php\/author\/noticias-editoramd\/"}]}},"_links":{"self":[{"href":"https:\/\/www.eudistasmd.org\/index.php\/wp-json\/wp\/v2\/posts\/7305","targetHints":{"allow":["GET"]}}],"collection":[{"href":"https:\/\/www.eudistasmd.org\/index.php\/wp-json\/wp\/v2\/posts"}],"about":[{"href":"https:\/\/www.eudistasmd.org\/index.php\/wp-json\/wp\/v2\/types\/post"}],"author":[{"embeddable":true,"href":"https:\/\/www.eudistasmd.org\/index.php\/wp-json\/wp\/v2\/users\/7"}],"replies":[{"embeddable":true,"href":"https:\/\/www.eudistasmd.org\/index.php\/wp-json\/wp\/v2\/comments?post=7305"}],"version-history":[{"count":4,"href":"https:\/\/www.eudistasmd.org\/index.php\/wp-json\/wp\/v2\/posts\/7305\/revisions"}],"predecessor-version":[{"id":7319,"href":"https:\/\/www.eudistasmd.org\/index.php\/wp-json\/wp\/v2\/posts\/7305\/revisions\/7319"}],"wp:featuredmedia":[{"embeddable":true,"href":"https:\/\/www.eudistasmd.org\/index.php\/wp-json\/wp\/v2\/media\/7306"}],"wp:attachment":[{"href":"https:\/\/www.eudistasmd.org\/index.php\/wp-json\/wp\/v2\/media?parent=7305"}],"wp:term":[{"taxonomy":"category","embeddable":true,"href":"https:\/\/www.eudistasmd.org\/index.php\/wp-json\/wp\/v2\/categories?post=7305"},{"taxonomy":"post_tag","embeddable":true,"href":"https:\/\/www.eudistasmd.org\/index.php\/wp-json\/wp\/v2\/tags?post=7305"}],"curies":[{"name":"wp","href":"https:\/\/api.w.org\/{rel}","templated":true}]}}