{"id":7295,"date":"2025-07-16T11:07:36","date_gmt":"2025-07-16T16:07:36","guid":{"rendered":"https:\/\/www.eudistasmd.org\/?p=7295"},"modified":"2025-07-16T11:07:36","modified_gmt":"2025-07-16T16:07:36","slug":"padre-diego-jaramillo-cjm-reconocido-con-el-galardon-orgullo-de-colombia-2025","status":"publish","type":"post","link":"https:\/\/www.eudistasmd.org\/index.php\/2025\/07\/16\/padre-diego-jaramillo-cjm-reconocido-con-el-galardon-orgullo-de-colombia-2025\/","title":{"rendered":"Padre Diego Jaramillo, cjm reconocido con el Galard\u00f3n Orgullo de Colombia 2025"},"content":{"rendered":"<p><span data-contrast=\"auto\">Con gran alegr\u00eda y sentido de gratitud, compartimos que, el padre Diego Jaramillo Cuartas, CJM, ha sido distinguido con el <\/span>Galard\u00f3n Orgullo de Colombia 2025<span data-contrast=\"auto\">, un reconocimiento nacional que exalta su vida entregada al servicio del bien com\u00fan y su incansable trabajo por el desarrollo integral de las comunidades m\u00e1s vulnerables del pa\u00eds.<\/span><span data-ccp-props=\"{&quot;134233117&quot;:false,&quot;134233118&quot;:false,&quot;335551550&quot;:0,&quot;335551620&quot;:0,&quot;335559738&quot;:240,&quot;335559739&quot;:240}\">\u00a0<\/span><\/p>\n<p><span data-contrast=\"auto\">La ceremonia de entrega se realiz\u00f3 el pasado <\/span>viernes 11 de julio<span data-contrast=\"auto\"> en el <\/span>Club Militar de Bogot\u00e1<span data-contrast=\"auto\">, donde se dieron cita diversas personalidades que, desde distintos sectores de la sociedad, han dedicado su vida a transformar realidades y construir una Colombia m\u00e1s justa, solidaria y humana.<\/span><span data-ccp-props=\"{&quot;134233117&quot;:false,&quot;134233118&quot;:false,&quot;335551550&quot;:0,&quot;335551620&quot;:0,&quot;335559738&quot;:240,&quot;335559739&quot;:240}\">\u00a0<\/span><\/p>\n<p><span data-contrast=\"auto\">Este galard\u00f3n, entregado anualmente por la Fundaci\u00f3n Reconciliaci\u00f3n Futuro Colombia, rinde homenaje a hombres y mujeres que, a trav\u00e9s de su ejemplo, inspiran al pa\u00eds. En a\u00f1os anteriores han recibido este reconocimiento figuras del \u00e1mbito social, cient\u00edfico, art\u00edstico y comunitario, como la cient\u00edfica Nubia Mu\u00f1oz, el chef Jorge Rausch y la educadora Vicky Colbert, todos ellos referentes de compromiso, innovaci\u00f3n y servicio.<\/span><span data-ccp-props=\"{&quot;134233117&quot;:false,&quot;134233118&quot;:false,&quot;335551550&quot;:0,&quot;335551620&quot;:0,&quot;335559738&quot;:240,&quot;335559739&quot;:240}\">\u00a0<\/span><\/p>\n<p><span data-contrast=\"auto\">El padre Diego Jaramillo, cjm en su testimonio como eudista, ha sido un sacerdote seg\u00fan el coraz\u00f3n de Dios, comunicador incansable, evangelizador y ejemplo vivo de la misericordia a trav\u00e9s de la promoci\u00f3n de obras sociales que han impactado profundamente a miles de familias colombianas. Su liderazgo al frente de la <\/span>Obra El Minuto de Dios<span data-contrast=\"auto\"> ha permitido que el mensaje de esperanza, fe y desarrollo humano integral llegue a donde m\u00e1s se necesita.<\/span><span data-ccp-props=\"{&quot;134233117&quot;:false,&quot;134233118&quot;:false,&quot;335551550&quot;:0,&quot;335551620&quot;:0,&quot;335559738&quot;:240,&quot;335559739&quot;:240}\">\u00a0<\/span><\/p>\n<p><span data-contrast=\"auto\">Recibimos esta distinci\u00f3n como un reconocimiento no solo a su trayectoria, sino tambi\u00e9n al caminar conjunto de toda la familia eudista y El Minuto de Dios, que contin\u00faa su misi\u00f3n de transformar vidas con amor, servicio y misericordia.<\/span><span data-ccp-props=\"{&quot;134233117&quot;:false,&quot;134233118&quot;:false,&quot;335551550&quot;:0,&quot;335551620&quot;:0,&quot;335559738&quot;:240,&quot;335559739&quot;:240}\">\u00a0<\/span><\/p>\n","protected":false},"excerpt":{"rendered":"<p>Con gran alegr\u00eda y sentido de gratitud, compartimos que, el padre Diego Jaramillo Cuartas, CJM, ha sido distinguido con el Galard\u00f3n Orgullo de Colombia 2025, un reconocimiento nacional que exalta su vida entregada al servicio del bien com\u00fan y su incansable trabajo por el desarrollo integral de las comunidades m\u00e1s vulnerables del pa\u00eds.\u00a0 La ceremonia [&hellip;]<\/p>\n","protected":false},"author":7,"featured_media":7296,"comment_status":"closed","ping_status":"closed","sticky":false,"template":"","format":"standard","meta":{"_et_pb_use_builder":"","_et_pb_old_content":"","_et_gb_content_width":"","footnotes":""},"categories":[13],"tags":[22,366,36,98],"class_list":["post-7295","post","type-post","status-publish","format-standard","has-post-thumbnail","hentry","category-actualidad-eudista","tag-eudistas","tag-galardon-orgullo-colombia","tag-padre-diego-jaramillo","tag-sacerdotes-eudistas"],"yoast_head":"<!-- This site is optimized with the Yoast SEO plugin v27.2 - https:\/\/yoast.com\/product\/yoast-seo-wordpress\/ -->\n<title>Padre Diego Jaramillo, cjm reconocido con el Galard\u00f3n Orgullo de Colombia 2025 - Eudistas MD<\/title>\n<meta name=\"robots\" content=\"index, follow, max-snippet:-1, max-image-preview:large, max-video-preview:-1\" \/>\n<link rel=\"canonical\" href=\"https:\/\/www.eudistasmd.org\/index.php\/2025\/07\/16\/padre-diego-jaramillo-cjm-reconocido-con-el-galardon-orgullo-de-colombia-2025\/\" \/>\n<meta property=\"og:locale\" content=\"es_ES\" \/>\n<meta property=\"og:type\" content=\"article\" \/>\n<meta property=\"og:title\" content=\"Padre Diego Jaramillo, cjm reconocido con el Galard\u00f3n Orgullo de Colombia 2025 - Eudistas MD\" \/>\n<meta property=\"og:description\" content=\"Con gran alegr\u00eda y sentido de gratitud, compartimos que, el padre Diego Jaramillo Cuartas, CJM, ha sido distinguido con el Galard\u00f3n Orgullo de Colombia 2025, un reconocimiento nacional que exalta su vida entregada al servicio del bien com\u00fan y su incansable trabajo por el desarrollo integral de las comunidades m\u00e1s vulnerables del pa\u00eds.\u00a0 La ceremonia [&hellip;]\" \/>\n<meta property=\"og:url\" content=\"https:\/\/www.eudistasmd.org\/index.php\/2025\/07\/16\/padre-diego-jaramillo-cjm-reconocido-con-el-galardon-orgullo-de-colombia-2025\/\" \/>\n<meta property=\"og:site_name\" content=\"Eudistas MD\" \/>\n<meta property=\"article:published_time\" content=\"2025-07-16T16:07:36+00:00\" \/>\n<meta property=\"og:image\" content=\"https:\/\/www.eudistasmd.org\/wp-content\/uploads\/2025\/07\/Padre-Diego-Jaramillo-Galardon-684x1024-1.jpeg\" \/>\n\t<meta property=\"og:image:width\" content=\"684\" \/>\n\t<meta property=\"og:image:height\" content=\"1024\" \/>\n\t<meta property=\"og:image:type\" content=\"image\/jpeg\" \/>\n<meta name=\"author\" content=\"Angie Stacy Rodr\u00edguez G\u00f3mez\" \/>\n<meta name=\"twitter:card\" content=\"summary_large_image\" \/>\n<meta name=\"twitter:label1\" content=\"Escrito por\" \/>\n\t<meta name=\"twitter:data1\" content=\"Angie Stacy Rodr\u00edguez G\u00f3mez\" \/>\n\t<meta name=\"twitter:label2\" content=\"Tiempo de lectura\" \/>\n\t<meta name=\"twitter:data2\" content=\"2 minutos\" \/>\n<script type=\"application\/ld+json\" class=\"yoast-schema-graph\">{\"@context\":\"https:\/\/schema.org\",\"@graph\":[{\"@type\":\"Article\",\"@id\":\"https:\/\/www.eudistasmd.org\/index.php\/2025\/07\/16\/padre-diego-jaramillo-cjm-reconocido-con-el-galardon-orgullo-de-colombia-2025\/#article\",\"isPartOf\":{\"@id\":\"https:\/\/www.eudistasmd.org\/index.php\/2025\/07\/16\/padre-diego-jaramillo-cjm-reconocido-con-el-galardon-orgullo-de-colombia-2025\/\"},\"author\":{\"name\":\"Angie Stacy Rodr\u00edguez G\u00f3mez\",\"@id\":\"https:\/\/www.eudistasmd.org\/#\/schema\/person\/ea031151eedd6aedadcdb515522d15d5\"},\"headline\":\"Padre Diego Jaramillo, cjm reconocido con el Galard\u00f3n Orgullo de Colombia 2025\",\"datePublished\":\"2025-07-16T16:07:36+00:00\",\"mainEntityOfPage\":{\"@id\":\"https:\/\/www.eudistasmd.org\/index.php\/2025\/07\/16\/padre-diego-jaramillo-cjm-reconocido-con-el-galardon-orgullo-de-colombia-2025\/\"},\"wordCount\":310,\"image\":{\"@id\":\"https:\/\/www.eudistasmd.org\/index.php\/2025\/07\/16\/padre-diego-jaramillo-cjm-reconocido-con-el-galardon-orgullo-de-colombia-2025\/#primaryimage\"},\"thumbnailUrl\":\"https:\/\/www.eudistasmd.org\/wp-content\/uploads\/2025\/07\/Padre-Diego-Jaramillo-Galardon-684x1024-1.jpeg\",\"keywords\":[\"Eudistas\",\"Galard\u00f3n Orgullo Colombia\",\"Padre Diego Jaramillo\",\"sacerdotes eudistas\"],\"articleSection\":[\"Actualidad Eudista\"],\"inLanguage\":\"es\"},{\"@type\":\"WebPage\",\"@id\":\"https:\/\/www.eudistasmd.org\/index.php\/2025\/07\/16\/padre-diego-jaramillo-cjm-reconocido-con-el-galardon-orgullo-de-colombia-2025\/\",\"url\":\"https:\/\/www.eudistasmd.org\/index.php\/2025\/07\/16\/padre-diego-jaramillo-cjm-reconocido-con-el-galardon-orgullo-de-colombia-2025\/\",\"name\":\"Padre Diego Jaramillo, cjm reconocido con el Galard\u00f3n Orgullo de Colombia 2025 - Eudistas MD\",\"isPartOf\":{\"@id\":\"https:\/\/www.eudistasmd.org\/#website\"},\"primaryImageOfPage\":{\"@id\":\"https:\/\/www.eudistasmd.org\/index.php\/2025\/07\/16\/padre-diego-jaramillo-cjm-reconocido-con-el-galardon-orgullo-de-colombia-2025\/#primaryimage\"},\"image\":{\"@id\":\"https:\/\/www.eudistasmd.org\/index.php\/2025\/07\/16\/padre-diego-jaramillo-cjm-reconocido-con-el-galardon-orgullo-de-colombia-2025\/#primaryimage\"},\"thumbnailUrl\":\"https:\/\/www.eudistasmd.org\/wp-content\/uploads\/2025\/07\/Padre-Diego-Jaramillo-Galardon-684x1024-1.jpeg\",\"datePublished\":\"2025-07-16T16:07:36+00:00\",\"author\":{\"@id\":\"https:\/\/www.eudistasmd.org\/#\/schema\/person\/ea031151eedd6aedadcdb515522d15d5\"},\"breadcrumb\":{\"@id\":\"https:\/\/www.eudistasmd.org\/index.php\/2025\/07\/16\/padre-diego-jaramillo-cjm-reconocido-con-el-galardon-orgullo-de-colombia-2025\/#breadcrumb\"},\"inLanguage\":\"es\",\"potentialAction\":[{\"@type\":\"ReadAction\",\"target\":[\"https:\/\/www.eudistasmd.org\/index.php\/2025\/07\/16\/padre-diego-jaramillo-cjm-reconocido-con-el-galardon-orgullo-de-colombia-2025\/\"]}]},{\"@type\":\"ImageObject\",\"inLanguage\":\"es\",\"@id\":\"https:\/\/www.eudistasmd.org\/index.php\/2025\/07\/16\/padre-diego-jaramillo-cjm-reconocido-con-el-galardon-orgullo-de-colombia-2025\/#primaryimage\",\"url\":\"https:\/\/www.eudistasmd.org\/wp-content\/uploads\/2025\/07\/Padre-Diego-Jaramillo-Galardon-684x1024-1.jpeg\",\"contentUrl\":\"https:\/\/www.eudistasmd.org\/wp-content\/uploads\/2025\/07\/Padre-Diego-Jaramillo-Galardon-684x1024-1.jpeg\",\"width\":684,\"height\":1024},{\"@type\":\"BreadcrumbList\",\"@id\":\"https:\/\/www.eudistasmd.org\/index.php\/2025\/07\/16\/padre-diego-jaramillo-cjm-reconocido-con-el-galardon-orgullo-de-colombia-2025\/#breadcrumb\",\"itemListElement\":[{\"@type\":\"ListItem\",\"position\":1,\"name\":\"Portada\",\"item\":\"https:\/\/www.eudistasmd.org\/\"},{\"@type\":\"ListItem\",\"position\":2,\"name\":\"Padre Diego Jaramillo, cjm reconocido con el Galard\u00f3n Orgullo de Colombia 2025\"}]},{\"@type\":\"WebSite\",\"@id\":\"https:\/\/www.eudistasmd.org\/#website\",\"url\":\"https:\/\/www.eudistasmd.org\/\",\"name\":\"Eudistas MD\",\"description\":\"Esta Provincia naci\u00f3 de la obra fundada por el padre eudista: Rafael Garc\u00eda Herreros. Este Don del Minuto de Dios ha sido encomendado a los los Eudistas del El Minuto de Dios, quienes se dedican a la Evangelizaci\u00f3n, la Formaci\u00f3n, y al servicio a los m\u00e1s pobres a trav\u00e9s de la Organizaci\u00f3n Minuto de Dios.\",\"potentialAction\":[{\"@type\":\"SearchAction\",\"target\":{\"@type\":\"EntryPoint\",\"urlTemplate\":\"https:\/\/www.eudistasmd.org\/?s={search_term_string}\"},\"query-input\":{\"@type\":\"PropertyValueSpecification\",\"valueRequired\":true,\"valueName\":\"search_term_string\"}}],\"inLanguage\":\"es\"},{\"@type\":\"Person\",\"@id\":\"https:\/\/www.eudistasmd.org\/#\/schema\/person\/ea031151eedd6aedadcdb515522d15d5\",\"name\":\"Angie Stacy Rodr\u00edguez G\u00f3mez\",\"image\":{\"@type\":\"ImageObject\",\"inLanguage\":\"es\",\"@id\":\"https:\/\/secure.gravatar.com\/avatar\/08c6f46fb8b7d2682b0cdfd76fb248e50ae4b1eeed14c21faf047e138ae11aa3?s=96&d=mm&r=g\",\"url\":\"https:\/\/secure.gravatar.com\/avatar\/08c6f46fb8b7d2682b0cdfd76fb248e50ae4b1eeed14c21faf047e138ae11aa3?s=96&d=mm&r=g\",\"contentUrl\":\"https:\/\/secure.gravatar.com\/avatar\/08c6f46fb8b7d2682b0cdfd76fb248e50ae4b1eeed14c21faf047e138ae11aa3?s=96&d=mm&r=g\",\"caption\":\"Angie Stacy Rodr\u00edguez G\u00f3mez\"},\"url\":\"https:\/\/www.eudistasmd.org\/index.php\/author\/noticias-editoramd\/\"}]}<\/script>\n<!-- \/ Yoast SEO plugin. -->","yoast_head_json":{"title":"Padre Diego Jaramillo, cjm reconocido con el Galard\u00f3n Orgullo de Colombia 2025 - Eudistas MD","robots":{"index":"index","follow":"follow","max-snippet":"max-snippet:-1","max-image-preview":"max-image-preview:large","max-video-preview":"max-video-preview:-1"},"canonical":"https:\/\/www.eudistasmd.org\/index.php\/2025\/07\/16\/padre-diego-jaramillo-cjm-reconocido-con-el-galardon-orgullo-de-colombia-2025\/","og_locale":"es_ES","og_type":"article","og_title":"Padre Diego Jaramillo, cjm reconocido con el Galard\u00f3n Orgullo de Colombia 2025 - Eudistas MD","og_description":"Con gran alegr\u00eda y sentido de gratitud, compartimos que, el padre Diego Jaramillo Cuartas, CJM, ha sido distinguido con el Galard\u00f3n Orgullo de Colombia 2025, un reconocimiento nacional que exalta su vida entregada al servicio del bien com\u00fan y su incansable trabajo por el desarrollo integral de las comunidades m\u00e1s vulnerables del pa\u00eds.\u00a0 La ceremonia [&hellip;]","og_url":"https:\/\/www.eudistasmd.org\/index.php\/2025\/07\/16\/padre-diego-jaramillo-cjm-reconocido-con-el-galardon-orgullo-de-colombia-2025\/","og_site_name":"Eudistas MD","article_published_time":"2025-07-16T16:07:36+00:00","og_image":[{"width":684,"height":1024,"url":"https:\/\/www.eudistasmd.org\/wp-content\/uploads\/2025\/07\/Padre-Diego-Jaramillo-Galardon-684x1024-1.jpeg","type":"image\/jpeg"}],"author":"Angie Stacy Rodr\u00edguez G\u00f3mez","twitter_card":"summary_large_image","twitter_misc":{"Escrito por":"Angie Stacy Rodr\u00edguez G\u00f3mez","Tiempo de lectura":"2 minutos"},"schema":{"@context":"https:\/\/schema.org","@graph":[{"@type":"Article","@id":"https:\/\/www.eudistasmd.org\/index.php\/2025\/07\/16\/padre-diego-jaramillo-cjm-reconocido-con-el-galardon-orgullo-de-colombia-2025\/#article","isPartOf":{"@id":"https:\/\/www.eudistasmd.org\/index.php\/2025\/07\/16\/padre-diego-jaramillo-cjm-reconocido-con-el-galardon-orgullo-de-colombia-2025\/"},"author":{"name":"Angie Stacy Rodr\u00edguez G\u00f3mez","@id":"https:\/\/www.eudistasmd.org\/#\/schema\/person\/ea031151eedd6aedadcdb515522d15d5"},"headline":"Padre Diego Jaramillo, cjm reconocido con el Galard\u00f3n Orgullo de Colombia 2025","datePublished":"2025-07-16T16:07:36+00:00","mainEntityOfPage":{"@id":"https:\/\/www.eudistasmd.org\/index.php\/2025\/07\/16\/padre-diego-jaramillo-cjm-reconocido-con-el-galardon-orgullo-de-colombia-2025\/"},"wordCount":310,"image":{"@id":"https:\/\/www.eudistasmd.org\/index.php\/2025\/07\/16\/padre-diego-jaramillo-cjm-reconocido-con-el-galardon-orgullo-de-colombia-2025\/#primaryimage"},"thumbnailUrl":"https:\/\/www.eudistasmd.org\/wp-content\/uploads\/2025\/07\/Padre-Diego-Jaramillo-Galardon-684x1024-1.jpeg","keywords":["Eudistas","Galard\u00f3n Orgullo Colombia","Padre Diego Jaramillo","sacerdotes eudistas"],"articleSection":["Actualidad Eudista"],"inLanguage":"es"},{"@type":"WebPage","@id":"https:\/\/www.eudistasmd.org\/index.php\/2025\/07\/16\/padre-diego-jaramillo-cjm-reconocido-con-el-galardon-orgullo-de-colombia-2025\/","url":"https:\/\/www.eudistasmd.org\/index.php\/2025\/07\/16\/padre-diego-jaramillo-cjm-reconocido-con-el-galardon-orgullo-de-colombia-2025\/","name":"Padre Diego Jaramillo, cjm reconocido con el Galard\u00f3n Orgullo de Colombia 2025 - Eudistas MD","isPartOf":{"@id":"https:\/\/www.eudistasmd.org\/#website"},"primaryImageOfPage":{"@id":"https:\/\/www.eudistasmd.org\/index.php\/2025\/07\/16\/padre-diego-jaramillo-cjm-reconocido-con-el-galardon-orgullo-de-colombia-2025\/#primaryimage"},"image":{"@id":"https:\/\/www.eudistasmd.org\/index.php\/2025\/07\/16\/padre-diego-jaramillo-cjm-reconocido-con-el-galardon-orgullo-de-colombia-2025\/#primaryimage"},"thumbnailUrl":"https:\/\/www.eudistasmd.org\/wp-content\/uploads\/2025\/07\/Padre-Diego-Jaramillo-Galardon-684x1024-1.jpeg","datePublished":"2025-07-16T16:07:36+00:00","author":{"@id":"https:\/\/www.eudistasmd.org\/#\/schema\/person\/ea031151eedd6aedadcdb515522d15d5"},"breadcrumb":{"@id":"https:\/\/www.eudistasmd.org\/index.php\/2025\/07\/16\/padre-diego-jaramillo-cjm-reconocido-con-el-galardon-orgullo-de-colombia-2025\/#breadcrumb"},"inLanguage":"es","potentialAction":[{"@type":"ReadAction","target":["https:\/\/www.eudistasmd.org\/index.php\/2025\/07\/16\/padre-diego-jaramillo-cjm-reconocido-con-el-galardon-orgullo-de-colombia-2025\/"]}]},{"@type":"ImageObject","inLanguage":"es","@id":"https:\/\/www.eudistasmd.org\/index.php\/2025\/07\/16\/padre-diego-jaramillo-cjm-reconocido-con-el-galardon-orgullo-de-colombia-2025\/#primaryimage","url":"https:\/\/www.eudistasmd.org\/wp-content\/uploads\/2025\/07\/Padre-Diego-Jaramillo-Galardon-684x1024-1.jpeg","contentUrl":"https:\/\/www.eudistasmd.org\/wp-content\/uploads\/2025\/07\/Padre-Diego-Jaramillo-Galardon-684x1024-1.jpeg","width":684,"height":1024},{"@type":"BreadcrumbList","@id":"https:\/\/www.eudistasmd.org\/index.php\/2025\/07\/16\/padre-diego-jaramillo-cjm-reconocido-con-el-galardon-orgullo-de-colombia-2025\/#breadcrumb","itemListElement":[{"@type":"ListItem","position":1,"name":"Portada","item":"https:\/\/www.eudistasmd.org\/"},{"@type":"ListItem","position":2,"name":"Padre Diego Jaramillo, cjm reconocido con el Galard\u00f3n Orgullo de Colombia 2025"}]},{"@type":"WebSite","@id":"https:\/\/www.eudistasmd.org\/#website","url":"https:\/\/www.eudistasmd.org\/","name":"Eudistas MD","description":"Esta Provincia naci\u00f3 de la obra fundada por el padre eudista: Rafael Garc\u00eda Herreros. Este Don del Minuto de Dios ha sido encomendado a los los Eudistas del El Minuto de Dios, quienes se dedican a la Evangelizaci\u00f3n, la Formaci\u00f3n, y al servicio a los m\u00e1s pobres a trav\u00e9s de la Organizaci\u00f3n Minuto de Dios.","potentialAction":[{"@type":"SearchAction","target":{"@type":"EntryPoint","urlTemplate":"https:\/\/www.eudistasmd.org\/?s={search_term_string}"},"query-input":{"@type":"PropertyValueSpecification","valueRequired":true,"valueName":"search_term_string"}}],"inLanguage":"es"},{"@type":"Person","@id":"https:\/\/www.eudistasmd.org\/#\/schema\/person\/ea031151eedd6aedadcdb515522d15d5","name":"Angie Stacy Rodr\u00edguez G\u00f3mez","image":{"@type":"ImageObject","inLanguage":"es","@id":"https:\/\/secure.gravatar.com\/avatar\/08c6f46fb8b7d2682b0cdfd76fb248e50ae4b1eeed14c21faf047e138ae11aa3?s=96&d=mm&r=g","url":"https:\/\/secure.gravatar.com\/avatar\/08c6f46fb8b7d2682b0cdfd76fb248e50ae4b1eeed14c21faf047e138ae11aa3?s=96&d=mm&r=g","contentUrl":"https:\/\/secure.gravatar.com\/avatar\/08c6f46fb8b7d2682b0cdfd76fb248e50ae4b1eeed14c21faf047e138ae11aa3?s=96&d=mm&r=g","caption":"Angie Stacy Rodr\u00edguez G\u00f3mez"},"url":"https:\/\/www.eudistasmd.org\/index.php\/author\/noticias-editoramd\/"}]}},"_links":{"self":[{"href":"https:\/\/www.eudistasmd.org\/index.php\/wp-json\/wp\/v2\/posts\/7295","targetHints":{"allow":["GET"]}}],"collection":[{"href":"https:\/\/www.eudistasmd.org\/index.php\/wp-json\/wp\/v2\/posts"}],"about":[{"href":"https:\/\/www.eudistasmd.org\/index.php\/wp-json\/wp\/v2\/types\/post"}],"author":[{"embeddable":true,"href":"https:\/\/www.eudistasmd.org\/index.php\/wp-json\/wp\/v2\/users\/7"}],"replies":[{"embeddable":true,"href":"https:\/\/www.eudistasmd.org\/index.php\/wp-json\/wp\/v2\/comments?post=7295"}],"version-history":[{"count":1,"href":"https:\/\/www.eudistasmd.org\/index.php\/wp-json\/wp\/v2\/posts\/7295\/revisions"}],"predecessor-version":[{"id":7297,"href":"https:\/\/www.eudistasmd.org\/index.php\/wp-json\/wp\/v2\/posts\/7295\/revisions\/7297"}],"wp:featuredmedia":[{"embeddable":true,"href":"https:\/\/www.eudistasmd.org\/index.php\/wp-json\/wp\/v2\/media\/7296"}],"wp:attachment":[{"href":"https:\/\/www.eudistasmd.org\/index.php\/wp-json\/wp\/v2\/media?parent=7295"}],"wp:term":[{"taxonomy":"category","embeddable":true,"href":"https:\/\/www.eudistasmd.org\/index.php\/wp-json\/wp\/v2\/categories?post=7295"},{"taxonomy":"post_tag","embeddable":true,"href":"https:\/\/www.eudistasmd.org\/index.php\/wp-json\/wp\/v2\/tags?post=7295"}],"curies":[{"name":"wp","href":"https:\/\/api.w.org\/{rel}","templated":true}]}}