{"id":7291,"date":"2025-07-12T10:57:29","date_gmt":"2025-07-12T15:57:29","guid":{"rendered":"https:\/\/www.eudistasmd.org\/?p=7291"},"modified":"2025-07-12T11:05:28","modified_gmt":"2025-07-12T16:05:28","slug":"visita-canonica-a-la-comunidad-rafael-garcia-herreros-en-dolores-carazo-nicaragua","status":"publish","type":"post","link":"https:\/\/www.eudistasmd.org\/index.php\/2025\/07\/12\/visita-canonica-a-la-comunidad-rafael-garcia-herreros-en-dolores-carazo-nicaragua\/","title":{"rendered":"Visita Can\u00f3nica a la Comunidad Rafael Garc\u00eda Herreros en Dolores, Carazo \u2013 Nicaragua"},"content":{"rendered":"<p>Por: Zellydhay Guti\u00e9rrez, Asociada Eudista<\/p>\n<p>Con profundo gozo y esp\u00edritu de fraternidad, la Comunidad Rafael Garc\u00eda Herreros, en Dolores, Carazo (Nicaragua), vivi\u00f3 una semana llena de gracia y renovaci\u00f3n espiritual. Del 3 al 10 de julio, tuvimos el privilegio de recibir la visita can\u00f3nica del Padre Germ\u00e1n G\u00e1ndara Ricardo, Superior Provincial de la Provincia Eudista Minuto de Dios (PEMD).<\/p>\n<p>Su presencia fue un verdadero regalo de Dios que trajo consuelo, orientaci\u00f3n y cercan\u00eda a cada uno de los miembros de nuestra comunidad. Desde su llegada, fue acogido con alegr\u00eda por el Padre Germ\u00e1n Prieto, CJM, superior local, y por todos los sacerdotes eudistas que animan la vida pastoral de esta misi\u00f3n. Fue una semana de encuentros, escucha, oraci\u00f3n y esperanza, que dej\u00f3 huellas profundas en nuestra identidad y misi\u00f3n como Eudistas al servicio del Reino.<\/p>\n<p>Durante su estad\u00eda, el Padre Provincial particip\u00f3 en diversas actividades que fortalecieron la vida espiritual y pastoral de la comunidad. Uno de los momentos m\u00e1s significativos fue el retiro espiritual realizado el domingo 6 de julio en el Centro de Espiritualidad Eudista Betania, bajo el lema <em>\u201cEnv\u00eda trabajadores a tu mies\u201d<\/em>. Participaron miembros de los grupos parroquiales y de Betania, en una jornada marcada por la fraternidad, la oraci\u00f3n y la renovaci\u00f3n del compromiso evangelizador.<\/p>\n<p>La jornada incluy\u00f3 din\u00e1micas, una Eucarist\u00eda, la exposici\u00f3n de un tema central a cargo del Padre Henry Sierra \u2014invitado especial desde Colombia\u2014, presentaciones de los grupos parroquiales con sus misiones y un profundo momento de adoraci\u00f3n al Sant\u00edsimo Sacramento. El retiro fue una experiencia revitalizante que reafirm\u00f3 la misi\u00f3n y el llamado que Dios hace a cada uno al servicio del Reino.<\/p>\n<p>El lunes 7 de julio, el Padre G\u00e1ndara, acompa\u00f1ado por seis sacerdotes eudistas, asisti\u00f3 a la ordenaci\u00f3n presbiteral del neopresb\u00edtero Luis Novoa Henr\u00edquez, CJM, en la Catedral de Le\u00f3n. La celebraci\u00f3n fue presidida por Monse\u00f1or S\u00f3crates Ren\u00e9 S\u00e1ndigo Jir\u00f3n, obispo de la di\u00f3cesis, en un ambiente de j\u00fabilo para toda la comunidad.<\/p>\n<p>El martes 8, visit\u00f3 la Parroquia de Puerto Sandino, en Le\u00f3n, animada por los Eudistas desde hace m\u00e1s de tres a\u00f1os. All\u00ed fue acogido por el p\u00e1rroco, Padre Erasmo Silva Espinoza, y por la comunidad. Recorri\u00f3 la sede parroquial, visit\u00f3 varias comunidades rurales y celebr\u00f3 la Eucarist\u00eda en El Velero, El Tr\u00e1nsito, San Pablo y en la Quasi Parroquia de F\u00e1tima, en la comunidad Ojo de Agua.<\/p>\n<p>El mi\u00e9rcoles 9, junto a los padres Germ\u00e1n Prieto, Neguib Eslaquit, Maynor Chavarr\u00eda, Erasmo Silva y Luis Novoa, el Padre Provincial se traslad\u00f3 a la di\u00f3cesis de Juigalpa, donde fueron recibidos por Monse\u00f1or Marcial Humberto Guzm\u00e1n Saballos para dialogar sobre posibles servicios pastorales futuros de los Eudistas en esa jurisdicci\u00f3n. M\u00e1s tarde, se unieron los padres Henry Sierra y Daniel Picado para participar en la <strong>primera Eucarist\u00eda del Padre Luis Novoa, CJM<\/strong>, celebrada en su ciudad natal, Buenos Aires (Rivas), en un emotivo encuentro con la comunidad, algunos Asociados y amigos.<\/p>\n<p>La visita concluy\u00f3 con un encuentro fraterno entre el Padre Provincial y los sacerdotes de nuestra comunidad local, liderada por el Padre Germ\u00e1n Prieto, CJM. Fue un espacio lleno de escucha, cercan\u00eda y di\u00e1logo, en el que el Padre Germ\u00e1n G\u00e1ndara ofreci\u00f3 palabras de \u00e1nimo y valiosos aportes para seguir fortaleciendo nuestra misi\u00f3n pastoral.<\/p>\n<p>Al regresar a Colombia, el Padre Provincial llev\u00f3 consigo no solo el recuerdo de una agenda intensa y significativa, sino tambi\u00e9n el cari\u00f1o, la fe y el compromiso de una comunidad viva que camina con esperanza.<\/p>\n<p>Damos gracias a Dios por esta visita que nos renov\u00f3 el coraz\u00f3n, reaviv\u00f3 nuestra identidad Eudista y nos impulsa a seguir sirviendo con alegr\u00eda y entrega a las comunidades que nos han sido confiadas.<\/p>\n<p><a title=\"Visita Can\u00f3nica Comunidad RGH Nicaragua\" href=\"https:\/\/www.flickr.com\/photos\/200276192@N06\/albums\/72177720327482395\" data-flickr-embed=\"true\"><img loading=\"lazy\" decoding=\"async\" class=\"aligncenter\" src=\"https:\/\/live.staticflickr.com\/65535\/54650015904_5fe7c1ea38_b.jpg\" alt=\"Visita Can\u00f3nica Comunidad RGH Nicaragua\" width=\"597\" height=\"514\" \/><\/a><script async src=\"\/\/embedr.flickr.com\/assets\/client-code.js\" charset=\"utf-8\"><\/script><\/p>\n","protected":false},"excerpt":{"rendered":"<p>Por: Zellydhay Guti\u00e9rrez, Asociada Eudista Con profundo gozo y esp\u00edritu de fraternidad, la Comunidad Rafael Garc\u00eda Herreros, en Dolores, Carazo (Nicaragua), vivi\u00f3 una semana llena de gracia y renovaci\u00f3n espiritual. Del 3 al 10 de julio, tuvimos el privilegio de recibir la visita can\u00f3nica del Padre Germ\u00e1n G\u00e1ndara Ricardo, Superior Provincial de la Provincia Eudista [&hellip;]<\/p>\n","protected":false},"author":7,"featured_media":7293,"comment_status":"closed","ping_status":"closed","sticky":false,"template":"","format":"standard","meta":{"_et_pb_use_builder":"","_et_pb_old_content":"","_et_gb_content_width":"","footnotes":""},"categories":[13,1],"tags":[365,104,364,361,126],"class_list":["post-7291","post","type-post","status-publish","format-standard","has-post-thumbnail","hentry","category-actualidad-eudista","category-sin-categoria","tag-el-minuto-de-dios-en-nicaragua","tag-eudistas-en-nicaragua","tag-rcc-en-nicaragua","tag-sacerdotes-en-nicaragua","tag-visita-provincial"],"yoast_head":"<!-- This site is optimized with the Yoast SEO plugin v27.2 - https:\/\/yoast.com\/product\/yoast-seo-wordpress\/ -->\n<title>Visita Can\u00f3nica a la Comunidad Rafael Garc\u00eda Herreros en Dolores, Carazo \u2013 Nicaragua - Eudistas MD<\/title>\n<meta name=\"robots\" content=\"index, follow, max-snippet:-1, max-image-preview:large, max-video-preview:-1\" \/>\n<link rel=\"canonical\" href=\"https:\/\/www.eudistasmd.org\/index.php\/2025\/07\/12\/visita-canonica-a-la-comunidad-rafael-garcia-herreros-en-dolores-carazo-nicaragua\/\" \/>\n<meta property=\"og:locale\" content=\"es_ES\" \/>\n<meta property=\"og:type\" content=\"article\" \/>\n<meta property=\"og:title\" content=\"Visita Can\u00f3nica a la Comunidad Rafael Garc\u00eda Herreros en Dolores, Carazo \u2013 Nicaragua - Eudistas MD\" \/>\n<meta property=\"og:description\" content=\"Por: Zellydhay Guti\u00e9rrez, Asociada Eudista Con profundo gozo y esp\u00edritu de fraternidad, la Comunidad Rafael Garc\u00eda Herreros, en Dolores, Carazo (Nicaragua), vivi\u00f3 una semana llena de gracia y renovaci\u00f3n espiritual. Del 3 al 10 de julio, tuvimos el privilegio de recibir la visita can\u00f3nica del Padre Germ\u00e1n G\u00e1ndara Ricardo, Superior Provincial de la Provincia Eudista [&hellip;]\" \/>\n<meta property=\"og:url\" content=\"https:\/\/www.eudistasmd.org\/index.php\/2025\/07\/12\/visita-canonica-a-la-comunidad-rafael-garcia-herreros-en-dolores-carazo-nicaragua\/\" \/>\n<meta property=\"og:site_name\" content=\"Eudistas MD\" \/>\n<meta property=\"article:published_time\" content=\"2025-07-12T15:57:29+00:00\" \/>\n<meta property=\"article:modified_time\" content=\"2025-07-12T16:05:28+00:00\" \/>\n<meta property=\"og:image\" content=\"https:\/\/www.eudistasmd.org\/wp-content\/uploads\/2025\/07\/Grupo-Juvenil-Juventud-Misionera.jpg\" \/>\n\t<meta property=\"og:image:width\" content=\"1600\" \/>\n\t<meta property=\"og:image:height\" content=\"1132\" \/>\n\t<meta property=\"og:image:type\" content=\"image\/jpeg\" \/>\n<meta name=\"author\" content=\"Angie Stacy Rodr\u00edguez G\u00f3mez\" \/>\n<meta name=\"twitter:card\" content=\"summary_large_image\" \/>\n<meta name=\"twitter:label1\" content=\"Escrito por\" \/>\n\t<meta name=\"twitter:data1\" content=\"Angie Stacy Rodr\u00edguez G\u00f3mez\" \/>\n\t<meta name=\"twitter:label2\" content=\"Tiempo de lectura\" \/>\n\t<meta name=\"twitter:data2\" content=\"4 minutos\" \/>\n<script type=\"application\/ld+json\" class=\"yoast-schema-graph\">{\"@context\":\"https:\/\/schema.org\",\"@graph\":[{\"@type\":\"Article\",\"@id\":\"https:\/\/www.eudistasmd.org\/index.php\/2025\/07\/12\/visita-canonica-a-la-comunidad-rafael-garcia-herreros-en-dolores-carazo-nicaragua\/#article\",\"isPartOf\":{\"@id\":\"https:\/\/www.eudistasmd.org\/index.php\/2025\/07\/12\/visita-canonica-a-la-comunidad-rafael-garcia-herreros-en-dolores-carazo-nicaragua\/\"},\"author\":{\"name\":\"Angie Stacy Rodr\u00edguez G\u00f3mez\",\"@id\":\"https:\/\/www.eudistasmd.org\/#\/schema\/person\/ea031151eedd6aedadcdb515522d15d5\"},\"headline\":\"Visita Can\u00f3nica a la Comunidad Rafael Garc\u00eda Herreros en Dolores, Carazo \u2013 Nicaragua\",\"datePublished\":\"2025-07-12T15:57:29+00:00\",\"dateModified\":\"2025-07-12T16:05:28+00:00\",\"mainEntityOfPage\":{\"@id\":\"https:\/\/www.eudistasmd.org\/index.php\/2025\/07\/12\/visita-canonica-a-la-comunidad-rafael-garcia-herreros-en-dolores-carazo-nicaragua\/\"},\"wordCount\":678,\"image\":{\"@id\":\"https:\/\/www.eudistasmd.org\/index.php\/2025\/07\/12\/visita-canonica-a-la-comunidad-rafael-garcia-herreros-en-dolores-carazo-nicaragua\/#primaryimage\"},\"thumbnailUrl\":\"https:\/\/www.eudistasmd.org\/wp-content\/uploads\/2025\/07\/Grupo-Juvenil-Juventud-Misionera.jpg\",\"keywords\":[\"El Minuto de Dios en Nicaragua\",\"Eudistas en Nicaragua\",\"RCC en Nicaragua\",\"Sacerdotes en Nicaragua\",\"Visita provincial\"],\"articleSection\":[\"Actualidad Eudista\"],\"inLanguage\":\"es\"},{\"@type\":\"WebPage\",\"@id\":\"https:\/\/www.eudistasmd.org\/index.php\/2025\/07\/12\/visita-canonica-a-la-comunidad-rafael-garcia-herreros-en-dolores-carazo-nicaragua\/\",\"url\":\"https:\/\/www.eudistasmd.org\/index.php\/2025\/07\/12\/visita-canonica-a-la-comunidad-rafael-garcia-herreros-en-dolores-carazo-nicaragua\/\",\"name\":\"Visita Can\u00f3nica a la Comunidad Rafael Garc\u00eda Herreros en Dolores, Carazo \u2013 Nicaragua - Eudistas MD\",\"isPartOf\":{\"@id\":\"https:\/\/www.eudistasmd.org\/#website\"},\"primaryImageOfPage\":{\"@id\":\"https:\/\/www.eudistasmd.org\/index.php\/2025\/07\/12\/visita-canonica-a-la-comunidad-rafael-garcia-herreros-en-dolores-carazo-nicaragua\/#primaryimage\"},\"image\":{\"@id\":\"https:\/\/www.eudistasmd.org\/index.php\/2025\/07\/12\/visita-canonica-a-la-comunidad-rafael-garcia-herreros-en-dolores-carazo-nicaragua\/#primaryimage\"},\"thumbnailUrl\":\"https:\/\/www.eudistasmd.org\/wp-content\/uploads\/2025\/07\/Grupo-Juvenil-Juventud-Misionera.jpg\",\"datePublished\":\"2025-07-12T15:57:29+00:00\",\"dateModified\":\"2025-07-12T16:05:28+00:00\",\"author\":{\"@id\":\"https:\/\/www.eudistasmd.org\/#\/schema\/person\/ea031151eedd6aedadcdb515522d15d5\"},\"breadcrumb\":{\"@id\":\"https:\/\/www.eudistasmd.org\/index.php\/2025\/07\/12\/visita-canonica-a-la-comunidad-rafael-garcia-herreros-en-dolores-carazo-nicaragua\/#breadcrumb\"},\"inLanguage\":\"es\",\"potentialAction\":[{\"@type\":\"ReadAction\",\"target\":[\"https:\/\/www.eudistasmd.org\/index.php\/2025\/07\/12\/visita-canonica-a-la-comunidad-rafael-garcia-herreros-en-dolores-carazo-nicaragua\/\"]}]},{\"@type\":\"ImageObject\",\"inLanguage\":\"es\",\"@id\":\"https:\/\/www.eudistasmd.org\/index.php\/2025\/07\/12\/visita-canonica-a-la-comunidad-rafael-garcia-herreros-en-dolores-carazo-nicaragua\/#primaryimage\",\"url\":\"https:\/\/www.eudistasmd.org\/wp-content\/uploads\/2025\/07\/Grupo-Juvenil-Juventud-Misionera.jpg\",\"contentUrl\":\"https:\/\/www.eudistasmd.org\/wp-content\/uploads\/2025\/07\/Grupo-Juvenil-Juventud-Misionera.jpg\",\"width\":1600,\"height\":1132},{\"@type\":\"BreadcrumbList\",\"@id\":\"https:\/\/www.eudistasmd.org\/index.php\/2025\/07\/12\/visita-canonica-a-la-comunidad-rafael-garcia-herreros-en-dolores-carazo-nicaragua\/#breadcrumb\",\"itemListElement\":[{\"@type\":\"ListItem\",\"position\":1,\"name\":\"Portada\",\"item\":\"https:\/\/www.eudistasmd.org\/\"},{\"@type\":\"ListItem\",\"position\":2,\"name\":\"Visita Can\u00f3nica a la Comunidad Rafael Garc\u00eda Herreros en Dolores, Carazo \u2013 Nicaragua\"}]},{\"@type\":\"WebSite\",\"@id\":\"https:\/\/www.eudistasmd.org\/#website\",\"url\":\"https:\/\/www.eudistasmd.org\/\",\"name\":\"Eudistas MD\",\"description\":\"Esta Provincia naci\u00f3 de la obra fundada por el padre eudista: Rafael Garc\u00eda Herreros. Este Don del Minuto de Dios ha sido encomendado a los los Eudistas del El Minuto de Dios, quienes se dedican a la Evangelizaci\u00f3n, la Formaci\u00f3n, y al servicio a los m\u00e1s pobres a trav\u00e9s de la Organizaci\u00f3n Minuto de Dios.\",\"potentialAction\":[{\"@type\":\"SearchAction\",\"target\":{\"@type\":\"EntryPoint\",\"urlTemplate\":\"https:\/\/www.eudistasmd.org\/?s={search_term_string}\"},\"query-input\":{\"@type\":\"PropertyValueSpecification\",\"valueRequired\":true,\"valueName\":\"search_term_string\"}}],\"inLanguage\":\"es\"},{\"@type\":\"Person\",\"@id\":\"https:\/\/www.eudistasmd.org\/#\/schema\/person\/ea031151eedd6aedadcdb515522d15d5\",\"name\":\"Angie Stacy Rodr\u00edguez G\u00f3mez\",\"image\":{\"@type\":\"ImageObject\",\"inLanguage\":\"es\",\"@id\":\"https:\/\/secure.gravatar.com\/avatar\/08c6f46fb8b7d2682b0cdfd76fb248e50ae4b1eeed14c21faf047e138ae11aa3?s=96&d=mm&r=g\",\"url\":\"https:\/\/secure.gravatar.com\/avatar\/08c6f46fb8b7d2682b0cdfd76fb248e50ae4b1eeed14c21faf047e138ae11aa3?s=96&d=mm&r=g\",\"contentUrl\":\"https:\/\/secure.gravatar.com\/avatar\/08c6f46fb8b7d2682b0cdfd76fb248e50ae4b1eeed14c21faf047e138ae11aa3?s=96&d=mm&r=g\",\"caption\":\"Angie Stacy Rodr\u00edguez G\u00f3mez\"},\"url\":\"https:\/\/www.eudistasmd.org\/index.php\/author\/noticias-editoramd\/\"}]}<\/script>\n<!-- \/ Yoast SEO plugin. -->","yoast_head_json":{"title":"Visita Can\u00f3nica a la Comunidad Rafael Garc\u00eda Herreros en Dolores, Carazo \u2013 Nicaragua - Eudistas MD","robots":{"index":"index","follow":"follow","max-snippet":"max-snippet:-1","max-image-preview":"max-image-preview:large","max-video-preview":"max-video-preview:-1"},"canonical":"https:\/\/www.eudistasmd.org\/index.php\/2025\/07\/12\/visita-canonica-a-la-comunidad-rafael-garcia-herreros-en-dolores-carazo-nicaragua\/","og_locale":"es_ES","og_type":"article","og_title":"Visita Can\u00f3nica a la Comunidad Rafael Garc\u00eda Herreros en Dolores, Carazo \u2013 Nicaragua - Eudistas MD","og_description":"Por: Zellydhay Guti\u00e9rrez, Asociada Eudista Con profundo gozo y esp\u00edritu de fraternidad, la Comunidad Rafael Garc\u00eda Herreros, en Dolores, Carazo (Nicaragua), vivi\u00f3 una semana llena de gracia y renovaci\u00f3n espiritual. Del 3 al 10 de julio, tuvimos el privilegio de recibir la visita can\u00f3nica del Padre Germ\u00e1n G\u00e1ndara Ricardo, Superior Provincial de la Provincia Eudista [&hellip;]","og_url":"https:\/\/www.eudistasmd.org\/index.php\/2025\/07\/12\/visita-canonica-a-la-comunidad-rafael-garcia-herreros-en-dolores-carazo-nicaragua\/","og_site_name":"Eudistas MD","article_published_time":"2025-07-12T15:57:29+00:00","article_modified_time":"2025-07-12T16:05:28+00:00","og_image":[{"width":1600,"height":1132,"url":"https:\/\/www.eudistasmd.org\/wp-content\/uploads\/2025\/07\/Grupo-Juvenil-Juventud-Misionera.jpg","type":"image\/jpeg"}],"author":"Angie Stacy Rodr\u00edguez G\u00f3mez","twitter_card":"summary_large_image","twitter_misc":{"Escrito por":"Angie Stacy Rodr\u00edguez G\u00f3mez","Tiempo de lectura":"4 minutos"},"schema":{"@context":"https:\/\/schema.org","@graph":[{"@type":"Article","@id":"https:\/\/www.eudistasmd.org\/index.php\/2025\/07\/12\/visita-canonica-a-la-comunidad-rafael-garcia-herreros-en-dolores-carazo-nicaragua\/#article","isPartOf":{"@id":"https:\/\/www.eudistasmd.org\/index.php\/2025\/07\/12\/visita-canonica-a-la-comunidad-rafael-garcia-herreros-en-dolores-carazo-nicaragua\/"},"author":{"name":"Angie Stacy Rodr\u00edguez G\u00f3mez","@id":"https:\/\/www.eudistasmd.org\/#\/schema\/person\/ea031151eedd6aedadcdb515522d15d5"},"headline":"Visita Can\u00f3nica a la Comunidad Rafael Garc\u00eda Herreros en Dolores, Carazo \u2013 Nicaragua","datePublished":"2025-07-12T15:57:29+00:00","dateModified":"2025-07-12T16:05:28+00:00","mainEntityOfPage":{"@id":"https:\/\/www.eudistasmd.org\/index.php\/2025\/07\/12\/visita-canonica-a-la-comunidad-rafael-garcia-herreros-en-dolores-carazo-nicaragua\/"},"wordCount":678,"image":{"@id":"https:\/\/www.eudistasmd.org\/index.php\/2025\/07\/12\/visita-canonica-a-la-comunidad-rafael-garcia-herreros-en-dolores-carazo-nicaragua\/#primaryimage"},"thumbnailUrl":"https:\/\/www.eudistasmd.org\/wp-content\/uploads\/2025\/07\/Grupo-Juvenil-Juventud-Misionera.jpg","keywords":["El Minuto de Dios en Nicaragua","Eudistas en Nicaragua","RCC en Nicaragua","Sacerdotes en Nicaragua","Visita provincial"],"articleSection":["Actualidad Eudista"],"inLanguage":"es"},{"@type":"WebPage","@id":"https:\/\/www.eudistasmd.org\/index.php\/2025\/07\/12\/visita-canonica-a-la-comunidad-rafael-garcia-herreros-en-dolores-carazo-nicaragua\/","url":"https:\/\/www.eudistasmd.org\/index.php\/2025\/07\/12\/visita-canonica-a-la-comunidad-rafael-garcia-herreros-en-dolores-carazo-nicaragua\/","name":"Visita Can\u00f3nica a la Comunidad Rafael Garc\u00eda Herreros en Dolores, Carazo \u2013 Nicaragua - Eudistas MD","isPartOf":{"@id":"https:\/\/www.eudistasmd.org\/#website"},"primaryImageOfPage":{"@id":"https:\/\/www.eudistasmd.org\/index.php\/2025\/07\/12\/visita-canonica-a-la-comunidad-rafael-garcia-herreros-en-dolores-carazo-nicaragua\/#primaryimage"},"image":{"@id":"https:\/\/www.eudistasmd.org\/index.php\/2025\/07\/12\/visita-canonica-a-la-comunidad-rafael-garcia-herreros-en-dolores-carazo-nicaragua\/#primaryimage"},"thumbnailUrl":"https:\/\/www.eudistasmd.org\/wp-content\/uploads\/2025\/07\/Grupo-Juvenil-Juventud-Misionera.jpg","datePublished":"2025-07-12T15:57:29+00:00","dateModified":"2025-07-12T16:05:28+00:00","author":{"@id":"https:\/\/www.eudistasmd.org\/#\/schema\/person\/ea031151eedd6aedadcdb515522d15d5"},"breadcrumb":{"@id":"https:\/\/www.eudistasmd.org\/index.php\/2025\/07\/12\/visita-canonica-a-la-comunidad-rafael-garcia-herreros-en-dolores-carazo-nicaragua\/#breadcrumb"},"inLanguage":"es","potentialAction":[{"@type":"ReadAction","target":["https:\/\/www.eudistasmd.org\/index.php\/2025\/07\/12\/visita-canonica-a-la-comunidad-rafael-garcia-herreros-en-dolores-carazo-nicaragua\/"]}]},{"@type":"ImageObject","inLanguage":"es","@id":"https:\/\/www.eudistasmd.org\/index.php\/2025\/07\/12\/visita-canonica-a-la-comunidad-rafael-garcia-herreros-en-dolores-carazo-nicaragua\/#primaryimage","url":"https:\/\/www.eudistasmd.org\/wp-content\/uploads\/2025\/07\/Grupo-Juvenil-Juventud-Misionera.jpg","contentUrl":"https:\/\/www.eudistasmd.org\/wp-content\/uploads\/2025\/07\/Grupo-Juvenil-Juventud-Misionera.jpg","width":1600,"height":1132},{"@type":"BreadcrumbList","@id":"https:\/\/www.eudistasmd.org\/index.php\/2025\/07\/12\/visita-canonica-a-la-comunidad-rafael-garcia-herreros-en-dolores-carazo-nicaragua\/#breadcrumb","itemListElement":[{"@type":"ListItem","position":1,"name":"Portada","item":"https:\/\/www.eudistasmd.org\/"},{"@type":"ListItem","position":2,"name":"Visita Can\u00f3nica a la Comunidad Rafael Garc\u00eda Herreros en Dolores, Carazo \u2013 Nicaragua"}]},{"@type":"WebSite","@id":"https:\/\/www.eudistasmd.org\/#website","url":"https:\/\/www.eudistasmd.org\/","name":"Eudistas MD","description":"Esta Provincia naci\u00f3 de la obra fundada por el padre eudista: Rafael Garc\u00eda Herreros. Este Don del Minuto de Dios ha sido encomendado a los los Eudistas del El Minuto de Dios, quienes se dedican a la Evangelizaci\u00f3n, la Formaci\u00f3n, y al servicio a los m\u00e1s pobres a trav\u00e9s de la Organizaci\u00f3n Minuto de Dios.","potentialAction":[{"@type":"SearchAction","target":{"@type":"EntryPoint","urlTemplate":"https:\/\/www.eudistasmd.org\/?s={search_term_string}"},"query-input":{"@type":"PropertyValueSpecification","valueRequired":true,"valueName":"search_term_string"}}],"inLanguage":"es"},{"@type":"Person","@id":"https:\/\/www.eudistasmd.org\/#\/schema\/person\/ea031151eedd6aedadcdb515522d15d5","name":"Angie Stacy Rodr\u00edguez G\u00f3mez","image":{"@type":"ImageObject","inLanguage":"es","@id":"https:\/\/secure.gravatar.com\/avatar\/08c6f46fb8b7d2682b0cdfd76fb248e50ae4b1eeed14c21faf047e138ae11aa3?s=96&d=mm&r=g","url":"https:\/\/secure.gravatar.com\/avatar\/08c6f46fb8b7d2682b0cdfd76fb248e50ae4b1eeed14c21faf047e138ae11aa3?s=96&d=mm&r=g","contentUrl":"https:\/\/secure.gravatar.com\/avatar\/08c6f46fb8b7d2682b0cdfd76fb248e50ae4b1eeed14c21faf047e138ae11aa3?s=96&d=mm&r=g","caption":"Angie Stacy Rodr\u00edguez G\u00f3mez"},"url":"https:\/\/www.eudistasmd.org\/index.php\/author\/noticias-editoramd\/"}]}},"_links":{"self":[{"href":"https:\/\/www.eudistasmd.org\/index.php\/wp-json\/wp\/v2\/posts\/7291","targetHints":{"allow":["GET"]}}],"collection":[{"href":"https:\/\/www.eudistasmd.org\/index.php\/wp-json\/wp\/v2\/posts"}],"about":[{"href":"https:\/\/www.eudistasmd.org\/index.php\/wp-json\/wp\/v2\/types\/post"}],"author":[{"embeddable":true,"href":"https:\/\/www.eudistasmd.org\/index.php\/wp-json\/wp\/v2\/users\/7"}],"replies":[{"embeddable":true,"href":"https:\/\/www.eudistasmd.org\/index.php\/wp-json\/wp\/v2\/comments?post=7291"}],"version-history":[{"count":1,"href":"https:\/\/www.eudistasmd.org\/index.php\/wp-json\/wp\/v2\/posts\/7291\/revisions"}],"predecessor-version":[{"id":7292,"href":"https:\/\/www.eudistasmd.org\/index.php\/wp-json\/wp\/v2\/posts\/7291\/revisions\/7292"}],"wp:featuredmedia":[{"embeddable":true,"href":"https:\/\/www.eudistasmd.org\/index.php\/wp-json\/wp\/v2\/media\/7293"}],"wp:attachment":[{"href":"https:\/\/www.eudistasmd.org\/index.php\/wp-json\/wp\/v2\/media?parent=7291"}],"wp:term":[{"taxonomy":"category","embeddable":true,"href":"https:\/\/www.eudistasmd.org\/index.php\/wp-json\/wp\/v2\/categories?post=7291"},{"taxonomy":"post_tag","embeddable":true,"href":"https:\/\/www.eudistasmd.org\/index.php\/wp-json\/wp\/v2\/tags?post=7291"}],"curies":[{"name":"wp","href":"https:\/\/api.w.org\/{rel}","templated":true}]}}