{"id":7288,"date":"2025-07-10T12:46:20","date_gmt":"2025-07-10T17:46:20","guid":{"rendered":"https:\/\/www.eudistasmd.org\/?p=7288"},"modified":"2025-07-10T12:46:20","modified_gmt":"2025-07-10T17:46:20","slug":"nos-alegramos-por-la-ordenacion-sacerdotal-del-p-luis-miguel-novoa-cjm","status":"publish","type":"post","link":"https:\/\/www.eudistasmd.org\/index.php\/2025\/07\/10\/nos-alegramos-por-la-ordenacion-sacerdotal-del-p-luis-miguel-novoa-cjm\/","title":{"rendered":"Nos alegramos por la ordenaci\u00f3n sacerdotal del P. Luis Miguel Novoa, CJM"},"content":{"rendered":"<p><strong>Por Rafael Beltr\u00e1n, Candidato Eudista<\/strong><\/p>\n<p>Con inmensa alegr\u00eda, la Provincia Eudista Minuto de Dios celebra la ordenaci\u00f3n sacerdotal del di\u00e1cono Luis Miguel Novoa Henriquez, CJM, quien fue ordenado presb\u00edtero el pasado lunes 7 de julio en la Catedral de la Di\u00f3cesis de Le\u00f3n, Nicaragua.<\/p>\n<p>La ordenaci\u00f3n fue presidida por Monse\u00f1or S\u00f3crates Ren\u00e9 S\u00e1ndigo Jir\u00f3n, obispo de Le\u00f3n, en una solemne celebraci\u00f3n eucar\u00edstica en la que participaron fieles de la di\u00f3cesis, familiares del neopresb\u00edtero, sacerdotes, religiosos y religiosas, as\u00ed como miembros de la Congregaci\u00f3n de Jes\u00fas y Mar\u00eda (Eudistas), entre ellos el Superior Provincial y varios hermanos eudistas que, con gozo, se hicieron presentes para acompa\u00f1ar este momento de gracia.<\/p>\n<p>En su homil\u00eda, Monse\u00f1or S\u00f3crates S\u00e1ndigo destac\u00f3 la fecunda presencia misionera de los Eudistas en Nicaragua y su valioso aporte a la Iglesia universal, reconoci\u00e9ndolos como verdaderos misioneros de la misericordia al estilo de San Juan Eudes. Se\u00f1al\u00f3 que as\u00ed como el fundador fue un ap\u00f3stol apasionado por formar buenos obreros del Evangelio, as\u00ed tambi\u00e9n la Congregaci\u00f3n ha sido instrumento de evangelizaci\u00f3n, formaci\u00f3n y cercan\u00eda en estas tierras, misi\u00f3n que continuar\u00e1 con renovado fervor.<\/p>\n<p>El mi\u00e9rcoles siguiente a su ordenaci\u00f3n, el nuevo sacerdote Luis Miguel Novoa, CJM, presidi\u00f3 con gran emoci\u00f3n su primera Eucarist\u00eda en la parroquia donde naci\u00f3 su vocaci\u00f3n: San Jos\u00e9 de Buenos Aires, en Nicaragua, acompa\u00f1ado de su familia, amigos y comunidad parroquial. Fue un momento de acci\u00f3n de gracias por el don del ministerio sacerdotal y de profundo compromiso con la misi\u00f3n que ahora emprende como pastor al servicio del Pueblo de Dios.<\/p>\n<p>Damos gracias al Se\u00f1or por este nuevo presb\u00edtero eudista, y nos unimos en oraci\u00f3n para que su ministerio sea fecundo, fiel y lleno de misericordia.<\/p>\n<p><a title=\"Ordenaci\u00f3n P. Luis Novoa, cjm\" href=\"https:\/\/www.flickr.com\/photos\/200276192@N06\/albums\/72177720327473369\" data-flickr-embed=\"true\" data-header=\"true\" data-footer=\"true\"><img loading=\"lazy\" decoding=\"async\" class=\"aligncenter\" src=\"https:\/\/live.staticflickr.com\/65535\/54646307653_0e9d179c82_z.jpg\" alt=\"Ordenaci\u00f3n P. Luis Novoa, cjm\" width=\"640\" height=\"480\" \/><\/a><script async src=\"\/\/embedr.flickr.com\/assets\/client-code.js\" charset=\"utf-8\"><\/script><\/p>\n","protected":false},"excerpt":{"rendered":"<p>Por Rafael Beltr\u00e1n, Candidato Eudista Con inmensa alegr\u00eda, la Provincia Eudista Minuto de Dios celebra la ordenaci\u00f3n sacerdotal del di\u00e1cono Luis Miguel Novoa Henriquez, CJM, quien fue ordenado presb\u00edtero el pasado lunes 7 de julio en la Catedral de la Di\u00f3cesis de Le\u00f3n, Nicaragua. La ordenaci\u00f3n fue presidida por Monse\u00f1or S\u00f3crates Ren\u00e9 S\u00e1ndigo Jir\u00f3n, obispo [&hellip;]<\/p>\n","protected":false},"author":7,"featured_media":7289,"comment_status":"closed","ping_status":"closed","sticky":false,"template":"","format":"standard","meta":{"_et_pb_use_builder":"","_et_pb_old_content":"","_et_gb_content_width":"","footnotes":""},"categories":[13],"tags":[362,104,363,361],"class_list":["post-7288","post","type-post","status-publish","format-standard","has-post-thumbnail","hentry","category-actualidad-eudista","tag-diocesis-de-leon-nicaragua","tag-eudistas-en-nicaragua","tag-ordenaciones-sacerdotales","tag-sacerdotes-en-nicaragua"],"yoast_head":"<!-- This site is optimized with the Yoast SEO plugin v27.2 - https:\/\/yoast.com\/product\/yoast-seo-wordpress\/ -->\n<title>Nos alegramos por la ordenaci\u00f3n sacerdotal del P. Luis Miguel Novoa, CJM - Eudistas MD<\/title>\n<meta name=\"robots\" content=\"index, follow, max-snippet:-1, max-image-preview:large, max-video-preview:-1\" \/>\n<link rel=\"canonical\" href=\"https:\/\/www.eudistasmd.org\/index.php\/2025\/07\/10\/nos-alegramos-por-la-ordenacion-sacerdotal-del-p-luis-miguel-novoa-cjm\/\" \/>\n<meta property=\"og:locale\" content=\"es_ES\" \/>\n<meta property=\"og:type\" content=\"article\" \/>\n<meta property=\"og:title\" content=\"Nos alegramos por la ordenaci\u00f3n sacerdotal del P. Luis Miguel Novoa, CJM - Eudistas MD\" \/>\n<meta property=\"og:description\" content=\"Por Rafael Beltr\u00e1n, Candidato Eudista Con inmensa alegr\u00eda, la Provincia Eudista Minuto de Dios celebra la ordenaci\u00f3n sacerdotal del di\u00e1cono Luis Miguel Novoa Henriquez, CJM, quien fue ordenado presb\u00edtero el pasado lunes 7 de julio en la Catedral de la Di\u00f3cesis de Le\u00f3n, Nicaragua. La ordenaci\u00f3n fue presidida por Monse\u00f1or S\u00f3crates Ren\u00e9 S\u00e1ndigo Jir\u00f3n, obispo [&hellip;]\" \/>\n<meta property=\"og:url\" content=\"https:\/\/www.eudistasmd.org\/index.php\/2025\/07\/10\/nos-alegramos-por-la-ordenacion-sacerdotal-del-p-luis-miguel-novoa-cjm\/\" \/>\n<meta property=\"og:site_name\" content=\"Eudistas MD\" \/>\n<meta property=\"article:published_time\" content=\"2025-07-10T17:46:20+00:00\" \/>\n<meta property=\"og:image\" content=\"https:\/\/www.eudistasmd.org\/wp-content\/uploads\/2025\/07\/Clemencia-Guerrero-y-P.-Luis-Novoacjm.jpg\" \/>\n\t<meta property=\"og:image:width\" content=\"1600\" \/>\n\t<meta property=\"og:image:height\" content=\"1282\" \/>\n\t<meta property=\"og:image:type\" content=\"image\/jpeg\" \/>\n<meta name=\"author\" content=\"Angie Stacy Rodr\u00edguez G\u00f3mez\" \/>\n<meta name=\"twitter:card\" content=\"summary_large_image\" \/>\n<meta name=\"twitter:label1\" content=\"Escrito por\" \/>\n\t<meta name=\"twitter:data1\" content=\"Angie Stacy Rodr\u00edguez G\u00f3mez\" \/>\n\t<meta name=\"twitter:label2\" content=\"Tiempo de lectura\" \/>\n\t<meta name=\"twitter:data2\" content=\"2 minutos\" \/>\n<script type=\"application\/ld+json\" class=\"yoast-schema-graph\">{\"@context\":\"https:\/\/schema.org\",\"@graph\":[{\"@type\":\"Article\",\"@id\":\"https:\/\/www.eudistasmd.org\/index.php\/2025\/07\/10\/nos-alegramos-por-la-ordenacion-sacerdotal-del-p-luis-miguel-novoa-cjm\/#article\",\"isPartOf\":{\"@id\":\"https:\/\/www.eudistasmd.org\/index.php\/2025\/07\/10\/nos-alegramos-por-la-ordenacion-sacerdotal-del-p-luis-miguel-novoa-cjm\/\"},\"author\":{\"name\":\"Angie Stacy Rodr\u00edguez G\u00f3mez\",\"@id\":\"https:\/\/www.eudistasmd.org\/#\/schema\/person\/ea031151eedd6aedadcdb515522d15d5\"},\"headline\":\"Nos alegramos por la ordenaci\u00f3n sacerdotal del P. Luis Miguel Novoa, CJM\",\"datePublished\":\"2025-07-10T17:46:20+00:00\",\"mainEntityOfPage\":{\"@id\":\"https:\/\/www.eudistasmd.org\/index.php\/2025\/07\/10\/nos-alegramos-por-la-ordenacion-sacerdotal-del-p-luis-miguel-novoa-cjm\/\"},\"wordCount\":338,\"image\":{\"@id\":\"https:\/\/www.eudistasmd.org\/index.php\/2025\/07\/10\/nos-alegramos-por-la-ordenacion-sacerdotal-del-p-luis-miguel-novoa-cjm\/#primaryimage\"},\"thumbnailUrl\":\"https:\/\/www.eudistasmd.org\/wp-content\/uploads\/2025\/07\/Clemencia-Guerrero-y-P.-Luis-Novoacjm.jpg\",\"keywords\":[\"Di\u00f3cesis de Le\u00f3n Nicaragua\",\"Eudistas en Nicaragua\",\"Ordenaciones Sacerdotales\",\"Sacerdotes en Nicaragua\"],\"articleSection\":[\"Actualidad Eudista\"],\"inLanguage\":\"es\"},{\"@type\":\"WebPage\",\"@id\":\"https:\/\/www.eudistasmd.org\/index.php\/2025\/07\/10\/nos-alegramos-por-la-ordenacion-sacerdotal-del-p-luis-miguel-novoa-cjm\/\",\"url\":\"https:\/\/www.eudistasmd.org\/index.php\/2025\/07\/10\/nos-alegramos-por-la-ordenacion-sacerdotal-del-p-luis-miguel-novoa-cjm\/\",\"name\":\"Nos alegramos por la ordenaci\u00f3n sacerdotal del P. Luis Miguel Novoa, CJM - Eudistas MD\",\"isPartOf\":{\"@id\":\"https:\/\/www.eudistasmd.org\/#website\"},\"primaryImageOfPage\":{\"@id\":\"https:\/\/www.eudistasmd.org\/index.php\/2025\/07\/10\/nos-alegramos-por-la-ordenacion-sacerdotal-del-p-luis-miguel-novoa-cjm\/#primaryimage\"},\"image\":{\"@id\":\"https:\/\/www.eudistasmd.org\/index.php\/2025\/07\/10\/nos-alegramos-por-la-ordenacion-sacerdotal-del-p-luis-miguel-novoa-cjm\/#primaryimage\"},\"thumbnailUrl\":\"https:\/\/www.eudistasmd.org\/wp-content\/uploads\/2025\/07\/Clemencia-Guerrero-y-P.-Luis-Novoacjm.jpg\",\"datePublished\":\"2025-07-10T17:46:20+00:00\",\"author\":{\"@id\":\"https:\/\/www.eudistasmd.org\/#\/schema\/person\/ea031151eedd6aedadcdb515522d15d5\"},\"breadcrumb\":{\"@id\":\"https:\/\/www.eudistasmd.org\/index.php\/2025\/07\/10\/nos-alegramos-por-la-ordenacion-sacerdotal-del-p-luis-miguel-novoa-cjm\/#breadcrumb\"},\"inLanguage\":\"es\",\"potentialAction\":[{\"@type\":\"ReadAction\",\"target\":[\"https:\/\/www.eudistasmd.org\/index.php\/2025\/07\/10\/nos-alegramos-por-la-ordenacion-sacerdotal-del-p-luis-miguel-novoa-cjm\/\"]}]},{\"@type\":\"ImageObject\",\"inLanguage\":\"es\",\"@id\":\"https:\/\/www.eudistasmd.org\/index.php\/2025\/07\/10\/nos-alegramos-por-la-ordenacion-sacerdotal-del-p-luis-miguel-novoa-cjm\/#primaryimage\",\"url\":\"https:\/\/www.eudistasmd.org\/wp-content\/uploads\/2025\/07\/Clemencia-Guerrero-y-P.-Luis-Novoacjm.jpg\",\"contentUrl\":\"https:\/\/www.eudistasmd.org\/wp-content\/uploads\/2025\/07\/Clemencia-Guerrero-y-P.-Luis-Novoacjm.jpg\",\"width\":1600,\"height\":1282},{\"@type\":\"BreadcrumbList\",\"@id\":\"https:\/\/www.eudistasmd.org\/index.php\/2025\/07\/10\/nos-alegramos-por-la-ordenacion-sacerdotal-del-p-luis-miguel-novoa-cjm\/#breadcrumb\",\"itemListElement\":[{\"@type\":\"ListItem\",\"position\":1,\"name\":\"Portada\",\"item\":\"https:\/\/www.eudistasmd.org\/\"},{\"@type\":\"ListItem\",\"position\":2,\"name\":\"Nos alegramos por la ordenaci\u00f3n sacerdotal del P. Luis Miguel Novoa, CJM\"}]},{\"@type\":\"WebSite\",\"@id\":\"https:\/\/www.eudistasmd.org\/#website\",\"url\":\"https:\/\/www.eudistasmd.org\/\",\"name\":\"Eudistas MD\",\"description\":\"Esta Provincia naci\u00f3 de la obra fundada por el padre eudista: Rafael Garc\u00eda Herreros. Este Don del Minuto de Dios ha sido encomendado a los los Eudistas del El Minuto de Dios, quienes se dedican a la Evangelizaci\u00f3n, la Formaci\u00f3n, y al servicio a los m\u00e1s pobres a trav\u00e9s de la Organizaci\u00f3n Minuto de Dios.\",\"potentialAction\":[{\"@type\":\"SearchAction\",\"target\":{\"@type\":\"EntryPoint\",\"urlTemplate\":\"https:\/\/www.eudistasmd.org\/?s={search_term_string}\"},\"query-input\":{\"@type\":\"PropertyValueSpecification\",\"valueRequired\":true,\"valueName\":\"search_term_string\"}}],\"inLanguage\":\"es\"},{\"@type\":\"Person\",\"@id\":\"https:\/\/www.eudistasmd.org\/#\/schema\/person\/ea031151eedd6aedadcdb515522d15d5\",\"name\":\"Angie Stacy Rodr\u00edguez G\u00f3mez\",\"image\":{\"@type\":\"ImageObject\",\"inLanguage\":\"es\",\"@id\":\"https:\/\/secure.gravatar.com\/avatar\/08c6f46fb8b7d2682b0cdfd76fb248e50ae4b1eeed14c21faf047e138ae11aa3?s=96&d=mm&r=g\",\"url\":\"https:\/\/secure.gravatar.com\/avatar\/08c6f46fb8b7d2682b0cdfd76fb248e50ae4b1eeed14c21faf047e138ae11aa3?s=96&d=mm&r=g\",\"contentUrl\":\"https:\/\/secure.gravatar.com\/avatar\/08c6f46fb8b7d2682b0cdfd76fb248e50ae4b1eeed14c21faf047e138ae11aa3?s=96&d=mm&r=g\",\"caption\":\"Angie Stacy Rodr\u00edguez G\u00f3mez\"},\"url\":\"https:\/\/www.eudistasmd.org\/index.php\/author\/noticias-editoramd\/\"}]}<\/script>\n<!-- \/ Yoast SEO plugin. -->","yoast_head_json":{"title":"Nos alegramos por la ordenaci\u00f3n sacerdotal del P. Luis Miguel Novoa, CJM - Eudistas MD","robots":{"index":"index","follow":"follow","max-snippet":"max-snippet:-1","max-image-preview":"max-image-preview:large","max-video-preview":"max-video-preview:-1"},"canonical":"https:\/\/www.eudistasmd.org\/index.php\/2025\/07\/10\/nos-alegramos-por-la-ordenacion-sacerdotal-del-p-luis-miguel-novoa-cjm\/","og_locale":"es_ES","og_type":"article","og_title":"Nos alegramos por la ordenaci\u00f3n sacerdotal del P. Luis Miguel Novoa, CJM - Eudistas MD","og_description":"Por Rafael Beltr\u00e1n, Candidato Eudista Con inmensa alegr\u00eda, la Provincia Eudista Minuto de Dios celebra la ordenaci\u00f3n sacerdotal del di\u00e1cono Luis Miguel Novoa Henriquez, CJM, quien fue ordenado presb\u00edtero el pasado lunes 7 de julio en la Catedral de la Di\u00f3cesis de Le\u00f3n, Nicaragua. La ordenaci\u00f3n fue presidida por Monse\u00f1or S\u00f3crates Ren\u00e9 S\u00e1ndigo Jir\u00f3n, obispo [&hellip;]","og_url":"https:\/\/www.eudistasmd.org\/index.php\/2025\/07\/10\/nos-alegramos-por-la-ordenacion-sacerdotal-del-p-luis-miguel-novoa-cjm\/","og_site_name":"Eudistas MD","article_published_time":"2025-07-10T17:46:20+00:00","og_image":[{"width":1600,"height":1282,"url":"https:\/\/www.eudistasmd.org\/wp-content\/uploads\/2025\/07\/Clemencia-Guerrero-y-P.-Luis-Novoacjm.jpg","type":"image\/jpeg"}],"author":"Angie Stacy Rodr\u00edguez G\u00f3mez","twitter_card":"summary_large_image","twitter_misc":{"Escrito por":"Angie Stacy Rodr\u00edguez G\u00f3mez","Tiempo de lectura":"2 minutos"},"schema":{"@context":"https:\/\/schema.org","@graph":[{"@type":"Article","@id":"https:\/\/www.eudistasmd.org\/index.php\/2025\/07\/10\/nos-alegramos-por-la-ordenacion-sacerdotal-del-p-luis-miguel-novoa-cjm\/#article","isPartOf":{"@id":"https:\/\/www.eudistasmd.org\/index.php\/2025\/07\/10\/nos-alegramos-por-la-ordenacion-sacerdotal-del-p-luis-miguel-novoa-cjm\/"},"author":{"name":"Angie Stacy Rodr\u00edguez G\u00f3mez","@id":"https:\/\/www.eudistasmd.org\/#\/schema\/person\/ea031151eedd6aedadcdb515522d15d5"},"headline":"Nos alegramos por la ordenaci\u00f3n sacerdotal del P. Luis Miguel Novoa, CJM","datePublished":"2025-07-10T17:46:20+00:00","mainEntityOfPage":{"@id":"https:\/\/www.eudistasmd.org\/index.php\/2025\/07\/10\/nos-alegramos-por-la-ordenacion-sacerdotal-del-p-luis-miguel-novoa-cjm\/"},"wordCount":338,"image":{"@id":"https:\/\/www.eudistasmd.org\/index.php\/2025\/07\/10\/nos-alegramos-por-la-ordenacion-sacerdotal-del-p-luis-miguel-novoa-cjm\/#primaryimage"},"thumbnailUrl":"https:\/\/www.eudistasmd.org\/wp-content\/uploads\/2025\/07\/Clemencia-Guerrero-y-P.-Luis-Novoacjm.jpg","keywords":["Di\u00f3cesis de Le\u00f3n Nicaragua","Eudistas en Nicaragua","Ordenaciones Sacerdotales","Sacerdotes en Nicaragua"],"articleSection":["Actualidad Eudista"],"inLanguage":"es"},{"@type":"WebPage","@id":"https:\/\/www.eudistasmd.org\/index.php\/2025\/07\/10\/nos-alegramos-por-la-ordenacion-sacerdotal-del-p-luis-miguel-novoa-cjm\/","url":"https:\/\/www.eudistasmd.org\/index.php\/2025\/07\/10\/nos-alegramos-por-la-ordenacion-sacerdotal-del-p-luis-miguel-novoa-cjm\/","name":"Nos alegramos por la ordenaci\u00f3n sacerdotal del P. Luis Miguel Novoa, CJM - Eudistas MD","isPartOf":{"@id":"https:\/\/www.eudistasmd.org\/#website"},"primaryImageOfPage":{"@id":"https:\/\/www.eudistasmd.org\/index.php\/2025\/07\/10\/nos-alegramos-por-la-ordenacion-sacerdotal-del-p-luis-miguel-novoa-cjm\/#primaryimage"},"image":{"@id":"https:\/\/www.eudistasmd.org\/index.php\/2025\/07\/10\/nos-alegramos-por-la-ordenacion-sacerdotal-del-p-luis-miguel-novoa-cjm\/#primaryimage"},"thumbnailUrl":"https:\/\/www.eudistasmd.org\/wp-content\/uploads\/2025\/07\/Clemencia-Guerrero-y-P.-Luis-Novoacjm.jpg","datePublished":"2025-07-10T17:46:20+00:00","author":{"@id":"https:\/\/www.eudistasmd.org\/#\/schema\/person\/ea031151eedd6aedadcdb515522d15d5"},"breadcrumb":{"@id":"https:\/\/www.eudistasmd.org\/index.php\/2025\/07\/10\/nos-alegramos-por-la-ordenacion-sacerdotal-del-p-luis-miguel-novoa-cjm\/#breadcrumb"},"inLanguage":"es","potentialAction":[{"@type":"ReadAction","target":["https:\/\/www.eudistasmd.org\/index.php\/2025\/07\/10\/nos-alegramos-por-la-ordenacion-sacerdotal-del-p-luis-miguel-novoa-cjm\/"]}]},{"@type":"ImageObject","inLanguage":"es","@id":"https:\/\/www.eudistasmd.org\/index.php\/2025\/07\/10\/nos-alegramos-por-la-ordenacion-sacerdotal-del-p-luis-miguel-novoa-cjm\/#primaryimage","url":"https:\/\/www.eudistasmd.org\/wp-content\/uploads\/2025\/07\/Clemencia-Guerrero-y-P.-Luis-Novoacjm.jpg","contentUrl":"https:\/\/www.eudistasmd.org\/wp-content\/uploads\/2025\/07\/Clemencia-Guerrero-y-P.-Luis-Novoacjm.jpg","width":1600,"height":1282},{"@type":"BreadcrumbList","@id":"https:\/\/www.eudistasmd.org\/index.php\/2025\/07\/10\/nos-alegramos-por-la-ordenacion-sacerdotal-del-p-luis-miguel-novoa-cjm\/#breadcrumb","itemListElement":[{"@type":"ListItem","position":1,"name":"Portada","item":"https:\/\/www.eudistasmd.org\/"},{"@type":"ListItem","position":2,"name":"Nos alegramos por la ordenaci\u00f3n sacerdotal del P. Luis Miguel Novoa, CJM"}]},{"@type":"WebSite","@id":"https:\/\/www.eudistasmd.org\/#website","url":"https:\/\/www.eudistasmd.org\/","name":"Eudistas MD","description":"Esta Provincia naci\u00f3 de la obra fundada por el padre eudista: Rafael Garc\u00eda Herreros. Este Don del Minuto de Dios ha sido encomendado a los los Eudistas del El Minuto de Dios, quienes se dedican a la Evangelizaci\u00f3n, la Formaci\u00f3n, y al servicio a los m\u00e1s pobres a trav\u00e9s de la Organizaci\u00f3n Minuto de Dios.","potentialAction":[{"@type":"SearchAction","target":{"@type":"EntryPoint","urlTemplate":"https:\/\/www.eudistasmd.org\/?s={search_term_string}"},"query-input":{"@type":"PropertyValueSpecification","valueRequired":true,"valueName":"search_term_string"}}],"inLanguage":"es"},{"@type":"Person","@id":"https:\/\/www.eudistasmd.org\/#\/schema\/person\/ea031151eedd6aedadcdb515522d15d5","name":"Angie Stacy Rodr\u00edguez G\u00f3mez","image":{"@type":"ImageObject","inLanguage":"es","@id":"https:\/\/secure.gravatar.com\/avatar\/08c6f46fb8b7d2682b0cdfd76fb248e50ae4b1eeed14c21faf047e138ae11aa3?s=96&d=mm&r=g","url":"https:\/\/secure.gravatar.com\/avatar\/08c6f46fb8b7d2682b0cdfd76fb248e50ae4b1eeed14c21faf047e138ae11aa3?s=96&d=mm&r=g","contentUrl":"https:\/\/secure.gravatar.com\/avatar\/08c6f46fb8b7d2682b0cdfd76fb248e50ae4b1eeed14c21faf047e138ae11aa3?s=96&d=mm&r=g","caption":"Angie Stacy Rodr\u00edguez G\u00f3mez"},"url":"https:\/\/www.eudistasmd.org\/index.php\/author\/noticias-editoramd\/"}]}},"_links":{"self":[{"href":"https:\/\/www.eudistasmd.org\/index.php\/wp-json\/wp\/v2\/posts\/7288","targetHints":{"allow":["GET"]}}],"collection":[{"href":"https:\/\/www.eudistasmd.org\/index.php\/wp-json\/wp\/v2\/posts"}],"about":[{"href":"https:\/\/www.eudistasmd.org\/index.php\/wp-json\/wp\/v2\/types\/post"}],"author":[{"embeddable":true,"href":"https:\/\/www.eudistasmd.org\/index.php\/wp-json\/wp\/v2\/users\/7"}],"replies":[{"embeddable":true,"href":"https:\/\/www.eudistasmd.org\/index.php\/wp-json\/wp\/v2\/comments?post=7288"}],"version-history":[{"count":1,"href":"https:\/\/www.eudistasmd.org\/index.php\/wp-json\/wp\/v2\/posts\/7288\/revisions"}],"predecessor-version":[{"id":7290,"href":"https:\/\/www.eudistasmd.org\/index.php\/wp-json\/wp\/v2\/posts\/7288\/revisions\/7290"}],"wp:featuredmedia":[{"embeddable":true,"href":"https:\/\/www.eudistasmd.org\/index.php\/wp-json\/wp\/v2\/media\/7289"}],"wp:attachment":[{"href":"https:\/\/www.eudistasmd.org\/index.php\/wp-json\/wp\/v2\/media?parent=7288"}],"wp:term":[{"taxonomy":"category","embeddable":true,"href":"https:\/\/www.eudistasmd.org\/index.php\/wp-json\/wp\/v2\/categories?post=7288"},{"taxonomy":"post_tag","embeddable":true,"href":"https:\/\/www.eudistasmd.org\/index.php\/wp-json\/wp\/v2\/tags?post=7288"}],"curies":[{"name":"wp","href":"https:\/\/api.w.org\/{rel}","templated":true}]}}