{"id":7284,"date":"2025-07-09T10:15:33","date_gmt":"2025-07-09T15:15:33","guid":{"rendered":"https:\/\/www.eudistasmd.org\/?p=7284"},"modified":"2025-07-10T11:58:45","modified_gmt":"2025-07-10T16:58:45","slug":"nueva-mision-en-arequipa-el-diacono-luis-isidro-lemus-cjm-se-une-al-servicio-pastoral-en-peru","status":"publish","type":"post","link":"https:\/\/www.eudistasmd.org\/index.php\/2025\/07\/09\/nueva-mision-en-arequipa-el-diacono-luis-isidro-lemus-cjm-se-une-al-servicio-pastoral-en-peru\/","title":{"rendered":"Nueva misi\u00f3n en Arequipa: el di\u00e1cono Luis Isidro Lemus, CJM, se une al servicio pastoral en Per\u00fa"},"content":{"rendered":"<p><strong>Por: Rafael Beltr\u00e1n, Candidato Eudista<\/strong><\/p>\n<p>La Provincia Eudista Minuto de Dios se alegra por la nueva etapa pastoral del di\u00e1cono Luis Isidro Lemus Limas, CJM, quien ha sido enviado a la ciudad de Arequipa, Per\u00fa, para integrarse al servicio pastoral de la comunidad local.<\/p>\n<p>Luego de su incorporaci\u00f3n como Eudista y de una valiosa experiencia misionera en diversas regiones de Colombia, el di\u00e1cono Luis Isidro asume esta nueva misi\u00f3n con esp\u00edritu fraterno, apertura al aprendizaje y profundo compromiso evangelizador. Su recorrido ha estado marcado por una presencia activa en m\u00faltiples obras de la Congregaci\u00f3n, incluyendo la Universidad Minuto de Dios, varias parroquias, la Fundaci\u00f3n Eudes (de la cual destaca especialmente su labor social) \u00a0y, m\u00e1s recientemente, en los colegios Minuto de Dios de Cartagena, donde sirvi\u00f3 como coordinador de identidad misional y pastoral y capell\u00e1n.<\/p>\n<p>Durante esta etapa, tambi\u00e9n acompa\u00f1\u00f3 a las comunidades educativas de Galapa (Atl\u00e1ntico) y Santa Marta, llevando el mensaje del Evangelio a ni\u00f1os y j\u00f3venes desde una pastoral educativa encarnada y din\u00e1mica.<\/p>\n<p>Ahora, en Arequipa, su labor pastoral se centrar\u00e1 en el acompa\u00f1amiento de proclamadores de la Palabra, ministros extraordinarios de la Comuni\u00f3n, catequistas de Primera Comuni\u00f3n y Confirmaci\u00f3n, tanto con ni\u00f1os, j\u00f3venes como adultos. Tambi\u00e9n animar\u00e1 las catequesis pre-bautismales y diversas expresiones comunitarias como Guadalupe, Monaquillos, Hogueritas y La Divina Pastora. Desde sus dones en la m\u00fasica, la comunicaci\u00f3n y la formaci\u00f3n b\u00edblica, fortalecer\u00e1 la vida comunitaria con acento eudista.<\/p>\n<p>El padre Cergio Becerra, CJM, superior de esta comunidad local, expres\u00f3 con gratitud que el di\u00e1cono Luis Isidro ha sido recibido con mucha alegr\u00eda por la comunidad, que ya lo conoc\u00eda por una misi\u00f3n realizada en diciembre. \u201cPudo aportar ideas muy creativas y compenetrarse muy bien con ni\u00f1os, j\u00f3venes y adultos. Ahora llevar\u00e1 adelante especialmente la dimensi\u00f3n formativa, la dimensi\u00f3n social y la pastoral infantil de la parroquia. Estamos seguros de que, como lo hizo en diciembre, har\u00e1 un gran trabajo en esta nueva etapa que tambi\u00e9n contribuir\u00e1 a su crecimiento como ministro del Se\u00f1or\u201d, afirm\u00f3 el padre Cergio.<\/p>\n<p>Asimismo, el di\u00e1cono acompa\u00f1ar\u00e1 el eje de formaci\u00f3n en la Renovaci\u00f3n Carism\u00e1tica Cat\u00f3lica (RCC) de Arequipa, participando en proyectos de formaci\u00f3n y apoyo a los distintos ministerios diocesanos, siempre con una palabra inspirada en el amor y la misericordia de Dios, al estilo de San Juan Eudes. \u201cEl Coraz\u00f3n de Dios no es otra cosa que un Coraz\u00f3n de amor\u2026 Jes\u00fas vino a ense\u00f1arnos a ser mejores seres humanos\u201d, afirma con convicci\u00f3n el di\u00e1cono<\/p>\n<p>Finalmente, el di\u00e1cono Luis Isidro ha compartido que sus expectativas al llegar a esta misi\u00f3n son, ante todo, conocer profundamente la realidad arequipe\u00f1a: su gente, sus costumbres, su manera de vivir y comunicar la fe. Este proceso de inculturaci\u00f3n le permitir\u00e1 anunciar el Evangelio desde la cercan\u00eda y el respeto, comprendiendo las vivencias locales y descubriendo en ellas nuevas formas de manifestar el amor de Dios. Reconoce con entusiasmo el fervor religioso de la comunidad, su fuerte arraigo en la piedad popular y su deseo de celebrar y vivir intensamente la sacramentalidad, elementos que considera fundamentales para su servicio pastoral.<\/p>\n<p>&nbsp;<\/p>\n<p><a title=\"Misi\u00f3n en Per\u00fa Di\u00e1cono Luis Isidro Lemus, cjm\" href=\"https:\/\/www.flickr.com\/photos\/200276192@N06\/albums\/72177720327444163\" data-flickr-embed=\"true\"><img loading=\"lazy\" decoding=\"async\" class=\"aligncenter\" src=\"https:\/\/live.staticflickr.com\/65535\/54643755146_7ff190285c.jpg\" alt=\"Misi\u00f3n en Per\u00fa Di\u00e1cono Luis Isidro Lemus, cjm\" width=\"363\" height=\"544\" \/><\/a><script async src=\"\/\/embedr.flickr.com\/assets\/client-code.js\" charset=\"utf-8\"><\/script><\/p>\n","protected":false},"excerpt":{"rendered":"<p>Por: Rafael Beltr\u00e1n, Candidato Eudista La Provincia Eudista Minuto de Dios se alegra por la nueva etapa pastoral del di\u00e1cono Luis Isidro Lemus Limas, CJM, quien ha sido enviado a la ciudad de Arequipa, Per\u00fa, para integrarse al servicio pastoral de la comunidad local. Luego de su incorporaci\u00f3n como Eudista y de una valiosa experiencia [&hellip;]<\/p>\n","protected":false},"author":7,"featured_media":7285,"comment_status":"closed","ping_status":"closed","sticky":false,"template":"","format":"standard","meta":{"_et_pb_use_builder":"","_et_pb_old_content":"","_et_gb_content_width":"","footnotes":""},"categories":[13],"tags":[268,335,275],"class_list":["post-7284","post","type-post","status-publish","format-standard","has-post-thumbnail","hentry","category-actualidad-eudista","tag-eudistas-en-el-peru","tag-minuto-de-dios-en-el-peru","tag-sacerdotes-en-el-peru"],"yoast_head":"<!-- This site is optimized with the Yoast SEO plugin v27.2 - https:\/\/yoast.com\/product\/yoast-seo-wordpress\/ -->\n<title>Nueva misi\u00f3n en Arequipa: el di\u00e1cono Luis Isidro Lemus, CJM, se une al servicio pastoral en Per\u00fa - Eudistas MD<\/title>\n<meta name=\"robots\" content=\"index, follow, max-snippet:-1, max-image-preview:large, max-video-preview:-1\" \/>\n<link rel=\"canonical\" href=\"https:\/\/www.eudistasmd.org\/index.php\/2025\/07\/09\/nueva-mision-en-arequipa-el-diacono-luis-isidro-lemus-cjm-se-une-al-servicio-pastoral-en-peru\/\" \/>\n<meta property=\"og:locale\" content=\"es_ES\" \/>\n<meta property=\"og:type\" content=\"article\" \/>\n<meta property=\"og:title\" content=\"Nueva misi\u00f3n en Arequipa: el di\u00e1cono Luis Isidro Lemus, CJM, se une al servicio pastoral en Per\u00fa - Eudistas MD\" \/>\n<meta property=\"og:description\" content=\"Por: Rafael Beltr\u00e1n, Candidato Eudista La Provincia Eudista Minuto de Dios se alegra por la nueva etapa pastoral del di\u00e1cono Luis Isidro Lemus Limas, CJM, quien ha sido enviado a la ciudad de Arequipa, Per\u00fa, para integrarse al servicio pastoral de la comunidad local. Luego de su incorporaci\u00f3n como Eudista y de una valiosa experiencia [&hellip;]\" \/>\n<meta property=\"og:url\" content=\"https:\/\/www.eudistasmd.org\/index.php\/2025\/07\/09\/nueva-mision-en-arequipa-el-diacono-luis-isidro-lemus-cjm-se-une-al-servicio-pastoral-en-peru\/\" \/>\n<meta property=\"og:site_name\" content=\"Eudistas MD\" \/>\n<meta property=\"article:published_time\" content=\"2025-07-09T15:15:33+00:00\" \/>\n<meta property=\"article:modified_time\" content=\"2025-07-10T16:58:45+00:00\" \/>\n<meta property=\"og:image\" content=\"https:\/\/www.eudistasmd.org\/wp-content\/uploads\/2025\/07\/WhatsApp-Image-2025-07-09-at-9.26.19-AM.jpeg\" \/>\n\t<meta property=\"og:image:width\" content=\"2592\" \/>\n\t<meta property=\"og:image:height\" content=\"1728\" \/>\n\t<meta property=\"og:image:type\" content=\"image\/jpeg\" \/>\n<meta name=\"author\" content=\"Angie Stacy Rodr\u00edguez G\u00f3mez\" \/>\n<meta name=\"twitter:card\" content=\"summary_large_image\" \/>\n<meta name=\"twitter:label1\" content=\"Escrito por\" \/>\n\t<meta name=\"twitter:data1\" content=\"Angie Stacy Rodr\u00edguez G\u00f3mez\" \/>\n\t<meta name=\"twitter:label2\" content=\"Tiempo de lectura\" \/>\n\t<meta name=\"twitter:data2\" content=\"3 minutos\" \/>\n<script type=\"application\/ld+json\" class=\"yoast-schema-graph\">{\"@context\":\"https:\/\/schema.org\",\"@graph\":[{\"@type\":\"Article\",\"@id\":\"https:\/\/www.eudistasmd.org\/index.php\/2025\/07\/09\/nueva-mision-en-arequipa-el-diacono-luis-isidro-lemus-cjm-se-une-al-servicio-pastoral-en-peru\/#article\",\"isPartOf\":{\"@id\":\"https:\/\/www.eudistasmd.org\/index.php\/2025\/07\/09\/nueva-mision-en-arequipa-el-diacono-luis-isidro-lemus-cjm-se-une-al-servicio-pastoral-en-peru\/\"},\"author\":{\"name\":\"Angie Stacy Rodr\u00edguez G\u00f3mez\",\"@id\":\"https:\/\/www.eudistasmd.org\/#\/schema\/person\/ea031151eedd6aedadcdb515522d15d5\"},\"headline\":\"Nueva misi\u00f3n en Arequipa: el di\u00e1cono Luis Isidro Lemus, CJM, se une al servicio pastoral en Per\u00fa\",\"datePublished\":\"2025-07-09T15:15:33+00:00\",\"dateModified\":\"2025-07-10T16:58:45+00:00\",\"mainEntityOfPage\":{\"@id\":\"https:\/\/www.eudistasmd.org\/index.php\/2025\/07\/09\/nueva-mision-en-arequipa-el-diacono-luis-isidro-lemus-cjm-se-une-al-servicio-pastoral-en-peru\/\"},\"wordCount\":583,\"image\":{\"@id\":\"https:\/\/www.eudistasmd.org\/index.php\/2025\/07\/09\/nueva-mision-en-arequipa-el-diacono-luis-isidro-lemus-cjm-se-une-al-servicio-pastoral-en-peru\/#primaryimage\"},\"thumbnailUrl\":\"https:\/\/www.eudistasmd.org\/wp-content\/uploads\/2025\/07\/WhatsApp-Image-2025-07-09-at-9.26.19-AM.jpeg\",\"keywords\":[\"eudistas en el Per\u00fa\",\"Minuto de Dios en el Per\u00fa\",\"Sacerdotes en el Per\u00fa\"],\"articleSection\":[\"Actualidad Eudista\"],\"inLanguage\":\"es\"},{\"@type\":\"WebPage\",\"@id\":\"https:\/\/www.eudistasmd.org\/index.php\/2025\/07\/09\/nueva-mision-en-arequipa-el-diacono-luis-isidro-lemus-cjm-se-une-al-servicio-pastoral-en-peru\/\",\"url\":\"https:\/\/www.eudistasmd.org\/index.php\/2025\/07\/09\/nueva-mision-en-arequipa-el-diacono-luis-isidro-lemus-cjm-se-une-al-servicio-pastoral-en-peru\/\",\"name\":\"Nueva misi\u00f3n en Arequipa: el di\u00e1cono Luis Isidro Lemus, CJM, se une al servicio pastoral en Per\u00fa - Eudistas MD\",\"isPartOf\":{\"@id\":\"https:\/\/www.eudistasmd.org\/#website\"},\"primaryImageOfPage\":{\"@id\":\"https:\/\/www.eudistasmd.org\/index.php\/2025\/07\/09\/nueva-mision-en-arequipa-el-diacono-luis-isidro-lemus-cjm-se-une-al-servicio-pastoral-en-peru\/#primaryimage\"},\"image\":{\"@id\":\"https:\/\/www.eudistasmd.org\/index.php\/2025\/07\/09\/nueva-mision-en-arequipa-el-diacono-luis-isidro-lemus-cjm-se-une-al-servicio-pastoral-en-peru\/#primaryimage\"},\"thumbnailUrl\":\"https:\/\/www.eudistasmd.org\/wp-content\/uploads\/2025\/07\/WhatsApp-Image-2025-07-09-at-9.26.19-AM.jpeg\",\"datePublished\":\"2025-07-09T15:15:33+00:00\",\"dateModified\":\"2025-07-10T16:58:45+00:00\",\"author\":{\"@id\":\"https:\/\/www.eudistasmd.org\/#\/schema\/person\/ea031151eedd6aedadcdb515522d15d5\"},\"breadcrumb\":{\"@id\":\"https:\/\/www.eudistasmd.org\/index.php\/2025\/07\/09\/nueva-mision-en-arequipa-el-diacono-luis-isidro-lemus-cjm-se-une-al-servicio-pastoral-en-peru\/#breadcrumb\"},\"inLanguage\":\"es\",\"potentialAction\":[{\"@type\":\"ReadAction\",\"target\":[\"https:\/\/www.eudistasmd.org\/index.php\/2025\/07\/09\/nueva-mision-en-arequipa-el-diacono-luis-isidro-lemus-cjm-se-une-al-servicio-pastoral-en-peru\/\"]}]},{\"@type\":\"ImageObject\",\"inLanguage\":\"es\",\"@id\":\"https:\/\/www.eudistasmd.org\/index.php\/2025\/07\/09\/nueva-mision-en-arequipa-el-diacono-luis-isidro-lemus-cjm-se-une-al-servicio-pastoral-en-peru\/#primaryimage\",\"url\":\"https:\/\/www.eudistasmd.org\/wp-content\/uploads\/2025\/07\/WhatsApp-Image-2025-07-09-at-9.26.19-AM.jpeg\",\"contentUrl\":\"https:\/\/www.eudistasmd.org\/wp-content\/uploads\/2025\/07\/WhatsApp-Image-2025-07-09-at-9.26.19-AM.jpeg\",\"width\":2592,\"height\":1728},{\"@type\":\"BreadcrumbList\",\"@id\":\"https:\/\/www.eudistasmd.org\/index.php\/2025\/07\/09\/nueva-mision-en-arequipa-el-diacono-luis-isidro-lemus-cjm-se-une-al-servicio-pastoral-en-peru\/#breadcrumb\",\"itemListElement\":[{\"@type\":\"ListItem\",\"position\":1,\"name\":\"Portada\",\"item\":\"https:\/\/www.eudistasmd.org\/\"},{\"@type\":\"ListItem\",\"position\":2,\"name\":\"Nueva misi\u00f3n en Arequipa: el di\u00e1cono Luis Isidro Lemus, CJM, se une al servicio pastoral en Per\u00fa\"}]},{\"@type\":\"WebSite\",\"@id\":\"https:\/\/www.eudistasmd.org\/#website\",\"url\":\"https:\/\/www.eudistasmd.org\/\",\"name\":\"Eudistas MD\",\"description\":\"Esta Provincia naci\u00f3 de la obra fundada por el padre eudista: Rafael Garc\u00eda Herreros. Este Don del Minuto de Dios ha sido encomendado a los los Eudistas del El Minuto de Dios, quienes se dedican a la Evangelizaci\u00f3n, la Formaci\u00f3n, y al servicio a los m\u00e1s pobres a trav\u00e9s de la Organizaci\u00f3n Minuto de Dios.\",\"potentialAction\":[{\"@type\":\"SearchAction\",\"target\":{\"@type\":\"EntryPoint\",\"urlTemplate\":\"https:\/\/www.eudistasmd.org\/?s={search_term_string}\"},\"query-input\":{\"@type\":\"PropertyValueSpecification\",\"valueRequired\":true,\"valueName\":\"search_term_string\"}}],\"inLanguage\":\"es\"},{\"@type\":\"Person\",\"@id\":\"https:\/\/www.eudistasmd.org\/#\/schema\/person\/ea031151eedd6aedadcdb515522d15d5\",\"name\":\"Angie Stacy Rodr\u00edguez G\u00f3mez\",\"image\":{\"@type\":\"ImageObject\",\"inLanguage\":\"es\",\"@id\":\"https:\/\/secure.gravatar.com\/avatar\/08c6f46fb8b7d2682b0cdfd76fb248e50ae4b1eeed14c21faf047e138ae11aa3?s=96&d=mm&r=g\",\"url\":\"https:\/\/secure.gravatar.com\/avatar\/08c6f46fb8b7d2682b0cdfd76fb248e50ae4b1eeed14c21faf047e138ae11aa3?s=96&d=mm&r=g\",\"contentUrl\":\"https:\/\/secure.gravatar.com\/avatar\/08c6f46fb8b7d2682b0cdfd76fb248e50ae4b1eeed14c21faf047e138ae11aa3?s=96&d=mm&r=g\",\"caption\":\"Angie Stacy Rodr\u00edguez G\u00f3mez\"},\"url\":\"https:\/\/www.eudistasmd.org\/index.php\/author\/noticias-editoramd\/\"}]}<\/script>\n<!-- \/ Yoast SEO plugin. -->","yoast_head_json":{"title":"Nueva misi\u00f3n en Arequipa: el di\u00e1cono Luis Isidro Lemus, CJM, se une al servicio pastoral en Per\u00fa - Eudistas MD","robots":{"index":"index","follow":"follow","max-snippet":"max-snippet:-1","max-image-preview":"max-image-preview:large","max-video-preview":"max-video-preview:-1"},"canonical":"https:\/\/www.eudistasmd.org\/index.php\/2025\/07\/09\/nueva-mision-en-arequipa-el-diacono-luis-isidro-lemus-cjm-se-une-al-servicio-pastoral-en-peru\/","og_locale":"es_ES","og_type":"article","og_title":"Nueva misi\u00f3n en Arequipa: el di\u00e1cono Luis Isidro Lemus, CJM, se une al servicio pastoral en Per\u00fa - Eudistas MD","og_description":"Por: Rafael Beltr\u00e1n, Candidato Eudista La Provincia Eudista Minuto de Dios se alegra por la nueva etapa pastoral del di\u00e1cono Luis Isidro Lemus Limas, CJM, quien ha sido enviado a la ciudad de Arequipa, Per\u00fa, para integrarse al servicio pastoral de la comunidad local. Luego de su incorporaci\u00f3n como Eudista y de una valiosa experiencia [&hellip;]","og_url":"https:\/\/www.eudistasmd.org\/index.php\/2025\/07\/09\/nueva-mision-en-arequipa-el-diacono-luis-isidro-lemus-cjm-se-une-al-servicio-pastoral-en-peru\/","og_site_name":"Eudistas MD","article_published_time":"2025-07-09T15:15:33+00:00","article_modified_time":"2025-07-10T16:58:45+00:00","og_image":[{"width":2592,"height":1728,"url":"https:\/\/www.eudistasmd.org\/wp-content\/uploads\/2025\/07\/WhatsApp-Image-2025-07-09-at-9.26.19-AM.jpeg","type":"image\/jpeg"}],"author":"Angie Stacy Rodr\u00edguez G\u00f3mez","twitter_card":"summary_large_image","twitter_misc":{"Escrito por":"Angie Stacy Rodr\u00edguez G\u00f3mez","Tiempo de lectura":"3 minutos"},"schema":{"@context":"https:\/\/schema.org","@graph":[{"@type":"Article","@id":"https:\/\/www.eudistasmd.org\/index.php\/2025\/07\/09\/nueva-mision-en-arequipa-el-diacono-luis-isidro-lemus-cjm-se-une-al-servicio-pastoral-en-peru\/#article","isPartOf":{"@id":"https:\/\/www.eudistasmd.org\/index.php\/2025\/07\/09\/nueva-mision-en-arequipa-el-diacono-luis-isidro-lemus-cjm-se-une-al-servicio-pastoral-en-peru\/"},"author":{"name":"Angie Stacy Rodr\u00edguez G\u00f3mez","@id":"https:\/\/www.eudistasmd.org\/#\/schema\/person\/ea031151eedd6aedadcdb515522d15d5"},"headline":"Nueva misi\u00f3n en Arequipa: el di\u00e1cono Luis Isidro Lemus, CJM, se une al servicio pastoral en Per\u00fa","datePublished":"2025-07-09T15:15:33+00:00","dateModified":"2025-07-10T16:58:45+00:00","mainEntityOfPage":{"@id":"https:\/\/www.eudistasmd.org\/index.php\/2025\/07\/09\/nueva-mision-en-arequipa-el-diacono-luis-isidro-lemus-cjm-se-une-al-servicio-pastoral-en-peru\/"},"wordCount":583,"image":{"@id":"https:\/\/www.eudistasmd.org\/index.php\/2025\/07\/09\/nueva-mision-en-arequipa-el-diacono-luis-isidro-lemus-cjm-se-une-al-servicio-pastoral-en-peru\/#primaryimage"},"thumbnailUrl":"https:\/\/www.eudistasmd.org\/wp-content\/uploads\/2025\/07\/WhatsApp-Image-2025-07-09-at-9.26.19-AM.jpeg","keywords":["eudistas en el Per\u00fa","Minuto de Dios en el Per\u00fa","Sacerdotes en el Per\u00fa"],"articleSection":["Actualidad Eudista"],"inLanguage":"es"},{"@type":"WebPage","@id":"https:\/\/www.eudistasmd.org\/index.php\/2025\/07\/09\/nueva-mision-en-arequipa-el-diacono-luis-isidro-lemus-cjm-se-une-al-servicio-pastoral-en-peru\/","url":"https:\/\/www.eudistasmd.org\/index.php\/2025\/07\/09\/nueva-mision-en-arequipa-el-diacono-luis-isidro-lemus-cjm-se-une-al-servicio-pastoral-en-peru\/","name":"Nueva misi\u00f3n en Arequipa: el di\u00e1cono Luis Isidro Lemus, CJM, se une al servicio pastoral en Per\u00fa - Eudistas MD","isPartOf":{"@id":"https:\/\/www.eudistasmd.org\/#website"},"primaryImageOfPage":{"@id":"https:\/\/www.eudistasmd.org\/index.php\/2025\/07\/09\/nueva-mision-en-arequipa-el-diacono-luis-isidro-lemus-cjm-se-une-al-servicio-pastoral-en-peru\/#primaryimage"},"image":{"@id":"https:\/\/www.eudistasmd.org\/index.php\/2025\/07\/09\/nueva-mision-en-arequipa-el-diacono-luis-isidro-lemus-cjm-se-une-al-servicio-pastoral-en-peru\/#primaryimage"},"thumbnailUrl":"https:\/\/www.eudistasmd.org\/wp-content\/uploads\/2025\/07\/WhatsApp-Image-2025-07-09-at-9.26.19-AM.jpeg","datePublished":"2025-07-09T15:15:33+00:00","dateModified":"2025-07-10T16:58:45+00:00","author":{"@id":"https:\/\/www.eudistasmd.org\/#\/schema\/person\/ea031151eedd6aedadcdb515522d15d5"},"breadcrumb":{"@id":"https:\/\/www.eudistasmd.org\/index.php\/2025\/07\/09\/nueva-mision-en-arequipa-el-diacono-luis-isidro-lemus-cjm-se-une-al-servicio-pastoral-en-peru\/#breadcrumb"},"inLanguage":"es","potentialAction":[{"@type":"ReadAction","target":["https:\/\/www.eudistasmd.org\/index.php\/2025\/07\/09\/nueva-mision-en-arequipa-el-diacono-luis-isidro-lemus-cjm-se-une-al-servicio-pastoral-en-peru\/"]}]},{"@type":"ImageObject","inLanguage":"es","@id":"https:\/\/www.eudistasmd.org\/index.php\/2025\/07\/09\/nueva-mision-en-arequipa-el-diacono-luis-isidro-lemus-cjm-se-une-al-servicio-pastoral-en-peru\/#primaryimage","url":"https:\/\/www.eudistasmd.org\/wp-content\/uploads\/2025\/07\/WhatsApp-Image-2025-07-09-at-9.26.19-AM.jpeg","contentUrl":"https:\/\/www.eudistasmd.org\/wp-content\/uploads\/2025\/07\/WhatsApp-Image-2025-07-09-at-9.26.19-AM.jpeg","width":2592,"height":1728},{"@type":"BreadcrumbList","@id":"https:\/\/www.eudistasmd.org\/index.php\/2025\/07\/09\/nueva-mision-en-arequipa-el-diacono-luis-isidro-lemus-cjm-se-une-al-servicio-pastoral-en-peru\/#breadcrumb","itemListElement":[{"@type":"ListItem","position":1,"name":"Portada","item":"https:\/\/www.eudistasmd.org\/"},{"@type":"ListItem","position":2,"name":"Nueva misi\u00f3n en Arequipa: el di\u00e1cono Luis Isidro Lemus, CJM, se une al servicio pastoral en Per\u00fa"}]},{"@type":"WebSite","@id":"https:\/\/www.eudistasmd.org\/#website","url":"https:\/\/www.eudistasmd.org\/","name":"Eudistas MD","description":"Esta Provincia naci\u00f3 de la obra fundada por el padre eudista: Rafael Garc\u00eda Herreros. Este Don del Minuto de Dios ha sido encomendado a los los Eudistas del El Minuto de Dios, quienes se dedican a la Evangelizaci\u00f3n, la Formaci\u00f3n, y al servicio a los m\u00e1s pobres a trav\u00e9s de la Organizaci\u00f3n Minuto de Dios.","potentialAction":[{"@type":"SearchAction","target":{"@type":"EntryPoint","urlTemplate":"https:\/\/www.eudistasmd.org\/?s={search_term_string}"},"query-input":{"@type":"PropertyValueSpecification","valueRequired":true,"valueName":"search_term_string"}}],"inLanguage":"es"},{"@type":"Person","@id":"https:\/\/www.eudistasmd.org\/#\/schema\/person\/ea031151eedd6aedadcdb515522d15d5","name":"Angie Stacy Rodr\u00edguez G\u00f3mez","image":{"@type":"ImageObject","inLanguage":"es","@id":"https:\/\/secure.gravatar.com\/avatar\/08c6f46fb8b7d2682b0cdfd76fb248e50ae4b1eeed14c21faf047e138ae11aa3?s=96&d=mm&r=g","url":"https:\/\/secure.gravatar.com\/avatar\/08c6f46fb8b7d2682b0cdfd76fb248e50ae4b1eeed14c21faf047e138ae11aa3?s=96&d=mm&r=g","contentUrl":"https:\/\/secure.gravatar.com\/avatar\/08c6f46fb8b7d2682b0cdfd76fb248e50ae4b1eeed14c21faf047e138ae11aa3?s=96&d=mm&r=g","caption":"Angie Stacy Rodr\u00edguez G\u00f3mez"},"url":"https:\/\/www.eudistasmd.org\/index.php\/author\/noticias-editoramd\/"}]}},"_links":{"self":[{"href":"https:\/\/www.eudistasmd.org\/index.php\/wp-json\/wp\/v2\/posts\/7284","targetHints":{"allow":["GET"]}}],"collection":[{"href":"https:\/\/www.eudistasmd.org\/index.php\/wp-json\/wp\/v2\/posts"}],"about":[{"href":"https:\/\/www.eudistasmd.org\/index.php\/wp-json\/wp\/v2\/types\/post"}],"author":[{"embeddable":true,"href":"https:\/\/www.eudistasmd.org\/index.php\/wp-json\/wp\/v2\/users\/7"}],"replies":[{"embeddable":true,"href":"https:\/\/www.eudistasmd.org\/index.php\/wp-json\/wp\/v2\/comments?post=7284"}],"version-history":[{"count":2,"href":"https:\/\/www.eudistasmd.org\/index.php\/wp-json\/wp\/v2\/posts\/7284\/revisions"}],"predecessor-version":[{"id":7287,"href":"https:\/\/www.eudistasmd.org\/index.php\/wp-json\/wp\/v2\/posts\/7284\/revisions\/7287"}],"wp:featuredmedia":[{"embeddable":true,"href":"https:\/\/www.eudistasmd.org\/index.php\/wp-json\/wp\/v2\/media\/7285"}],"wp:attachment":[{"href":"https:\/\/www.eudistasmd.org\/index.php\/wp-json\/wp\/v2\/media?parent=7284"}],"wp:term":[{"taxonomy":"category","embeddable":true,"href":"https:\/\/www.eudistasmd.org\/index.php\/wp-json\/wp\/v2\/categories?post=7284"},{"taxonomy":"post_tag","embeddable":true,"href":"https:\/\/www.eudistasmd.org\/index.php\/wp-json\/wp\/v2\/tags?post=7284"}],"curies":[{"name":"wp","href":"https:\/\/api.w.org\/{rel}","templated":true}]}}