{"id":7276,"date":"2025-06-25T11:20:51","date_gmt":"2025-06-25T16:20:51","guid":{"rendered":"https:\/\/www.eudistasmd.org\/?p=7276"},"modified":"2025-06-25T11:20:51","modified_gmt":"2025-06-25T16:20:51","slug":"fiesta-de-los-sagrados-corazones-de-jesus-y-maria-dos-dias-para-renovar-nuestra-espiritualidad","status":"publish","type":"post","link":"https:\/\/www.eudistasmd.org\/index.php\/2025\/06\/25\/fiesta-de-los-sagrados-corazones-de-jesus-y-maria-dos-dias-para-renovar-nuestra-espiritualidad\/","title":{"rendered":"Fiesta de los Sagrados Corazones de Jes\u00fas y Mar\u00eda: dos d\u00edas para renovar nuestra espiritualidad"},"content":{"rendered":"<p data-start=\"440\" data-end=\"879\">Se acercan las fiestas del Coraz\u00f3n de Jes\u00fas y de\u00a0Mar\u00eda, una oportunidad \u00fanica para abrir el coraz\u00f3n a la presencia viva de Dios y permitir que su amor transforme nuestra vida. En medio del ruido cotidiano, estas celebraciones nos invitan a hacer una pausa, mirar hacia dentro y disponernos a un camino de renovaci\u00f3n espiritual y consagraci\u00f3n al amor ardiente de Jes\u00fas y su Madre Mar\u00eda<\/p>\n<p data-start=\"881\" data-end=\"1085\"><span class=\"TextRun SCXW76020425 BCX0\" lang=\"ES-ES\" xml:lang=\"ES-ES\" data-contrast=\"auto\"><span class=\"NormalTextRun SCXW76020425 BCX0\">San Juan Eudes, gran promotor de esta devoci\u00f3n, nos propone tres actitudes fundamentales para vivir esta estos d\u00edas tan especiales: <\/span><\/span><span class=\"EOP SCXW76020425 BCX0\" data-ccp-props=\"{}\">\u00a0<\/span><\/p>\n<ul data-start=\"1087\" data-end=\"1552\">\n<li data-start=\"1087\" data-end=\"1248\">Deseo sincero de celebrar estas fiestas como si fueran la \u00fanica vez en tu vida, pidiendo al Esp\u00edritu Santo que despierte en nosotros un anhelo profundo de encuentro y renovaci\u00f3n.<\/li>\n<li data-start=\"1087\" data-end=\"1248\">Humildad de coraz\u00f3n, reconociendo con sinceridad lo que hemos desaprovechado de la gracia recibida, y asumiendo un compromiso de conversi\u00f3n a trav\u00e9s de la confesi\u00f3n y la reconciliaci\u00f3n.<\/li>\n<li data-start=\"1087\" data-end=\"1248\">Comuni\u00f3n con la Iglesia celestial, uni\u00e9ndonos en oraci\u00f3n a Mar\u00eda, los santos y los \u00e1ngeles, as\u00ed como invocando a las tres divinas personas, para que acompa\u00f1en e inspiren este camino de preparaci\u00f3n.<\/li>\n<\/ul>\n<p>Con este esp\u00edritu, la Unidad de Espiritualidad Eudista invita a participar de dos jornadas especiales en torno a los Corazones de Jes\u00fas y Mar\u00eda, transmitidas en vivo por el canal de YouTube de FEBIPE:<\/p>\n<hr data-start=\"1764\" data-end=\"1767\" \/>\n<h4 data-start=\"1769\" data-end=\"1799\">\ud83d\udcc5 <strong data-start=\"1777\" data-end=\"1799\">Agenda<\/strong><\/h4>\n<p data-start=\"1801\" data-end=\"1961\"><strong data-start=\"1801\" data-end=\"1845\">\ud83d\udd39 Viernes 27 de junio \u2013 7:00 p.m. (COL)<\/strong><br data-start=\"1845\" data-end=\"1848\" \/><strong data-start=\"1848\" data-end=\"1884\">Consagraci\u00f3n al Coraz\u00f3n de Jes\u00fas<\/strong><br data-start=\"1884\" data-end=\"1887\" \/>\ud83d\udccd <a class=\"\" href=\"https:\/\/www.youtube.com\/watch?v=4dpuYNe1Knk\" target=\"_new\" rel=\"noopener\" data-start=\"1890\" data-end=\"1961\">Transmisi\u00f3n en vivo aqu\u00ed<\/a><\/p>\n<p data-start=\"1963\" data-end=\"2142\"><strong data-start=\"1963\" data-end=\"2006\">\ud83d\udd39 S\u00e1bado 28 de junio \u2013 8:30 a.m. (COL)<\/strong><br data-start=\"2006\" data-end=\"2009\" \/><strong data-start=\"2009\" data-end=\"2065\">Retiro espiritual y consagraci\u00f3n al Coraz\u00f3n de Mar\u00eda<\/strong><br data-start=\"2065\" data-end=\"2068\" \/>\ud83d\udccd <a class=\"\" href=\"https:\/\/www.youtube.com\/watch?v=kVkinF9NX2Q\" target=\"_new\" rel=\"noopener\" data-start=\"2071\" data-end=\"2142\">Transmisi\u00f3n en vivo aqu\u00ed<\/a><\/p>\n<p data-start=\"2380\" data-end=\"2398\"><strong data-start=\"2380\" data-end=\"2398\">\u00a1Te esperamos!<\/strong><\/p>\n","protected":false},"excerpt":{"rendered":"<p>Se acercan las fiestas del Coraz\u00f3n de Jes\u00fas y de\u00a0Mar\u00eda, una oportunidad \u00fanica para abrir el coraz\u00f3n a la presencia viva de Dios y permitir que su amor transforme nuestra vida. En medio del ruido cotidiano, estas celebraciones nos invitan a hacer una pausa, mirar hacia dentro y disponernos a un camino de renovaci\u00f3n espiritual [&hellip;]<\/p>\n","protected":false},"author":7,"featured_media":7277,"comment_status":"closed","ping_status":"closed","sticky":false,"template":"","format":"standard","meta":{"_et_pb_use_builder":"","_et_pb_old_content":"","_et_gb_content_width":"","footnotes":""},"categories":[13],"tags":[30,22,315,23],"class_list":["post-7276","post","type-post","status-publish","format-standard","has-post-thumbnail","hentry","category-actualidad-eudista","tag-corazon-de-jesus-y-maria","tag-eudistas","tag-eudistasmd","tag-minuto-de-dios"],"yoast_head":"<!-- This site is optimized with the Yoast SEO plugin v27.2 - https:\/\/yoast.com\/product\/yoast-seo-wordpress\/ -->\n<title>Fiesta de los Sagrados Corazones de Jes\u00fas y Mar\u00eda: dos d\u00edas para renovar nuestra espiritualidad - Eudistas MD<\/title>\n<meta name=\"robots\" content=\"index, follow, max-snippet:-1, max-image-preview:large, max-video-preview:-1\" \/>\n<link rel=\"canonical\" href=\"https:\/\/www.eudistasmd.org\/index.php\/2025\/06\/25\/fiesta-de-los-sagrados-corazones-de-jesus-y-maria-dos-dias-para-renovar-nuestra-espiritualidad\/\" \/>\n<meta property=\"og:locale\" content=\"es_ES\" \/>\n<meta property=\"og:type\" content=\"article\" \/>\n<meta property=\"og:title\" content=\"Fiesta de los Sagrados Corazones de Jes\u00fas y Mar\u00eda: dos d\u00edas para renovar nuestra espiritualidad - Eudistas MD\" \/>\n<meta property=\"og:description\" content=\"Se acercan las fiestas del Coraz\u00f3n de Jes\u00fas y de\u00a0Mar\u00eda, una oportunidad \u00fanica para abrir el coraz\u00f3n a la presencia viva de Dios y permitir que su amor transforme nuestra vida. En medio del ruido cotidiano, estas celebraciones nos invitan a hacer una pausa, mirar hacia dentro y disponernos a un camino de renovaci\u00f3n espiritual [&hellip;]\" \/>\n<meta property=\"og:url\" content=\"https:\/\/www.eudistasmd.org\/index.php\/2025\/06\/25\/fiesta-de-los-sagrados-corazones-de-jesus-y-maria-dos-dias-para-renovar-nuestra-espiritualidad\/\" \/>\n<meta property=\"og:site_name\" content=\"Eudistas MD\" \/>\n<meta property=\"article:published_time\" content=\"2025-06-25T16:20:51+00:00\" \/>\n<meta property=\"og:image\" content=\"https:\/\/www.eudistasmd.org\/wp-content\/uploads\/2025\/06\/WhatsApp-Image-2025-06-25-at-9.36.07-AM.jpeg\" \/>\n\t<meta property=\"og:image:width\" content=\"1080\" \/>\n\t<meta property=\"og:image:height\" content=\"1350\" \/>\n\t<meta property=\"og:image:type\" content=\"image\/jpeg\" \/>\n<meta name=\"author\" content=\"Angie Stacy Rodr\u00edguez G\u00f3mez\" \/>\n<meta name=\"twitter:card\" content=\"summary_large_image\" \/>\n<meta name=\"twitter:label1\" content=\"Escrito por\" \/>\n\t<meta name=\"twitter:data1\" content=\"Angie Stacy Rodr\u00edguez G\u00f3mez\" \/>\n\t<meta name=\"twitter:label2\" content=\"Tiempo de lectura\" \/>\n\t<meta name=\"twitter:data2\" content=\"2 minutos\" \/>\n<script type=\"application\/ld+json\" class=\"yoast-schema-graph\">{\"@context\":\"https:\/\/schema.org\",\"@graph\":[{\"@type\":\"Article\",\"@id\":\"https:\/\/www.eudistasmd.org\/index.php\/2025\/06\/25\/fiesta-de-los-sagrados-corazones-de-jesus-y-maria-dos-dias-para-renovar-nuestra-espiritualidad\/#article\",\"isPartOf\":{\"@id\":\"https:\/\/www.eudistasmd.org\/index.php\/2025\/06\/25\/fiesta-de-los-sagrados-corazones-de-jesus-y-maria-dos-dias-para-renovar-nuestra-espiritualidad\/\"},\"author\":{\"name\":\"Angie Stacy Rodr\u00edguez G\u00f3mez\",\"@id\":\"https:\/\/www.eudistasmd.org\/#\/schema\/person\/ea031151eedd6aedadcdb515522d15d5\"},\"headline\":\"Fiesta de los Sagrados Corazones de Jes\u00fas y Mar\u00eda: dos d\u00edas para renovar nuestra espiritualidad\",\"datePublished\":\"2025-06-25T16:20:51+00:00\",\"mainEntityOfPage\":{\"@id\":\"https:\/\/www.eudistasmd.org\/index.php\/2025\/06\/25\/fiesta-de-los-sagrados-corazones-de-jesus-y-maria-dos-dias-para-renovar-nuestra-espiritualidad\/\"},\"wordCount\":300,\"image\":{\"@id\":\"https:\/\/www.eudistasmd.org\/index.php\/2025\/06\/25\/fiesta-de-los-sagrados-corazones-de-jesus-y-maria-dos-dias-para-renovar-nuestra-espiritualidad\/#primaryimage\"},\"thumbnailUrl\":\"https:\/\/www.eudistasmd.org\/wp-content\/uploads\/2025\/06\/WhatsApp-Image-2025-06-25-at-9.36.07-AM.jpeg\",\"keywords\":[\"Coraz\u00f3n de Jes\u00fas y Mar\u00eda\",\"Eudistas\",\"EudistasMD\",\"Minuto de Dios\"],\"articleSection\":[\"Actualidad Eudista\"],\"inLanguage\":\"es\"},{\"@type\":\"WebPage\",\"@id\":\"https:\/\/www.eudistasmd.org\/index.php\/2025\/06\/25\/fiesta-de-los-sagrados-corazones-de-jesus-y-maria-dos-dias-para-renovar-nuestra-espiritualidad\/\",\"url\":\"https:\/\/www.eudistasmd.org\/index.php\/2025\/06\/25\/fiesta-de-los-sagrados-corazones-de-jesus-y-maria-dos-dias-para-renovar-nuestra-espiritualidad\/\",\"name\":\"Fiesta de los Sagrados Corazones de Jes\u00fas y Mar\u00eda: dos d\u00edas para renovar nuestra espiritualidad - Eudistas MD\",\"isPartOf\":{\"@id\":\"https:\/\/www.eudistasmd.org\/#website\"},\"primaryImageOfPage\":{\"@id\":\"https:\/\/www.eudistasmd.org\/index.php\/2025\/06\/25\/fiesta-de-los-sagrados-corazones-de-jesus-y-maria-dos-dias-para-renovar-nuestra-espiritualidad\/#primaryimage\"},\"image\":{\"@id\":\"https:\/\/www.eudistasmd.org\/index.php\/2025\/06\/25\/fiesta-de-los-sagrados-corazones-de-jesus-y-maria-dos-dias-para-renovar-nuestra-espiritualidad\/#primaryimage\"},\"thumbnailUrl\":\"https:\/\/www.eudistasmd.org\/wp-content\/uploads\/2025\/06\/WhatsApp-Image-2025-06-25-at-9.36.07-AM.jpeg\",\"datePublished\":\"2025-06-25T16:20:51+00:00\",\"author\":{\"@id\":\"https:\/\/www.eudistasmd.org\/#\/schema\/person\/ea031151eedd6aedadcdb515522d15d5\"},\"breadcrumb\":{\"@id\":\"https:\/\/www.eudistasmd.org\/index.php\/2025\/06\/25\/fiesta-de-los-sagrados-corazones-de-jesus-y-maria-dos-dias-para-renovar-nuestra-espiritualidad\/#breadcrumb\"},\"inLanguage\":\"es\",\"potentialAction\":[{\"@type\":\"ReadAction\",\"target\":[\"https:\/\/www.eudistasmd.org\/index.php\/2025\/06\/25\/fiesta-de-los-sagrados-corazones-de-jesus-y-maria-dos-dias-para-renovar-nuestra-espiritualidad\/\"]}]},{\"@type\":\"ImageObject\",\"inLanguage\":\"es\",\"@id\":\"https:\/\/www.eudistasmd.org\/index.php\/2025\/06\/25\/fiesta-de-los-sagrados-corazones-de-jesus-y-maria-dos-dias-para-renovar-nuestra-espiritualidad\/#primaryimage\",\"url\":\"https:\/\/www.eudistasmd.org\/wp-content\/uploads\/2025\/06\/WhatsApp-Image-2025-06-25-at-9.36.07-AM.jpeg\",\"contentUrl\":\"https:\/\/www.eudistasmd.org\/wp-content\/uploads\/2025\/06\/WhatsApp-Image-2025-06-25-at-9.36.07-AM.jpeg\",\"width\":1080,\"height\":1350},{\"@type\":\"BreadcrumbList\",\"@id\":\"https:\/\/www.eudistasmd.org\/index.php\/2025\/06\/25\/fiesta-de-los-sagrados-corazones-de-jesus-y-maria-dos-dias-para-renovar-nuestra-espiritualidad\/#breadcrumb\",\"itemListElement\":[{\"@type\":\"ListItem\",\"position\":1,\"name\":\"Portada\",\"item\":\"https:\/\/www.eudistasmd.org\/\"},{\"@type\":\"ListItem\",\"position\":2,\"name\":\"Fiesta de los Sagrados Corazones de Jes\u00fas y Mar\u00eda: dos d\u00edas para renovar nuestra espiritualidad\"}]},{\"@type\":\"WebSite\",\"@id\":\"https:\/\/www.eudistasmd.org\/#website\",\"url\":\"https:\/\/www.eudistasmd.org\/\",\"name\":\"Eudistas MD\",\"description\":\"Esta Provincia naci\u00f3 de la obra fundada por el padre eudista: Rafael Garc\u00eda Herreros. Este Don del Minuto de Dios ha sido encomendado a los los Eudistas del El Minuto de Dios, quienes se dedican a la Evangelizaci\u00f3n, la Formaci\u00f3n, y al servicio a los m\u00e1s pobres a trav\u00e9s de la Organizaci\u00f3n Minuto de Dios.\",\"potentialAction\":[{\"@type\":\"SearchAction\",\"target\":{\"@type\":\"EntryPoint\",\"urlTemplate\":\"https:\/\/www.eudistasmd.org\/?s={search_term_string}\"},\"query-input\":{\"@type\":\"PropertyValueSpecification\",\"valueRequired\":true,\"valueName\":\"search_term_string\"}}],\"inLanguage\":\"es\"},{\"@type\":\"Person\",\"@id\":\"https:\/\/www.eudistasmd.org\/#\/schema\/person\/ea031151eedd6aedadcdb515522d15d5\",\"name\":\"Angie Stacy Rodr\u00edguez G\u00f3mez\",\"image\":{\"@type\":\"ImageObject\",\"inLanguage\":\"es\",\"@id\":\"https:\/\/secure.gravatar.com\/avatar\/08c6f46fb8b7d2682b0cdfd76fb248e50ae4b1eeed14c21faf047e138ae11aa3?s=96&d=mm&r=g\",\"url\":\"https:\/\/secure.gravatar.com\/avatar\/08c6f46fb8b7d2682b0cdfd76fb248e50ae4b1eeed14c21faf047e138ae11aa3?s=96&d=mm&r=g\",\"contentUrl\":\"https:\/\/secure.gravatar.com\/avatar\/08c6f46fb8b7d2682b0cdfd76fb248e50ae4b1eeed14c21faf047e138ae11aa3?s=96&d=mm&r=g\",\"caption\":\"Angie Stacy Rodr\u00edguez G\u00f3mez\"},\"url\":\"https:\/\/www.eudistasmd.org\/index.php\/author\/noticias-editoramd\/\"}]}<\/script>\n<!-- \/ Yoast SEO plugin. -->","yoast_head_json":{"title":"Fiesta de los Sagrados Corazones de Jes\u00fas y Mar\u00eda: dos d\u00edas para renovar nuestra espiritualidad - Eudistas MD","robots":{"index":"index","follow":"follow","max-snippet":"max-snippet:-1","max-image-preview":"max-image-preview:large","max-video-preview":"max-video-preview:-1"},"canonical":"https:\/\/www.eudistasmd.org\/index.php\/2025\/06\/25\/fiesta-de-los-sagrados-corazones-de-jesus-y-maria-dos-dias-para-renovar-nuestra-espiritualidad\/","og_locale":"es_ES","og_type":"article","og_title":"Fiesta de los Sagrados Corazones de Jes\u00fas y Mar\u00eda: dos d\u00edas para renovar nuestra espiritualidad - Eudistas MD","og_description":"Se acercan las fiestas del Coraz\u00f3n de Jes\u00fas y de\u00a0Mar\u00eda, una oportunidad \u00fanica para abrir el coraz\u00f3n a la presencia viva de Dios y permitir que su amor transforme nuestra vida. En medio del ruido cotidiano, estas celebraciones nos invitan a hacer una pausa, mirar hacia dentro y disponernos a un camino de renovaci\u00f3n espiritual [&hellip;]","og_url":"https:\/\/www.eudistasmd.org\/index.php\/2025\/06\/25\/fiesta-de-los-sagrados-corazones-de-jesus-y-maria-dos-dias-para-renovar-nuestra-espiritualidad\/","og_site_name":"Eudistas MD","article_published_time":"2025-06-25T16:20:51+00:00","og_image":[{"width":1080,"height":1350,"url":"https:\/\/www.eudistasmd.org\/wp-content\/uploads\/2025\/06\/WhatsApp-Image-2025-06-25-at-9.36.07-AM.jpeg","type":"image\/jpeg"}],"author":"Angie Stacy Rodr\u00edguez G\u00f3mez","twitter_card":"summary_large_image","twitter_misc":{"Escrito por":"Angie Stacy Rodr\u00edguez G\u00f3mez","Tiempo de lectura":"2 minutos"},"schema":{"@context":"https:\/\/schema.org","@graph":[{"@type":"Article","@id":"https:\/\/www.eudistasmd.org\/index.php\/2025\/06\/25\/fiesta-de-los-sagrados-corazones-de-jesus-y-maria-dos-dias-para-renovar-nuestra-espiritualidad\/#article","isPartOf":{"@id":"https:\/\/www.eudistasmd.org\/index.php\/2025\/06\/25\/fiesta-de-los-sagrados-corazones-de-jesus-y-maria-dos-dias-para-renovar-nuestra-espiritualidad\/"},"author":{"name":"Angie Stacy Rodr\u00edguez G\u00f3mez","@id":"https:\/\/www.eudistasmd.org\/#\/schema\/person\/ea031151eedd6aedadcdb515522d15d5"},"headline":"Fiesta de los Sagrados Corazones de Jes\u00fas y Mar\u00eda: dos d\u00edas para renovar nuestra espiritualidad","datePublished":"2025-06-25T16:20:51+00:00","mainEntityOfPage":{"@id":"https:\/\/www.eudistasmd.org\/index.php\/2025\/06\/25\/fiesta-de-los-sagrados-corazones-de-jesus-y-maria-dos-dias-para-renovar-nuestra-espiritualidad\/"},"wordCount":300,"image":{"@id":"https:\/\/www.eudistasmd.org\/index.php\/2025\/06\/25\/fiesta-de-los-sagrados-corazones-de-jesus-y-maria-dos-dias-para-renovar-nuestra-espiritualidad\/#primaryimage"},"thumbnailUrl":"https:\/\/www.eudistasmd.org\/wp-content\/uploads\/2025\/06\/WhatsApp-Image-2025-06-25-at-9.36.07-AM.jpeg","keywords":["Coraz\u00f3n de Jes\u00fas y Mar\u00eda","Eudistas","EudistasMD","Minuto de Dios"],"articleSection":["Actualidad Eudista"],"inLanguage":"es"},{"@type":"WebPage","@id":"https:\/\/www.eudistasmd.org\/index.php\/2025\/06\/25\/fiesta-de-los-sagrados-corazones-de-jesus-y-maria-dos-dias-para-renovar-nuestra-espiritualidad\/","url":"https:\/\/www.eudistasmd.org\/index.php\/2025\/06\/25\/fiesta-de-los-sagrados-corazones-de-jesus-y-maria-dos-dias-para-renovar-nuestra-espiritualidad\/","name":"Fiesta de los Sagrados Corazones de Jes\u00fas y Mar\u00eda: dos d\u00edas para renovar nuestra espiritualidad - Eudistas MD","isPartOf":{"@id":"https:\/\/www.eudistasmd.org\/#website"},"primaryImageOfPage":{"@id":"https:\/\/www.eudistasmd.org\/index.php\/2025\/06\/25\/fiesta-de-los-sagrados-corazones-de-jesus-y-maria-dos-dias-para-renovar-nuestra-espiritualidad\/#primaryimage"},"image":{"@id":"https:\/\/www.eudistasmd.org\/index.php\/2025\/06\/25\/fiesta-de-los-sagrados-corazones-de-jesus-y-maria-dos-dias-para-renovar-nuestra-espiritualidad\/#primaryimage"},"thumbnailUrl":"https:\/\/www.eudistasmd.org\/wp-content\/uploads\/2025\/06\/WhatsApp-Image-2025-06-25-at-9.36.07-AM.jpeg","datePublished":"2025-06-25T16:20:51+00:00","author":{"@id":"https:\/\/www.eudistasmd.org\/#\/schema\/person\/ea031151eedd6aedadcdb515522d15d5"},"breadcrumb":{"@id":"https:\/\/www.eudistasmd.org\/index.php\/2025\/06\/25\/fiesta-de-los-sagrados-corazones-de-jesus-y-maria-dos-dias-para-renovar-nuestra-espiritualidad\/#breadcrumb"},"inLanguage":"es","potentialAction":[{"@type":"ReadAction","target":["https:\/\/www.eudistasmd.org\/index.php\/2025\/06\/25\/fiesta-de-los-sagrados-corazones-de-jesus-y-maria-dos-dias-para-renovar-nuestra-espiritualidad\/"]}]},{"@type":"ImageObject","inLanguage":"es","@id":"https:\/\/www.eudistasmd.org\/index.php\/2025\/06\/25\/fiesta-de-los-sagrados-corazones-de-jesus-y-maria-dos-dias-para-renovar-nuestra-espiritualidad\/#primaryimage","url":"https:\/\/www.eudistasmd.org\/wp-content\/uploads\/2025\/06\/WhatsApp-Image-2025-06-25-at-9.36.07-AM.jpeg","contentUrl":"https:\/\/www.eudistasmd.org\/wp-content\/uploads\/2025\/06\/WhatsApp-Image-2025-06-25-at-9.36.07-AM.jpeg","width":1080,"height":1350},{"@type":"BreadcrumbList","@id":"https:\/\/www.eudistasmd.org\/index.php\/2025\/06\/25\/fiesta-de-los-sagrados-corazones-de-jesus-y-maria-dos-dias-para-renovar-nuestra-espiritualidad\/#breadcrumb","itemListElement":[{"@type":"ListItem","position":1,"name":"Portada","item":"https:\/\/www.eudistasmd.org\/"},{"@type":"ListItem","position":2,"name":"Fiesta de los Sagrados Corazones de Jes\u00fas y Mar\u00eda: dos d\u00edas para renovar nuestra espiritualidad"}]},{"@type":"WebSite","@id":"https:\/\/www.eudistasmd.org\/#website","url":"https:\/\/www.eudistasmd.org\/","name":"Eudistas MD","description":"Esta Provincia naci\u00f3 de la obra fundada por el padre eudista: Rafael Garc\u00eda Herreros. Este Don del Minuto de Dios ha sido encomendado a los los Eudistas del El Minuto de Dios, quienes se dedican a la Evangelizaci\u00f3n, la Formaci\u00f3n, y al servicio a los m\u00e1s pobres a trav\u00e9s de la Organizaci\u00f3n Minuto de Dios.","potentialAction":[{"@type":"SearchAction","target":{"@type":"EntryPoint","urlTemplate":"https:\/\/www.eudistasmd.org\/?s={search_term_string}"},"query-input":{"@type":"PropertyValueSpecification","valueRequired":true,"valueName":"search_term_string"}}],"inLanguage":"es"},{"@type":"Person","@id":"https:\/\/www.eudistasmd.org\/#\/schema\/person\/ea031151eedd6aedadcdb515522d15d5","name":"Angie Stacy Rodr\u00edguez G\u00f3mez","image":{"@type":"ImageObject","inLanguage":"es","@id":"https:\/\/secure.gravatar.com\/avatar\/08c6f46fb8b7d2682b0cdfd76fb248e50ae4b1eeed14c21faf047e138ae11aa3?s=96&d=mm&r=g","url":"https:\/\/secure.gravatar.com\/avatar\/08c6f46fb8b7d2682b0cdfd76fb248e50ae4b1eeed14c21faf047e138ae11aa3?s=96&d=mm&r=g","contentUrl":"https:\/\/secure.gravatar.com\/avatar\/08c6f46fb8b7d2682b0cdfd76fb248e50ae4b1eeed14c21faf047e138ae11aa3?s=96&d=mm&r=g","caption":"Angie Stacy Rodr\u00edguez G\u00f3mez"},"url":"https:\/\/www.eudistasmd.org\/index.php\/author\/noticias-editoramd\/"}]}},"_links":{"self":[{"href":"https:\/\/www.eudistasmd.org\/index.php\/wp-json\/wp\/v2\/posts\/7276","targetHints":{"allow":["GET"]}}],"collection":[{"href":"https:\/\/www.eudistasmd.org\/index.php\/wp-json\/wp\/v2\/posts"}],"about":[{"href":"https:\/\/www.eudistasmd.org\/index.php\/wp-json\/wp\/v2\/types\/post"}],"author":[{"embeddable":true,"href":"https:\/\/www.eudistasmd.org\/index.php\/wp-json\/wp\/v2\/users\/7"}],"replies":[{"embeddable":true,"href":"https:\/\/www.eudistasmd.org\/index.php\/wp-json\/wp\/v2\/comments?post=7276"}],"version-history":[{"count":1,"href":"https:\/\/www.eudistasmd.org\/index.php\/wp-json\/wp\/v2\/posts\/7276\/revisions"}],"predecessor-version":[{"id":7278,"href":"https:\/\/www.eudistasmd.org\/index.php\/wp-json\/wp\/v2\/posts\/7276\/revisions\/7278"}],"wp:featuredmedia":[{"embeddable":true,"href":"https:\/\/www.eudistasmd.org\/index.php\/wp-json\/wp\/v2\/media\/7277"}],"wp:attachment":[{"href":"https:\/\/www.eudistasmd.org\/index.php\/wp-json\/wp\/v2\/media?parent=7276"}],"wp:term":[{"taxonomy":"category","embeddable":true,"href":"https:\/\/www.eudistasmd.org\/index.php\/wp-json\/wp\/v2\/categories?post=7276"},{"taxonomy":"post_tag","embeddable":true,"href":"https:\/\/www.eudistasmd.org\/index.php\/wp-json\/wp\/v2\/tags?post=7276"}],"curies":[{"name":"wp","href":"https:\/\/api.w.org\/{rel}","templated":true}]}}