{"id":7264,"date":"2025-06-16T12:51:50","date_gmt":"2025-06-16T17:51:50","guid":{"rendered":"https:\/\/www.eudistasmd.org\/?p=7264"},"modified":"2025-06-16T16:24:09","modified_gmt":"2025-06-16T21:24:09","slug":"vii-asamblea-provincial-fraternidad-escucha-y-discernimiento-para-la-mision","status":"publish","type":"post","link":"https:\/\/www.eudistasmd.org\/index.php\/2025\/06\/16\/vii-asamblea-provincial-fraternidad-escucha-y-discernimiento-para-la-mision\/","title":{"rendered":"VII Asamblea Provincial: fraternidad, escucha y discernimiento para la misi\u00f3n"},"content":{"rendered":"<p>En tiempos donde el mundo clama por sentido, reconciliaci\u00f3n y unidad, la Provincia Eudista Minuto de Dios se ha reunido para escuchar, discernir y proyectar juntos el futuro de la misi\u00f3n en la <strong>VII Asamblea Provincial<\/strong>, que m\u00e1s que un encuentro administrativo, ha sido la oportunidad para vivir un verdadero kair\u00f3s: un tiempo de gracia, fraternidad y renovaci\u00f3n espiritual.<\/p>\n<p>Inspirados por el lema \u201cPeregrinos de esperanza, constructores de comunidades fraternas para la misi\u00f3n\u201d, los delegados vivieron d\u00edas de profundo di\u00e1logo y oraci\u00f3n, reafirmando el compromiso de caminar juntos como hermanos al servicio del Evangelio y de los m\u00e1s necesitados.<\/p>\n<p>Este encuentro trienal reuni\u00f3 a dieciocho hermanos delegados eudistas, elegidos por los miembros incorporados de la Provincia, adem\u00e1s del Superior Provincial, quien lo preside y convoca tras la aprobaci\u00f3n del Consejo Provincial. Tambi\u00e9n participaron, con voz pero sin voto, asociados y candidatos, como expresi\u00f3n del dinamismo vocacional de la Provincia.<\/p>\n<p>Durante la Asamblea, realizada del 12 al 15 de junio en la Casa de Retiros Villa Mar\u00eda en Fusagasug\u00e1, la comunidad reflexion\u00f3 en torno a cuatro pilares clave:<\/p>\n<ol>\n<li>La Conversaci\u00f3n en el Esp\u00edritu del Retiro Provincial 2024, centrada en las expectativas frente a la nueva administraci\u00f3n.<\/li>\n<li>Las cartas circulares internas, que recogen sue\u00f1os, alegr\u00edas y desaf\u00edos de la Provincia.<\/li>\n<li>La carta del Padre General, tras su visita can\u00f3nica a nuestra comunidad.<\/li>\n<li>El Documento Final del S\u00ednodo sobre la Sinodalidad, como una gu\u00eda eclesial para el momento presente.<\/li>\n<\/ol>\n<p>Estos elementos guiaron momentos de profunda escucha, revisi\u00f3n fraterna y discernimiento comunitario, en los que se abordaron temas fundamentales para la vida y misi\u00f3n de la Provincia Eudista Minuto de Dios.<\/p>\n<p>Es importante conocer que este espacio adem\u00e1s de tratar asuntos de inter\u00e9s general, es propicio para elaborar y ajustar las Reglas Pr\u00e1cticas propias de la Provincia, en complemento con las Constituciones y normas generales de la Congregaci\u00f3n. Las decisiones tomadas requieren del \u201cnihil obstat\u201d del Consejo General para su promulgaci\u00f3n oficial.<\/p>\n<p>Esta VII Asamblea Provincial no solo dej\u00f3 propuestas y decisiones, sino que sembr\u00f3 en los miembros de la comunidad la certeza profunda de que la esperanza no es un ideal lejano, es una construcci\u00f3n comunitaria que se teje en la escucha mutua, la entrega y el compromiso con la misi\u00f3n.<\/p>\n<p>Con el coraz\u00f3n fortalecido y animados por el Esp\u00edritu de Dios, los Eudistas contin\u00faan su camino, convencidos de que la misi\u00f3n no es una tarea, sino una vida que se entrega por amor.<\/p>\n<p>&nbsp;<\/p>\n<p>&nbsp;<\/p>\n<p><a title=\"VII ASAMBLEA PROVINCIAL 2025\" href=\"https:\/\/www.flickr.com\/photos\/200276192@N06\/albums\/72177720326896631\" data-flickr-embed=\"true\" data-header=\"true\" data-footer=\"true\"><img loading=\"lazy\" decoding=\"async\" class=\"aligncenter\" src=\"https:\/\/live.staticflickr.com\/65535\/54593861923_db78db153b_z.jpg\" alt=\"VII ASAMBLEA PROVINCIAL 2025\" width=\"640\" height=\"480\" \/><\/a><script async src=\"\/\/embedr.flickr.com\/assets\/client-code.js\" charset=\"utf-8\"><\/script><\/p>\n","protected":false},"excerpt":{"rendered":"<p>En tiempos donde el mundo clama por sentido, reconciliaci\u00f3n y unidad, la Provincia Eudista Minuto de Dios se ha reunido para escuchar, discernir y proyectar juntos el futuro de la misi\u00f3n en la VII Asamblea Provincial, que m\u00e1s que un encuentro administrativo, ha sido la oportunidad para vivir un verdadero kair\u00f3s: un tiempo de gracia, [&hellip;]<\/p>\n","protected":false},"author":7,"featured_media":7265,"comment_status":"closed","ping_status":"closed","sticky":false,"template":"","format":"standard","meta":{"_et_pb_use_builder":"","_et_pb_old_content":"","_et_gb_content_width":"","footnotes":""},"categories":[13],"tags":[359,307,22,109],"class_list":["post-7264","post","type-post","status-publish","format-standard","has-post-thumbnail","hentry","category-actualidad-eudista","tag-asamblea-provincial","tag-el-minuto-de-dios","tag-eudistas","tag-eudistas-minuto-de-dios"],"yoast_head":"<!-- This site is optimized with the Yoast SEO plugin v27.2 - https:\/\/yoast.com\/product\/yoast-seo-wordpress\/ -->\n<title>VII Asamblea Provincial: fraternidad, escucha y discernimiento para la misi\u00f3n - Eudistas MD<\/title>\n<meta name=\"robots\" content=\"index, follow, max-snippet:-1, max-image-preview:large, max-video-preview:-1\" \/>\n<link rel=\"canonical\" href=\"https:\/\/www.eudistasmd.org\/index.php\/2025\/06\/16\/vii-asamblea-provincial-fraternidad-escucha-y-discernimiento-para-la-mision\/\" \/>\n<meta property=\"og:locale\" content=\"es_ES\" \/>\n<meta property=\"og:type\" content=\"article\" \/>\n<meta property=\"og:title\" content=\"VII Asamblea Provincial: fraternidad, escucha y discernimiento para la misi\u00f3n - Eudistas MD\" \/>\n<meta property=\"og:description\" content=\"En tiempos donde el mundo clama por sentido, reconciliaci\u00f3n y unidad, la Provincia Eudista Minuto de Dios se ha reunido para escuchar, discernir y proyectar juntos el futuro de la misi\u00f3n en la VII Asamblea Provincial, que m\u00e1s que un encuentro administrativo, ha sido la oportunidad para vivir un verdadero kair\u00f3s: un tiempo de gracia, [&hellip;]\" \/>\n<meta property=\"og:url\" content=\"https:\/\/www.eudistasmd.org\/index.php\/2025\/06\/16\/vii-asamblea-provincial-fraternidad-escucha-y-discernimiento-para-la-mision\/\" \/>\n<meta property=\"og:site_name\" content=\"Eudistas MD\" \/>\n<meta property=\"article:published_time\" content=\"2025-06-16T17:51:50+00:00\" \/>\n<meta property=\"article:modified_time\" content=\"2025-06-16T21:24:09+00:00\" \/>\n<meta property=\"og:image\" content=\"https:\/\/www.eudistasmd.org\/wp-content\/uploads\/2025\/06\/0H2A0262.jpg\" \/>\n\t<meta property=\"og:image:width\" content=\"1024\" \/>\n\t<meta property=\"og:image:height\" content=\"683\" \/>\n\t<meta property=\"og:image:type\" content=\"image\/jpeg\" \/>\n<meta name=\"author\" content=\"Angie Stacy Rodr\u00edguez G\u00f3mez\" \/>\n<meta name=\"twitter:card\" content=\"summary_large_image\" \/>\n<meta name=\"twitter:label1\" content=\"Escrito por\" \/>\n\t<meta name=\"twitter:data1\" content=\"Angie Stacy Rodr\u00edguez G\u00f3mez\" \/>\n\t<meta name=\"twitter:label2\" content=\"Tiempo de lectura\" \/>\n\t<meta name=\"twitter:data2\" content=\"3 minutos\" \/>\n<script type=\"application\/ld+json\" class=\"yoast-schema-graph\">{\"@context\":\"https:\/\/schema.org\",\"@graph\":[{\"@type\":\"Article\",\"@id\":\"https:\/\/www.eudistasmd.org\/index.php\/2025\/06\/16\/vii-asamblea-provincial-fraternidad-escucha-y-discernimiento-para-la-mision\/#article\",\"isPartOf\":{\"@id\":\"https:\/\/www.eudistasmd.org\/index.php\/2025\/06\/16\/vii-asamblea-provincial-fraternidad-escucha-y-discernimiento-para-la-mision\/\"},\"author\":{\"name\":\"Angie Stacy Rodr\u00edguez G\u00f3mez\",\"@id\":\"https:\/\/www.eudistasmd.org\/#\/schema\/person\/ea031151eedd6aedadcdb515522d15d5\"},\"headline\":\"VII Asamblea Provincial: fraternidad, escucha y discernimiento para la misi\u00f3n\",\"datePublished\":\"2025-06-16T17:51:50+00:00\",\"dateModified\":\"2025-06-16T21:24:09+00:00\",\"mainEntityOfPage\":{\"@id\":\"https:\/\/www.eudistasmd.org\/index.php\/2025\/06\/16\/vii-asamblea-provincial-fraternidad-escucha-y-discernimiento-para-la-mision\/\"},\"wordCount\":448,\"image\":{\"@id\":\"https:\/\/www.eudistasmd.org\/index.php\/2025\/06\/16\/vii-asamblea-provincial-fraternidad-escucha-y-discernimiento-para-la-mision\/#primaryimage\"},\"thumbnailUrl\":\"https:\/\/www.eudistasmd.org\/wp-content\/uploads\/2025\/06\/0H2A0262.jpg\",\"keywords\":[\"Asamblea Provincial\",\"El Minuto de Dios\",\"Eudistas\",\"Eudistas Minuto de Dios\"],\"articleSection\":[\"Actualidad Eudista\"],\"inLanguage\":\"es\"},{\"@type\":\"WebPage\",\"@id\":\"https:\/\/www.eudistasmd.org\/index.php\/2025\/06\/16\/vii-asamblea-provincial-fraternidad-escucha-y-discernimiento-para-la-mision\/\",\"url\":\"https:\/\/www.eudistasmd.org\/index.php\/2025\/06\/16\/vii-asamblea-provincial-fraternidad-escucha-y-discernimiento-para-la-mision\/\",\"name\":\"VII Asamblea Provincial: fraternidad, escucha y discernimiento para la misi\u00f3n - Eudistas MD\",\"isPartOf\":{\"@id\":\"https:\/\/www.eudistasmd.org\/#website\"},\"primaryImageOfPage\":{\"@id\":\"https:\/\/www.eudistasmd.org\/index.php\/2025\/06\/16\/vii-asamblea-provincial-fraternidad-escucha-y-discernimiento-para-la-mision\/#primaryimage\"},\"image\":{\"@id\":\"https:\/\/www.eudistasmd.org\/index.php\/2025\/06\/16\/vii-asamblea-provincial-fraternidad-escucha-y-discernimiento-para-la-mision\/#primaryimage\"},\"thumbnailUrl\":\"https:\/\/www.eudistasmd.org\/wp-content\/uploads\/2025\/06\/0H2A0262.jpg\",\"datePublished\":\"2025-06-16T17:51:50+00:00\",\"dateModified\":\"2025-06-16T21:24:09+00:00\",\"author\":{\"@id\":\"https:\/\/www.eudistasmd.org\/#\/schema\/person\/ea031151eedd6aedadcdb515522d15d5\"},\"breadcrumb\":{\"@id\":\"https:\/\/www.eudistasmd.org\/index.php\/2025\/06\/16\/vii-asamblea-provincial-fraternidad-escucha-y-discernimiento-para-la-mision\/#breadcrumb\"},\"inLanguage\":\"es\",\"potentialAction\":[{\"@type\":\"ReadAction\",\"target\":[\"https:\/\/www.eudistasmd.org\/index.php\/2025\/06\/16\/vii-asamblea-provincial-fraternidad-escucha-y-discernimiento-para-la-mision\/\"]}]},{\"@type\":\"ImageObject\",\"inLanguage\":\"es\",\"@id\":\"https:\/\/www.eudistasmd.org\/index.php\/2025\/06\/16\/vii-asamblea-provincial-fraternidad-escucha-y-discernimiento-para-la-mision\/#primaryimage\",\"url\":\"https:\/\/www.eudistasmd.org\/wp-content\/uploads\/2025\/06\/0H2A0262.jpg\",\"contentUrl\":\"https:\/\/www.eudistasmd.org\/wp-content\/uploads\/2025\/06\/0H2A0262.jpg\",\"width\":5472,\"height\":3648},{\"@type\":\"BreadcrumbList\",\"@id\":\"https:\/\/www.eudistasmd.org\/index.php\/2025\/06\/16\/vii-asamblea-provincial-fraternidad-escucha-y-discernimiento-para-la-mision\/#breadcrumb\",\"itemListElement\":[{\"@type\":\"ListItem\",\"position\":1,\"name\":\"Portada\",\"item\":\"https:\/\/www.eudistasmd.org\/\"},{\"@type\":\"ListItem\",\"position\":2,\"name\":\"VII Asamblea Provincial: fraternidad, escucha y discernimiento para la misi\u00f3n\"}]},{\"@type\":\"WebSite\",\"@id\":\"https:\/\/www.eudistasmd.org\/#website\",\"url\":\"https:\/\/www.eudistasmd.org\/\",\"name\":\"Eudistas MD\",\"description\":\"Esta Provincia naci\u00f3 de la obra fundada por el padre eudista: Rafael Garc\u00eda Herreros. Este Don del Minuto de Dios ha sido encomendado a los los Eudistas del El Minuto de Dios, quienes se dedican a la Evangelizaci\u00f3n, la Formaci\u00f3n, y al servicio a los m\u00e1s pobres a trav\u00e9s de la Organizaci\u00f3n Minuto de Dios.\",\"potentialAction\":[{\"@type\":\"SearchAction\",\"target\":{\"@type\":\"EntryPoint\",\"urlTemplate\":\"https:\/\/www.eudistasmd.org\/?s={search_term_string}\"},\"query-input\":{\"@type\":\"PropertyValueSpecification\",\"valueRequired\":true,\"valueName\":\"search_term_string\"}}],\"inLanguage\":\"es\"},{\"@type\":\"Person\",\"@id\":\"https:\/\/www.eudistasmd.org\/#\/schema\/person\/ea031151eedd6aedadcdb515522d15d5\",\"name\":\"Angie Stacy Rodr\u00edguez G\u00f3mez\",\"image\":{\"@type\":\"ImageObject\",\"inLanguage\":\"es\",\"@id\":\"https:\/\/secure.gravatar.com\/avatar\/08c6f46fb8b7d2682b0cdfd76fb248e50ae4b1eeed14c21faf047e138ae11aa3?s=96&d=mm&r=g\",\"url\":\"https:\/\/secure.gravatar.com\/avatar\/08c6f46fb8b7d2682b0cdfd76fb248e50ae4b1eeed14c21faf047e138ae11aa3?s=96&d=mm&r=g\",\"contentUrl\":\"https:\/\/secure.gravatar.com\/avatar\/08c6f46fb8b7d2682b0cdfd76fb248e50ae4b1eeed14c21faf047e138ae11aa3?s=96&d=mm&r=g\",\"caption\":\"Angie Stacy Rodr\u00edguez G\u00f3mez\"},\"url\":\"https:\/\/www.eudistasmd.org\/index.php\/author\/noticias-editoramd\/\"}]}<\/script>\n<!-- \/ Yoast SEO plugin. -->","yoast_head_json":{"title":"VII Asamblea Provincial: fraternidad, escucha y discernimiento para la misi\u00f3n - Eudistas MD","robots":{"index":"index","follow":"follow","max-snippet":"max-snippet:-1","max-image-preview":"max-image-preview:large","max-video-preview":"max-video-preview:-1"},"canonical":"https:\/\/www.eudistasmd.org\/index.php\/2025\/06\/16\/vii-asamblea-provincial-fraternidad-escucha-y-discernimiento-para-la-mision\/","og_locale":"es_ES","og_type":"article","og_title":"VII Asamblea Provincial: fraternidad, escucha y discernimiento para la misi\u00f3n - Eudistas MD","og_description":"En tiempos donde el mundo clama por sentido, reconciliaci\u00f3n y unidad, la Provincia Eudista Minuto de Dios se ha reunido para escuchar, discernir y proyectar juntos el futuro de la misi\u00f3n en la VII Asamblea Provincial, que m\u00e1s que un encuentro administrativo, ha sido la oportunidad para vivir un verdadero kair\u00f3s: un tiempo de gracia, [&hellip;]","og_url":"https:\/\/www.eudistasmd.org\/index.php\/2025\/06\/16\/vii-asamblea-provincial-fraternidad-escucha-y-discernimiento-para-la-mision\/","og_site_name":"Eudistas MD","article_published_time":"2025-06-16T17:51:50+00:00","article_modified_time":"2025-06-16T21:24:09+00:00","og_image":[{"url":"https:\/\/www.eudistasmd.org\/wp-content\/uploads\/2025\/06\/0H2A0262.jpg","width":1024,"height":683,"type":"image\/jpeg"}],"author":"Angie Stacy Rodr\u00edguez G\u00f3mez","twitter_card":"summary_large_image","twitter_misc":{"Escrito por":"Angie Stacy Rodr\u00edguez G\u00f3mez","Tiempo de lectura":"3 minutos"},"schema":{"@context":"https:\/\/schema.org","@graph":[{"@type":"Article","@id":"https:\/\/www.eudistasmd.org\/index.php\/2025\/06\/16\/vii-asamblea-provincial-fraternidad-escucha-y-discernimiento-para-la-mision\/#article","isPartOf":{"@id":"https:\/\/www.eudistasmd.org\/index.php\/2025\/06\/16\/vii-asamblea-provincial-fraternidad-escucha-y-discernimiento-para-la-mision\/"},"author":{"name":"Angie Stacy Rodr\u00edguez G\u00f3mez","@id":"https:\/\/www.eudistasmd.org\/#\/schema\/person\/ea031151eedd6aedadcdb515522d15d5"},"headline":"VII Asamblea Provincial: fraternidad, escucha y discernimiento para la misi\u00f3n","datePublished":"2025-06-16T17:51:50+00:00","dateModified":"2025-06-16T21:24:09+00:00","mainEntityOfPage":{"@id":"https:\/\/www.eudistasmd.org\/index.php\/2025\/06\/16\/vii-asamblea-provincial-fraternidad-escucha-y-discernimiento-para-la-mision\/"},"wordCount":448,"image":{"@id":"https:\/\/www.eudistasmd.org\/index.php\/2025\/06\/16\/vii-asamblea-provincial-fraternidad-escucha-y-discernimiento-para-la-mision\/#primaryimage"},"thumbnailUrl":"https:\/\/www.eudistasmd.org\/wp-content\/uploads\/2025\/06\/0H2A0262.jpg","keywords":["Asamblea Provincial","El Minuto de Dios","Eudistas","Eudistas Minuto de Dios"],"articleSection":["Actualidad Eudista"],"inLanguage":"es"},{"@type":"WebPage","@id":"https:\/\/www.eudistasmd.org\/index.php\/2025\/06\/16\/vii-asamblea-provincial-fraternidad-escucha-y-discernimiento-para-la-mision\/","url":"https:\/\/www.eudistasmd.org\/index.php\/2025\/06\/16\/vii-asamblea-provincial-fraternidad-escucha-y-discernimiento-para-la-mision\/","name":"VII Asamblea Provincial: fraternidad, escucha y discernimiento para la misi\u00f3n - Eudistas MD","isPartOf":{"@id":"https:\/\/www.eudistasmd.org\/#website"},"primaryImageOfPage":{"@id":"https:\/\/www.eudistasmd.org\/index.php\/2025\/06\/16\/vii-asamblea-provincial-fraternidad-escucha-y-discernimiento-para-la-mision\/#primaryimage"},"image":{"@id":"https:\/\/www.eudistasmd.org\/index.php\/2025\/06\/16\/vii-asamblea-provincial-fraternidad-escucha-y-discernimiento-para-la-mision\/#primaryimage"},"thumbnailUrl":"https:\/\/www.eudistasmd.org\/wp-content\/uploads\/2025\/06\/0H2A0262.jpg","datePublished":"2025-06-16T17:51:50+00:00","dateModified":"2025-06-16T21:24:09+00:00","author":{"@id":"https:\/\/www.eudistasmd.org\/#\/schema\/person\/ea031151eedd6aedadcdb515522d15d5"},"breadcrumb":{"@id":"https:\/\/www.eudistasmd.org\/index.php\/2025\/06\/16\/vii-asamblea-provincial-fraternidad-escucha-y-discernimiento-para-la-mision\/#breadcrumb"},"inLanguage":"es","potentialAction":[{"@type":"ReadAction","target":["https:\/\/www.eudistasmd.org\/index.php\/2025\/06\/16\/vii-asamblea-provincial-fraternidad-escucha-y-discernimiento-para-la-mision\/"]}]},{"@type":"ImageObject","inLanguage":"es","@id":"https:\/\/www.eudistasmd.org\/index.php\/2025\/06\/16\/vii-asamblea-provincial-fraternidad-escucha-y-discernimiento-para-la-mision\/#primaryimage","url":"https:\/\/www.eudistasmd.org\/wp-content\/uploads\/2025\/06\/0H2A0262.jpg","contentUrl":"https:\/\/www.eudistasmd.org\/wp-content\/uploads\/2025\/06\/0H2A0262.jpg","width":5472,"height":3648},{"@type":"BreadcrumbList","@id":"https:\/\/www.eudistasmd.org\/index.php\/2025\/06\/16\/vii-asamblea-provincial-fraternidad-escucha-y-discernimiento-para-la-mision\/#breadcrumb","itemListElement":[{"@type":"ListItem","position":1,"name":"Portada","item":"https:\/\/www.eudistasmd.org\/"},{"@type":"ListItem","position":2,"name":"VII Asamblea Provincial: fraternidad, escucha y discernimiento para la misi\u00f3n"}]},{"@type":"WebSite","@id":"https:\/\/www.eudistasmd.org\/#website","url":"https:\/\/www.eudistasmd.org\/","name":"Eudistas MD","description":"Esta Provincia naci\u00f3 de la obra fundada por el padre eudista: Rafael Garc\u00eda Herreros. Este Don del Minuto de Dios ha sido encomendado a los los Eudistas del El Minuto de Dios, quienes se dedican a la Evangelizaci\u00f3n, la Formaci\u00f3n, y al servicio a los m\u00e1s pobres a trav\u00e9s de la Organizaci\u00f3n Minuto de Dios.","potentialAction":[{"@type":"SearchAction","target":{"@type":"EntryPoint","urlTemplate":"https:\/\/www.eudistasmd.org\/?s={search_term_string}"},"query-input":{"@type":"PropertyValueSpecification","valueRequired":true,"valueName":"search_term_string"}}],"inLanguage":"es"},{"@type":"Person","@id":"https:\/\/www.eudistasmd.org\/#\/schema\/person\/ea031151eedd6aedadcdb515522d15d5","name":"Angie Stacy Rodr\u00edguez G\u00f3mez","image":{"@type":"ImageObject","inLanguage":"es","@id":"https:\/\/secure.gravatar.com\/avatar\/08c6f46fb8b7d2682b0cdfd76fb248e50ae4b1eeed14c21faf047e138ae11aa3?s=96&d=mm&r=g","url":"https:\/\/secure.gravatar.com\/avatar\/08c6f46fb8b7d2682b0cdfd76fb248e50ae4b1eeed14c21faf047e138ae11aa3?s=96&d=mm&r=g","contentUrl":"https:\/\/secure.gravatar.com\/avatar\/08c6f46fb8b7d2682b0cdfd76fb248e50ae4b1eeed14c21faf047e138ae11aa3?s=96&d=mm&r=g","caption":"Angie Stacy Rodr\u00edguez G\u00f3mez"},"url":"https:\/\/www.eudistasmd.org\/index.php\/author\/noticias-editoramd\/"}]}},"_links":{"self":[{"href":"https:\/\/www.eudistasmd.org\/index.php\/wp-json\/wp\/v2\/posts\/7264","targetHints":{"allow":["GET"]}}],"collection":[{"href":"https:\/\/www.eudistasmd.org\/index.php\/wp-json\/wp\/v2\/posts"}],"about":[{"href":"https:\/\/www.eudistasmd.org\/index.php\/wp-json\/wp\/v2\/types\/post"}],"author":[{"embeddable":true,"href":"https:\/\/www.eudistasmd.org\/index.php\/wp-json\/wp\/v2\/users\/7"}],"replies":[{"embeddable":true,"href":"https:\/\/www.eudistasmd.org\/index.php\/wp-json\/wp\/v2\/comments?post=7264"}],"version-history":[{"count":2,"href":"https:\/\/www.eudistasmd.org\/index.php\/wp-json\/wp\/v2\/posts\/7264\/revisions"}],"predecessor-version":[{"id":7267,"href":"https:\/\/www.eudistasmd.org\/index.php\/wp-json\/wp\/v2\/posts\/7264\/revisions\/7267"}],"wp:featuredmedia":[{"embeddable":true,"href":"https:\/\/www.eudistasmd.org\/index.php\/wp-json\/wp\/v2\/media\/7265"}],"wp:attachment":[{"href":"https:\/\/www.eudistasmd.org\/index.php\/wp-json\/wp\/v2\/media?parent=7264"}],"wp:term":[{"taxonomy":"category","embeddable":true,"href":"https:\/\/www.eudistasmd.org\/index.php\/wp-json\/wp\/v2\/categories?post=7264"},{"taxonomy":"post_tag","embeddable":true,"href":"https:\/\/www.eudistasmd.org\/index.php\/wp-json\/wp\/v2\/tags?post=7264"}],"curies":[{"name":"wp","href":"https:\/\/api.w.org\/{rel}","templated":true}]}}