{"id":7260,"date":"2025-06-12T18:12:32","date_gmt":"2025-06-12T23:12:32","guid":{"rendered":"https:\/\/www.eudistasmd.org\/?p=7260"},"modified":"2025-06-12T18:12:32","modified_gmt":"2025-06-12T23:12:32","slug":"pentecostes-para-todos-2025","status":"publish","type":"post","link":"https:\/\/www.eudistasmd.org\/index.php\/2025\/06\/12\/pentecostes-para-todos-2025\/","title":{"rendered":"Pentecost\u00e9s para todos 2025"},"content":{"rendered":"<p><strong>Por: Emisora Minuto de Dios<\/strong><\/p>\n<p>Pentecost\u00e9s, un Fuego que sigue ardiendo en medio de cantos, danzas, oraci\u00f3n y comunidad viva. Celebramos esta fiesta como una experiencia real y transformadora; un encuentro con el Esp\u00edritu Santo que encendi\u00f3 nuevamente el coraz\u00f3n del pueblo de Dios.<\/p>\n<p>Desde los primeros gestos sencillos, hasta la sonrisa serena de dos mujeres unidas en oraci\u00f3n, el Rosario en sus manos y la mirada luminosa de quienes esperan en fe hasta el estallido de alabanza y danza lit\u00fargica, convirtieron cada rinc\u00f3n en un altar viviente, el Esp\u00edritu se movi\u00f3 con fuerza, ternura y poder.<\/p>\n<p>Los predicadores, al centro de muchas personas, con rostro encendido por la fe, nos recordaron a los ap\u00f3stoles transformados por el Fuego del cielo. Sus palabras, su testimonio y su entrega, nos guiaron como una llama que no se apaga, mientras el pueblo con manos alzadas, entradas firmes y corazones abiertos, dec\u00eda \u201cs\u00ed\u201d al llamado del Esp\u00edritu.<\/p>\n<p>Las velas, a\u00fan sin encender, eran promesas, y cuando ardieron, ardieron tambi\u00e9n las almas. Las llamas, los colores intensos, los gestos de adoraci\u00f3n, la m\u00fasica vibrante, todo hablaba de una Iglesia viva, alegre, en comuni\u00f3n y en misi\u00f3n.<\/p>\n<p>En cada canto, danza, flor y mirada elevada al cielo, se hizo presente aquel mismo Fuego que descendi\u00f3 sobre Mar\u00eda y los disc\u00edpulos. La liturgia nos abraz\u00f3 con solemnidad y gozo, y el altar se transform\u00f3 en el puente entre el Cielo y la tierra. All\u00ed, el Pan y el Vino, elevados con manos temblorosas y coraz\u00f3n rendido, se convirtieron en el Cuerpo vivo de Cristo, mientras el pueblo respond\u00eda con fe firme y silenciosa adoraci\u00f3n.<\/p>\n<p>Pentecost\u00e9s no es historia pasada, es Fuego presente y permanente. Es memoria viva, un legado que camina con nosotros, es danza que proclama, es Palabra que consuela y enciende. Es el Esp\u00edritu que sigue descendiendo sobre su Iglesia, transform\u00e1ndola en cuerpo unido, en familia misionera, en altar de esperanza.<\/p>\n<p>Hoy m\u00e1s que nunca, el Esp\u00edritu Santo sigue ardiendo en los corazones dispuestos. Nos llama, nos env\u00eda, nos transforma; y como en aquel primer Pentecost\u00e9s, salimos con alegr\u00eda a anunciar que Cristo est\u00e1 vivo, que el Fuego no se ha apagado, que la Iglesia canta, ora, danza y se entrega, porque el Par\u00e1clito sigue soplando donde quiere, y nos ha tocado el alma.<\/p>\n<p>Recuerda que aqu\u00ed podr\u00e1s encontrar las mejores im\u00e1genes de este gran encuentro\u00a0<a href=\"https:\/\/minutodedios.fm\/galeria\/\">https:\/\/minutodedios.fm\/galeria\/<\/a><\/p>\n","protected":false},"excerpt":{"rendered":"<p>Por: Emisora Minuto de Dios Pentecost\u00e9s, un Fuego que sigue ardiendo en medio de cantos, danzas, oraci\u00f3n y comunidad viva. Celebramos esta fiesta como una experiencia real y transformadora; un encuentro con el Esp\u00edritu Santo que encendi\u00f3 nuevamente el coraz\u00f3n del pueblo de Dios. Desde los primeros gestos sencillos, hasta la sonrisa serena de dos [&hellip;]<\/p>\n","protected":false},"author":7,"featured_media":7261,"comment_status":"closed","ping_status":"closed","sticky":false,"template":"","format":"standard","meta":{"_et_pb_use_builder":"","_et_pb_old_content":"","_et_gb_content_width":"","footnotes":""},"categories":[13],"tags":[22,358,187],"class_list":["post-7260","post","type-post","status-publish","format-standard","has-post-thumbnail","hentry","category-actualidad-eudista","tag-eudistas","tag-eudistas-en-el-minuto-de-dios","tag-pentecostes"],"yoast_head":"<!-- This site is optimized with the Yoast SEO plugin v27.2 - https:\/\/yoast.com\/product\/yoast-seo-wordpress\/ -->\n<title>Pentecost\u00e9s para todos 2025 - Eudistas MD<\/title>\n<meta name=\"robots\" content=\"index, follow, max-snippet:-1, max-image-preview:large, max-video-preview:-1\" \/>\n<link rel=\"canonical\" href=\"https:\/\/www.eudistasmd.org\/index.php\/2025\/06\/12\/pentecostes-para-todos-2025\/\" \/>\n<meta property=\"og:locale\" content=\"es_ES\" \/>\n<meta property=\"og:type\" content=\"article\" \/>\n<meta property=\"og:title\" content=\"Pentecost\u00e9s para todos 2025 - Eudistas MD\" \/>\n<meta property=\"og:description\" content=\"Por: Emisora Minuto de Dios Pentecost\u00e9s, un Fuego que sigue ardiendo en medio de cantos, danzas, oraci\u00f3n y comunidad viva. Celebramos esta fiesta como una experiencia real y transformadora; un encuentro con el Esp\u00edritu Santo que encendi\u00f3 nuevamente el coraz\u00f3n del pueblo de Dios. Desde los primeros gestos sencillos, hasta la sonrisa serena de dos [&hellip;]\" \/>\n<meta property=\"og:url\" content=\"https:\/\/www.eudistasmd.org\/index.php\/2025\/06\/12\/pentecostes-para-todos-2025\/\" \/>\n<meta property=\"og:site_name\" content=\"Eudistas MD\" \/>\n<meta property=\"article:published_time\" content=\"2025-06-12T23:12:32+00:00\" \/>\n<meta property=\"og:image\" content=\"https:\/\/www.eudistasmd.org\/wp-content\/uploads\/2025\/06\/Pentecostes-Emisora.jpeg\" \/>\n\t<meta property=\"og:image:width\" content=\"1600\" \/>\n\t<meta property=\"og:image:height\" content=\"1066\" \/>\n\t<meta property=\"og:image:type\" content=\"image\/jpeg\" \/>\n<meta name=\"author\" content=\"Angie Stacy Rodr\u00edguez G\u00f3mez\" \/>\n<meta name=\"twitter:card\" content=\"summary_large_image\" \/>\n<meta name=\"twitter:label1\" content=\"Escrito por\" \/>\n\t<meta name=\"twitter:data1\" content=\"Angie Stacy Rodr\u00edguez G\u00f3mez\" \/>\n\t<meta name=\"twitter:label2\" content=\"Tiempo de lectura\" \/>\n\t<meta name=\"twitter:data2\" content=\"3 minutos\" \/>\n<script type=\"application\/ld+json\" class=\"yoast-schema-graph\">{\"@context\":\"https:\/\/schema.org\",\"@graph\":[{\"@type\":\"Article\",\"@id\":\"https:\/\/www.eudistasmd.org\/index.php\/2025\/06\/12\/pentecostes-para-todos-2025\/#article\",\"isPartOf\":{\"@id\":\"https:\/\/www.eudistasmd.org\/index.php\/2025\/06\/12\/pentecostes-para-todos-2025\/\"},\"author\":{\"name\":\"Angie Stacy Rodr\u00edguez G\u00f3mez\",\"@id\":\"https:\/\/www.eudistasmd.org\/#\/schema\/person\/ea031151eedd6aedadcdb515522d15d5\"},\"headline\":\"Pentecost\u00e9s para todos 2025\",\"datePublished\":\"2025-06-12T23:12:32+00:00\",\"mainEntityOfPage\":{\"@id\":\"https:\/\/www.eudistasmd.org\/index.php\/2025\/06\/12\/pentecostes-para-todos-2025\/\"},\"wordCount\":433,\"image\":{\"@id\":\"https:\/\/www.eudistasmd.org\/index.php\/2025\/06\/12\/pentecostes-para-todos-2025\/#primaryimage\"},\"thumbnailUrl\":\"https:\/\/www.eudistasmd.org\/wp-content\/uploads\/2025\/06\/Pentecostes-Emisora.jpeg\",\"keywords\":[\"Eudistas\",\"Eudistas en el Minuto de Dios\",\"Pentecost\u00e9s\"],\"articleSection\":[\"Actualidad Eudista\"],\"inLanguage\":\"es\"},{\"@type\":\"WebPage\",\"@id\":\"https:\/\/www.eudistasmd.org\/index.php\/2025\/06\/12\/pentecostes-para-todos-2025\/\",\"url\":\"https:\/\/www.eudistasmd.org\/index.php\/2025\/06\/12\/pentecostes-para-todos-2025\/\",\"name\":\"Pentecost\u00e9s para todos 2025 - Eudistas MD\",\"isPartOf\":{\"@id\":\"https:\/\/www.eudistasmd.org\/#website\"},\"primaryImageOfPage\":{\"@id\":\"https:\/\/www.eudistasmd.org\/index.php\/2025\/06\/12\/pentecostes-para-todos-2025\/#primaryimage\"},\"image\":{\"@id\":\"https:\/\/www.eudistasmd.org\/index.php\/2025\/06\/12\/pentecostes-para-todos-2025\/#primaryimage\"},\"thumbnailUrl\":\"https:\/\/www.eudistasmd.org\/wp-content\/uploads\/2025\/06\/Pentecostes-Emisora.jpeg\",\"datePublished\":\"2025-06-12T23:12:32+00:00\",\"author\":{\"@id\":\"https:\/\/www.eudistasmd.org\/#\/schema\/person\/ea031151eedd6aedadcdb515522d15d5\"},\"breadcrumb\":{\"@id\":\"https:\/\/www.eudistasmd.org\/index.php\/2025\/06\/12\/pentecostes-para-todos-2025\/#breadcrumb\"},\"inLanguage\":\"es\",\"potentialAction\":[{\"@type\":\"ReadAction\",\"target\":[\"https:\/\/www.eudistasmd.org\/index.php\/2025\/06\/12\/pentecostes-para-todos-2025\/\"]}]},{\"@type\":\"ImageObject\",\"inLanguage\":\"es\",\"@id\":\"https:\/\/www.eudistasmd.org\/index.php\/2025\/06\/12\/pentecostes-para-todos-2025\/#primaryimage\",\"url\":\"https:\/\/www.eudistasmd.org\/wp-content\/uploads\/2025\/06\/Pentecostes-Emisora.jpeg\",\"contentUrl\":\"https:\/\/www.eudistasmd.org\/wp-content\/uploads\/2025\/06\/Pentecostes-Emisora.jpeg\",\"width\":1600,\"height\":1066},{\"@type\":\"BreadcrumbList\",\"@id\":\"https:\/\/www.eudistasmd.org\/index.php\/2025\/06\/12\/pentecostes-para-todos-2025\/#breadcrumb\",\"itemListElement\":[{\"@type\":\"ListItem\",\"position\":1,\"name\":\"Portada\",\"item\":\"https:\/\/www.eudistasmd.org\/\"},{\"@type\":\"ListItem\",\"position\":2,\"name\":\"Pentecost\u00e9s para todos 2025\"}]},{\"@type\":\"WebSite\",\"@id\":\"https:\/\/www.eudistasmd.org\/#website\",\"url\":\"https:\/\/www.eudistasmd.org\/\",\"name\":\"Eudistas MD\",\"description\":\"Esta Provincia naci\u00f3 de la obra fundada por el padre eudista: Rafael Garc\u00eda Herreros. Este Don del Minuto de Dios ha sido encomendado a los los Eudistas del El Minuto de Dios, quienes se dedican a la Evangelizaci\u00f3n, la Formaci\u00f3n, y al servicio a los m\u00e1s pobres a trav\u00e9s de la Organizaci\u00f3n Minuto de Dios.\",\"potentialAction\":[{\"@type\":\"SearchAction\",\"target\":{\"@type\":\"EntryPoint\",\"urlTemplate\":\"https:\/\/www.eudistasmd.org\/?s={search_term_string}\"},\"query-input\":{\"@type\":\"PropertyValueSpecification\",\"valueRequired\":true,\"valueName\":\"search_term_string\"}}],\"inLanguage\":\"es\"},{\"@type\":\"Person\",\"@id\":\"https:\/\/www.eudistasmd.org\/#\/schema\/person\/ea031151eedd6aedadcdb515522d15d5\",\"name\":\"Angie Stacy Rodr\u00edguez G\u00f3mez\",\"image\":{\"@type\":\"ImageObject\",\"inLanguage\":\"es\",\"@id\":\"https:\/\/secure.gravatar.com\/avatar\/08c6f46fb8b7d2682b0cdfd76fb248e50ae4b1eeed14c21faf047e138ae11aa3?s=96&d=mm&r=g\",\"url\":\"https:\/\/secure.gravatar.com\/avatar\/08c6f46fb8b7d2682b0cdfd76fb248e50ae4b1eeed14c21faf047e138ae11aa3?s=96&d=mm&r=g\",\"contentUrl\":\"https:\/\/secure.gravatar.com\/avatar\/08c6f46fb8b7d2682b0cdfd76fb248e50ae4b1eeed14c21faf047e138ae11aa3?s=96&d=mm&r=g\",\"caption\":\"Angie Stacy Rodr\u00edguez G\u00f3mez\"},\"url\":\"https:\/\/www.eudistasmd.org\/index.php\/author\/noticias-editoramd\/\"}]}<\/script>\n<!-- \/ Yoast SEO plugin. -->","yoast_head_json":{"title":"Pentecost\u00e9s para todos 2025 - Eudistas MD","robots":{"index":"index","follow":"follow","max-snippet":"max-snippet:-1","max-image-preview":"max-image-preview:large","max-video-preview":"max-video-preview:-1"},"canonical":"https:\/\/www.eudistasmd.org\/index.php\/2025\/06\/12\/pentecostes-para-todos-2025\/","og_locale":"es_ES","og_type":"article","og_title":"Pentecost\u00e9s para todos 2025 - Eudistas MD","og_description":"Por: Emisora Minuto de Dios Pentecost\u00e9s, un Fuego que sigue ardiendo en medio de cantos, danzas, oraci\u00f3n y comunidad viva. Celebramos esta fiesta como una experiencia real y transformadora; un encuentro con el Esp\u00edritu Santo que encendi\u00f3 nuevamente el coraz\u00f3n del pueblo de Dios. Desde los primeros gestos sencillos, hasta la sonrisa serena de dos [&hellip;]","og_url":"https:\/\/www.eudistasmd.org\/index.php\/2025\/06\/12\/pentecostes-para-todos-2025\/","og_site_name":"Eudistas MD","article_published_time":"2025-06-12T23:12:32+00:00","og_image":[{"width":1600,"height":1066,"url":"https:\/\/www.eudistasmd.org\/wp-content\/uploads\/2025\/06\/Pentecostes-Emisora.jpeg","type":"image\/jpeg"}],"author":"Angie Stacy Rodr\u00edguez G\u00f3mez","twitter_card":"summary_large_image","twitter_misc":{"Escrito por":"Angie Stacy Rodr\u00edguez G\u00f3mez","Tiempo de lectura":"3 minutos"},"schema":{"@context":"https:\/\/schema.org","@graph":[{"@type":"Article","@id":"https:\/\/www.eudistasmd.org\/index.php\/2025\/06\/12\/pentecostes-para-todos-2025\/#article","isPartOf":{"@id":"https:\/\/www.eudistasmd.org\/index.php\/2025\/06\/12\/pentecostes-para-todos-2025\/"},"author":{"name":"Angie Stacy Rodr\u00edguez G\u00f3mez","@id":"https:\/\/www.eudistasmd.org\/#\/schema\/person\/ea031151eedd6aedadcdb515522d15d5"},"headline":"Pentecost\u00e9s para todos 2025","datePublished":"2025-06-12T23:12:32+00:00","mainEntityOfPage":{"@id":"https:\/\/www.eudistasmd.org\/index.php\/2025\/06\/12\/pentecostes-para-todos-2025\/"},"wordCount":433,"image":{"@id":"https:\/\/www.eudistasmd.org\/index.php\/2025\/06\/12\/pentecostes-para-todos-2025\/#primaryimage"},"thumbnailUrl":"https:\/\/www.eudistasmd.org\/wp-content\/uploads\/2025\/06\/Pentecostes-Emisora.jpeg","keywords":["Eudistas","Eudistas en el Minuto de Dios","Pentecost\u00e9s"],"articleSection":["Actualidad Eudista"],"inLanguage":"es"},{"@type":"WebPage","@id":"https:\/\/www.eudistasmd.org\/index.php\/2025\/06\/12\/pentecostes-para-todos-2025\/","url":"https:\/\/www.eudistasmd.org\/index.php\/2025\/06\/12\/pentecostes-para-todos-2025\/","name":"Pentecost\u00e9s para todos 2025 - Eudistas MD","isPartOf":{"@id":"https:\/\/www.eudistasmd.org\/#website"},"primaryImageOfPage":{"@id":"https:\/\/www.eudistasmd.org\/index.php\/2025\/06\/12\/pentecostes-para-todos-2025\/#primaryimage"},"image":{"@id":"https:\/\/www.eudistasmd.org\/index.php\/2025\/06\/12\/pentecostes-para-todos-2025\/#primaryimage"},"thumbnailUrl":"https:\/\/www.eudistasmd.org\/wp-content\/uploads\/2025\/06\/Pentecostes-Emisora.jpeg","datePublished":"2025-06-12T23:12:32+00:00","author":{"@id":"https:\/\/www.eudistasmd.org\/#\/schema\/person\/ea031151eedd6aedadcdb515522d15d5"},"breadcrumb":{"@id":"https:\/\/www.eudistasmd.org\/index.php\/2025\/06\/12\/pentecostes-para-todos-2025\/#breadcrumb"},"inLanguage":"es","potentialAction":[{"@type":"ReadAction","target":["https:\/\/www.eudistasmd.org\/index.php\/2025\/06\/12\/pentecostes-para-todos-2025\/"]}]},{"@type":"ImageObject","inLanguage":"es","@id":"https:\/\/www.eudistasmd.org\/index.php\/2025\/06\/12\/pentecostes-para-todos-2025\/#primaryimage","url":"https:\/\/www.eudistasmd.org\/wp-content\/uploads\/2025\/06\/Pentecostes-Emisora.jpeg","contentUrl":"https:\/\/www.eudistasmd.org\/wp-content\/uploads\/2025\/06\/Pentecostes-Emisora.jpeg","width":1600,"height":1066},{"@type":"BreadcrumbList","@id":"https:\/\/www.eudistasmd.org\/index.php\/2025\/06\/12\/pentecostes-para-todos-2025\/#breadcrumb","itemListElement":[{"@type":"ListItem","position":1,"name":"Portada","item":"https:\/\/www.eudistasmd.org\/"},{"@type":"ListItem","position":2,"name":"Pentecost\u00e9s para todos 2025"}]},{"@type":"WebSite","@id":"https:\/\/www.eudistasmd.org\/#website","url":"https:\/\/www.eudistasmd.org\/","name":"Eudistas MD","description":"Esta Provincia naci\u00f3 de la obra fundada por el padre eudista: Rafael Garc\u00eda Herreros. Este Don del Minuto de Dios ha sido encomendado a los los Eudistas del El Minuto de Dios, quienes se dedican a la Evangelizaci\u00f3n, la Formaci\u00f3n, y al servicio a los m\u00e1s pobres a trav\u00e9s de la Organizaci\u00f3n Minuto de Dios.","potentialAction":[{"@type":"SearchAction","target":{"@type":"EntryPoint","urlTemplate":"https:\/\/www.eudistasmd.org\/?s={search_term_string}"},"query-input":{"@type":"PropertyValueSpecification","valueRequired":true,"valueName":"search_term_string"}}],"inLanguage":"es"},{"@type":"Person","@id":"https:\/\/www.eudistasmd.org\/#\/schema\/person\/ea031151eedd6aedadcdb515522d15d5","name":"Angie Stacy Rodr\u00edguez G\u00f3mez","image":{"@type":"ImageObject","inLanguage":"es","@id":"https:\/\/secure.gravatar.com\/avatar\/08c6f46fb8b7d2682b0cdfd76fb248e50ae4b1eeed14c21faf047e138ae11aa3?s=96&d=mm&r=g","url":"https:\/\/secure.gravatar.com\/avatar\/08c6f46fb8b7d2682b0cdfd76fb248e50ae4b1eeed14c21faf047e138ae11aa3?s=96&d=mm&r=g","contentUrl":"https:\/\/secure.gravatar.com\/avatar\/08c6f46fb8b7d2682b0cdfd76fb248e50ae4b1eeed14c21faf047e138ae11aa3?s=96&d=mm&r=g","caption":"Angie Stacy Rodr\u00edguez G\u00f3mez"},"url":"https:\/\/www.eudistasmd.org\/index.php\/author\/noticias-editoramd\/"}]}},"_links":{"self":[{"href":"https:\/\/www.eudistasmd.org\/index.php\/wp-json\/wp\/v2\/posts\/7260","targetHints":{"allow":["GET"]}}],"collection":[{"href":"https:\/\/www.eudistasmd.org\/index.php\/wp-json\/wp\/v2\/posts"}],"about":[{"href":"https:\/\/www.eudistasmd.org\/index.php\/wp-json\/wp\/v2\/types\/post"}],"author":[{"embeddable":true,"href":"https:\/\/www.eudistasmd.org\/index.php\/wp-json\/wp\/v2\/users\/7"}],"replies":[{"embeddable":true,"href":"https:\/\/www.eudistasmd.org\/index.php\/wp-json\/wp\/v2\/comments?post=7260"}],"version-history":[{"count":1,"href":"https:\/\/www.eudistasmd.org\/index.php\/wp-json\/wp\/v2\/posts\/7260\/revisions"}],"predecessor-version":[{"id":7262,"href":"https:\/\/www.eudistasmd.org\/index.php\/wp-json\/wp\/v2\/posts\/7260\/revisions\/7262"}],"wp:featuredmedia":[{"embeddable":true,"href":"https:\/\/www.eudistasmd.org\/index.php\/wp-json\/wp\/v2\/media\/7261"}],"wp:attachment":[{"href":"https:\/\/www.eudistasmd.org\/index.php\/wp-json\/wp\/v2\/media?parent=7260"}],"wp:term":[{"taxonomy":"category","embeddable":true,"href":"https:\/\/www.eudistasmd.org\/index.php\/wp-json\/wp\/v2\/categories?post=7260"},{"taxonomy":"post_tag","embeddable":true,"href":"https:\/\/www.eudistasmd.org\/index.php\/wp-json\/wp\/v2\/tags?post=7260"}],"curies":[{"name":"wp","href":"https:\/\/api.w.org\/{rel}","templated":true}]}}