{"id":7252,"date":"2025-06-12T17:41:47","date_gmt":"2025-06-12T22:41:47","guid":{"rendered":"https:\/\/www.eudistasmd.org\/?p=7252"},"modified":"2025-06-12T17:41:47","modified_gmt":"2025-06-12T22:41:47","slug":"la-provincia-eudista-minuto-de-dios-conmemoro-el-centenario-de-la-canonizacion-de-san-juan-eudes","status":"publish","type":"post","link":"https:\/\/www.eudistasmd.org\/index.php\/2025\/06\/12\/la-provincia-eudista-minuto-de-dios-conmemoro-el-centenario-de-la-canonizacion-de-san-juan-eudes\/","title":{"rendered":"La Provincia Eudista Minuto de Dios conmemor\u00f3 el centenario de la canonizaci\u00f3n de San Juan Eudes"},"content":{"rendered":"<p><strong>Por: Rafael Beltr\u00e1n &#8211; Candidato Eudista<\/strong><\/p>\n<p><em>Una celebraci\u00f3n jubilar en Colombia, Nicaragua y Per\u00fa, unida espiritualmente a Roma y a toda la Congregaci\u00f3n de Jes\u00fas y Mar\u00eda\u00a0<\/em><\/p>\n<p>Con inmensa alegr\u00eda y esp\u00edritu de gratitud, la Provincia Eudista Minuto de Dios conmemor\u00f3 los 100 a\u00f1os de la canonizaci\u00f3n de San Juan Eudes, padre, doctor y ap\u00f3stol del culto lit\u00fargico de los Corazones de Jes\u00fas y Mar\u00eda. Durante esta significativa fecha, se llevaron a cabo diversas celebraciones eucar\u00edsticas, procesiones, conciertos, espacios formativos y otras expresiones de devoci\u00f3n en parroquias, obras y la Casa de Formaci\u00f3n \u201cLa Misi\u00f3n\u201d, presentes en Colombia, Nicaragua y Per\u00fa, pa\u00edses donde hace vida nuestra Provincia.<\/p>\n<p>Estas celebraciones locales se vivieron en sinton\u00eda espiritual con la conmemoraci\u00f3n internacional que tuvo lugar en Roma, donde el Consejo de Congregaci\u00f3n Ampliado celebr\u00f3 una solemne Eucarist\u00eda en la Iglesia de San Luis de los Franceses, templo significativo por su historia y belleza, s\u00edmbolo del v\u00ednculo entre la Iglesia universal y la herencia espiritual francesa de San Juan Eudes.<\/p>\n<p>En el marco de esta conmemoraci\u00f3n, el Santo Padre Le\u00f3n XIV dirigi\u00f3 un mensaje especial a la Iglesia, recordando con gratitud a los tres santos franceses canonizados en 1925: San Juan Eudes, San Juan Mar\u00eda Vianney y Santa Teresa del Ni\u00f1o Jes\u00fas y del Santo Rostro. Refiri\u00e9ndose a San Juan Eudes, el Papa destac\u00f3 que fue el primero en celebrar el culto lit\u00fargico a los Corazones de Jes\u00fas y de Mar\u00eda y lo propuso \u2014junto a los otros dos santos\u2014 como modelo misionero para nuestro tiempo. En sus palabras, el Papa expres\u00f3:<\/p>\n<p>\u201cNuestros tres santos [\u2026] amaron sin reservas a Jes\u00fas de una forma simple, fuerte y aut\u00e9ntica; experimentaron su bondad y su ternura en una cercan\u00eda cotidiana particular, y lo testimoniaron con un admirable impulso misionero\u201d.<\/p>\n<p>[\u2026]<\/p>\n<p>\u201c\u00bfNo sabr\u00e1n San Juan Mar\u00eda Vianney y San Juan Eudes hablar a la conciencia de tantos j\u00f3venes sobre la bondad, la grandeza y la fecundidad del sacerdocio, suscitando en ellos el deseo entusiasta y d\u00e1ndoles el coraje para responder generosamente al llamado [\u2026]?\u201d<\/p>\n<p>As\u00ed, el Papa Le\u00f3n XIV nos exhort\u00f3 a no mirar esta celebraci\u00f3n como un recuerdo del pasado, sino como un impulso renovado de misi\u00f3n y testimonio en el presente.<\/p>\n<p>Como Provincia, nos unimos con gratitud y compromiso a esta celebraci\u00f3n jubilar, elevando nuestra oraci\u00f3n al Se\u00f1or para que, por intercesi\u00f3n de San Juan Eudes, sigamos siendo testigos fieles de la ternura del Coraz\u00f3n de Jes\u00fas en medio del mundo.<\/p>\n<p>&nbsp;<\/p>\n<p><a title=\"Centenario de Canonizaci\u00f3n de San Juan Eudes\" href=\"https:\/\/www.flickr.com\/photos\/200276192@N06\/albums\/72177720326662580\" data-flickr-embed=\"true\" data-header=\"true\" data-footer=\"true\"><img loading=\"lazy\" decoding=\"async\" class=\"aligncenter\" src=\"https:\/\/live.staticflickr.com\/65535\/54571210901_f9ed3aa26f_z.jpg\" alt=\"Centenario de Canonizaci\u00f3n de San Juan Eudes\" width=\"640\" height=\"480\" \/><\/a><script async src=\"\/\/embedr.flickr.com\/assets\/client-code.js\" charset=\"utf-8\"><\/script><\/p>\n","protected":false},"excerpt":{"rendered":"<p>Por: Rafael Beltr\u00e1n &#8211; Candidato Eudista Una celebraci\u00f3n jubilar en Colombia, Nicaragua y Per\u00fa, unida espiritualmente a Roma y a toda la Congregaci\u00f3n de Jes\u00fas y Mar\u00eda\u00a0 Con inmensa alegr\u00eda y esp\u00edritu de gratitud, la Provincia Eudista Minuto de Dios conmemor\u00f3 los 100 a\u00f1os de la canonizaci\u00f3n de San Juan Eudes, padre, doctor y ap\u00f3stol [&hellip;]<\/p>\n","protected":false},"author":7,"featured_media":7253,"comment_status":"closed","ping_status":"closed","sticky":false,"template":"","format":"standard","meta":{"_et_pb_use_builder":"","_et_pb_old_content":"","_et_gb_content_width":"","footnotes":""},"categories":[13],"tags":[355,109,62],"class_list":["post-7252","post","type-post","status-publish","format-standard","has-post-thumbnail","hentry","category-actualidad-eudista","tag-centenario-de-canonizacion","tag-eudistas-minuto-de-dios","tag-san-juan-eudes"],"yoast_head":"<!-- This site is optimized with the Yoast SEO plugin v27.2 - https:\/\/yoast.com\/product\/yoast-seo-wordpress\/ -->\n<title>La Provincia Eudista Minuto de Dios conmemor\u00f3 el centenario de la canonizaci\u00f3n de San Juan Eudes - Eudistas MD<\/title>\n<meta name=\"robots\" content=\"index, follow, max-snippet:-1, max-image-preview:large, max-video-preview:-1\" \/>\n<link rel=\"canonical\" href=\"https:\/\/www.eudistasmd.org\/index.php\/2025\/06\/12\/la-provincia-eudista-minuto-de-dios-conmemoro-el-centenario-de-la-canonizacion-de-san-juan-eudes\/\" \/>\n<meta property=\"og:locale\" content=\"es_ES\" \/>\n<meta property=\"og:type\" content=\"article\" \/>\n<meta property=\"og:title\" content=\"La Provincia Eudista Minuto de Dios conmemor\u00f3 el centenario de la canonizaci\u00f3n de San Juan Eudes - Eudistas MD\" \/>\n<meta property=\"og:description\" content=\"Por: Rafael Beltr\u00e1n &#8211; Candidato Eudista Una celebraci\u00f3n jubilar en Colombia, Nicaragua y Per\u00fa, unida espiritualmente a Roma y a toda la Congregaci\u00f3n de Jes\u00fas y Mar\u00eda\u00a0 Con inmensa alegr\u00eda y esp\u00edritu de gratitud, la Provincia Eudista Minuto de Dios conmemor\u00f3 los 100 a\u00f1os de la canonizaci\u00f3n de San Juan Eudes, padre, doctor y ap\u00f3stol [&hellip;]\" \/>\n<meta property=\"og:url\" content=\"https:\/\/www.eudistasmd.org\/index.php\/2025\/06\/12\/la-provincia-eudista-minuto-de-dios-conmemoro-el-centenario-de-la-canonizacion-de-san-juan-eudes\/\" \/>\n<meta property=\"og:site_name\" content=\"Eudistas MD\" \/>\n<meta property=\"article:published_time\" content=\"2025-06-12T22:41:47+00:00\" \/>\n<meta property=\"og:image\" content=\"https:\/\/www.eudistasmd.org\/wp-content\/uploads\/2025\/06\/Centenario-san-juan-eudes.jpg\" \/>\n\t<meta property=\"og:image:width\" content=\"980\" \/>\n\t<meta property=\"og:image:height\" content=\"650\" \/>\n\t<meta property=\"og:image:type\" content=\"image\/jpeg\" \/>\n<meta name=\"author\" content=\"Angie Stacy Rodr\u00edguez G\u00f3mez\" \/>\n<meta name=\"twitter:card\" content=\"summary_large_image\" \/>\n<meta name=\"twitter:label1\" content=\"Escrito por\" \/>\n\t<meta name=\"twitter:data1\" content=\"Angie Stacy Rodr\u00edguez G\u00f3mez\" \/>\n\t<meta name=\"twitter:label2\" content=\"Tiempo de lectura\" \/>\n\t<meta name=\"twitter:data2\" content=\"3 minutos\" \/>\n<script type=\"application\/ld+json\" class=\"yoast-schema-graph\">{\"@context\":\"https:\/\/schema.org\",\"@graph\":[{\"@type\":\"Article\",\"@id\":\"https:\/\/www.eudistasmd.org\/index.php\/2025\/06\/12\/la-provincia-eudista-minuto-de-dios-conmemoro-el-centenario-de-la-canonizacion-de-san-juan-eudes\/#article\",\"isPartOf\":{\"@id\":\"https:\/\/www.eudistasmd.org\/index.php\/2025\/06\/12\/la-provincia-eudista-minuto-de-dios-conmemoro-el-centenario-de-la-canonizacion-de-san-juan-eudes\/\"},\"author\":{\"name\":\"Angie Stacy Rodr\u00edguez G\u00f3mez\",\"@id\":\"https:\/\/www.eudistasmd.org\/#\/schema\/person\/ea031151eedd6aedadcdb515522d15d5\"},\"headline\":\"La Provincia Eudista Minuto de Dios conmemor\u00f3 el centenario de la canonizaci\u00f3n de San Juan Eudes\",\"datePublished\":\"2025-06-12T22:41:47+00:00\",\"mainEntityOfPage\":{\"@id\":\"https:\/\/www.eudistasmd.org\/index.php\/2025\/06\/12\/la-provincia-eudista-minuto-de-dios-conmemoro-el-centenario-de-la-canonizacion-de-san-juan-eudes\/\"},\"wordCount\":468,\"image\":{\"@id\":\"https:\/\/www.eudistasmd.org\/index.php\/2025\/06\/12\/la-provincia-eudista-minuto-de-dios-conmemoro-el-centenario-de-la-canonizacion-de-san-juan-eudes\/#primaryimage\"},\"thumbnailUrl\":\"https:\/\/www.eudistasmd.org\/wp-content\/uploads\/2025\/06\/Centenario-san-juan-eudes.jpg\",\"keywords\":[\"Centenario de canonizaci\u00f3n\",\"Eudistas Minuto de Dios\",\"San Juan Eudes\"],\"articleSection\":[\"Actualidad Eudista\"],\"inLanguage\":\"es\"},{\"@type\":\"WebPage\",\"@id\":\"https:\/\/www.eudistasmd.org\/index.php\/2025\/06\/12\/la-provincia-eudista-minuto-de-dios-conmemoro-el-centenario-de-la-canonizacion-de-san-juan-eudes\/\",\"url\":\"https:\/\/www.eudistasmd.org\/index.php\/2025\/06\/12\/la-provincia-eudista-minuto-de-dios-conmemoro-el-centenario-de-la-canonizacion-de-san-juan-eudes\/\",\"name\":\"La Provincia Eudista Minuto de Dios conmemor\u00f3 el centenario de la canonizaci\u00f3n de San Juan Eudes - Eudistas MD\",\"isPartOf\":{\"@id\":\"https:\/\/www.eudistasmd.org\/#website\"},\"primaryImageOfPage\":{\"@id\":\"https:\/\/www.eudistasmd.org\/index.php\/2025\/06\/12\/la-provincia-eudista-minuto-de-dios-conmemoro-el-centenario-de-la-canonizacion-de-san-juan-eudes\/#primaryimage\"},\"image\":{\"@id\":\"https:\/\/www.eudistasmd.org\/index.php\/2025\/06\/12\/la-provincia-eudista-minuto-de-dios-conmemoro-el-centenario-de-la-canonizacion-de-san-juan-eudes\/#primaryimage\"},\"thumbnailUrl\":\"https:\/\/www.eudistasmd.org\/wp-content\/uploads\/2025\/06\/Centenario-san-juan-eudes.jpg\",\"datePublished\":\"2025-06-12T22:41:47+00:00\",\"author\":{\"@id\":\"https:\/\/www.eudistasmd.org\/#\/schema\/person\/ea031151eedd6aedadcdb515522d15d5\"},\"breadcrumb\":{\"@id\":\"https:\/\/www.eudistasmd.org\/index.php\/2025\/06\/12\/la-provincia-eudista-minuto-de-dios-conmemoro-el-centenario-de-la-canonizacion-de-san-juan-eudes\/#breadcrumb\"},\"inLanguage\":\"es\",\"potentialAction\":[{\"@type\":\"ReadAction\",\"target\":[\"https:\/\/www.eudistasmd.org\/index.php\/2025\/06\/12\/la-provincia-eudista-minuto-de-dios-conmemoro-el-centenario-de-la-canonizacion-de-san-juan-eudes\/\"]}]},{\"@type\":\"ImageObject\",\"inLanguage\":\"es\",\"@id\":\"https:\/\/www.eudistasmd.org\/index.php\/2025\/06\/12\/la-provincia-eudista-minuto-de-dios-conmemoro-el-centenario-de-la-canonizacion-de-san-juan-eudes\/#primaryimage\",\"url\":\"https:\/\/www.eudistasmd.org\/wp-content\/uploads\/2025\/06\/Centenario-san-juan-eudes.jpg\",\"contentUrl\":\"https:\/\/www.eudistasmd.org\/wp-content\/uploads\/2025\/06\/Centenario-san-juan-eudes.jpg\",\"width\":980,\"height\":650},{\"@type\":\"BreadcrumbList\",\"@id\":\"https:\/\/www.eudistasmd.org\/index.php\/2025\/06\/12\/la-provincia-eudista-minuto-de-dios-conmemoro-el-centenario-de-la-canonizacion-de-san-juan-eudes\/#breadcrumb\",\"itemListElement\":[{\"@type\":\"ListItem\",\"position\":1,\"name\":\"Portada\",\"item\":\"https:\/\/www.eudistasmd.org\/\"},{\"@type\":\"ListItem\",\"position\":2,\"name\":\"La Provincia Eudista Minuto de Dios conmemor\u00f3 el centenario de la canonizaci\u00f3n de San Juan Eudes\"}]},{\"@type\":\"WebSite\",\"@id\":\"https:\/\/www.eudistasmd.org\/#website\",\"url\":\"https:\/\/www.eudistasmd.org\/\",\"name\":\"Eudistas MD\",\"description\":\"Esta Provincia naci\u00f3 de la obra fundada por el padre eudista: Rafael Garc\u00eda Herreros. Este Don del Minuto de Dios ha sido encomendado a los los Eudistas del El Minuto de Dios, quienes se dedican a la Evangelizaci\u00f3n, la Formaci\u00f3n, y al servicio a los m\u00e1s pobres a trav\u00e9s de la Organizaci\u00f3n Minuto de Dios.\",\"potentialAction\":[{\"@type\":\"SearchAction\",\"target\":{\"@type\":\"EntryPoint\",\"urlTemplate\":\"https:\/\/www.eudistasmd.org\/?s={search_term_string}\"},\"query-input\":{\"@type\":\"PropertyValueSpecification\",\"valueRequired\":true,\"valueName\":\"search_term_string\"}}],\"inLanguage\":\"es\"},{\"@type\":\"Person\",\"@id\":\"https:\/\/www.eudistasmd.org\/#\/schema\/person\/ea031151eedd6aedadcdb515522d15d5\",\"name\":\"Angie Stacy Rodr\u00edguez G\u00f3mez\",\"image\":{\"@type\":\"ImageObject\",\"inLanguage\":\"es\",\"@id\":\"https:\/\/secure.gravatar.com\/avatar\/08c6f46fb8b7d2682b0cdfd76fb248e50ae4b1eeed14c21faf047e138ae11aa3?s=96&d=mm&r=g\",\"url\":\"https:\/\/secure.gravatar.com\/avatar\/08c6f46fb8b7d2682b0cdfd76fb248e50ae4b1eeed14c21faf047e138ae11aa3?s=96&d=mm&r=g\",\"contentUrl\":\"https:\/\/secure.gravatar.com\/avatar\/08c6f46fb8b7d2682b0cdfd76fb248e50ae4b1eeed14c21faf047e138ae11aa3?s=96&d=mm&r=g\",\"caption\":\"Angie Stacy Rodr\u00edguez G\u00f3mez\"},\"url\":\"https:\/\/www.eudistasmd.org\/index.php\/author\/noticias-editoramd\/\"}]}<\/script>\n<!-- \/ Yoast SEO plugin. -->","yoast_head_json":{"title":"La Provincia Eudista Minuto de Dios conmemor\u00f3 el centenario de la canonizaci\u00f3n de San Juan Eudes - Eudistas MD","robots":{"index":"index","follow":"follow","max-snippet":"max-snippet:-1","max-image-preview":"max-image-preview:large","max-video-preview":"max-video-preview:-1"},"canonical":"https:\/\/www.eudistasmd.org\/index.php\/2025\/06\/12\/la-provincia-eudista-minuto-de-dios-conmemoro-el-centenario-de-la-canonizacion-de-san-juan-eudes\/","og_locale":"es_ES","og_type":"article","og_title":"La Provincia Eudista Minuto de Dios conmemor\u00f3 el centenario de la canonizaci\u00f3n de San Juan Eudes - Eudistas MD","og_description":"Por: Rafael Beltr\u00e1n &#8211; Candidato Eudista Una celebraci\u00f3n jubilar en Colombia, Nicaragua y Per\u00fa, unida espiritualmente a Roma y a toda la Congregaci\u00f3n de Jes\u00fas y Mar\u00eda\u00a0 Con inmensa alegr\u00eda y esp\u00edritu de gratitud, la Provincia Eudista Minuto de Dios conmemor\u00f3 los 100 a\u00f1os de la canonizaci\u00f3n de San Juan Eudes, padre, doctor y ap\u00f3stol [&hellip;]","og_url":"https:\/\/www.eudistasmd.org\/index.php\/2025\/06\/12\/la-provincia-eudista-minuto-de-dios-conmemoro-el-centenario-de-la-canonizacion-de-san-juan-eudes\/","og_site_name":"Eudistas MD","article_published_time":"2025-06-12T22:41:47+00:00","og_image":[{"width":980,"height":650,"url":"https:\/\/www.eudistasmd.org\/wp-content\/uploads\/2025\/06\/Centenario-san-juan-eudes.jpg","type":"image\/jpeg"}],"author":"Angie Stacy Rodr\u00edguez G\u00f3mez","twitter_card":"summary_large_image","twitter_misc":{"Escrito por":"Angie Stacy Rodr\u00edguez G\u00f3mez","Tiempo de lectura":"3 minutos"},"schema":{"@context":"https:\/\/schema.org","@graph":[{"@type":"Article","@id":"https:\/\/www.eudistasmd.org\/index.php\/2025\/06\/12\/la-provincia-eudista-minuto-de-dios-conmemoro-el-centenario-de-la-canonizacion-de-san-juan-eudes\/#article","isPartOf":{"@id":"https:\/\/www.eudistasmd.org\/index.php\/2025\/06\/12\/la-provincia-eudista-minuto-de-dios-conmemoro-el-centenario-de-la-canonizacion-de-san-juan-eudes\/"},"author":{"name":"Angie Stacy Rodr\u00edguez G\u00f3mez","@id":"https:\/\/www.eudistasmd.org\/#\/schema\/person\/ea031151eedd6aedadcdb515522d15d5"},"headline":"La Provincia Eudista Minuto de Dios conmemor\u00f3 el centenario de la canonizaci\u00f3n de San Juan Eudes","datePublished":"2025-06-12T22:41:47+00:00","mainEntityOfPage":{"@id":"https:\/\/www.eudistasmd.org\/index.php\/2025\/06\/12\/la-provincia-eudista-minuto-de-dios-conmemoro-el-centenario-de-la-canonizacion-de-san-juan-eudes\/"},"wordCount":468,"image":{"@id":"https:\/\/www.eudistasmd.org\/index.php\/2025\/06\/12\/la-provincia-eudista-minuto-de-dios-conmemoro-el-centenario-de-la-canonizacion-de-san-juan-eudes\/#primaryimage"},"thumbnailUrl":"https:\/\/www.eudistasmd.org\/wp-content\/uploads\/2025\/06\/Centenario-san-juan-eudes.jpg","keywords":["Centenario de canonizaci\u00f3n","Eudistas Minuto de Dios","San Juan Eudes"],"articleSection":["Actualidad Eudista"],"inLanguage":"es"},{"@type":"WebPage","@id":"https:\/\/www.eudistasmd.org\/index.php\/2025\/06\/12\/la-provincia-eudista-minuto-de-dios-conmemoro-el-centenario-de-la-canonizacion-de-san-juan-eudes\/","url":"https:\/\/www.eudistasmd.org\/index.php\/2025\/06\/12\/la-provincia-eudista-minuto-de-dios-conmemoro-el-centenario-de-la-canonizacion-de-san-juan-eudes\/","name":"La Provincia Eudista Minuto de Dios conmemor\u00f3 el centenario de la canonizaci\u00f3n de San Juan Eudes - Eudistas MD","isPartOf":{"@id":"https:\/\/www.eudistasmd.org\/#website"},"primaryImageOfPage":{"@id":"https:\/\/www.eudistasmd.org\/index.php\/2025\/06\/12\/la-provincia-eudista-minuto-de-dios-conmemoro-el-centenario-de-la-canonizacion-de-san-juan-eudes\/#primaryimage"},"image":{"@id":"https:\/\/www.eudistasmd.org\/index.php\/2025\/06\/12\/la-provincia-eudista-minuto-de-dios-conmemoro-el-centenario-de-la-canonizacion-de-san-juan-eudes\/#primaryimage"},"thumbnailUrl":"https:\/\/www.eudistasmd.org\/wp-content\/uploads\/2025\/06\/Centenario-san-juan-eudes.jpg","datePublished":"2025-06-12T22:41:47+00:00","author":{"@id":"https:\/\/www.eudistasmd.org\/#\/schema\/person\/ea031151eedd6aedadcdb515522d15d5"},"breadcrumb":{"@id":"https:\/\/www.eudistasmd.org\/index.php\/2025\/06\/12\/la-provincia-eudista-minuto-de-dios-conmemoro-el-centenario-de-la-canonizacion-de-san-juan-eudes\/#breadcrumb"},"inLanguage":"es","potentialAction":[{"@type":"ReadAction","target":["https:\/\/www.eudistasmd.org\/index.php\/2025\/06\/12\/la-provincia-eudista-minuto-de-dios-conmemoro-el-centenario-de-la-canonizacion-de-san-juan-eudes\/"]}]},{"@type":"ImageObject","inLanguage":"es","@id":"https:\/\/www.eudistasmd.org\/index.php\/2025\/06\/12\/la-provincia-eudista-minuto-de-dios-conmemoro-el-centenario-de-la-canonizacion-de-san-juan-eudes\/#primaryimage","url":"https:\/\/www.eudistasmd.org\/wp-content\/uploads\/2025\/06\/Centenario-san-juan-eudes.jpg","contentUrl":"https:\/\/www.eudistasmd.org\/wp-content\/uploads\/2025\/06\/Centenario-san-juan-eudes.jpg","width":980,"height":650},{"@type":"BreadcrumbList","@id":"https:\/\/www.eudistasmd.org\/index.php\/2025\/06\/12\/la-provincia-eudista-minuto-de-dios-conmemoro-el-centenario-de-la-canonizacion-de-san-juan-eudes\/#breadcrumb","itemListElement":[{"@type":"ListItem","position":1,"name":"Portada","item":"https:\/\/www.eudistasmd.org\/"},{"@type":"ListItem","position":2,"name":"La Provincia Eudista Minuto de Dios conmemor\u00f3 el centenario de la canonizaci\u00f3n de San Juan Eudes"}]},{"@type":"WebSite","@id":"https:\/\/www.eudistasmd.org\/#website","url":"https:\/\/www.eudistasmd.org\/","name":"Eudistas MD","description":"Esta Provincia naci\u00f3 de la obra fundada por el padre eudista: Rafael Garc\u00eda Herreros. Este Don del Minuto de Dios ha sido encomendado a los los Eudistas del El Minuto de Dios, quienes se dedican a la Evangelizaci\u00f3n, la Formaci\u00f3n, y al servicio a los m\u00e1s pobres a trav\u00e9s de la Organizaci\u00f3n Minuto de Dios.","potentialAction":[{"@type":"SearchAction","target":{"@type":"EntryPoint","urlTemplate":"https:\/\/www.eudistasmd.org\/?s={search_term_string}"},"query-input":{"@type":"PropertyValueSpecification","valueRequired":true,"valueName":"search_term_string"}}],"inLanguage":"es"},{"@type":"Person","@id":"https:\/\/www.eudistasmd.org\/#\/schema\/person\/ea031151eedd6aedadcdb515522d15d5","name":"Angie Stacy Rodr\u00edguez G\u00f3mez","image":{"@type":"ImageObject","inLanguage":"es","@id":"https:\/\/secure.gravatar.com\/avatar\/08c6f46fb8b7d2682b0cdfd76fb248e50ae4b1eeed14c21faf047e138ae11aa3?s=96&d=mm&r=g","url":"https:\/\/secure.gravatar.com\/avatar\/08c6f46fb8b7d2682b0cdfd76fb248e50ae4b1eeed14c21faf047e138ae11aa3?s=96&d=mm&r=g","contentUrl":"https:\/\/secure.gravatar.com\/avatar\/08c6f46fb8b7d2682b0cdfd76fb248e50ae4b1eeed14c21faf047e138ae11aa3?s=96&d=mm&r=g","caption":"Angie Stacy Rodr\u00edguez G\u00f3mez"},"url":"https:\/\/www.eudistasmd.org\/index.php\/author\/noticias-editoramd\/"}]}},"_links":{"self":[{"href":"https:\/\/www.eudistasmd.org\/index.php\/wp-json\/wp\/v2\/posts\/7252","targetHints":{"allow":["GET"]}}],"collection":[{"href":"https:\/\/www.eudistasmd.org\/index.php\/wp-json\/wp\/v2\/posts"}],"about":[{"href":"https:\/\/www.eudistasmd.org\/index.php\/wp-json\/wp\/v2\/types\/post"}],"author":[{"embeddable":true,"href":"https:\/\/www.eudistasmd.org\/index.php\/wp-json\/wp\/v2\/users\/7"}],"replies":[{"embeddable":true,"href":"https:\/\/www.eudistasmd.org\/index.php\/wp-json\/wp\/v2\/comments?post=7252"}],"version-history":[{"count":1,"href":"https:\/\/www.eudistasmd.org\/index.php\/wp-json\/wp\/v2\/posts\/7252\/revisions"}],"predecessor-version":[{"id":7254,"href":"https:\/\/www.eudistasmd.org\/index.php\/wp-json\/wp\/v2\/posts\/7252\/revisions\/7254"}],"wp:featuredmedia":[{"embeddable":true,"href":"https:\/\/www.eudistasmd.org\/index.php\/wp-json\/wp\/v2\/media\/7253"}],"wp:attachment":[{"href":"https:\/\/www.eudistasmd.org\/index.php\/wp-json\/wp\/v2\/media?parent=7252"}],"wp:term":[{"taxonomy":"category","embeddable":true,"href":"https:\/\/www.eudistasmd.org\/index.php\/wp-json\/wp\/v2\/categories?post=7252"},{"taxonomy":"post_tag","embeddable":true,"href":"https:\/\/www.eudistasmd.org\/index.php\/wp-json\/wp\/v2\/tags?post=7252"}],"curies":[{"name":"wp","href":"https:\/\/api.w.org\/{rel}","templated":true}]}}