{"id":7233,"date":"2025-05-29T16:29:44","date_gmt":"2025-05-29T21:29:44","guid":{"rendered":"https:\/\/www.eudistasmd.org\/?p=7233"},"modified":"2025-05-29T16:29:44","modified_gmt":"2025-05-29T21:29:44","slug":"provincia-eudista-minuto-de-dios-celebra-el-jubileo-por-los-125-anos-de-la-diocesis-y-los-50-anos-de-la-arquidiocesis-de-ibague","status":"publish","type":"post","link":"https:\/\/www.eudistasmd.org\/index.php\/2025\/05\/29\/provincia-eudista-minuto-de-dios-celebra-el-jubileo-por-los-125-anos-de-la-diocesis-y-los-50-anos-de-la-arquidiocesis-de-ibague\/","title":{"rendered":"Provincia Eudista Minuto de Dios celebra el Jubileo por los 125 a\u00f1os de la Di\u00f3cesis y los 50 a\u00f1os de la Arquidi\u00f3cesis de Ibagu\u00e9"},"content":{"rendered":"<p>Con inmensa alegr\u00eda, la Provincia Eudista Minuto de Dios se uni\u00f3 a la celebraci\u00f3n del Jubileo Arquidiocesano de Ibagu\u00e9, conmemorando 125 a\u00f1os de fundaci\u00f3n como di\u00f3cesis y 50 a\u00f1os de su elevaci\u00f3n a arquidi\u00f3cesis. Este tiempo de gracia ha sido una ocasi\u00f3n para celebrar, agradecer y renovar el compromiso evangelizador de toda la Iglesia particular en esta tierra marcada por la fe y el servicio.<\/p>\n<p>Durante la jornada jubilar, que cont\u00f3 con la presencia del Nuncio Apost\u00f3lico en Colombia, Monse\u00f1or Paolo Rudelli, se vivieron momentos significativos como el encuentro con el presbiterio arquidiocesano y la Misa del Jubileo de los Sacerdotes, celebrada en comuni\u00f3n con obispos, religiosos, seminaristas y fieles. La Misa Jubilar de toda la arquidi\u00f3cesis, celebrada en la Catedral, fue el momento culminante de esta gran fiesta de la Iglesia tolimense.<\/p>\n<p>Los Eudistas del Minuto de Dios participaron activamente en estos espacios, manifestando con gozo su comuni\u00f3n con la Iglesia de Ibagu\u00e9 y su gratitud por la historia compartida. Como signo visible de esa presencia, en el libro conmemorativo \u201cSemblanzas: 118 Obispos y Presb\u00edteros de Ibagu\u00e9\u201d, publicado en mayo de 2025 por la Fundaci\u00f3n FEBIANA, se incluye la figura de un eudista destacado:<\/p>\n<ul>\n<li>Monse\u00f1or Juan Francisco Sarasti Jaramillo, CJM: nacido en Cali el 30 de julio de 1938, se incorpor\u00f3 a la Congregaci\u00f3n de Jes\u00fas y Mar\u00eda (Eudistas) en 1959 y fue ordenado sacerdote el 30 de marzo de 1963. Fue obispo auxiliar de Cali, obispo de Barrancabermeja y arzobispo de Ibagu\u00e9 entre 1993 y 2002, antes de ser arzobispo de Cali hasta su retiro en 2011. Falleci\u00f3 el 25 de febrero de 2021 en la ciudad de Cali. Su legado como pastor cercano, te\u00f3logo y servidor del Evangelio sigue vivo en la memoria de esta Iglesia particular.<\/li>\n<\/ul>\n<p>Este jubileo ha sido para los Eudistas un momento de renovaci\u00f3n espiritual y eclesial, de comuni\u00f3n con los pastores y el pueblo de Dios, y de proyecci\u00f3n esperanzada hacia el futuro. Como familia eudista, nos unimos en acci\u00f3n de gracias por esta historia compartida y renovamos nuestro deseo de seguir formando a Jes\u00fas en los corazones y sirviendo a la Iglesia all\u00ed donde la Providencia nos llama.<\/p>\n<p>&nbsp;<\/p>\n<p>&nbsp;<\/p>\n<p><a title=\"Jubileo por los 125 a\u00f1os de la Di\u00f3cesis y los 50 a\u00f1os de la Arquidi\u00f3cesis de Ibagu\u00e9\" href=\"https:\/\/www.flickr.com\/photos\/200276192@N06\/albums\/72177720326478150\" data-flickr-embed=\"true\" data-header=\"true\" data-footer=\"true\"><img loading=\"lazy\" decoding=\"async\" class=\"aligncenter\" src=\"https:\/\/live.staticflickr.com\/65535\/54554895240_a041ed453e_z.jpg\" alt=\"Jubileo por los 125 a\u00f1os de la Di\u00f3cesis y los 50 a\u00f1os de la Arquidi\u00f3cesis de Ibagu\u00e9\" width=\"640\" height=\"480\" \/><\/a><script async src=\"\/\/embedr.flickr.com\/assets\/client-code.js\" charset=\"utf-8\"><\/script><\/p>\n","protected":false},"excerpt":{"rendered":"<p>Con inmensa alegr\u00eda, la Provincia Eudista Minuto de Dios se uni\u00f3 a la celebraci\u00f3n del Jubileo Arquidiocesano de Ibagu\u00e9, conmemorando 125 a\u00f1os de fundaci\u00f3n como di\u00f3cesis y 50 a\u00f1os de su elevaci\u00f3n a arquidi\u00f3cesis. Este tiempo de gracia ha sido una ocasi\u00f3n para celebrar, agradecer y renovar el compromiso evangelizador de toda la Iglesia particular [&hellip;]<\/p>\n","protected":false},"author":7,"featured_media":7234,"comment_status":"closed","ping_status":"closed","sticky":false,"template":"","format":"standard","meta":{"_et_pb_use_builder":"","_et_pb_old_content":"","_et_gb_content_width":"","footnotes":""},"categories":[13],"tags":[354,326],"class_list":["post-7233","post","type-post","status-publish","format-standard","has-post-thumbnail","hentry","category-actualidad-eudista","tag-arquidiocesis-de-ibague","tag-eudistas-en-ibague"],"yoast_head":"<!-- This site is optimized with the Yoast SEO plugin v27.2 - https:\/\/yoast.com\/product\/yoast-seo-wordpress\/ -->\n<title>Provincia Eudista Minuto de Dios celebra el Jubileo por los 125 a\u00f1os de la Di\u00f3cesis y los 50 a\u00f1os de la Arquidi\u00f3cesis de Ibagu\u00e9 - Eudistas MD<\/title>\n<meta name=\"robots\" content=\"index, follow, max-snippet:-1, max-image-preview:large, max-video-preview:-1\" \/>\n<link rel=\"canonical\" href=\"https:\/\/www.eudistasmd.org\/index.php\/2025\/05\/29\/provincia-eudista-minuto-de-dios-celebra-el-jubileo-por-los-125-anos-de-la-diocesis-y-los-50-anos-de-la-arquidiocesis-de-ibague\/\" \/>\n<meta property=\"og:locale\" content=\"es_ES\" \/>\n<meta property=\"og:type\" content=\"article\" \/>\n<meta property=\"og:title\" content=\"Provincia Eudista Minuto de Dios celebra el Jubileo por los 125 a\u00f1os de la Di\u00f3cesis y los 50 a\u00f1os de la Arquidi\u00f3cesis de Ibagu\u00e9 - Eudistas MD\" \/>\n<meta property=\"og:description\" content=\"Con inmensa alegr\u00eda, la Provincia Eudista Minuto de Dios se uni\u00f3 a la celebraci\u00f3n del Jubileo Arquidiocesano de Ibagu\u00e9, conmemorando 125 a\u00f1os de fundaci\u00f3n como di\u00f3cesis y 50 a\u00f1os de su elevaci\u00f3n a arquidi\u00f3cesis. Este tiempo de gracia ha sido una ocasi\u00f3n para celebrar, agradecer y renovar el compromiso evangelizador de toda la Iglesia particular [&hellip;]\" \/>\n<meta property=\"og:url\" content=\"https:\/\/www.eudistasmd.org\/index.php\/2025\/05\/29\/provincia-eudista-minuto-de-dios-celebra-el-jubileo-por-los-125-anos-de-la-diocesis-y-los-50-anos-de-la-arquidiocesis-de-ibague\/\" \/>\n<meta property=\"og:site_name\" content=\"Eudistas MD\" \/>\n<meta property=\"article:published_time\" content=\"2025-05-29T21:29:44+00:00\" \/>\n<meta property=\"og:image\" content=\"https:\/\/www.eudistasmd.org\/wp-content\/uploads\/2025\/05\/Noticia.jpeg\" \/>\n\t<meta property=\"og:image:width\" content=\"3648\" \/>\n\t<meta property=\"og:image:height\" content=\"2052\" \/>\n\t<meta property=\"og:image:type\" content=\"image\/jpeg\" \/>\n<meta name=\"author\" content=\"Angie Stacy Rodr\u00edguez G\u00f3mez\" \/>\n<meta name=\"twitter:card\" content=\"summary_large_image\" \/>\n<meta name=\"twitter:label1\" content=\"Escrito por\" \/>\n\t<meta name=\"twitter:data1\" content=\"Angie Stacy Rodr\u00edguez G\u00f3mez\" \/>\n\t<meta name=\"twitter:label2\" content=\"Tiempo de lectura\" \/>\n\t<meta name=\"twitter:data2\" content=\"3 minutos\" \/>\n<script type=\"application\/ld+json\" class=\"yoast-schema-graph\">{\"@context\":\"https:\/\/schema.org\",\"@graph\":[{\"@type\":\"Article\",\"@id\":\"https:\/\/www.eudistasmd.org\/index.php\/2025\/05\/29\/provincia-eudista-minuto-de-dios-celebra-el-jubileo-por-los-125-anos-de-la-diocesis-y-los-50-anos-de-la-arquidiocesis-de-ibague\/#article\",\"isPartOf\":{\"@id\":\"https:\/\/www.eudistasmd.org\/index.php\/2025\/05\/29\/provincia-eudista-minuto-de-dios-celebra-el-jubileo-por-los-125-anos-de-la-diocesis-y-los-50-anos-de-la-arquidiocesis-de-ibague\/\"},\"author\":{\"name\":\"Angie Stacy Rodr\u00edguez G\u00f3mez\",\"@id\":\"https:\/\/www.eudistasmd.org\/#\/schema\/person\/ea031151eedd6aedadcdb515522d15d5\"},\"headline\":\"Provincia Eudista Minuto de Dios celebra el Jubileo por los 125 a\u00f1os de la Di\u00f3cesis y los 50 a\u00f1os de la Arquidi\u00f3cesis de Ibagu\u00e9\",\"datePublished\":\"2025-05-29T21:29:44+00:00\",\"mainEntityOfPage\":{\"@id\":\"https:\/\/www.eudistasmd.org\/index.php\/2025\/05\/29\/provincia-eudista-minuto-de-dios-celebra-el-jubileo-por-los-125-anos-de-la-diocesis-y-los-50-anos-de-la-arquidiocesis-de-ibague\/\"},\"wordCount\":397,\"image\":{\"@id\":\"https:\/\/www.eudistasmd.org\/index.php\/2025\/05\/29\/provincia-eudista-minuto-de-dios-celebra-el-jubileo-por-los-125-anos-de-la-diocesis-y-los-50-anos-de-la-arquidiocesis-de-ibague\/#primaryimage\"},\"thumbnailUrl\":\"https:\/\/www.eudistasmd.org\/wp-content\/uploads\/2025\/05\/Noticia.jpeg\",\"keywords\":[\"Arquidi\u00f3cesis de Ibagu\u00e9\",\"eudistas en ibagu\u00e9\"],\"articleSection\":[\"Actualidad Eudista\"],\"inLanguage\":\"es\"},{\"@type\":\"WebPage\",\"@id\":\"https:\/\/www.eudistasmd.org\/index.php\/2025\/05\/29\/provincia-eudista-minuto-de-dios-celebra-el-jubileo-por-los-125-anos-de-la-diocesis-y-los-50-anos-de-la-arquidiocesis-de-ibague\/\",\"url\":\"https:\/\/www.eudistasmd.org\/index.php\/2025\/05\/29\/provincia-eudista-minuto-de-dios-celebra-el-jubileo-por-los-125-anos-de-la-diocesis-y-los-50-anos-de-la-arquidiocesis-de-ibague\/\",\"name\":\"Provincia Eudista Minuto de Dios celebra el Jubileo por los 125 a\u00f1os de la Di\u00f3cesis y los 50 a\u00f1os de la Arquidi\u00f3cesis de Ibagu\u00e9 - Eudistas MD\",\"isPartOf\":{\"@id\":\"https:\/\/www.eudistasmd.org\/#website\"},\"primaryImageOfPage\":{\"@id\":\"https:\/\/www.eudistasmd.org\/index.php\/2025\/05\/29\/provincia-eudista-minuto-de-dios-celebra-el-jubileo-por-los-125-anos-de-la-diocesis-y-los-50-anos-de-la-arquidiocesis-de-ibague\/#primaryimage\"},\"image\":{\"@id\":\"https:\/\/www.eudistasmd.org\/index.php\/2025\/05\/29\/provincia-eudista-minuto-de-dios-celebra-el-jubileo-por-los-125-anos-de-la-diocesis-y-los-50-anos-de-la-arquidiocesis-de-ibague\/#primaryimage\"},\"thumbnailUrl\":\"https:\/\/www.eudistasmd.org\/wp-content\/uploads\/2025\/05\/Noticia.jpeg\",\"datePublished\":\"2025-05-29T21:29:44+00:00\",\"author\":{\"@id\":\"https:\/\/www.eudistasmd.org\/#\/schema\/person\/ea031151eedd6aedadcdb515522d15d5\"},\"breadcrumb\":{\"@id\":\"https:\/\/www.eudistasmd.org\/index.php\/2025\/05\/29\/provincia-eudista-minuto-de-dios-celebra-el-jubileo-por-los-125-anos-de-la-diocesis-y-los-50-anos-de-la-arquidiocesis-de-ibague\/#breadcrumb\"},\"inLanguage\":\"es\",\"potentialAction\":[{\"@type\":\"ReadAction\",\"target\":[\"https:\/\/www.eudistasmd.org\/index.php\/2025\/05\/29\/provincia-eudista-minuto-de-dios-celebra-el-jubileo-por-los-125-anos-de-la-diocesis-y-los-50-anos-de-la-arquidiocesis-de-ibague\/\"]}]},{\"@type\":\"ImageObject\",\"inLanguage\":\"es\",\"@id\":\"https:\/\/www.eudistasmd.org\/index.php\/2025\/05\/29\/provincia-eudista-minuto-de-dios-celebra-el-jubileo-por-los-125-anos-de-la-diocesis-y-los-50-anos-de-la-arquidiocesis-de-ibague\/#primaryimage\",\"url\":\"https:\/\/www.eudistasmd.org\/wp-content\/uploads\/2025\/05\/Noticia.jpeg\",\"contentUrl\":\"https:\/\/www.eudistasmd.org\/wp-content\/uploads\/2025\/05\/Noticia.jpeg\",\"width\":3648,\"height\":2052},{\"@type\":\"BreadcrumbList\",\"@id\":\"https:\/\/www.eudistasmd.org\/index.php\/2025\/05\/29\/provincia-eudista-minuto-de-dios-celebra-el-jubileo-por-los-125-anos-de-la-diocesis-y-los-50-anos-de-la-arquidiocesis-de-ibague\/#breadcrumb\",\"itemListElement\":[{\"@type\":\"ListItem\",\"position\":1,\"name\":\"Portada\",\"item\":\"https:\/\/www.eudistasmd.org\/\"},{\"@type\":\"ListItem\",\"position\":2,\"name\":\"Provincia Eudista Minuto de Dios celebra el Jubileo por los 125 a\u00f1os de la Di\u00f3cesis y los 50 a\u00f1os de la Arquidi\u00f3cesis de Ibagu\u00e9\"}]},{\"@type\":\"WebSite\",\"@id\":\"https:\/\/www.eudistasmd.org\/#website\",\"url\":\"https:\/\/www.eudistasmd.org\/\",\"name\":\"Eudistas MD\",\"description\":\"Esta Provincia naci\u00f3 de la obra fundada por el padre eudista: Rafael Garc\u00eda Herreros. Este Don del Minuto de Dios ha sido encomendado a los los Eudistas del El Minuto de Dios, quienes se dedican a la Evangelizaci\u00f3n, la Formaci\u00f3n, y al servicio a los m\u00e1s pobres a trav\u00e9s de la Organizaci\u00f3n Minuto de Dios.\",\"potentialAction\":[{\"@type\":\"SearchAction\",\"target\":{\"@type\":\"EntryPoint\",\"urlTemplate\":\"https:\/\/www.eudistasmd.org\/?s={search_term_string}\"},\"query-input\":{\"@type\":\"PropertyValueSpecification\",\"valueRequired\":true,\"valueName\":\"search_term_string\"}}],\"inLanguage\":\"es\"},{\"@type\":\"Person\",\"@id\":\"https:\/\/www.eudistasmd.org\/#\/schema\/person\/ea031151eedd6aedadcdb515522d15d5\",\"name\":\"Angie Stacy Rodr\u00edguez G\u00f3mez\",\"image\":{\"@type\":\"ImageObject\",\"inLanguage\":\"es\",\"@id\":\"https:\/\/secure.gravatar.com\/avatar\/08c6f46fb8b7d2682b0cdfd76fb248e50ae4b1eeed14c21faf047e138ae11aa3?s=96&d=mm&r=g\",\"url\":\"https:\/\/secure.gravatar.com\/avatar\/08c6f46fb8b7d2682b0cdfd76fb248e50ae4b1eeed14c21faf047e138ae11aa3?s=96&d=mm&r=g\",\"contentUrl\":\"https:\/\/secure.gravatar.com\/avatar\/08c6f46fb8b7d2682b0cdfd76fb248e50ae4b1eeed14c21faf047e138ae11aa3?s=96&d=mm&r=g\",\"caption\":\"Angie Stacy Rodr\u00edguez G\u00f3mez\"},\"url\":\"https:\/\/www.eudistasmd.org\/index.php\/author\/noticias-editoramd\/\"}]}<\/script>\n<!-- \/ Yoast SEO plugin. -->","yoast_head_json":{"title":"Provincia Eudista Minuto de Dios celebra el Jubileo por los 125 a\u00f1os de la Di\u00f3cesis y los 50 a\u00f1os de la Arquidi\u00f3cesis de Ibagu\u00e9 - Eudistas MD","robots":{"index":"index","follow":"follow","max-snippet":"max-snippet:-1","max-image-preview":"max-image-preview:large","max-video-preview":"max-video-preview:-1"},"canonical":"https:\/\/www.eudistasmd.org\/index.php\/2025\/05\/29\/provincia-eudista-minuto-de-dios-celebra-el-jubileo-por-los-125-anos-de-la-diocesis-y-los-50-anos-de-la-arquidiocesis-de-ibague\/","og_locale":"es_ES","og_type":"article","og_title":"Provincia Eudista Minuto de Dios celebra el Jubileo por los 125 a\u00f1os de la Di\u00f3cesis y los 50 a\u00f1os de la Arquidi\u00f3cesis de Ibagu\u00e9 - Eudistas MD","og_description":"Con inmensa alegr\u00eda, la Provincia Eudista Minuto de Dios se uni\u00f3 a la celebraci\u00f3n del Jubileo Arquidiocesano de Ibagu\u00e9, conmemorando 125 a\u00f1os de fundaci\u00f3n como di\u00f3cesis y 50 a\u00f1os de su elevaci\u00f3n a arquidi\u00f3cesis. Este tiempo de gracia ha sido una ocasi\u00f3n para celebrar, agradecer y renovar el compromiso evangelizador de toda la Iglesia particular [&hellip;]","og_url":"https:\/\/www.eudistasmd.org\/index.php\/2025\/05\/29\/provincia-eudista-minuto-de-dios-celebra-el-jubileo-por-los-125-anos-de-la-diocesis-y-los-50-anos-de-la-arquidiocesis-de-ibague\/","og_site_name":"Eudistas MD","article_published_time":"2025-05-29T21:29:44+00:00","og_image":[{"width":3648,"height":2052,"url":"https:\/\/www.eudistasmd.org\/wp-content\/uploads\/2025\/05\/Noticia.jpeg","type":"image\/jpeg"}],"author":"Angie Stacy Rodr\u00edguez G\u00f3mez","twitter_card":"summary_large_image","twitter_misc":{"Escrito por":"Angie Stacy Rodr\u00edguez G\u00f3mez","Tiempo de lectura":"3 minutos"},"schema":{"@context":"https:\/\/schema.org","@graph":[{"@type":"Article","@id":"https:\/\/www.eudistasmd.org\/index.php\/2025\/05\/29\/provincia-eudista-minuto-de-dios-celebra-el-jubileo-por-los-125-anos-de-la-diocesis-y-los-50-anos-de-la-arquidiocesis-de-ibague\/#article","isPartOf":{"@id":"https:\/\/www.eudistasmd.org\/index.php\/2025\/05\/29\/provincia-eudista-minuto-de-dios-celebra-el-jubileo-por-los-125-anos-de-la-diocesis-y-los-50-anos-de-la-arquidiocesis-de-ibague\/"},"author":{"name":"Angie Stacy Rodr\u00edguez G\u00f3mez","@id":"https:\/\/www.eudistasmd.org\/#\/schema\/person\/ea031151eedd6aedadcdb515522d15d5"},"headline":"Provincia Eudista Minuto de Dios celebra el Jubileo por los 125 a\u00f1os de la Di\u00f3cesis y los 50 a\u00f1os de la Arquidi\u00f3cesis de Ibagu\u00e9","datePublished":"2025-05-29T21:29:44+00:00","mainEntityOfPage":{"@id":"https:\/\/www.eudistasmd.org\/index.php\/2025\/05\/29\/provincia-eudista-minuto-de-dios-celebra-el-jubileo-por-los-125-anos-de-la-diocesis-y-los-50-anos-de-la-arquidiocesis-de-ibague\/"},"wordCount":397,"image":{"@id":"https:\/\/www.eudistasmd.org\/index.php\/2025\/05\/29\/provincia-eudista-minuto-de-dios-celebra-el-jubileo-por-los-125-anos-de-la-diocesis-y-los-50-anos-de-la-arquidiocesis-de-ibague\/#primaryimage"},"thumbnailUrl":"https:\/\/www.eudistasmd.org\/wp-content\/uploads\/2025\/05\/Noticia.jpeg","keywords":["Arquidi\u00f3cesis de Ibagu\u00e9","eudistas en ibagu\u00e9"],"articleSection":["Actualidad Eudista"],"inLanguage":"es"},{"@type":"WebPage","@id":"https:\/\/www.eudistasmd.org\/index.php\/2025\/05\/29\/provincia-eudista-minuto-de-dios-celebra-el-jubileo-por-los-125-anos-de-la-diocesis-y-los-50-anos-de-la-arquidiocesis-de-ibague\/","url":"https:\/\/www.eudistasmd.org\/index.php\/2025\/05\/29\/provincia-eudista-minuto-de-dios-celebra-el-jubileo-por-los-125-anos-de-la-diocesis-y-los-50-anos-de-la-arquidiocesis-de-ibague\/","name":"Provincia Eudista Minuto de Dios celebra el Jubileo por los 125 a\u00f1os de la Di\u00f3cesis y los 50 a\u00f1os de la Arquidi\u00f3cesis de Ibagu\u00e9 - Eudistas MD","isPartOf":{"@id":"https:\/\/www.eudistasmd.org\/#website"},"primaryImageOfPage":{"@id":"https:\/\/www.eudistasmd.org\/index.php\/2025\/05\/29\/provincia-eudista-minuto-de-dios-celebra-el-jubileo-por-los-125-anos-de-la-diocesis-y-los-50-anos-de-la-arquidiocesis-de-ibague\/#primaryimage"},"image":{"@id":"https:\/\/www.eudistasmd.org\/index.php\/2025\/05\/29\/provincia-eudista-minuto-de-dios-celebra-el-jubileo-por-los-125-anos-de-la-diocesis-y-los-50-anos-de-la-arquidiocesis-de-ibague\/#primaryimage"},"thumbnailUrl":"https:\/\/www.eudistasmd.org\/wp-content\/uploads\/2025\/05\/Noticia.jpeg","datePublished":"2025-05-29T21:29:44+00:00","author":{"@id":"https:\/\/www.eudistasmd.org\/#\/schema\/person\/ea031151eedd6aedadcdb515522d15d5"},"breadcrumb":{"@id":"https:\/\/www.eudistasmd.org\/index.php\/2025\/05\/29\/provincia-eudista-minuto-de-dios-celebra-el-jubileo-por-los-125-anos-de-la-diocesis-y-los-50-anos-de-la-arquidiocesis-de-ibague\/#breadcrumb"},"inLanguage":"es","potentialAction":[{"@type":"ReadAction","target":["https:\/\/www.eudistasmd.org\/index.php\/2025\/05\/29\/provincia-eudista-minuto-de-dios-celebra-el-jubileo-por-los-125-anos-de-la-diocesis-y-los-50-anos-de-la-arquidiocesis-de-ibague\/"]}]},{"@type":"ImageObject","inLanguage":"es","@id":"https:\/\/www.eudistasmd.org\/index.php\/2025\/05\/29\/provincia-eudista-minuto-de-dios-celebra-el-jubileo-por-los-125-anos-de-la-diocesis-y-los-50-anos-de-la-arquidiocesis-de-ibague\/#primaryimage","url":"https:\/\/www.eudistasmd.org\/wp-content\/uploads\/2025\/05\/Noticia.jpeg","contentUrl":"https:\/\/www.eudistasmd.org\/wp-content\/uploads\/2025\/05\/Noticia.jpeg","width":3648,"height":2052},{"@type":"BreadcrumbList","@id":"https:\/\/www.eudistasmd.org\/index.php\/2025\/05\/29\/provincia-eudista-minuto-de-dios-celebra-el-jubileo-por-los-125-anos-de-la-diocesis-y-los-50-anos-de-la-arquidiocesis-de-ibague\/#breadcrumb","itemListElement":[{"@type":"ListItem","position":1,"name":"Portada","item":"https:\/\/www.eudistasmd.org\/"},{"@type":"ListItem","position":2,"name":"Provincia Eudista Minuto de Dios celebra el Jubileo por los 125 a\u00f1os de la Di\u00f3cesis y los 50 a\u00f1os de la Arquidi\u00f3cesis de Ibagu\u00e9"}]},{"@type":"WebSite","@id":"https:\/\/www.eudistasmd.org\/#website","url":"https:\/\/www.eudistasmd.org\/","name":"Eudistas MD","description":"Esta Provincia naci\u00f3 de la obra fundada por el padre eudista: Rafael Garc\u00eda Herreros. Este Don del Minuto de Dios ha sido encomendado a los los Eudistas del El Minuto de Dios, quienes se dedican a la Evangelizaci\u00f3n, la Formaci\u00f3n, y al servicio a los m\u00e1s pobres a trav\u00e9s de la Organizaci\u00f3n Minuto de Dios.","potentialAction":[{"@type":"SearchAction","target":{"@type":"EntryPoint","urlTemplate":"https:\/\/www.eudistasmd.org\/?s={search_term_string}"},"query-input":{"@type":"PropertyValueSpecification","valueRequired":true,"valueName":"search_term_string"}}],"inLanguage":"es"},{"@type":"Person","@id":"https:\/\/www.eudistasmd.org\/#\/schema\/person\/ea031151eedd6aedadcdb515522d15d5","name":"Angie Stacy Rodr\u00edguez G\u00f3mez","image":{"@type":"ImageObject","inLanguage":"es","@id":"https:\/\/secure.gravatar.com\/avatar\/08c6f46fb8b7d2682b0cdfd76fb248e50ae4b1eeed14c21faf047e138ae11aa3?s=96&d=mm&r=g","url":"https:\/\/secure.gravatar.com\/avatar\/08c6f46fb8b7d2682b0cdfd76fb248e50ae4b1eeed14c21faf047e138ae11aa3?s=96&d=mm&r=g","contentUrl":"https:\/\/secure.gravatar.com\/avatar\/08c6f46fb8b7d2682b0cdfd76fb248e50ae4b1eeed14c21faf047e138ae11aa3?s=96&d=mm&r=g","caption":"Angie Stacy Rodr\u00edguez G\u00f3mez"},"url":"https:\/\/www.eudistasmd.org\/index.php\/author\/noticias-editoramd\/"}]}},"_links":{"self":[{"href":"https:\/\/www.eudistasmd.org\/index.php\/wp-json\/wp\/v2\/posts\/7233","targetHints":{"allow":["GET"]}}],"collection":[{"href":"https:\/\/www.eudistasmd.org\/index.php\/wp-json\/wp\/v2\/posts"}],"about":[{"href":"https:\/\/www.eudistasmd.org\/index.php\/wp-json\/wp\/v2\/types\/post"}],"author":[{"embeddable":true,"href":"https:\/\/www.eudistasmd.org\/index.php\/wp-json\/wp\/v2\/users\/7"}],"replies":[{"embeddable":true,"href":"https:\/\/www.eudistasmd.org\/index.php\/wp-json\/wp\/v2\/comments?post=7233"}],"version-history":[{"count":1,"href":"https:\/\/www.eudistasmd.org\/index.php\/wp-json\/wp\/v2\/posts\/7233\/revisions"}],"predecessor-version":[{"id":7235,"href":"https:\/\/www.eudistasmd.org\/index.php\/wp-json\/wp\/v2\/posts\/7233\/revisions\/7235"}],"wp:featuredmedia":[{"embeddable":true,"href":"https:\/\/www.eudistasmd.org\/index.php\/wp-json\/wp\/v2\/media\/7234"}],"wp:attachment":[{"href":"https:\/\/www.eudistasmd.org\/index.php\/wp-json\/wp\/v2\/media?parent=7233"}],"wp:term":[{"taxonomy":"category","embeddable":true,"href":"https:\/\/www.eudistasmd.org\/index.php\/wp-json\/wp\/v2\/categories?post=7233"},{"taxonomy":"post_tag","embeddable":true,"href":"https:\/\/www.eudistasmd.org\/index.php\/wp-json\/wp\/v2\/tags?post=7233"}],"curies":[{"name":"wp","href":"https:\/\/api.w.org\/{rel}","templated":true}]}}