{"id":7228,"date":"2025-05-28T12:38:34","date_gmt":"2025-05-28T17:38:34","guid":{"rendered":"https:\/\/www.eudistasmd.org\/?p=7228"},"modified":"2025-05-28T12:38:34","modified_gmt":"2025-05-28T17:38:34","slug":"el-papa-saluda-a-los-eudistas-por-los-100-anos-de-la-canonizacion-de-san-juan-eudes","status":"publish","type":"post","link":"https:\/\/www.eudistasmd.org\/index.php\/2025\/05\/28\/el-papa-saluda-a-los-eudistas-por-los-100-anos-de-la-canonizacion-de-san-juan-eudes\/","title":{"rendered":"El Papa saluda a los Eudistas por los 100 a\u00f1os de la canonizaci\u00f3n de San Juan Eudes"},"content":{"rendered":"<p>El Consejo General de los Eudistas participa en la Audiencia General con el Papa Le\u00f3n XIV, en el marco del Centenario de la Canonizaci\u00f3n de San Juan Eudes<\/p>\n<p>Con inmenso gozo y profunda comuni\u00f3n eclesial, la Congregaci\u00f3n de Jes\u00fas y Mar\u00eda \u2013 Eudistas ha participado este mi\u00e9rcoles en la Audiencia General presidida por el Santo Padre Le\u00f3n XIV, como parte de las celebraciones por el centenario de la canonizaci\u00f3n de San Juan Eudes, nuestro fundador.<\/p>\n<p>Durante este emotivo encuentro en la Plaza de San Pedro, el Papa salud\u00f3 en lengua italiana \u201ca los religiosos de la Congregaci\u00f3n de Jes\u00fas y Mar\u00eda \u2013 Eudistas, que conmemoran el centenario de la canonizaci\u00f3n de su fundador\u201d, reconociendo p\u00fablicamente la misi\u00f3n evangelizadora y formadora de la Congregaci\u00f3n en la Iglesia universal.<\/p>\n<p>El Consejo General de la Congregaci\u00f3n tuvo la oportunidad de saludar personalmente al Santo Padre, present\u00e1ndose como \u201cel sucesor de San Juan Eudes junto al sucesor de San Pedro\u201d, en un gesto de comuni\u00f3n, fidelidad y amor a la Iglesia.<\/p>\n<p>Posteriormente, el Consejo Provincial de la Provincia Eudista Minuto de Dios se reuni\u00f3 con la doctora Silvia Correale, postuladora de la causa del Siervo de Dios Rafael Garc\u00eda Herreros, CJM, quien comparti\u00f3 con los presentes el proceso actual de la causa de beatificaci\u00f3n y canonizaci\u00f3n del fundador del Minuto de Dios, subrayando los avances, desaf\u00edos y signos de esperanza en este camino.<\/p>\n<p><img loading=\"lazy\" decoding=\"async\" class=\"wp-image-7230 aligncenter\" src=\"https:\/\/www.eudistasmd.org\/wp-content\/uploads\/2025\/05\/WhatsApp-Image-2025-05-28-at-8.14.49-AM.jpeg\" alt=\"Consejo Provincial con la Dra Silvia C\" width=\"411\" height=\"309\" \/><\/p>\n<p>Este d\u00eda ha sido para toda la Congregaci\u00f3n un momento de gracia, que renueva el compromiso con la misi\u00f3n eudista, fortalece la unidad fraterna y alimenta la esperanza de ver un d\u00eda elevado a los altares a quien fue sembrador de fe, justicia y dignidad entre los m\u00e1s pobres: el Padre Rafael Garc\u00eda Herreros<\/p>\n","protected":false},"excerpt":{"rendered":"<p>El Consejo General de los Eudistas participa en la Audiencia General con el Papa Le\u00f3n XIV, en el marco del Centenario de la Canonizaci\u00f3n de San Juan Eudes Con inmenso gozo y profunda comuni\u00f3n eclesial, la Congregaci\u00f3n de Jes\u00fas y Mar\u00eda \u2013 Eudistas ha participado este mi\u00e9rcoles en la Audiencia General presidida por el Santo [&hellip;]<\/p>\n","protected":false},"author":7,"featured_media":7229,"comment_status":"closed","ping_status":"closed","sticky":false,"template":"","format":"standard","meta":{"_et_pb_use_builder":"","_et_pb_old_content":"","_et_gb_content_width":"","footnotes":""},"categories":[13],"tags":[353,352,342],"class_list":["post-7228","post","type-post","status-publish","format-standard","has-post-thumbnail","hentry","category-actualidad-eudista","tag-eudistas-en-roma","tag-leon-xiv","tag-papa-leon-xiv"],"yoast_head":"<!-- This site is optimized with the Yoast SEO plugin v27.2 - https:\/\/yoast.com\/product\/yoast-seo-wordpress\/ -->\n<title>El Papa saluda a los Eudistas por los 100 a\u00f1os de la canonizaci\u00f3n de San Juan Eudes - Eudistas MD<\/title>\n<meta name=\"robots\" content=\"index, follow, max-snippet:-1, max-image-preview:large, max-video-preview:-1\" \/>\n<link rel=\"canonical\" href=\"https:\/\/www.eudistasmd.org\/index.php\/2025\/05\/28\/el-papa-saluda-a-los-eudistas-por-los-100-anos-de-la-canonizacion-de-san-juan-eudes\/\" \/>\n<meta property=\"og:locale\" content=\"es_ES\" \/>\n<meta property=\"og:type\" content=\"article\" \/>\n<meta property=\"og:title\" content=\"El Papa saluda a los Eudistas por los 100 a\u00f1os de la canonizaci\u00f3n de San Juan Eudes - Eudistas MD\" \/>\n<meta property=\"og:description\" content=\"El Consejo General de los Eudistas participa en la Audiencia General con el Papa Le\u00f3n XIV, en el marco del Centenario de la Canonizaci\u00f3n de San Juan Eudes Con inmenso gozo y profunda comuni\u00f3n eclesial, la Congregaci\u00f3n de Jes\u00fas y Mar\u00eda \u2013 Eudistas ha participado este mi\u00e9rcoles en la Audiencia General presidida por el Santo [&hellip;]\" \/>\n<meta property=\"og:url\" content=\"https:\/\/www.eudistasmd.org\/index.php\/2025\/05\/28\/el-papa-saluda-a-los-eudistas-por-los-100-anos-de-la-canonizacion-de-san-juan-eudes\/\" \/>\n<meta property=\"og:site_name\" content=\"Eudistas MD\" \/>\n<meta property=\"article:published_time\" content=\"2025-05-28T17:38:34+00:00\" \/>\n<meta property=\"og:image\" content=\"https:\/\/www.eudistasmd.org\/wp-content\/uploads\/2025\/05\/WhatsApp-Image-2025-05-28-at-11.52.58-AM.jpeg\" \/>\n\t<meta property=\"og:image:width\" content=\"800\" \/>\n\t<meta property=\"og:image:height\" content=\"533\" \/>\n\t<meta property=\"og:image:type\" content=\"image\/jpeg\" \/>\n<meta name=\"author\" content=\"Angie Stacy Rodr\u00edguez G\u00f3mez\" \/>\n<meta name=\"twitter:card\" content=\"summary_large_image\" \/>\n<meta name=\"twitter:label1\" content=\"Escrito por\" \/>\n\t<meta name=\"twitter:data1\" content=\"Angie Stacy Rodr\u00edguez G\u00f3mez\" \/>\n\t<meta name=\"twitter:label2\" content=\"Tiempo de lectura\" \/>\n\t<meta name=\"twitter:data2\" content=\"2 minutos\" \/>\n<script type=\"application\/ld+json\" class=\"yoast-schema-graph\">{\"@context\":\"https:\/\/schema.org\",\"@graph\":[{\"@type\":\"Article\",\"@id\":\"https:\/\/www.eudistasmd.org\/index.php\/2025\/05\/28\/el-papa-saluda-a-los-eudistas-por-los-100-anos-de-la-canonizacion-de-san-juan-eudes\/#article\",\"isPartOf\":{\"@id\":\"https:\/\/www.eudistasmd.org\/index.php\/2025\/05\/28\/el-papa-saluda-a-los-eudistas-por-los-100-anos-de-la-canonizacion-de-san-juan-eudes\/\"},\"author\":{\"name\":\"Angie Stacy Rodr\u00edguez G\u00f3mez\",\"@id\":\"https:\/\/www.eudistasmd.org\/#\/schema\/person\/ea031151eedd6aedadcdb515522d15d5\"},\"headline\":\"El Papa saluda a los Eudistas por los 100 a\u00f1os de la canonizaci\u00f3n de San Juan Eudes\",\"datePublished\":\"2025-05-28T17:38:34+00:00\",\"mainEntityOfPage\":{\"@id\":\"https:\/\/www.eudistasmd.org\/index.php\/2025\/05\/28\/el-papa-saluda-a-los-eudistas-por-los-100-anos-de-la-canonizacion-de-san-juan-eudes\/\"},\"wordCount\":328,\"image\":{\"@id\":\"https:\/\/www.eudistasmd.org\/index.php\/2025\/05\/28\/el-papa-saluda-a-los-eudistas-por-los-100-anos-de-la-canonizacion-de-san-juan-eudes\/#primaryimage\"},\"thumbnailUrl\":\"https:\/\/www.eudistasmd.org\/wp-content\/uploads\/2025\/05\/WhatsApp-Image-2025-05-28-at-11.52.58-AM.jpeg\",\"keywords\":[\"Eudistas en Roma\",\"LE\u00d3N XIV\",\"Papa Le\u00f3n XIV\"],\"articleSection\":[\"Actualidad Eudista\"],\"inLanguage\":\"es\"},{\"@type\":\"WebPage\",\"@id\":\"https:\/\/www.eudistasmd.org\/index.php\/2025\/05\/28\/el-papa-saluda-a-los-eudistas-por-los-100-anos-de-la-canonizacion-de-san-juan-eudes\/\",\"url\":\"https:\/\/www.eudistasmd.org\/index.php\/2025\/05\/28\/el-papa-saluda-a-los-eudistas-por-los-100-anos-de-la-canonizacion-de-san-juan-eudes\/\",\"name\":\"El Papa saluda a los Eudistas por los 100 a\u00f1os de la canonizaci\u00f3n de San Juan Eudes - Eudistas MD\",\"isPartOf\":{\"@id\":\"https:\/\/www.eudistasmd.org\/#website\"},\"primaryImageOfPage\":{\"@id\":\"https:\/\/www.eudistasmd.org\/index.php\/2025\/05\/28\/el-papa-saluda-a-los-eudistas-por-los-100-anos-de-la-canonizacion-de-san-juan-eudes\/#primaryimage\"},\"image\":{\"@id\":\"https:\/\/www.eudistasmd.org\/index.php\/2025\/05\/28\/el-papa-saluda-a-los-eudistas-por-los-100-anos-de-la-canonizacion-de-san-juan-eudes\/#primaryimage\"},\"thumbnailUrl\":\"https:\/\/www.eudistasmd.org\/wp-content\/uploads\/2025\/05\/WhatsApp-Image-2025-05-28-at-11.52.58-AM.jpeg\",\"datePublished\":\"2025-05-28T17:38:34+00:00\",\"author\":{\"@id\":\"https:\/\/www.eudistasmd.org\/#\/schema\/person\/ea031151eedd6aedadcdb515522d15d5\"},\"breadcrumb\":{\"@id\":\"https:\/\/www.eudistasmd.org\/index.php\/2025\/05\/28\/el-papa-saluda-a-los-eudistas-por-los-100-anos-de-la-canonizacion-de-san-juan-eudes\/#breadcrumb\"},\"inLanguage\":\"es\",\"potentialAction\":[{\"@type\":\"ReadAction\",\"target\":[\"https:\/\/www.eudistasmd.org\/index.php\/2025\/05\/28\/el-papa-saluda-a-los-eudistas-por-los-100-anos-de-la-canonizacion-de-san-juan-eudes\/\"]}]},{\"@type\":\"ImageObject\",\"inLanguage\":\"es\",\"@id\":\"https:\/\/www.eudistasmd.org\/index.php\/2025\/05\/28\/el-papa-saluda-a-los-eudistas-por-los-100-anos-de-la-canonizacion-de-san-juan-eudes\/#primaryimage\",\"url\":\"https:\/\/www.eudistasmd.org\/wp-content\/uploads\/2025\/05\/WhatsApp-Image-2025-05-28-at-11.52.58-AM.jpeg\",\"contentUrl\":\"https:\/\/www.eudistasmd.org\/wp-content\/uploads\/2025\/05\/WhatsApp-Image-2025-05-28-at-11.52.58-AM.jpeg\",\"width\":800,\"height\":533,\"caption\":\"Entrega de presente eudista al Papa Le\u00f3n XIV\"},{\"@type\":\"BreadcrumbList\",\"@id\":\"https:\/\/www.eudistasmd.org\/index.php\/2025\/05\/28\/el-papa-saluda-a-los-eudistas-por-los-100-anos-de-la-canonizacion-de-san-juan-eudes\/#breadcrumb\",\"itemListElement\":[{\"@type\":\"ListItem\",\"position\":1,\"name\":\"Portada\",\"item\":\"https:\/\/www.eudistasmd.org\/\"},{\"@type\":\"ListItem\",\"position\":2,\"name\":\"El Papa saluda a los Eudistas por los 100 a\u00f1os de la canonizaci\u00f3n de San Juan Eudes\"}]},{\"@type\":\"WebSite\",\"@id\":\"https:\/\/www.eudistasmd.org\/#website\",\"url\":\"https:\/\/www.eudistasmd.org\/\",\"name\":\"Eudistas MD\",\"description\":\"Esta Provincia naci\u00f3 de la obra fundada por el padre eudista: Rafael Garc\u00eda Herreros. Este Don del Minuto de Dios ha sido encomendado a los los Eudistas del El Minuto de Dios, quienes se dedican a la Evangelizaci\u00f3n, la Formaci\u00f3n, y al servicio a los m\u00e1s pobres a trav\u00e9s de la Organizaci\u00f3n Minuto de Dios.\",\"potentialAction\":[{\"@type\":\"SearchAction\",\"target\":{\"@type\":\"EntryPoint\",\"urlTemplate\":\"https:\/\/www.eudistasmd.org\/?s={search_term_string}\"},\"query-input\":{\"@type\":\"PropertyValueSpecification\",\"valueRequired\":true,\"valueName\":\"search_term_string\"}}],\"inLanguage\":\"es\"},{\"@type\":\"Person\",\"@id\":\"https:\/\/www.eudistasmd.org\/#\/schema\/person\/ea031151eedd6aedadcdb515522d15d5\",\"name\":\"Angie Stacy Rodr\u00edguez G\u00f3mez\",\"image\":{\"@type\":\"ImageObject\",\"inLanguage\":\"es\",\"@id\":\"https:\/\/secure.gravatar.com\/avatar\/08c6f46fb8b7d2682b0cdfd76fb248e50ae4b1eeed14c21faf047e138ae11aa3?s=96&d=mm&r=g\",\"url\":\"https:\/\/secure.gravatar.com\/avatar\/08c6f46fb8b7d2682b0cdfd76fb248e50ae4b1eeed14c21faf047e138ae11aa3?s=96&d=mm&r=g\",\"contentUrl\":\"https:\/\/secure.gravatar.com\/avatar\/08c6f46fb8b7d2682b0cdfd76fb248e50ae4b1eeed14c21faf047e138ae11aa3?s=96&d=mm&r=g\",\"caption\":\"Angie Stacy Rodr\u00edguez G\u00f3mez\"},\"url\":\"https:\/\/www.eudistasmd.org\/index.php\/author\/noticias-editoramd\/\"}]}<\/script>\n<!-- \/ Yoast SEO plugin. -->","yoast_head_json":{"title":"El Papa saluda a los Eudistas por los 100 a\u00f1os de la canonizaci\u00f3n de San Juan Eudes - Eudistas MD","robots":{"index":"index","follow":"follow","max-snippet":"max-snippet:-1","max-image-preview":"max-image-preview:large","max-video-preview":"max-video-preview:-1"},"canonical":"https:\/\/www.eudistasmd.org\/index.php\/2025\/05\/28\/el-papa-saluda-a-los-eudistas-por-los-100-anos-de-la-canonizacion-de-san-juan-eudes\/","og_locale":"es_ES","og_type":"article","og_title":"El Papa saluda a los Eudistas por los 100 a\u00f1os de la canonizaci\u00f3n de San Juan Eudes - Eudistas MD","og_description":"El Consejo General de los Eudistas participa en la Audiencia General con el Papa Le\u00f3n XIV, en el marco del Centenario de la Canonizaci\u00f3n de San Juan Eudes Con inmenso gozo y profunda comuni\u00f3n eclesial, la Congregaci\u00f3n de Jes\u00fas y Mar\u00eda \u2013 Eudistas ha participado este mi\u00e9rcoles en la Audiencia General presidida por el Santo [&hellip;]","og_url":"https:\/\/www.eudistasmd.org\/index.php\/2025\/05\/28\/el-papa-saluda-a-los-eudistas-por-los-100-anos-de-la-canonizacion-de-san-juan-eudes\/","og_site_name":"Eudistas MD","article_published_time":"2025-05-28T17:38:34+00:00","og_image":[{"width":800,"height":533,"url":"https:\/\/www.eudistasmd.org\/wp-content\/uploads\/2025\/05\/WhatsApp-Image-2025-05-28-at-11.52.58-AM.jpeg","type":"image\/jpeg"}],"author":"Angie Stacy Rodr\u00edguez G\u00f3mez","twitter_card":"summary_large_image","twitter_misc":{"Escrito por":"Angie Stacy Rodr\u00edguez G\u00f3mez","Tiempo de lectura":"2 minutos"},"schema":{"@context":"https:\/\/schema.org","@graph":[{"@type":"Article","@id":"https:\/\/www.eudistasmd.org\/index.php\/2025\/05\/28\/el-papa-saluda-a-los-eudistas-por-los-100-anos-de-la-canonizacion-de-san-juan-eudes\/#article","isPartOf":{"@id":"https:\/\/www.eudistasmd.org\/index.php\/2025\/05\/28\/el-papa-saluda-a-los-eudistas-por-los-100-anos-de-la-canonizacion-de-san-juan-eudes\/"},"author":{"name":"Angie Stacy Rodr\u00edguez G\u00f3mez","@id":"https:\/\/www.eudistasmd.org\/#\/schema\/person\/ea031151eedd6aedadcdb515522d15d5"},"headline":"El Papa saluda a los Eudistas por los 100 a\u00f1os de la canonizaci\u00f3n de San Juan Eudes","datePublished":"2025-05-28T17:38:34+00:00","mainEntityOfPage":{"@id":"https:\/\/www.eudistasmd.org\/index.php\/2025\/05\/28\/el-papa-saluda-a-los-eudistas-por-los-100-anos-de-la-canonizacion-de-san-juan-eudes\/"},"wordCount":328,"image":{"@id":"https:\/\/www.eudistasmd.org\/index.php\/2025\/05\/28\/el-papa-saluda-a-los-eudistas-por-los-100-anos-de-la-canonizacion-de-san-juan-eudes\/#primaryimage"},"thumbnailUrl":"https:\/\/www.eudistasmd.org\/wp-content\/uploads\/2025\/05\/WhatsApp-Image-2025-05-28-at-11.52.58-AM.jpeg","keywords":["Eudistas en Roma","LE\u00d3N XIV","Papa Le\u00f3n XIV"],"articleSection":["Actualidad Eudista"],"inLanguage":"es"},{"@type":"WebPage","@id":"https:\/\/www.eudistasmd.org\/index.php\/2025\/05\/28\/el-papa-saluda-a-los-eudistas-por-los-100-anos-de-la-canonizacion-de-san-juan-eudes\/","url":"https:\/\/www.eudistasmd.org\/index.php\/2025\/05\/28\/el-papa-saluda-a-los-eudistas-por-los-100-anos-de-la-canonizacion-de-san-juan-eudes\/","name":"El Papa saluda a los Eudistas por los 100 a\u00f1os de la canonizaci\u00f3n de San Juan Eudes - Eudistas MD","isPartOf":{"@id":"https:\/\/www.eudistasmd.org\/#website"},"primaryImageOfPage":{"@id":"https:\/\/www.eudistasmd.org\/index.php\/2025\/05\/28\/el-papa-saluda-a-los-eudistas-por-los-100-anos-de-la-canonizacion-de-san-juan-eudes\/#primaryimage"},"image":{"@id":"https:\/\/www.eudistasmd.org\/index.php\/2025\/05\/28\/el-papa-saluda-a-los-eudistas-por-los-100-anos-de-la-canonizacion-de-san-juan-eudes\/#primaryimage"},"thumbnailUrl":"https:\/\/www.eudistasmd.org\/wp-content\/uploads\/2025\/05\/WhatsApp-Image-2025-05-28-at-11.52.58-AM.jpeg","datePublished":"2025-05-28T17:38:34+00:00","author":{"@id":"https:\/\/www.eudistasmd.org\/#\/schema\/person\/ea031151eedd6aedadcdb515522d15d5"},"breadcrumb":{"@id":"https:\/\/www.eudistasmd.org\/index.php\/2025\/05\/28\/el-papa-saluda-a-los-eudistas-por-los-100-anos-de-la-canonizacion-de-san-juan-eudes\/#breadcrumb"},"inLanguage":"es","potentialAction":[{"@type":"ReadAction","target":["https:\/\/www.eudistasmd.org\/index.php\/2025\/05\/28\/el-papa-saluda-a-los-eudistas-por-los-100-anos-de-la-canonizacion-de-san-juan-eudes\/"]}]},{"@type":"ImageObject","inLanguage":"es","@id":"https:\/\/www.eudistasmd.org\/index.php\/2025\/05\/28\/el-papa-saluda-a-los-eudistas-por-los-100-anos-de-la-canonizacion-de-san-juan-eudes\/#primaryimage","url":"https:\/\/www.eudistasmd.org\/wp-content\/uploads\/2025\/05\/WhatsApp-Image-2025-05-28-at-11.52.58-AM.jpeg","contentUrl":"https:\/\/www.eudistasmd.org\/wp-content\/uploads\/2025\/05\/WhatsApp-Image-2025-05-28-at-11.52.58-AM.jpeg","width":800,"height":533,"caption":"Entrega de presente eudista al Papa Le\u00f3n XIV"},{"@type":"BreadcrumbList","@id":"https:\/\/www.eudistasmd.org\/index.php\/2025\/05\/28\/el-papa-saluda-a-los-eudistas-por-los-100-anos-de-la-canonizacion-de-san-juan-eudes\/#breadcrumb","itemListElement":[{"@type":"ListItem","position":1,"name":"Portada","item":"https:\/\/www.eudistasmd.org\/"},{"@type":"ListItem","position":2,"name":"El Papa saluda a los Eudistas por los 100 a\u00f1os de la canonizaci\u00f3n de San Juan Eudes"}]},{"@type":"WebSite","@id":"https:\/\/www.eudistasmd.org\/#website","url":"https:\/\/www.eudistasmd.org\/","name":"Eudistas MD","description":"Esta Provincia naci\u00f3 de la obra fundada por el padre eudista: Rafael Garc\u00eda Herreros. Este Don del Minuto de Dios ha sido encomendado a los los Eudistas del El Minuto de Dios, quienes se dedican a la Evangelizaci\u00f3n, la Formaci\u00f3n, y al servicio a los m\u00e1s pobres a trav\u00e9s de la Organizaci\u00f3n Minuto de Dios.","potentialAction":[{"@type":"SearchAction","target":{"@type":"EntryPoint","urlTemplate":"https:\/\/www.eudistasmd.org\/?s={search_term_string}"},"query-input":{"@type":"PropertyValueSpecification","valueRequired":true,"valueName":"search_term_string"}}],"inLanguage":"es"},{"@type":"Person","@id":"https:\/\/www.eudistasmd.org\/#\/schema\/person\/ea031151eedd6aedadcdb515522d15d5","name":"Angie Stacy Rodr\u00edguez G\u00f3mez","image":{"@type":"ImageObject","inLanguage":"es","@id":"https:\/\/secure.gravatar.com\/avatar\/08c6f46fb8b7d2682b0cdfd76fb248e50ae4b1eeed14c21faf047e138ae11aa3?s=96&d=mm&r=g","url":"https:\/\/secure.gravatar.com\/avatar\/08c6f46fb8b7d2682b0cdfd76fb248e50ae4b1eeed14c21faf047e138ae11aa3?s=96&d=mm&r=g","contentUrl":"https:\/\/secure.gravatar.com\/avatar\/08c6f46fb8b7d2682b0cdfd76fb248e50ae4b1eeed14c21faf047e138ae11aa3?s=96&d=mm&r=g","caption":"Angie Stacy Rodr\u00edguez G\u00f3mez"},"url":"https:\/\/www.eudistasmd.org\/index.php\/author\/noticias-editoramd\/"}]}},"_links":{"self":[{"href":"https:\/\/www.eudistasmd.org\/index.php\/wp-json\/wp\/v2\/posts\/7228","targetHints":{"allow":["GET"]}}],"collection":[{"href":"https:\/\/www.eudistasmd.org\/index.php\/wp-json\/wp\/v2\/posts"}],"about":[{"href":"https:\/\/www.eudistasmd.org\/index.php\/wp-json\/wp\/v2\/types\/post"}],"author":[{"embeddable":true,"href":"https:\/\/www.eudistasmd.org\/index.php\/wp-json\/wp\/v2\/users\/7"}],"replies":[{"embeddable":true,"href":"https:\/\/www.eudistasmd.org\/index.php\/wp-json\/wp\/v2\/comments?post=7228"}],"version-history":[{"count":1,"href":"https:\/\/www.eudistasmd.org\/index.php\/wp-json\/wp\/v2\/posts\/7228\/revisions"}],"predecessor-version":[{"id":7231,"href":"https:\/\/www.eudistasmd.org\/index.php\/wp-json\/wp\/v2\/posts\/7228\/revisions\/7231"}],"wp:featuredmedia":[{"embeddable":true,"href":"https:\/\/www.eudistasmd.org\/index.php\/wp-json\/wp\/v2\/media\/7229"}],"wp:attachment":[{"href":"https:\/\/www.eudistasmd.org\/index.php\/wp-json\/wp\/v2\/media?parent=7228"}],"wp:term":[{"taxonomy":"category","embeddable":true,"href":"https:\/\/www.eudistasmd.org\/index.php\/wp-json\/wp\/v2\/categories?post=7228"},{"taxonomy":"post_tag","embeddable":true,"href":"https:\/\/www.eudistasmd.org\/index.php\/wp-json\/wp\/v2\/tags?post=7228"}],"curies":[{"name":"wp","href":"https:\/\/api.w.org\/{rel}","templated":true}]}}