{"id":7225,"date":"2025-05-27T12:32:30","date_gmt":"2025-05-27T17:32:30","guid":{"rendered":"https:\/\/www.eudistasmd.org\/?p=7225"},"modified":"2025-05-27T12:32:30","modified_gmt":"2025-05-27T17:32:30","slug":"religiosos-de-colombia-eligen-nueva-junta-directiva-en-un-encuentro-marcado-por-la-sinodalidad-y-la-esperanza","status":"publish","type":"post","link":"https:\/\/www.eudistasmd.org\/index.php\/2025\/05\/27\/religiosos-de-colombia-eligen-nueva-junta-directiva-en-un-encuentro-marcado-por-la-sinodalidad-y-la-esperanza\/","title":{"rendered":"Religiosos de Colombia eligen nueva Junta Directiva en un encuentro marcado por la sinodalidad y la esperanza"},"content":{"rendered":"<p>Con el deseo profundo de caminar juntos y renovar el compromiso de la vida consagrada en Colombia, m\u00e1s de un centenar de superiores mayores religiosos del pa\u00eds se reunieron los d\u00edas 17 y 18 de mayo en la Universidad Santo Tom\u00e1s de Bogot\u00e1 para celebrar la LXIV Asamblea General Electiva de la Conferencia de Religiosos de Colombia (CRC). En un ambiente de fraternidad, discernimiento y escucha, los participantes eligieron a la nueva Junta Directiva para el trienio 2025\u20132028 y reflexionaron sobre el ejercicio de la autoridad desde una perspectiva sinodal.<\/p>\n<p>La Asamblea fue inaugurada con una Eucarist\u00eda presidida por el Cardenal Luis Jos\u00e9 Rueda Aparicio, quien transmiti\u00f3 los saludos y la cercan\u00eda del Papa Le\u00f3n XIV a las comunidades religiosas, e invit\u00f3 a los presentes a fortalecer los lazos de amor y comuni\u00f3n como testigos del Evangelio.<\/p>\n<p>El presidente saliente de la CRC, padre Hermann Rodr\u00edguez Osorio, SJ, dio la bienvenida citando al Papa Francisco: <em>\u201cLos religiosos y religiosas son poetas sociales\u201d<\/em>, resaltando as\u00ed la vocaci\u00f3n transformadora de la vida consagrada.<\/p>\n<p>Entre los asistentes estuvo el padre Maynor Chavarr\u00eda Reyes, cjm, delegado de la Provincia Eudista Minuto de Dios, quien defini\u00f3 este espacio como \u201cun encuentro de comuni\u00f3n y sinodalidad, donde se descubre cada carisma al servicio de la Iglesia y la sociedad\u201d.<\/p>\n<p>Como fruto del discernimiento colectivo, fue elegida como presidenta de la nueva Junta Directiva para el periodo 2025\u20132028 la hermana Patricia Milena Osorno Zuluaga, CCV, de las Carmelitas de la Caridad Vedruna, quien expres\u00f3 su gratitud y disponibilidad para asumir este nuevo servicio. En sus primeras palabras, afirm\u00f3: <em>\u201cSin miedo a ser peque\u00f1os en n\u00famero, pero grandes en unidad\u201d<\/em>, dejando entrever la fuerza del compromiso colectivo.<\/p>\n<p>La Asamblea concluy\u00f3 con un renovado llamado a ser signos prof\u00e9ticos en la Iglesia y el mundo, avanzando unidos en la misi\u00f3n de construir una vida religiosa m\u00e1s sinodal, cercana y esperanzadora.<\/p>\n<p>&nbsp;<\/p>\n<p><a title=\"Conferencia de Religiosos de Colombia\" href=\"https:\/\/www.flickr.com\/photos\/200276192@N06\/albums\/72177720326428652\" data-flickr-embed=\"true\" data-header=\"true\" data-footer=\"true\"><img loading=\"lazy\" decoding=\"async\" class=\"aligncenter\" src=\"https:\/\/live.staticflickr.com\/65535\/54549512016_01e59f39ca_z.jpg\" alt=\"Conferencia de Religiosos de Colombia\" width=\"640\" height=\"480\" \/><\/a><script async src=\"\/\/embedr.flickr.com\/assets\/client-code.js\" charset=\"utf-8\"><\/script><\/p>\n","protected":false},"excerpt":{"rendered":"<p>Con el deseo profundo de caminar juntos y renovar el compromiso de la vida consagrada en Colombia, m\u00e1s de un centenar de superiores mayores religiosos del pa\u00eds se reunieron los d\u00edas 17 y 18 de mayo en la Universidad Santo Tom\u00e1s de Bogot\u00e1 para celebrar la LXIV Asamblea General Electiva de la Conferencia de Religiosos [&hellip;]<\/p>\n","protected":false},"author":7,"featured_media":7226,"comment_status":"closed","ping_status":"closed","sticky":false,"template":"","format":"standard","meta":{"_et_pb_use_builder":"","_et_pb_old_content":"","_et_gb_content_width":"","footnotes":""},"categories":[13],"tags":[350,22,351],"class_list":["post-7225","post","type-post","status-publish","format-standard","has-post-thumbnail","hentry","category-actualidad-eudista","tag-conferencia-de-religiosos-de-colombia","tag-eudistas","tag-religiosos-de-colombia"],"yoast_head":"<!-- This site is optimized with the Yoast SEO plugin v27.2 - https:\/\/yoast.com\/product\/yoast-seo-wordpress\/ -->\n<title>Religiosos de Colombia eligen nueva Junta Directiva en un encuentro marcado por la sinodalidad y la esperanza - Eudistas MD<\/title>\n<meta name=\"robots\" content=\"index, follow, max-snippet:-1, max-image-preview:large, max-video-preview:-1\" \/>\n<link rel=\"canonical\" href=\"https:\/\/www.eudistasmd.org\/index.php\/2025\/05\/27\/religiosos-de-colombia-eligen-nueva-junta-directiva-en-un-encuentro-marcado-por-la-sinodalidad-y-la-esperanza\/\" \/>\n<meta property=\"og:locale\" content=\"es_ES\" \/>\n<meta property=\"og:type\" content=\"article\" \/>\n<meta property=\"og:title\" content=\"Religiosos de Colombia eligen nueva Junta Directiva en un encuentro marcado por la sinodalidad y la esperanza - Eudistas MD\" \/>\n<meta property=\"og:description\" content=\"Con el deseo profundo de caminar juntos y renovar el compromiso de la vida consagrada en Colombia, m\u00e1s de un centenar de superiores mayores religiosos del pa\u00eds se reunieron los d\u00edas 17 y 18 de mayo en la Universidad Santo Tom\u00e1s de Bogot\u00e1 para celebrar la LXIV Asamblea General Electiva de la Conferencia de Religiosos [&hellip;]\" \/>\n<meta property=\"og:url\" content=\"https:\/\/www.eudistasmd.org\/index.php\/2025\/05\/27\/religiosos-de-colombia-eligen-nueva-junta-directiva-en-un-encuentro-marcado-por-la-sinodalidad-y-la-esperanza\/\" \/>\n<meta property=\"og:site_name\" content=\"Eudistas MD\" \/>\n<meta property=\"article:published_time\" content=\"2025-05-27T17:32:30+00:00\" \/>\n<meta property=\"og:image\" content=\"https:\/\/www.eudistasmd.org\/wp-content\/uploads\/2025\/05\/WhatsApp-Image-2025-05-26-at-11.23.28-AM-2.jpeg\" \/>\n\t<meta property=\"og:image:width\" content=\"1600\" \/>\n\t<meta property=\"og:image:height\" content=\"1200\" \/>\n\t<meta property=\"og:image:type\" content=\"image\/jpeg\" \/>\n<meta name=\"author\" content=\"Angie Stacy Rodr\u00edguez G\u00f3mez\" \/>\n<meta name=\"twitter:card\" content=\"summary_large_image\" \/>\n<meta name=\"twitter:label1\" content=\"Escrito por\" \/>\n\t<meta name=\"twitter:data1\" content=\"Angie Stacy Rodr\u00edguez G\u00f3mez\" \/>\n\t<meta name=\"twitter:label2\" content=\"Tiempo de lectura\" \/>\n\t<meta name=\"twitter:data2\" content=\"2 minutos\" \/>\n<script type=\"application\/ld+json\" class=\"yoast-schema-graph\">{\"@context\":\"https:\/\/schema.org\",\"@graph\":[{\"@type\":\"Article\",\"@id\":\"https:\/\/www.eudistasmd.org\/index.php\/2025\/05\/27\/religiosos-de-colombia-eligen-nueva-junta-directiva-en-un-encuentro-marcado-por-la-sinodalidad-y-la-esperanza\/#article\",\"isPartOf\":{\"@id\":\"https:\/\/www.eudistasmd.org\/index.php\/2025\/05\/27\/religiosos-de-colombia-eligen-nueva-junta-directiva-en-un-encuentro-marcado-por-la-sinodalidad-y-la-esperanza\/\"},\"author\":{\"name\":\"Angie Stacy Rodr\u00edguez G\u00f3mez\",\"@id\":\"https:\/\/www.eudistasmd.org\/#\/schema\/person\/ea031151eedd6aedadcdb515522d15d5\"},\"headline\":\"Religiosos de Colombia eligen nueva Junta Directiva en un encuentro marcado por la sinodalidad y la esperanza\",\"datePublished\":\"2025-05-27T17:32:30+00:00\",\"mainEntityOfPage\":{\"@id\":\"https:\/\/www.eudistasmd.org\/index.php\/2025\/05\/27\/religiosos-de-colombia-eligen-nueva-junta-directiva-en-un-encuentro-marcado-por-la-sinodalidad-y-la-esperanza\/\"},\"wordCount\":342,\"image\":{\"@id\":\"https:\/\/www.eudistasmd.org\/index.php\/2025\/05\/27\/religiosos-de-colombia-eligen-nueva-junta-directiva-en-un-encuentro-marcado-por-la-sinodalidad-y-la-esperanza\/#primaryimage\"},\"thumbnailUrl\":\"https:\/\/www.eudistasmd.org\/wp-content\/uploads\/2025\/05\/WhatsApp-Image-2025-05-26-at-11.23.28-AM-2.jpeg\",\"keywords\":[\"Conferencia de religiosos de Colombia\",\"Eudistas\",\"Religiosos de Colombia\"],\"articleSection\":[\"Actualidad Eudista\"],\"inLanguage\":\"es\"},{\"@type\":\"WebPage\",\"@id\":\"https:\/\/www.eudistasmd.org\/index.php\/2025\/05\/27\/religiosos-de-colombia-eligen-nueva-junta-directiva-en-un-encuentro-marcado-por-la-sinodalidad-y-la-esperanza\/\",\"url\":\"https:\/\/www.eudistasmd.org\/index.php\/2025\/05\/27\/religiosos-de-colombia-eligen-nueva-junta-directiva-en-un-encuentro-marcado-por-la-sinodalidad-y-la-esperanza\/\",\"name\":\"Religiosos de Colombia eligen nueva Junta Directiva en un encuentro marcado por la sinodalidad y la esperanza - Eudistas MD\",\"isPartOf\":{\"@id\":\"https:\/\/www.eudistasmd.org\/#website\"},\"primaryImageOfPage\":{\"@id\":\"https:\/\/www.eudistasmd.org\/index.php\/2025\/05\/27\/religiosos-de-colombia-eligen-nueva-junta-directiva-en-un-encuentro-marcado-por-la-sinodalidad-y-la-esperanza\/#primaryimage\"},\"image\":{\"@id\":\"https:\/\/www.eudistasmd.org\/index.php\/2025\/05\/27\/religiosos-de-colombia-eligen-nueva-junta-directiva-en-un-encuentro-marcado-por-la-sinodalidad-y-la-esperanza\/#primaryimage\"},\"thumbnailUrl\":\"https:\/\/www.eudistasmd.org\/wp-content\/uploads\/2025\/05\/WhatsApp-Image-2025-05-26-at-11.23.28-AM-2.jpeg\",\"datePublished\":\"2025-05-27T17:32:30+00:00\",\"author\":{\"@id\":\"https:\/\/www.eudistasmd.org\/#\/schema\/person\/ea031151eedd6aedadcdb515522d15d5\"},\"breadcrumb\":{\"@id\":\"https:\/\/www.eudistasmd.org\/index.php\/2025\/05\/27\/religiosos-de-colombia-eligen-nueva-junta-directiva-en-un-encuentro-marcado-por-la-sinodalidad-y-la-esperanza\/#breadcrumb\"},\"inLanguage\":\"es\",\"potentialAction\":[{\"@type\":\"ReadAction\",\"target\":[\"https:\/\/www.eudistasmd.org\/index.php\/2025\/05\/27\/religiosos-de-colombia-eligen-nueva-junta-directiva-en-un-encuentro-marcado-por-la-sinodalidad-y-la-esperanza\/\"]}]},{\"@type\":\"ImageObject\",\"inLanguage\":\"es\",\"@id\":\"https:\/\/www.eudistasmd.org\/index.php\/2025\/05\/27\/religiosos-de-colombia-eligen-nueva-junta-directiva-en-un-encuentro-marcado-por-la-sinodalidad-y-la-esperanza\/#primaryimage\",\"url\":\"https:\/\/www.eudistasmd.org\/wp-content\/uploads\/2025\/05\/WhatsApp-Image-2025-05-26-at-11.23.28-AM-2.jpeg\",\"contentUrl\":\"https:\/\/www.eudistasmd.org\/wp-content\/uploads\/2025\/05\/WhatsApp-Image-2025-05-26-at-11.23.28-AM-2.jpeg\",\"width\":1600,\"height\":1200},{\"@type\":\"BreadcrumbList\",\"@id\":\"https:\/\/www.eudistasmd.org\/index.php\/2025\/05\/27\/religiosos-de-colombia-eligen-nueva-junta-directiva-en-un-encuentro-marcado-por-la-sinodalidad-y-la-esperanza\/#breadcrumb\",\"itemListElement\":[{\"@type\":\"ListItem\",\"position\":1,\"name\":\"Portada\",\"item\":\"https:\/\/www.eudistasmd.org\/\"},{\"@type\":\"ListItem\",\"position\":2,\"name\":\"Religiosos de Colombia eligen nueva Junta Directiva en un encuentro marcado por la sinodalidad y la esperanza\"}]},{\"@type\":\"WebSite\",\"@id\":\"https:\/\/www.eudistasmd.org\/#website\",\"url\":\"https:\/\/www.eudistasmd.org\/\",\"name\":\"Eudistas MD\",\"description\":\"Esta Provincia naci\u00f3 de la obra fundada por el padre eudista: Rafael Garc\u00eda Herreros. Este Don del Minuto de Dios ha sido encomendado a los los Eudistas del El Minuto de Dios, quienes se dedican a la Evangelizaci\u00f3n, la Formaci\u00f3n, y al servicio a los m\u00e1s pobres a trav\u00e9s de la Organizaci\u00f3n Minuto de Dios.\",\"potentialAction\":[{\"@type\":\"SearchAction\",\"target\":{\"@type\":\"EntryPoint\",\"urlTemplate\":\"https:\/\/www.eudistasmd.org\/?s={search_term_string}\"},\"query-input\":{\"@type\":\"PropertyValueSpecification\",\"valueRequired\":true,\"valueName\":\"search_term_string\"}}],\"inLanguage\":\"es\"},{\"@type\":\"Person\",\"@id\":\"https:\/\/www.eudistasmd.org\/#\/schema\/person\/ea031151eedd6aedadcdb515522d15d5\",\"name\":\"Angie Stacy Rodr\u00edguez G\u00f3mez\",\"image\":{\"@type\":\"ImageObject\",\"inLanguage\":\"es\",\"@id\":\"https:\/\/secure.gravatar.com\/avatar\/08c6f46fb8b7d2682b0cdfd76fb248e50ae4b1eeed14c21faf047e138ae11aa3?s=96&d=mm&r=g\",\"url\":\"https:\/\/secure.gravatar.com\/avatar\/08c6f46fb8b7d2682b0cdfd76fb248e50ae4b1eeed14c21faf047e138ae11aa3?s=96&d=mm&r=g\",\"contentUrl\":\"https:\/\/secure.gravatar.com\/avatar\/08c6f46fb8b7d2682b0cdfd76fb248e50ae4b1eeed14c21faf047e138ae11aa3?s=96&d=mm&r=g\",\"caption\":\"Angie Stacy Rodr\u00edguez G\u00f3mez\"},\"url\":\"https:\/\/www.eudistasmd.org\/index.php\/author\/noticias-editoramd\/\"}]}<\/script>\n<!-- \/ Yoast SEO plugin. -->","yoast_head_json":{"title":"Religiosos de Colombia eligen nueva Junta Directiva en un encuentro marcado por la sinodalidad y la esperanza - Eudistas MD","robots":{"index":"index","follow":"follow","max-snippet":"max-snippet:-1","max-image-preview":"max-image-preview:large","max-video-preview":"max-video-preview:-1"},"canonical":"https:\/\/www.eudistasmd.org\/index.php\/2025\/05\/27\/religiosos-de-colombia-eligen-nueva-junta-directiva-en-un-encuentro-marcado-por-la-sinodalidad-y-la-esperanza\/","og_locale":"es_ES","og_type":"article","og_title":"Religiosos de Colombia eligen nueva Junta Directiva en un encuentro marcado por la sinodalidad y la esperanza - Eudistas MD","og_description":"Con el deseo profundo de caminar juntos y renovar el compromiso de la vida consagrada en Colombia, m\u00e1s de un centenar de superiores mayores religiosos del pa\u00eds se reunieron los d\u00edas 17 y 18 de mayo en la Universidad Santo Tom\u00e1s de Bogot\u00e1 para celebrar la LXIV Asamblea General Electiva de la Conferencia de Religiosos [&hellip;]","og_url":"https:\/\/www.eudistasmd.org\/index.php\/2025\/05\/27\/religiosos-de-colombia-eligen-nueva-junta-directiva-en-un-encuentro-marcado-por-la-sinodalidad-y-la-esperanza\/","og_site_name":"Eudistas MD","article_published_time":"2025-05-27T17:32:30+00:00","og_image":[{"width":1600,"height":1200,"url":"https:\/\/www.eudistasmd.org\/wp-content\/uploads\/2025\/05\/WhatsApp-Image-2025-05-26-at-11.23.28-AM-2.jpeg","type":"image\/jpeg"}],"author":"Angie Stacy Rodr\u00edguez G\u00f3mez","twitter_card":"summary_large_image","twitter_misc":{"Escrito por":"Angie Stacy Rodr\u00edguez G\u00f3mez","Tiempo de lectura":"2 minutos"},"schema":{"@context":"https:\/\/schema.org","@graph":[{"@type":"Article","@id":"https:\/\/www.eudistasmd.org\/index.php\/2025\/05\/27\/religiosos-de-colombia-eligen-nueva-junta-directiva-en-un-encuentro-marcado-por-la-sinodalidad-y-la-esperanza\/#article","isPartOf":{"@id":"https:\/\/www.eudistasmd.org\/index.php\/2025\/05\/27\/religiosos-de-colombia-eligen-nueva-junta-directiva-en-un-encuentro-marcado-por-la-sinodalidad-y-la-esperanza\/"},"author":{"name":"Angie Stacy Rodr\u00edguez G\u00f3mez","@id":"https:\/\/www.eudistasmd.org\/#\/schema\/person\/ea031151eedd6aedadcdb515522d15d5"},"headline":"Religiosos de Colombia eligen nueva Junta Directiva en un encuentro marcado por la sinodalidad y la esperanza","datePublished":"2025-05-27T17:32:30+00:00","mainEntityOfPage":{"@id":"https:\/\/www.eudistasmd.org\/index.php\/2025\/05\/27\/religiosos-de-colombia-eligen-nueva-junta-directiva-en-un-encuentro-marcado-por-la-sinodalidad-y-la-esperanza\/"},"wordCount":342,"image":{"@id":"https:\/\/www.eudistasmd.org\/index.php\/2025\/05\/27\/religiosos-de-colombia-eligen-nueva-junta-directiva-en-un-encuentro-marcado-por-la-sinodalidad-y-la-esperanza\/#primaryimage"},"thumbnailUrl":"https:\/\/www.eudistasmd.org\/wp-content\/uploads\/2025\/05\/WhatsApp-Image-2025-05-26-at-11.23.28-AM-2.jpeg","keywords":["Conferencia de religiosos de Colombia","Eudistas","Religiosos de Colombia"],"articleSection":["Actualidad Eudista"],"inLanguage":"es"},{"@type":"WebPage","@id":"https:\/\/www.eudistasmd.org\/index.php\/2025\/05\/27\/religiosos-de-colombia-eligen-nueva-junta-directiva-en-un-encuentro-marcado-por-la-sinodalidad-y-la-esperanza\/","url":"https:\/\/www.eudistasmd.org\/index.php\/2025\/05\/27\/religiosos-de-colombia-eligen-nueva-junta-directiva-en-un-encuentro-marcado-por-la-sinodalidad-y-la-esperanza\/","name":"Religiosos de Colombia eligen nueva Junta Directiva en un encuentro marcado por la sinodalidad y la esperanza - Eudistas MD","isPartOf":{"@id":"https:\/\/www.eudistasmd.org\/#website"},"primaryImageOfPage":{"@id":"https:\/\/www.eudistasmd.org\/index.php\/2025\/05\/27\/religiosos-de-colombia-eligen-nueva-junta-directiva-en-un-encuentro-marcado-por-la-sinodalidad-y-la-esperanza\/#primaryimage"},"image":{"@id":"https:\/\/www.eudistasmd.org\/index.php\/2025\/05\/27\/religiosos-de-colombia-eligen-nueva-junta-directiva-en-un-encuentro-marcado-por-la-sinodalidad-y-la-esperanza\/#primaryimage"},"thumbnailUrl":"https:\/\/www.eudistasmd.org\/wp-content\/uploads\/2025\/05\/WhatsApp-Image-2025-05-26-at-11.23.28-AM-2.jpeg","datePublished":"2025-05-27T17:32:30+00:00","author":{"@id":"https:\/\/www.eudistasmd.org\/#\/schema\/person\/ea031151eedd6aedadcdb515522d15d5"},"breadcrumb":{"@id":"https:\/\/www.eudistasmd.org\/index.php\/2025\/05\/27\/religiosos-de-colombia-eligen-nueva-junta-directiva-en-un-encuentro-marcado-por-la-sinodalidad-y-la-esperanza\/#breadcrumb"},"inLanguage":"es","potentialAction":[{"@type":"ReadAction","target":["https:\/\/www.eudistasmd.org\/index.php\/2025\/05\/27\/religiosos-de-colombia-eligen-nueva-junta-directiva-en-un-encuentro-marcado-por-la-sinodalidad-y-la-esperanza\/"]}]},{"@type":"ImageObject","inLanguage":"es","@id":"https:\/\/www.eudistasmd.org\/index.php\/2025\/05\/27\/religiosos-de-colombia-eligen-nueva-junta-directiva-en-un-encuentro-marcado-por-la-sinodalidad-y-la-esperanza\/#primaryimage","url":"https:\/\/www.eudistasmd.org\/wp-content\/uploads\/2025\/05\/WhatsApp-Image-2025-05-26-at-11.23.28-AM-2.jpeg","contentUrl":"https:\/\/www.eudistasmd.org\/wp-content\/uploads\/2025\/05\/WhatsApp-Image-2025-05-26-at-11.23.28-AM-2.jpeg","width":1600,"height":1200},{"@type":"BreadcrumbList","@id":"https:\/\/www.eudistasmd.org\/index.php\/2025\/05\/27\/religiosos-de-colombia-eligen-nueva-junta-directiva-en-un-encuentro-marcado-por-la-sinodalidad-y-la-esperanza\/#breadcrumb","itemListElement":[{"@type":"ListItem","position":1,"name":"Portada","item":"https:\/\/www.eudistasmd.org\/"},{"@type":"ListItem","position":2,"name":"Religiosos de Colombia eligen nueva Junta Directiva en un encuentro marcado por la sinodalidad y la esperanza"}]},{"@type":"WebSite","@id":"https:\/\/www.eudistasmd.org\/#website","url":"https:\/\/www.eudistasmd.org\/","name":"Eudistas MD","description":"Esta Provincia naci\u00f3 de la obra fundada por el padre eudista: Rafael Garc\u00eda Herreros. Este Don del Minuto de Dios ha sido encomendado a los los Eudistas del El Minuto de Dios, quienes se dedican a la Evangelizaci\u00f3n, la Formaci\u00f3n, y al servicio a los m\u00e1s pobres a trav\u00e9s de la Organizaci\u00f3n Minuto de Dios.","potentialAction":[{"@type":"SearchAction","target":{"@type":"EntryPoint","urlTemplate":"https:\/\/www.eudistasmd.org\/?s={search_term_string}"},"query-input":{"@type":"PropertyValueSpecification","valueRequired":true,"valueName":"search_term_string"}}],"inLanguage":"es"},{"@type":"Person","@id":"https:\/\/www.eudistasmd.org\/#\/schema\/person\/ea031151eedd6aedadcdb515522d15d5","name":"Angie Stacy Rodr\u00edguez G\u00f3mez","image":{"@type":"ImageObject","inLanguage":"es","@id":"https:\/\/secure.gravatar.com\/avatar\/08c6f46fb8b7d2682b0cdfd76fb248e50ae4b1eeed14c21faf047e138ae11aa3?s=96&d=mm&r=g","url":"https:\/\/secure.gravatar.com\/avatar\/08c6f46fb8b7d2682b0cdfd76fb248e50ae4b1eeed14c21faf047e138ae11aa3?s=96&d=mm&r=g","contentUrl":"https:\/\/secure.gravatar.com\/avatar\/08c6f46fb8b7d2682b0cdfd76fb248e50ae4b1eeed14c21faf047e138ae11aa3?s=96&d=mm&r=g","caption":"Angie Stacy Rodr\u00edguez G\u00f3mez"},"url":"https:\/\/www.eudistasmd.org\/index.php\/author\/noticias-editoramd\/"}]}},"_links":{"self":[{"href":"https:\/\/www.eudistasmd.org\/index.php\/wp-json\/wp\/v2\/posts\/7225","targetHints":{"allow":["GET"]}}],"collection":[{"href":"https:\/\/www.eudistasmd.org\/index.php\/wp-json\/wp\/v2\/posts"}],"about":[{"href":"https:\/\/www.eudistasmd.org\/index.php\/wp-json\/wp\/v2\/types\/post"}],"author":[{"embeddable":true,"href":"https:\/\/www.eudistasmd.org\/index.php\/wp-json\/wp\/v2\/users\/7"}],"replies":[{"embeddable":true,"href":"https:\/\/www.eudistasmd.org\/index.php\/wp-json\/wp\/v2\/comments?post=7225"}],"version-history":[{"count":1,"href":"https:\/\/www.eudistasmd.org\/index.php\/wp-json\/wp\/v2\/posts\/7225\/revisions"}],"predecessor-version":[{"id":7227,"href":"https:\/\/www.eudistasmd.org\/index.php\/wp-json\/wp\/v2\/posts\/7225\/revisions\/7227"}],"wp:featuredmedia":[{"embeddable":true,"href":"https:\/\/www.eudistasmd.org\/index.php\/wp-json\/wp\/v2\/media\/7226"}],"wp:attachment":[{"href":"https:\/\/www.eudistasmd.org\/index.php\/wp-json\/wp\/v2\/media?parent=7225"}],"wp:term":[{"taxonomy":"category","embeddable":true,"href":"https:\/\/www.eudistasmd.org\/index.php\/wp-json\/wp\/v2\/categories?post=7225"},{"taxonomy":"post_tag","embeddable":true,"href":"https:\/\/www.eudistasmd.org\/index.php\/wp-json\/wp\/v2\/tags?post=7225"}],"curies":[{"name":"wp","href":"https:\/\/api.w.org\/{rel}","templated":true}]}}