{"id":7215,"date":"2025-05-20T17:44:39","date_gmt":"2025-05-20T22:44:39","guid":{"rendered":"https:\/\/www.eudistasmd.org\/?p=7215"},"modified":"2025-05-20T17:45:11","modified_gmt":"2025-05-20T22:45:11","slug":"minuto-de-dios-sin-basura-una-apuesta-por-la-ecologia-integral-y-la-transformacion-comunitaria","status":"publish","type":"post","link":"https:\/\/www.eudistasmd.org\/index.php\/2025\/05\/20\/minuto-de-dios-sin-basura-una-apuesta-por-la-ecologia-integral-y-la-transformacion-comunitaria\/","title":{"rendered":"\u201cMinuto de Dios sin Basura\u201d: una apuesta por la ecolog\u00eda integral y la transformaci\u00f3n comunitaria"},"content":{"rendered":"<p>En el marco de la conmemoraci\u00f3n de los 70 a\u00f1os de El Minuto de Dios en televisi\u00f3n, la Fundaci\u00f3n para el Desarrollo Agroecol\u00f3gico, Social y Econ\u00f3mico Sostenible Minuto de Dios \u2013 FUNDASES, en articulaci\u00f3n con otras entidades de El Minuto de Dios y la Provincia Eudista Minuto de Dios, ha lanzado el programa \u201cMinuto de Dios sin Basura\u201d: una iniciativa concreta que refleja el compromiso con la ecolog\u00eda integral y la conversi\u00f3n ecol\u00f3gica desde lo comunitario.<\/p>\n<p>Este programa surge como respuesta a los compromisos asumidos en la COP16 y a la Declaraci\u00f3n por la Biodiversidad y el Desarrollo Rural, reafirmando el llamado a cuidar la Casa Com\u00fan desde una mirada espiritual, social y ambiental.<\/p>\n<p><img loading=\"lazy\" decoding=\"async\" class=\"wp-image-7217 aligncenter\" src=\"https:\/\/www.eudistasmd.org\/wp-content\/uploads\/2025\/05\/WhatsApp-Image-2025-05-20-at-10.30.53-AM.jpeg\" alt=\"\" width=\"317\" height=\"238\" \/><\/p>\n<p><img loading=\"lazy\" decoding=\"async\" class=\"wp-image-7218 aligncenter\" src=\"https:\/\/www.eudistasmd.org\/wp-content\/uploads\/2025\/05\/WhatsApp-Image-2025-05-20-at-10.30.53-AM-2.jpeg\" alt=\"\" width=\"312\" height=\"234\" \/><\/p>\n<p>El proyecto inicia con un plan piloto en la ciudad de Bogot\u00e1, con miras a ser replicado posteriormente en otras regiones del pa\u00eds. Su n\u00facleo es la implementaci\u00f3n de una Ruta Org\u00e1nica, tanto en las entidades de El Minuto de Dios como en los barrios aleda\u00f1os, promoviendo la separaci\u00f3n y el aprovechamiento de residuos org\u00e1nicos, y fomentando una nueva cultura ambiental desde lo cotidiano.<\/p>\n<p>El proceso se desarrolla a trav\u00e9s de jornadas de formaci\u00f3n pr\u00e1ctica, articulaci\u00f3n entre actores del territorio, y generaci\u00f3n de estrategias comunitarias que fortalecen el tejido social. M\u00e1s all\u00e1 de una correcta gesti\u00f3n de residuos, se busca transformar la mirada sobre la basura, entendi\u00e9ndola no como desecho, sino como recurso valioso para la vida y el bien com\u00fan.<\/p>\n<p>Una de las apuestas m\u00e1s significativas del programa es la producci\u00f3n de abono org\u00e1nico mediante el compostaje, que servir\u00e1 para la creaci\u00f3n de huertas urbanas familiares, generando as\u00ed autonom\u00eda alimentaria, educaci\u00f3n ecol\u00f3gica y participaci\u00f3n ciudadana.<\/p>\n<p><img loading=\"lazy\" decoding=\"async\" class=\"wp-image-7220 alignleft\" src=\"https:\/\/www.eudistasmd.org\/wp-content\/uploads\/2025\/05\/WhatsApp-Image-2025-05-20-at-10.30.54-AM-2.jpeg\" alt=\"\" width=\"216\" height=\"162\" \/>Un componente clave ha sido la participaci\u00f3n activa de los candidatos eudistas de la Casa de Formaci\u00f3n La Misi\u00f3n, quienes han sido capacitados y certificados como promotores y multiplicadores de la iniciativa. Su liderazgo, testimonio y cercan\u00eda con la comunidad son una expresi\u00f3n concreta de la espiritualidad eudista en clave de conversi\u00f3n ecol\u00f3gica.<\/p>\n<p>\u201cMinuto de Dios sin Basura\u201d es m\u00e1s que una campa\u00f1a ambiental: es una expresi\u00f3n viva de la fe que se hace compromiso con la vida, el territorio y el cuidado de lo creado, inspirada por el Evangelio y en sinton\u00eda con el clamor de la tierra y de los pobres<\/p>\n<p>&nbsp;<\/p>\n","protected":false},"excerpt":{"rendered":"<p>En el marco de la conmemoraci\u00f3n de los 70 a\u00f1os de El Minuto de Dios en televisi\u00f3n, la Fundaci\u00f3n para el Desarrollo Agroecol\u00f3gico, Social y Econ\u00f3mico Sostenible Minuto de Dios \u2013 FUNDASES, en articulaci\u00f3n con otras entidades de El Minuto de Dios y la Provincia Eudista Minuto de Dios, ha lanzado el programa \u201cMinuto de [&hellip;]<\/p>\n","protected":false},"author":7,"featured_media":7216,"comment_status":"closed","ping_status":"closed","sticky":false,"template":"","format":"standard","meta":{"_et_pb_use_builder":"","_et_pb_old_content":"","_et_gb_content_width":"","footnotes":""},"categories":[13],"tags":[113,22,109,349,348],"class_list":["post-7215","post","type-post","status-publish","format-standard","has-post-thumbnail","hentry","category-actualidad-eudista","tag-casa-comun","tag-eudistas","tag-eudistas-minuto-de-dios","tag-medio-ambiente","tag-sostenimibilidad"],"yoast_head":"<!-- This site is optimized with the Yoast SEO plugin v27.2 - https:\/\/yoast.com\/product\/yoast-seo-wordpress\/ -->\n<title>\u201cMinuto de Dios sin Basura\u201d: una apuesta por la ecolog\u00eda integral y la transformaci\u00f3n comunitaria - Eudistas MD<\/title>\n<meta name=\"robots\" content=\"index, follow, max-snippet:-1, max-image-preview:large, max-video-preview:-1\" \/>\n<link rel=\"canonical\" href=\"https:\/\/www.eudistasmd.org\/index.php\/2025\/05\/20\/minuto-de-dios-sin-basura-una-apuesta-por-la-ecologia-integral-y-la-transformacion-comunitaria\/\" \/>\n<meta property=\"og:locale\" content=\"es_ES\" \/>\n<meta property=\"og:type\" content=\"article\" \/>\n<meta property=\"og:title\" content=\"\u201cMinuto de Dios sin Basura\u201d: una apuesta por la ecolog\u00eda integral y la transformaci\u00f3n comunitaria - Eudistas MD\" \/>\n<meta property=\"og:description\" content=\"En el marco de la conmemoraci\u00f3n de los 70 a\u00f1os de El Minuto de Dios en televisi\u00f3n, la Fundaci\u00f3n para el Desarrollo Agroecol\u00f3gico, Social y Econ\u00f3mico Sostenible Minuto de Dios \u2013 FUNDASES, en articulaci\u00f3n con otras entidades de El Minuto de Dios y la Provincia Eudista Minuto de Dios, ha lanzado el programa \u201cMinuto de [&hellip;]\" \/>\n<meta property=\"og:url\" content=\"https:\/\/www.eudistasmd.org\/index.php\/2025\/05\/20\/minuto-de-dios-sin-basura-una-apuesta-por-la-ecologia-integral-y-la-transformacion-comunitaria\/\" \/>\n<meta property=\"og:site_name\" content=\"Eudistas MD\" \/>\n<meta property=\"article:published_time\" content=\"2025-05-20T22:44:39+00:00\" \/>\n<meta property=\"article:modified_time\" content=\"2025-05-20T22:45:11+00:00\" \/>\n<meta property=\"og:image\" content=\"https:\/\/www.eudistasmd.org\/wp-content\/uploads\/2025\/05\/WhatsApp-Image-2025-05-20-at-10.30.54-AM.jpeg\" \/>\n\t<meta property=\"og:image:width\" content=\"1600\" \/>\n\t<meta property=\"og:image:height\" content=\"1200\" \/>\n\t<meta property=\"og:image:type\" content=\"image\/jpeg\" \/>\n<meta name=\"author\" content=\"Angie Stacy Rodr\u00edguez G\u00f3mez\" \/>\n<meta name=\"twitter:card\" content=\"summary_large_image\" \/>\n<meta name=\"twitter:label1\" content=\"Escrito por\" \/>\n\t<meta name=\"twitter:data1\" content=\"Angie Stacy Rodr\u00edguez G\u00f3mez\" \/>\n\t<meta name=\"twitter:label2\" content=\"Tiempo de lectura\" \/>\n\t<meta name=\"twitter:data2\" content=\"3 minutos\" \/>\n<script type=\"application\/ld+json\" class=\"yoast-schema-graph\">{\"@context\":\"https:\/\/schema.org\",\"@graph\":[{\"@type\":\"Article\",\"@id\":\"https:\/\/www.eudistasmd.org\/index.php\/2025\/05\/20\/minuto-de-dios-sin-basura-una-apuesta-por-la-ecologia-integral-y-la-transformacion-comunitaria\/#article\",\"isPartOf\":{\"@id\":\"https:\/\/www.eudistasmd.org\/index.php\/2025\/05\/20\/minuto-de-dios-sin-basura-una-apuesta-por-la-ecologia-integral-y-la-transformacion-comunitaria\/\"},\"author\":{\"name\":\"Angie Stacy Rodr\u00edguez G\u00f3mez\",\"@id\":\"https:\/\/www.eudistasmd.org\/#\/schema\/person\/ea031151eedd6aedadcdb515522d15d5\"},\"headline\":\"\u201cMinuto de Dios sin Basura\u201d: una apuesta por la ecolog\u00eda integral y la transformaci\u00f3n comunitaria\",\"datePublished\":\"2025-05-20T22:44:39+00:00\",\"dateModified\":\"2025-05-20T22:45:11+00:00\",\"mainEntityOfPage\":{\"@id\":\"https:\/\/www.eudistasmd.org\/index.php\/2025\/05\/20\/minuto-de-dios-sin-basura-una-apuesta-por-la-ecologia-integral-y-la-transformacion-comunitaria\/\"},\"wordCount\":436,\"image\":{\"@id\":\"https:\/\/www.eudistasmd.org\/index.php\/2025\/05\/20\/minuto-de-dios-sin-basura-una-apuesta-por-la-ecologia-integral-y-la-transformacion-comunitaria\/#primaryimage\"},\"thumbnailUrl\":\"https:\/\/www.eudistasmd.org\/wp-content\/uploads\/2025\/05\/WhatsApp-Image-2025-05-20-at-10.30.54-AM.jpeg\",\"keywords\":[\"Casa Com\u00fan\",\"Eudistas\",\"Eudistas Minuto de Dios\",\"Medio Ambiente\",\"Sostenimibilidad\"],\"articleSection\":[\"Actualidad Eudista\"],\"inLanguage\":\"es\"},{\"@type\":\"WebPage\",\"@id\":\"https:\/\/www.eudistasmd.org\/index.php\/2025\/05\/20\/minuto-de-dios-sin-basura-una-apuesta-por-la-ecologia-integral-y-la-transformacion-comunitaria\/\",\"url\":\"https:\/\/www.eudistasmd.org\/index.php\/2025\/05\/20\/minuto-de-dios-sin-basura-una-apuesta-por-la-ecologia-integral-y-la-transformacion-comunitaria\/\",\"name\":\"\u201cMinuto de Dios sin Basura\u201d: una apuesta por la ecolog\u00eda integral y la transformaci\u00f3n comunitaria - Eudistas MD\",\"isPartOf\":{\"@id\":\"https:\/\/www.eudistasmd.org\/#website\"},\"primaryImageOfPage\":{\"@id\":\"https:\/\/www.eudistasmd.org\/index.php\/2025\/05\/20\/minuto-de-dios-sin-basura-una-apuesta-por-la-ecologia-integral-y-la-transformacion-comunitaria\/#primaryimage\"},\"image\":{\"@id\":\"https:\/\/www.eudistasmd.org\/index.php\/2025\/05\/20\/minuto-de-dios-sin-basura-una-apuesta-por-la-ecologia-integral-y-la-transformacion-comunitaria\/#primaryimage\"},\"thumbnailUrl\":\"https:\/\/www.eudistasmd.org\/wp-content\/uploads\/2025\/05\/WhatsApp-Image-2025-05-20-at-10.30.54-AM.jpeg\",\"datePublished\":\"2025-05-20T22:44:39+00:00\",\"dateModified\":\"2025-05-20T22:45:11+00:00\",\"author\":{\"@id\":\"https:\/\/www.eudistasmd.org\/#\/schema\/person\/ea031151eedd6aedadcdb515522d15d5\"},\"breadcrumb\":{\"@id\":\"https:\/\/www.eudistasmd.org\/index.php\/2025\/05\/20\/minuto-de-dios-sin-basura-una-apuesta-por-la-ecologia-integral-y-la-transformacion-comunitaria\/#breadcrumb\"},\"inLanguage\":\"es\",\"potentialAction\":[{\"@type\":\"ReadAction\",\"target\":[\"https:\/\/www.eudistasmd.org\/index.php\/2025\/05\/20\/minuto-de-dios-sin-basura-una-apuesta-por-la-ecologia-integral-y-la-transformacion-comunitaria\/\"]}]},{\"@type\":\"ImageObject\",\"inLanguage\":\"es\",\"@id\":\"https:\/\/www.eudistasmd.org\/index.php\/2025\/05\/20\/minuto-de-dios-sin-basura-una-apuesta-por-la-ecologia-integral-y-la-transformacion-comunitaria\/#primaryimage\",\"url\":\"https:\/\/www.eudistasmd.org\/wp-content\/uploads\/2025\/05\/WhatsApp-Image-2025-05-20-at-10.30.54-AM.jpeg\",\"contentUrl\":\"https:\/\/www.eudistasmd.org\/wp-content\/uploads\/2025\/05\/WhatsApp-Image-2025-05-20-at-10.30.54-AM.jpeg\",\"width\":1600,\"height\":1200},{\"@type\":\"BreadcrumbList\",\"@id\":\"https:\/\/www.eudistasmd.org\/index.php\/2025\/05\/20\/minuto-de-dios-sin-basura-una-apuesta-por-la-ecologia-integral-y-la-transformacion-comunitaria\/#breadcrumb\",\"itemListElement\":[{\"@type\":\"ListItem\",\"position\":1,\"name\":\"Portada\",\"item\":\"https:\/\/www.eudistasmd.org\/\"},{\"@type\":\"ListItem\",\"position\":2,\"name\":\"\u201cMinuto de Dios sin Basura\u201d: una apuesta por la ecolog\u00eda integral y la transformaci\u00f3n comunitaria\"}]},{\"@type\":\"WebSite\",\"@id\":\"https:\/\/www.eudistasmd.org\/#website\",\"url\":\"https:\/\/www.eudistasmd.org\/\",\"name\":\"Eudistas MD\",\"description\":\"Esta Provincia naci\u00f3 de la obra fundada por el padre eudista: Rafael Garc\u00eda Herreros. Este Don del Minuto de Dios ha sido encomendado a los los Eudistas del El Minuto de Dios, quienes se dedican a la Evangelizaci\u00f3n, la Formaci\u00f3n, y al servicio a los m\u00e1s pobres a trav\u00e9s de la Organizaci\u00f3n Minuto de Dios.\",\"potentialAction\":[{\"@type\":\"SearchAction\",\"target\":{\"@type\":\"EntryPoint\",\"urlTemplate\":\"https:\/\/www.eudistasmd.org\/?s={search_term_string}\"},\"query-input\":{\"@type\":\"PropertyValueSpecification\",\"valueRequired\":true,\"valueName\":\"search_term_string\"}}],\"inLanguage\":\"es\"},{\"@type\":\"Person\",\"@id\":\"https:\/\/www.eudistasmd.org\/#\/schema\/person\/ea031151eedd6aedadcdb515522d15d5\",\"name\":\"Angie Stacy Rodr\u00edguez G\u00f3mez\",\"image\":{\"@type\":\"ImageObject\",\"inLanguage\":\"es\",\"@id\":\"https:\/\/secure.gravatar.com\/avatar\/08c6f46fb8b7d2682b0cdfd76fb248e50ae4b1eeed14c21faf047e138ae11aa3?s=96&d=mm&r=g\",\"url\":\"https:\/\/secure.gravatar.com\/avatar\/08c6f46fb8b7d2682b0cdfd76fb248e50ae4b1eeed14c21faf047e138ae11aa3?s=96&d=mm&r=g\",\"contentUrl\":\"https:\/\/secure.gravatar.com\/avatar\/08c6f46fb8b7d2682b0cdfd76fb248e50ae4b1eeed14c21faf047e138ae11aa3?s=96&d=mm&r=g\",\"caption\":\"Angie Stacy Rodr\u00edguez G\u00f3mez\"},\"url\":\"https:\/\/www.eudistasmd.org\/index.php\/author\/noticias-editoramd\/\"}]}<\/script>\n<!-- \/ Yoast SEO plugin. -->","yoast_head_json":{"title":"\u201cMinuto de Dios sin Basura\u201d: una apuesta por la ecolog\u00eda integral y la transformaci\u00f3n comunitaria - Eudistas MD","robots":{"index":"index","follow":"follow","max-snippet":"max-snippet:-1","max-image-preview":"max-image-preview:large","max-video-preview":"max-video-preview:-1"},"canonical":"https:\/\/www.eudistasmd.org\/index.php\/2025\/05\/20\/minuto-de-dios-sin-basura-una-apuesta-por-la-ecologia-integral-y-la-transformacion-comunitaria\/","og_locale":"es_ES","og_type":"article","og_title":"\u201cMinuto de Dios sin Basura\u201d: una apuesta por la ecolog\u00eda integral y la transformaci\u00f3n comunitaria - Eudistas MD","og_description":"En el marco de la conmemoraci\u00f3n de los 70 a\u00f1os de El Minuto de Dios en televisi\u00f3n, la Fundaci\u00f3n para el Desarrollo Agroecol\u00f3gico, Social y Econ\u00f3mico Sostenible Minuto de Dios \u2013 FUNDASES, en articulaci\u00f3n con otras entidades de El Minuto de Dios y la Provincia Eudista Minuto de Dios, ha lanzado el programa \u201cMinuto de [&hellip;]","og_url":"https:\/\/www.eudistasmd.org\/index.php\/2025\/05\/20\/minuto-de-dios-sin-basura-una-apuesta-por-la-ecologia-integral-y-la-transformacion-comunitaria\/","og_site_name":"Eudistas MD","article_published_time":"2025-05-20T22:44:39+00:00","article_modified_time":"2025-05-20T22:45:11+00:00","og_image":[{"width":1600,"height":1200,"url":"https:\/\/www.eudistasmd.org\/wp-content\/uploads\/2025\/05\/WhatsApp-Image-2025-05-20-at-10.30.54-AM.jpeg","type":"image\/jpeg"}],"author":"Angie Stacy Rodr\u00edguez G\u00f3mez","twitter_card":"summary_large_image","twitter_misc":{"Escrito por":"Angie Stacy Rodr\u00edguez G\u00f3mez","Tiempo de lectura":"3 minutos"},"schema":{"@context":"https:\/\/schema.org","@graph":[{"@type":"Article","@id":"https:\/\/www.eudistasmd.org\/index.php\/2025\/05\/20\/minuto-de-dios-sin-basura-una-apuesta-por-la-ecologia-integral-y-la-transformacion-comunitaria\/#article","isPartOf":{"@id":"https:\/\/www.eudistasmd.org\/index.php\/2025\/05\/20\/minuto-de-dios-sin-basura-una-apuesta-por-la-ecologia-integral-y-la-transformacion-comunitaria\/"},"author":{"name":"Angie Stacy Rodr\u00edguez G\u00f3mez","@id":"https:\/\/www.eudistasmd.org\/#\/schema\/person\/ea031151eedd6aedadcdb515522d15d5"},"headline":"\u201cMinuto de Dios sin Basura\u201d: una apuesta por la ecolog\u00eda integral y la transformaci\u00f3n comunitaria","datePublished":"2025-05-20T22:44:39+00:00","dateModified":"2025-05-20T22:45:11+00:00","mainEntityOfPage":{"@id":"https:\/\/www.eudistasmd.org\/index.php\/2025\/05\/20\/minuto-de-dios-sin-basura-una-apuesta-por-la-ecologia-integral-y-la-transformacion-comunitaria\/"},"wordCount":436,"image":{"@id":"https:\/\/www.eudistasmd.org\/index.php\/2025\/05\/20\/minuto-de-dios-sin-basura-una-apuesta-por-la-ecologia-integral-y-la-transformacion-comunitaria\/#primaryimage"},"thumbnailUrl":"https:\/\/www.eudistasmd.org\/wp-content\/uploads\/2025\/05\/WhatsApp-Image-2025-05-20-at-10.30.54-AM.jpeg","keywords":["Casa Com\u00fan","Eudistas","Eudistas Minuto de Dios","Medio Ambiente","Sostenimibilidad"],"articleSection":["Actualidad Eudista"],"inLanguage":"es"},{"@type":"WebPage","@id":"https:\/\/www.eudistasmd.org\/index.php\/2025\/05\/20\/minuto-de-dios-sin-basura-una-apuesta-por-la-ecologia-integral-y-la-transformacion-comunitaria\/","url":"https:\/\/www.eudistasmd.org\/index.php\/2025\/05\/20\/minuto-de-dios-sin-basura-una-apuesta-por-la-ecologia-integral-y-la-transformacion-comunitaria\/","name":"\u201cMinuto de Dios sin Basura\u201d: una apuesta por la ecolog\u00eda integral y la transformaci\u00f3n comunitaria - Eudistas MD","isPartOf":{"@id":"https:\/\/www.eudistasmd.org\/#website"},"primaryImageOfPage":{"@id":"https:\/\/www.eudistasmd.org\/index.php\/2025\/05\/20\/minuto-de-dios-sin-basura-una-apuesta-por-la-ecologia-integral-y-la-transformacion-comunitaria\/#primaryimage"},"image":{"@id":"https:\/\/www.eudistasmd.org\/index.php\/2025\/05\/20\/minuto-de-dios-sin-basura-una-apuesta-por-la-ecologia-integral-y-la-transformacion-comunitaria\/#primaryimage"},"thumbnailUrl":"https:\/\/www.eudistasmd.org\/wp-content\/uploads\/2025\/05\/WhatsApp-Image-2025-05-20-at-10.30.54-AM.jpeg","datePublished":"2025-05-20T22:44:39+00:00","dateModified":"2025-05-20T22:45:11+00:00","author":{"@id":"https:\/\/www.eudistasmd.org\/#\/schema\/person\/ea031151eedd6aedadcdb515522d15d5"},"breadcrumb":{"@id":"https:\/\/www.eudistasmd.org\/index.php\/2025\/05\/20\/minuto-de-dios-sin-basura-una-apuesta-por-la-ecologia-integral-y-la-transformacion-comunitaria\/#breadcrumb"},"inLanguage":"es","potentialAction":[{"@type":"ReadAction","target":["https:\/\/www.eudistasmd.org\/index.php\/2025\/05\/20\/minuto-de-dios-sin-basura-una-apuesta-por-la-ecologia-integral-y-la-transformacion-comunitaria\/"]}]},{"@type":"ImageObject","inLanguage":"es","@id":"https:\/\/www.eudistasmd.org\/index.php\/2025\/05\/20\/minuto-de-dios-sin-basura-una-apuesta-por-la-ecologia-integral-y-la-transformacion-comunitaria\/#primaryimage","url":"https:\/\/www.eudistasmd.org\/wp-content\/uploads\/2025\/05\/WhatsApp-Image-2025-05-20-at-10.30.54-AM.jpeg","contentUrl":"https:\/\/www.eudistasmd.org\/wp-content\/uploads\/2025\/05\/WhatsApp-Image-2025-05-20-at-10.30.54-AM.jpeg","width":1600,"height":1200},{"@type":"BreadcrumbList","@id":"https:\/\/www.eudistasmd.org\/index.php\/2025\/05\/20\/minuto-de-dios-sin-basura-una-apuesta-por-la-ecologia-integral-y-la-transformacion-comunitaria\/#breadcrumb","itemListElement":[{"@type":"ListItem","position":1,"name":"Portada","item":"https:\/\/www.eudistasmd.org\/"},{"@type":"ListItem","position":2,"name":"\u201cMinuto de Dios sin Basura\u201d: una apuesta por la ecolog\u00eda integral y la transformaci\u00f3n comunitaria"}]},{"@type":"WebSite","@id":"https:\/\/www.eudistasmd.org\/#website","url":"https:\/\/www.eudistasmd.org\/","name":"Eudistas MD","description":"Esta Provincia naci\u00f3 de la obra fundada por el padre eudista: Rafael Garc\u00eda Herreros. Este Don del Minuto de Dios ha sido encomendado a los los Eudistas del El Minuto de Dios, quienes se dedican a la Evangelizaci\u00f3n, la Formaci\u00f3n, y al servicio a los m\u00e1s pobres a trav\u00e9s de la Organizaci\u00f3n Minuto de Dios.","potentialAction":[{"@type":"SearchAction","target":{"@type":"EntryPoint","urlTemplate":"https:\/\/www.eudistasmd.org\/?s={search_term_string}"},"query-input":{"@type":"PropertyValueSpecification","valueRequired":true,"valueName":"search_term_string"}}],"inLanguage":"es"},{"@type":"Person","@id":"https:\/\/www.eudistasmd.org\/#\/schema\/person\/ea031151eedd6aedadcdb515522d15d5","name":"Angie Stacy Rodr\u00edguez G\u00f3mez","image":{"@type":"ImageObject","inLanguage":"es","@id":"https:\/\/secure.gravatar.com\/avatar\/08c6f46fb8b7d2682b0cdfd76fb248e50ae4b1eeed14c21faf047e138ae11aa3?s=96&d=mm&r=g","url":"https:\/\/secure.gravatar.com\/avatar\/08c6f46fb8b7d2682b0cdfd76fb248e50ae4b1eeed14c21faf047e138ae11aa3?s=96&d=mm&r=g","contentUrl":"https:\/\/secure.gravatar.com\/avatar\/08c6f46fb8b7d2682b0cdfd76fb248e50ae4b1eeed14c21faf047e138ae11aa3?s=96&d=mm&r=g","caption":"Angie Stacy Rodr\u00edguez G\u00f3mez"},"url":"https:\/\/www.eudistasmd.org\/index.php\/author\/noticias-editoramd\/"}]}},"_links":{"self":[{"href":"https:\/\/www.eudistasmd.org\/index.php\/wp-json\/wp\/v2\/posts\/7215","targetHints":{"allow":["GET"]}}],"collection":[{"href":"https:\/\/www.eudistasmd.org\/index.php\/wp-json\/wp\/v2\/posts"}],"about":[{"href":"https:\/\/www.eudistasmd.org\/index.php\/wp-json\/wp\/v2\/types\/post"}],"author":[{"embeddable":true,"href":"https:\/\/www.eudistasmd.org\/index.php\/wp-json\/wp\/v2\/users\/7"}],"replies":[{"embeddable":true,"href":"https:\/\/www.eudistasmd.org\/index.php\/wp-json\/wp\/v2\/comments?post=7215"}],"version-history":[{"count":2,"href":"https:\/\/www.eudistasmd.org\/index.php\/wp-json\/wp\/v2\/posts\/7215\/revisions"}],"predecessor-version":[{"id":7222,"href":"https:\/\/www.eudistasmd.org\/index.php\/wp-json\/wp\/v2\/posts\/7215\/revisions\/7222"}],"wp:featuredmedia":[{"embeddable":true,"href":"https:\/\/www.eudistasmd.org\/index.php\/wp-json\/wp\/v2\/media\/7216"}],"wp:attachment":[{"href":"https:\/\/www.eudistasmd.org\/index.php\/wp-json\/wp\/v2\/media?parent=7215"}],"wp:term":[{"taxonomy":"category","embeddable":true,"href":"https:\/\/www.eudistasmd.org\/index.php\/wp-json\/wp\/v2\/categories?post=7215"},{"taxonomy":"post_tag","embeddable":true,"href":"https:\/\/www.eudistasmd.org\/index.php\/wp-json\/wp\/v2\/tags?post=7215"}],"curies":[{"name":"wp","href":"https:\/\/api.w.org\/{rel}","templated":true}]}}