{"id":7211,"date":"2025-05-20T12:56:02","date_gmt":"2025-05-20T17:56:02","guid":{"rendered":"https:\/\/www.eudistasmd.org\/?p=7211"},"modified":"2025-05-20T17:26:59","modified_gmt":"2025-05-20T22:26:59","slug":"encuentro-fraterno-con-los-hermanos-en-mision-en-italia-y-francia-presencia-viva-de-la-provincia-mas-alla-de-fronteras","status":"publish","type":"post","link":"https:\/\/www.eudistasmd.org\/index.php\/2025\/05\/20\/encuentro-fraterno-con-los-hermanos-en-mision-en-italia-y-francia-presencia-viva-de-la-provincia-mas-alla-de-fronteras\/","title":{"rendered":"Encuentro fraterno con los hermanos en misi\u00f3n en Italia y Francia: presencia viva de la Provincia m\u00e1s all\u00e1 de fronteras"},"content":{"rendered":"<p><strong>Por: Rafael Beltr\u00e1n, Candidato Eudista<\/strong><\/p>\n<p>Previo al Consejo de Congregaci\u00f3n, el Padre Germ\u00e1n G\u00e1ndara, CJM, Superior Provincial de la Provincia Eudista Minuto de Dios, realiz\u00f3 una visita fraterna a los hermanos incorporados que actualmente llevan adelante la misi\u00f3n eudista en Italia y Francia, en comuni\u00f3n con la Administraci\u00f3n General de la Congregaci\u00f3n.<\/p>\n<p>El encuentro se desarroll\u00f3 del 15 al 17 de mayo de 2025, en la ciudad de Palermo, y reuni\u00f3 a los padres Jefferson Garc\u00eda, CJM y Alex Hern\u00e1ndez, CJM, quienes sirven en la comunidad interprovincial animada por la Administraci\u00f3n General; as\u00ed como a los padres Hermes Fl\u00f3rez, CJM y Jorge Camas, CJM, estudiantes en Roma, y al Padre Jaime Salcedo, CJM, quien lidera el proyecto intercongregacional en Francia.<\/p>\n<p>Durante estos d\u00edas, se vivieron momentos intensos de oraci\u00f3n, fraternidad, misi\u00f3n compartida y di\u00e1logo comunitario, que permitieron fortalecer los lazos con la Provincia, so\u00f1ar juntos nuevos caminos de fidelidad al carisma de San Juan Eudes y proyectar la misi\u00f3n con esperanza.<\/p>\n<p>La agenda incluy\u00f3 celebraciones eucar\u00edsticas, encuentros con comunidades locales, espacios de di\u00e1logo y de integraci\u00f3n, as\u00ed como visitas significativas a lugares emblem\u00e1ticos de la fe y la cultura. Entre los momentos destacados se encuentran la visita a la comunidad \u201cRosa Virginia\u201d de las Hermanas del Buen Pastor, la peregrinaci\u00f3n al Santuario de Santa Rosal\u00eda, patrona de Palermo y templo jubilar, la celebraci\u00f3n de la Eucarist\u00eda en la parroquia Nuestra Se\u00f1ora de la Consolaci\u00f3n, y un fraterno almuerzo con los Asociados Eudistas y miembros de la comunidad Familia Sacerdotal Eudista. Adem\u00e1s, cabe resaltar que dentro de los espacios comunitarios, se realiz\u00f3 la socializaci\u00f3n del Plan Integral de Incorporados, junto con todas las din\u00e1micas dise\u00f1adas con esta propuesta de acompa\u00f1amiento para los Incorporados desde la Provincia.<\/p>\n<p>Este encuentro fue vivido como un tiempo de gracia, en el que la cercan\u00eda entre hermanos se hizo concreta a trav\u00e9s de la escucha, el acompa\u00f1amiento y la oraci\u00f3n. Fue tambi\u00e9n ocasi\u00f3n para compartir el avance del Plan de Acompa\u00f1amiento Integral al Incorporado, consolidando as\u00ed el esp\u00edritu de comuni\u00f3n y corresponsabilidad que caracteriza a la Provincia.<\/p>\n<p>Desde la Provincia Eudista Minuto de Dios damos gracias por esta misi\u00f3n que se extiende m\u00e1s all\u00e1 de las fronteras, y oramos para que cada hermano siga siendo presencia viva del Verbo Encarnado all\u00ed donde el Se\u00f1or lo ha sembrado<\/p>\n<p>&nbsp;<\/p>\n<p><a title=\"Visita Can\u00f3nica Comunidad Interprovincial Palermo, Italia\" href=\"https:\/\/www.flickr.com\/photos\/200276192@N06\/albums\/72177720326247600\" data-flickr-embed=\"true\" data-header=\"true\" data-footer=\"true\"><img loading=\"lazy\" decoding=\"async\" class=\"aligncenter\" src=\"https:\/\/live.staticflickr.com\/65535\/54533702170_84d5bd2ac3_z.jpg\" alt=\"Visita Can\u00f3nica Comunidad Interprovincial Palermo, Italia\" width=\"640\" height=\"480\" \/><\/a><script async src=\"\/\/embedr.flickr.com\/assets\/client-code.js\" charset=\"utf-8\"><\/script><\/p>\n","protected":false},"excerpt":{"rendered":"<p>Por: Rafael Beltr\u00e1n, Candidato Eudista Previo al Consejo de Congregaci\u00f3n, el Padre Germ\u00e1n G\u00e1ndara, CJM, Superior Provincial de la Provincia Eudista Minuto de Dios, realiz\u00f3 una visita fraterna a los hermanos incorporados que actualmente llevan adelante la misi\u00f3n eudista en Italia y Francia, en comuni\u00f3n con la Administraci\u00f3n General de la Congregaci\u00f3n. El encuentro se [&hellip;]<\/p>\n","protected":false},"author":7,"featured_media":7212,"comment_status":"closed","ping_status":"closed","sticky":false,"template":"","format":"standard","meta":{"_et_pb_use_builder":"","_et_pb_old_content":"","_et_gb_content_width":"","footnotes":""},"categories":[13],"tags":[347,109],"class_list":["post-7211","post","type-post","status-publish","format-standard","has-post-thumbnail","hentry","category-actualidad-eudista","tag-eudistas-en-italia","tag-eudistas-minuto-de-dios"],"yoast_head":"<!-- This site is optimized with the Yoast SEO plugin v27.2 - https:\/\/yoast.com\/product\/yoast-seo-wordpress\/ -->\n<title>Encuentro fraterno con los hermanos en misi\u00f3n en Italia y Francia: presencia viva de la Provincia m\u00e1s all\u00e1 de fronteras - Eudistas MD<\/title>\n<meta name=\"robots\" content=\"index, follow, max-snippet:-1, max-image-preview:large, max-video-preview:-1\" \/>\n<link rel=\"canonical\" href=\"https:\/\/www.eudistasmd.org\/index.php\/2025\/05\/20\/encuentro-fraterno-con-los-hermanos-en-mision-en-italia-y-francia-presencia-viva-de-la-provincia-mas-alla-de-fronteras\/\" \/>\n<meta property=\"og:locale\" content=\"es_ES\" \/>\n<meta property=\"og:type\" content=\"article\" \/>\n<meta property=\"og:title\" content=\"Encuentro fraterno con los hermanos en misi\u00f3n en Italia y Francia: presencia viva de la Provincia m\u00e1s all\u00e1 de fronteras - Eudistas MD\" \/>\n<meta property=\"og:description\" content=\"Por: Rafael Beltr\u00e1n, Candidato Eudista Previo al Consejo de Congregaci\u00f3n, el Padre Germ\u00e1n G\u00e1ndara, CJM, Superior Provincial de la Provincia Eudista Minuto de Dios, realiz\u00f3 una visita fraterna a los hermanos incorporados que actualmente llevan adelante la misi\u00f3n eudista en Italia y Francia, en comuni\u00f3n con la Administraci\u00f3n General de la Congregaci\u00f3n. El encuentro se [&hellip;]\" \/>\n<meta property=\"og:url\" content=\"https:\/\/www.eudistasmd.org\/index.php\/2025\/05\/20\/encuentro-fraterno-con-los-hermanos-en-mision-en-italia-y-francia-presencia-viva-de-la-provincia-mas-alla-de-fronteras\/\" \/>\n<meta property=\"og:site_name\" content=\"Eudistas MD\" \/>\n<meta property=\"article:published_time\" content=\"2025-05-20T17:56:02+00:00\" \/>\n<meta property=\"article:modified_time\" content=\"2025-05-20T22:26:59+00:00\" \/>\n<meta property=\"og:image\" content=\"https:\/\/www.eudistasmd.org\/wp-content\/uploads\/2025\/05\/comunidad-local-inter-provincial.jpeg\" \/>\n\t<meta property=\"og:image:width\" content=\"1280\" \/>\n\t<meta property=\"og:image:height\" content=\"960\" \/>\n\t<meta property=\"og:image:type\" content=\"image\/jpeg\" \/>\n<meta name=\"author\" content=\"Angie Stacy Rodr\u00edguez G\u00f3mez\" \/>\n<meta name=\"twitter:card\" content=\"summary_large_image\" \/>\n<meta name=\"twitter:label1\" content=\"Escrito por\" \/>\n\t<meta name=\"twitter:data1\" content=\"Angie Stacy Rodr\u00edguez G\u00f3mez\" \/>\n\t<meta name=\"twitter:label2\" content=\"Tiempo de lectura\" \/>\n\t<meta name=\"twitter:data2\" content=\"3 minutos\" \/>\n<script type=\"application\/ld+json\" class=\"yoast-schema-graph\">{\"@context\":\"https:\/\/schema.org\",\"@graph\":[{\"@type\":\"Article\",\"@id\":\"https:\/\/www.eudistasmd.org\/index.php\/2025\/05\/20\/encuentro-fraterno-con-los-hermanos-en-mision-en-italia-y-francia-presencia-viva-de-la-provincia-mas-alla-de-fronteras\/#article\",\"isPartOf\":{\"@id\":\"https:\/\/www.eudistasmd.org\/index.php\/2025\/05\/20\/encuentro-fraterno-con-los-hermanos-en-mision-en-italia-y-francia-presencia-viva-de-la-provincia-mas-alla-de-fronteras\/\"},\"author\":{\"name\":\"Angie Stacy Rodr\u00edguez G\u00f3mez\",\"@id\":\"https:\/\/www.eudistasmd.org\/#\/schema\/person\/ea031151eedd6aedadcdb515522d15d5\"},\"headline\":\"Encuentro fraterno con los hermanos en misi\u00f3n en Italia y Francia: presencia viva de la Provincia m\u00e1s all\u00e1 de fronteras\",\"datePublished\":\"2025-05-20T17:56:02+00:00\",\"dateModified\":\"2025-05-20T22:26:59+00:00\",\"mainEntityOfPage\":{\"@id\":\"https:\/\/www.eudistasmd.org\/index.php\/2025\/05\/20\/encuentro-fraterno-con-los-hermanos-en-mision-en-italia-y-francia-presencia-viva-de-la-provincia-mas-alla-de-fronteras\/\"},\"wordCount\":446,\"image\":{\"@id\":\"https:\/\/www.eudistasmd.org\/index.php\/2025\/05\/20\/encuentro-fraterno-con-los-hermanos-en-mision-en-italia-y-francia-presencia-viva-de-la-provincia-mas-alla-de-fronteras\/#primaryimage\"},\"thumbnailUrl\":\"https:\/\/www.eudistasmd.org\/wp-content\/uploads\/2025\/05\/comunidad-local-inter-provincial.jpeg\",\"keywords\":[\"Eudistas en Italia\",\"Eudistas Minuto de Dios\"],\"articleSection\":[\"Actualidad Eudista\"],\"inLanguage\":\"es\"},{\"@type\":\"WebPage\",\"@id\":\"https:\/\/www.eudistasmd.org\/index.php\/2025\/05\/20\/encuentro-fraterno-con-los-hermanos-en-mision-en-italia-y-francia-presencia-viva-de-la-provincia-mas-alla-de-fronteras\/\",\"url\":\"https:\/\/www.eudistasmd.org\/index.php\/2025\/05\/20\/encuentro-fraterno-con-los-hermanos-en-mision-en-italia-y-francia-presencia-viva-de-la-provincia-mas-alla-de-fronteras\/\",\"name\":\"Encuentro fraterno con los hermanos en misi\u00f3n en Italia y Francia: presencia viva de la Provincia m\u00e1s all\u00e1 de fronteras - Eudistas MD\",\"isPartOf\":{\"@id\":\"https:\/\/www.eudistasmd.org\/#website\"},\"primaryImageOfPage\":{\"@id\":\"https:\/\/www.eudistasmd.org\/index.php\/2025\/05\/20\/encuentro-fraterno-con-los-hermanos-en-mision-en-italia-y-francia-presencia-viva-de-la-provincia-mas-alla-de-fronteras\/#primaryimage\"},\"image\":{\"@id\":\"https:\/\/www.eudistasmd.org\/index.php\/2025\/05\/20\/encuentro-fraterno-con-los-hermanos-en-mision-en-italia-y-francia-presencia-viva-de-la-provincia-mas-alla-de-fronteras\/#primaryimage\"},\"thumbnailUrl\":\"https:\/\/www.eudistasmd.org\/wp-content\/uploads\/2025\/05\/comunidad-local-inter-provincial.jpeg\",\"datePublished\":\"2025-05-20T17:56:02+00:00\",\"dateModified\":\"2025-05-20T22:26:59+00:00\",\"author\":{\"@id\":\"https:\/\/www.eudistasmd.org\/#\/schema\/person\/ea031151eedd6aedadcdb515522d15d5\"},\"breadcrumb\":{\"@id\":\"https:\/\/www.eudistasmd.org\/index.php\/2025\/05\/20\/encuentro-fraterno-con-los-hermanos-en-mision-en-italia-y-francia-presencia-viva-de-la-provincia-mas-alla-de-fronteras\/#breadcrumb\"},\"inLanguage\":\"es\",\"potentialAction\":[{\"@type\":\"ReadAction\",\"target\":[\"https:\/\/www.eudistasmd.org\/index.php\/2025\/05\/20\/encuentro-fraterno-con-los-hermanos-en-mision-en-italia-y-francia-presencia-viva-de-la-provincia-mas-alla-de-fronteras\/\"]}]},{\"@type\":\"ImageObject\",\"inLanguage\":\"es\",\"@id\":\"https:\/\/www.eudistasmd.org\/index.php\/2025\/05\/20\/encuentro-fraterno-con-los-hermanos-en-mision-en-italia-y-francia-presencia-viva-de-la-provincia-mas-alla-de-fronteras\/#primaryimage\",\"url\":\"https:\/\/www.eudistasmd.org\/wp-content\/uploads\/2025\/05\/comunidad-local-inter-provincial.jpeg\",\"contentUrl\":\"https:\/\/www.eudistasmd.org\/wp-content\/uploads\/2025\/05\/comunidad-local-inter-provincial.jpeg\",\"width\":1280,\"height\":960},{\"@type\":\"BreadcrumbList\",\"@id\":\"https:\/\/www.eudistasmd.org\/index.php\/2025\/05\/20\/encuentro-fraterno-con-los-hermanos-en-mision-en-italia-y-francia-presencia-viva-de-la-provincia-mas-alla-de-fronteras\/#breadcrumb\",\"itemListElement\":[{\"@type\":\"ListItem\",\"position\":1,\"name\":\"Portada\",\"item\":\"https:\/\/www.eudistasmd.org\/\"},{\"@type\":\"ListItem\",\"position\":2,\"name\":\"Encuentro fraterno con los hermanos en misi\u00f3n en Italia y Francia: presencia viva de la Provincia m\u00e1s all\u00e1 de fronteras\"}]},{\"@type\":\"WebSite\",\"@id\":\"https:\/\/www.eudistasmd.org\/#website\",\"url\":\"https:\/\/www.eudistasmd.org\/\",\"name\":\"Eudistas MD\",\"description\":\"Esta Provincia naci\u00f3 de la obra fundada por el padre eudista: Rafael Garc\u00eda Herreros. Este Don del Minuto de Dios ha sido encomendado a los los Eudistas del El Minuto de Dios, quienes se dedican a la Evangelizaci\u00f3n, la Formaci\u00f3n, y al servicio a los m\u00e1s pobres a trav\u00e9s de la Organizaci\u00f3n Minuto de Dios.\",\"potentialAction\":[{\"@type\":\"SearchAction\",\"target\":{\"@type\":\"EntryPoint\",\"urlTemplate\":\"https:\/\/www.eudistasmd.org\/?s={search_term_string}\"},\"query-input\":{\"@type\":\"PropertyValueSpecification\",\"valueRequired\":true,\"valueName\":\"search_term_string\"}}],\"inLanguage\":\"es\"},{\"@type\":\"Person\",\"@id\":\"https:\/\/www.eudistasmd.org\/#\/schema\/person\/ea031151eedd6aedadcdb515522d15d5\",\"name\":\"Angie Stacy Rodr\u00edguez G\u00f3mez\",\"image\":{\"@type\":\"ImageObject\",\"inLanguage\":\"es\",\"@id\":\"https:\/\/secure.gravatar.com\/avatar\/08c6f46fb8b7d2682b0cdfd76fb248e50ae4b1eeed14c21faf047e138ae11aa3?s=96&d=mm&r=g\",\"url\":\"https:\/\/secure.gravatar.com\/avatar\/08c6f46fb8b7d2682b0cdfd76fb248e50ae4b1eeed14c21faf047e138ae11aa3?s=96&d=mm&r=g\",\"contentUrl\":\"https:\/\/secure.gravatar.com\/avatar\/08c6f46fb8b7d2682b0cdfd76fb248e50ae4b1eeed14c21faf047e138ae11aa3?s=96&d=mm&r=g\",\"caption\":\"Angie Stacy Rodr\u00edguez G\u00f3mez\"},\"url\":\"https:\/\/www.eudistasmd.org\/index.php\/author\/noticias-editoramd\/\"}]}<\/script>\n<!-- \/ Yoast SEO plugin. -->","yoast_head_json":{"title":"Encuentro fraterno con los hermanos en misi\u00f3n en Italia y Francia: presencia viva de la Provincia m\u00e1s all\u00e1 de fronteras - Eudistas MD","robots":{"index":"index","follow":"follow","max-snippet":"max-snippet:-1","max-image-preview":"max-image-preview:large","max-video-preview":"max-video-preview:-1"},"canonical":"https:\/\/www.eudistasmd.org\/index.php\/2025\/05\/20\/encuentro-fraterno-con-los-hermanos-en-mision-en-italia-y-francia-presencia-viva-de-la-provincia-mas-alla-de-fronteras\/","og_locale":"es_ES","og_type":"article","og_title":"Encuentro fraterno con los hermanos en misi\u00f3n en Italia y Francia: presencia viva de la Provincia m\u00e1s all\u00e1 de fronteras - Eudistas MD","og_description":"Por: Rafael Beltr\u00e1n, Candidato Eudista Previo al Consejo de Congregaci\u00f3n, el Padre Germ\u00e1n G\u00e1ndara, CJM, Superior Provincial de la Provincia Eudista Minuto de Dios, realiz\u00f3 una visita fraterna a los hermanos incorporados que actualmente llevan adelante la misi\u00f3n eudista en Italia y Francia, en comuni\u00f3n con la Administraci\u00f3n General de la Congregaci\u00f3n. El encuentro se [&hellip;]","og_url":"https:\/\/www.eudistasmd.org\/index.php\/2025\/05\/20\/encuentro-fraterno-con-los-hermanos-en-mision-en-italia-y-francia-presencia-viva-de-la-provincia-mas-alla-de-fronteras\/","og_site_name":"Eudistas MD","article_published_time":"2025-05-20T17:56:02+00:00","article_modified_time":"2025-05-20T22:26:59+00:00","og_image":[{"width":1280,"height":960,"url":"https:\/\/www.eudistasmd.org\/wp-content\/uploads\/2025\/05\/comunidad-local-inter-provincial.jpeg","type":"image\/jpeg"}],"author":"Angie Stacy Rodr\u00edguez G\u00f3mez","twitter_card":"summary_large_image","twitter_misc":{"Escrito por":"Angie Stacy Rodr\u00edguez G\u00f3mez","Tiempo de lectura":"3 minutos"},"schema":{"@context":"https:\/\/schema.org","@graph":[{"@type":"Article","@id":"https:\/\/www.eudistasmd.org\/index.php\/2025\/05\/20\/encuentro-fraterno-con-los-hermanos-en-mision-en-italia-y-francia-presencia-viva-de-la-provincia-mas-alla-de-fronteras\/#article","isPartOf":{"@id":"https:\/\/www.eudistasmd.org\/index.php\/2025\/05\/20\/encuentro-fraterno-con-los-hermanos-en-mision-en-italia-y-francia-presencia-viva-de-la-provincia-mas-alla-de-fronteras\/"},"author":{"name":"Angie Stacy Rodr\u00edguez G\u00f3mez","@id":"https:\/\/www.eudistasmd.org\/#\/schema\/person\/ea031151eedd6aedadcdb515522d15d5"},"headline":"Encuentro fraterno con los hermanos en misi\u00f3n en Italia y Francia: presencia viva de la Provincia m\u00e1s all\u00e1 de fronteras","datePublished":"2025-05-20T17:56:02+00:00","dateModified":"2025-05-20T22:26:59+00:00","mainEntityOfPage":{"@id":"https:\/\/www.eudistasmd.org\/index.php\/2025\/05\/20\/encuentro-fraterno-con-los-hermanos-en-mision-en-italia-y-francia-presencia-viva-de-la-provincia-mas-alla-de-fronteras\/"},"wordCount":446,"image":{"@id":"https:\/\/www.eudistasmd.org\/index.php\/2025\/05\/20\/encuentro-fraterno-con-los-hermanos-en-mision-en-italia-y-francia-presencia-viva-de-la-provincia-mas-alla-de-fronteras\/#primaryimage"},"thumbnailUrl":"https:\/\/www.eudistasmd.org\/wp-content\/uploads\/2025\/05\/comunidad-local-inter-provincial.jpeg","keywords":["Eudistas en Italia","Eudistas Minuto de Dios"],"articleSection":["Actualidad Eudista"],"inLanguage":"es"},{"@type":"WebPage","@id":"https:\/\/www.eudistasmd.org\/index.php\/2025\/05\/20\/encuentro-fraterno-con-los-hermanos-en-mision-en-italia-y-francia-presencia-viva-de-la-provincia-mas-alla-de-fronteras\/","url":"https:\/\/www.eudistasmd.org\/index.php\/2025\/05\/20\/encuentro-fraterno-con-los-hermanos-en-mision-en-italia-y-francia-presencia-viva-de-la-provincia-mas-alla-de-fronteras\/","name":"Encuentro fraterno con los hermanos en misi\u00f3n en Italia y Francia: presencia viva de la Provincia m\u00e1s all\u00e1 de fronteras - Eudistas MD","isPartOf":{"@id":"https:\/\/www.eudistasmd.org\/#website"},"primaryImageOfPage":{"@id":"https:\/\/www.eudistasmd.org\/index.php\/2025\/05\/20\/encuentro-fraterno-con-los-hermanos-en-mision-en-italia-y-francia-presencia-viva-de-la-provincia-mas-alla-de-fronteras\/#primaryimage"},"image":{"@id":"https:\/\/www.eudistasmd.org\/index.php\/2025\/05\/20\/encuentro-fraterno-con-los-hermanos-en-mision-en-italia-y-francia-presencia-viva-de-la-provincia-mas-alla-de-fronteras\/#primaryimage"},"thumbnailUrl":"https:\/\/www.eudistasmd.org\/wp-content\/uploads\/2025\/05\/comunidad-local-inter-provincial.jpeg","datePublished":"2025-05-20T17:56:02+00:00","dateModified":"2025-05-20T22:26:59+00:00","author":{"@id":"https:\/\/www.eudistasmd.org\/#\/schema\/person\/ea031151eedd6aedadcdb515522d15d5"},"breadcrumb":{"@id":"https:\/\/www.eudistasmd.org\/index.php\/2025\/05\/20\/encuentro-fraterno-con-los-hermanos-en-mision-en-italia-y-francia-presencia-viva-de-la-provincia-mas-alla-de-fronteras\/#breadcrumb"},"inLanguage":"es","potentialAction":[{"@type":"ReadAction","target":["https:\/\/www.eudistasmd.org\/index.php\/2025\/05\/20\/encuentro-fraterno-con-los-hermanos-en-mision-en-italia-y-francia-presencia-viva-de-la-provincia-mas-alla-de-fronteras\/"]}]},{"@type":"ImageObject","inLanguage":"es","@id":"https:\/\/www.eudistasmd.org\/index.php\/2025\/05\/20\/encuentro-fraterno-con-los-hermanos-en-mision-en-italia-y-francia-presencia-viva-de-la-provincia-mas-alla-de-fronteras\/#primaryimage","url":"https:\/\/www.eudistasmd.org\/wp-content\/uploads\/2025\/05\/comunidad-local-inter-provincial.jpeg","contentUrl":"https:\/\/www.eudistasmd.org\/wp-content\/uploads\/2025\/05\/comunidad-local-inter-provincial.jpeg","width":1280,"height":960},{"@type":"BreadcrumbList","@id":"https:\/\/www.eudistasmd.org\/index.php\/2025\/05\/20\/encuentro-fraterno-con-los-hermanos-en-mision-en-italia-y-francia-presencia-viva-de-la-provincia-mas-alla-de-fronteras\/#breadcrumb","itemListElement":[{"@type":"ListItem","position":1,"name":"Portada","item":"https:\/\/www.eudistasmd.org\/"},{"@type":"ListItem","position":2,"name":"Encuentro fraterno con los hermanos en misi\u00f3n en Italia y Francia: presencia viva de la Provincia m\u00e1s all\u00e1 de fronteras"}]},{"@type":"WebSite","@id":"https:\/\/www.eudistasmd.org\/#website","url":"https:\/\/www.eudistasmd.org\/","name":"Eudistas MD","description":"Esta Provincia naci\u00f3 de la obra fundada por el padre eudista: Rafael Garc\u00eda Herreros. Este Don del Minuto de Dios ha sido encomendado a los los Eudistas del El Minuto de Dios, quienes se dedican a la Evangelizaci\u00f3n, la Formaci\u00f3n, y al servicio a los m\u00e1s pobres a trav\u00e9s de la Organizaci\u00f3n Minuto de Dios.","potentialAction":[{"@type":"SearchAction","target":{"@type":"EntryPoint","urlTemplate":"https:\/\/www.eudistasmd.org\/?s={search_term_string}"},"query-input":{"@type":"PropertyValueSpecification","valueRequired":true,"valueName":"search_term_string"}}],"inLanguage":"es"},{"@type":"Person","@id":"https:\/\/www.eudistasmd.org\/#\/schema\/person\/ea031151eedd6aedadcdb515522d15d5","name":"Angie Stacy Rodr\u00edguez G\u00f3mez","image":{"@type":"ImageObject","inLanguage":"es","@id":"https:\/\/secure.gravatar.com\/avatar\/08c6f46fb8b7d2682b0cdfd76fb248e50ae4b1eeed14c21faf047e138ae11aa3?s=96&d=mm&r=g","url":"https:\/\/secure.gravatar.com\/avatar\/08c6f46fb8b7d2682b0cdfd76fb248e50ae4b1eeed14c21faf047e138ae11aa3?s=96&d=mm&r=g","contentUrl":"https:\/\/secure.gravatar.com\/avatar\/08c6f46fb8b7d2682b0cdfd76fb248e50ae4b1eeed14c21faf047e138ae11aa3?s=96&d=mm&r=g","caption":"Angie Stacy Rodr\u00edguez G\u00f3mez"},"url":"https:\/\/www.eudistasmd.org\/index.php\/author\/noticias-editoramd\/"}]}},"_links":{"self":[{"href":"https:\/\/www.eudistasmd.org\/index.php\/wp-json\/wp\/v2\/posts\/7211","targetHints":{"allow":["GET"]}}],"collection":[{"href":"https:\/\/www.eudistasmd.org\/index.php\/wp-json\/wp\/v2\/posts"}],"about":[{"href":"https:\/\/www.eudistasmd.org\/index.php\/wp-json\/wp\/v2\/types\/post"}],"author":[{"embeddable":true,"href":"https:\/\/www.eudistasmd.org\/index.php\/wp-json\/wp\/v2\/users\/7"}],"replies":[{"embeddable":true,"href":"https:\/\/www.eudistasmd.org\/index.php\/wp-json\/wp\/v2\/comments?post=7211"}],"version-history":[{"count":2,"href":"https:\/\/www.eudistasmd.org\/index.php\/wp-json\/wp\/v2\/posts\/7211\/revisions"}],"predecessor-version":[{"id":7214,"href":"https:\/\/www.eudistasmd.org\/index.php\/wp-json\/wp\/v2\/posts\/7211\/revisions\/7214"}],"wp:featuredmedia":[{"embeddable":true,"href":"https:\/\/www.eudistasmd.org\/index.php\/wp-json\/wp\/v2\/media\/7212"}],"wp:attachment":[{"href":"https:\/\/www.eudistasmd.org\/index.php\/wp-json\/wp\/v2\/media?parent=7211"}],"wp:term":[{"taxonomy":"category","embeddable":true,"href":"https:\/\/www.eudistasmd.org\/index.php\/wp-json\/wp\/v2\/categories?post=7211"},{"taxonomy":"post_tag","embeddable":true,"href":"https:\/\/www.eudistasmd.org\/index.php\/wp-json\/wp\/v2\/tags?post=7211"}],"curies":[{"name":"wp","href":"https:\/\/api.w.org\/{rel}","templated":true}]}}