{"id":7168,"date":"2025-05-07T17:28:55","date_gmt":"2025-05-07T22:28:55","guid":{"rendered":"https:\/\/www.eudistasmd.org\/?p=7168"},"modified":"2025-05-07T17:28:55","modified_gmt":"2025-05-07T22:28:55","slug":"visita-canonica-a-la-comunidad-local-san-juan-maria-vianney-bucaramanga","status":"publish","type":"post","link":"https:\/\/www.eudistasmd.org\/index.php\/2025\/05\/07\/visita-canonica-a-la-comunidad-local-san-juan-maria-vianney-bucaramanga\/","title":{"rendered":"Visita can\u00f3nica a la comunidad local San Juan Mar\u00eda Vianney \u2013 Bucaramanga"},"content":{"rendered":"<p>En el marco de su recorrido fraterno por las comunidades eudistas, el Padre Germ\u00e1n G\u00e1ndara, CJM, Superior Provincial de la Provincia Eudista Minuto de Dios, realiz\u00f3 la visita can\u00f3nica a la comunidad local San Juan Mar\u00eda Vianney, en la ciudad de Bucaramanga.<\/p>\n<p>Durante su visita, el Padre Germ\u00e1n tuvo la oportunidad de compartir momentos de escucha, reflexi\u00f3n y oraci\u00f3n con los hermanos que conforman la comunidad, quienes llevan adelante la misi\u00f3n eudista en distintos frentes de evangelizaci\u00f3n, formaci\u00f3n y servicio. En sus palabras, destac\u00f3 la riqueza de esta presencia misionera, que se expresa tanto en la vida fraterna como en el testimonio apost\u00f3lico que se despliega en diversas instituciones de la ciudad.<\/p>\n<p><img loading=\"lazy\" decoding=\"async\" class=\"wp-image-7170 aligncenter\" src=\"https:\/\/www.eudistasmd.org\/wp-content\/uploads\/2025\/05\/WhatsApp-Image-2025-05-05-at-9.07.24-AM-1.jpeg\" alt=\"\" width=\"332\" height=\"249\" \/><\/p>\n<p><img loading=\"lazy\" decoding=\"async\" class=\"wp-image-7171 aligncenter\" src=\"https:\/\/www.eudistasmd.org\/wp-content\/uploads\/2025\/05\/WhatsApp-Image-2025-05-06-at-7.20.30-AM-1.jpeg\" alt=\"\" width=\"362\" height=\"272\" \/><\/p>\n<p>La comunidad local est\u00e1 conformada por:<\/p>\n<ul>\n<li>Padre Edgardo Figueroa Padilla, CJM, p\u00e1rroco de la Parroquia San Juan Mar\u00eda Vianney \u2013 Arquidi\u00f3cesis de Bucaramanga.<\/li>\n<li>Padre Orlando de Jes\u00fas Hern\u00e1ndez Cardona, CJM, director de UNIMINUTO \u2013 Bucaramanga.<\/li>\n<li>Padre Lino Rafael Mendoza Llorente, CJM, capell\u00e1n de los Colegios Minuto de Dios y vicario parroquial en San Juan Mar\u00eda Vianney.<\/li>\n<li>Padre Gabriel Reyes, CJM,<\/li>\n<li>Padre Alberto Calder\u00f3n Fern\u00e1ndez, CJM,<\/li>\n<li>Y el candidato Marcos Alejandro Bustamante, quien vive su experiencia pastoral en esta comunidad.<\/li>\n<\/ul>\n<p><img loading=\"lazy\" decoding=\"async\" class=\"wp-image-7172 alignright\" src=\"https:\/\/www.eudistasmd.org\/wp-content\/uploads\/2025\/05\/WhatsApp-Image-2025-05-06-at-7.20.32-AM.jpeg\" alt=\"\" width=\"168\" height=\"224\" \/><\/p>\n<p>&nbsp;<\/p>\n<p>Adem\u00e1s de los encuentros con los hermanos, el Padre Germ\u00e1n sostuvo espacios fraternos con los laicos asociados eudistas y con miembros de comunidades religiosas cercanas a la espiritualidad eudista, fortaleciendo as\u00ed los lazos de comuni\u00f3n y misi\u00f3n compartida.<\/p>\n<p>La misi\u00f3n en Bucaramanga se despliega en lugares clave como la Parroquia San Juan Mar\u00eda Vianney, la sede UNIMINUTO y los Colegios Minuto de Dios, siendo signos concretos de la presencia de Jes\u00fas y Mar\u00eda en medio del pueblo.<\/p>\n<p>Sigamos orando por esta comunidad local, por el fruto de la visita y por la fidelidad de cada uno de sus miembros al esp\u00edritu de San Juan Eudes.<\/p>\n","protected":false},"excerpt":{"rendered":"<p>En el marco de su recorrido fraterno por las comunidades eudistas, el Padre Germ\u00e1n G\u00e1ndara, CJM, Superior Provincial de la Provincia Eudista Minuto de Dios, realiz\u00f3 la visita can\u00f3nica a la comunidad local San Juan Mar\u00eda Vianney, en la ciudad de Bucaramanga. Durante su visita, el Padre Germ\u00e1n tuvo la oportunidad de compartir momentos de [&hellip;]<\/p>\n","protected":false},"author":7,"featured_media":7169,"comment_status":"closed","ping_status":"closed","sticky":false,"template":"","format":"standard","meta":{"_et_pb_use_builder":"","_et_pb_old_content":"","_et_gb_content_width":"","footnotes":""},"categories":[13],"tags":[22,341],"class_list":["post-7168","post","type-post","status-publish","format-standard","has-post-thumbnail","hentry","category-actualidad-eudista","tag-eudistas","tag-eudistas-en-bucaramanga"],"yoast_head":"<!-- This site is optimized with the Yoast SEO plugin v27.2 - https:\/\/yoast.com\/product\/yoast-seo-wordpress\/ -->\n<title>Visita can\u00f3nica a la comunidad local San Juan Mar\u00eda Vianney \u2013 Bucaramanga - Eudistas MD<\/title>\n<meta name=\"robots\" content=\"index, follow, max-snippet:-1, max-image-preview:large, max-video-preview:-1\" \/>\n<link rel=\"canonical\" href=\"https:\/\/www.eudistasmd.org\/index.php\/2025\/05\/07\/visita-canonica-a-la-comunidad-local-san-juan-maria-vianney-bucaramanga\/\" \/>\n<meta property=\"og:locale\" content=\"es_ES\" \/>\n<meta property=\"og:type\" content=\"article\" \/>\n<meta property=\"og:title\" content=\"Visita can\u00f3nica a la comunidad local San Juan Mar\u00eda Vianney \u2013 Bucaramanga - Eudistas MD\" \/>\n<meta property=\"og:description\" content=\"En el marco de su recorrido fraterno por las comunidades eudistas, el Padre Germ\u00e1n G\u00e1ndara, CJM, Superior Provincial de la Provincia Eudista Minuto de Dios, realiz\u00f3 la visita can\u00f3nica a la comunidad local San Juan Mar\u00eda Vianney, en la ciudad de Bucaramanga. Durante su visita, el Padre Germ\u00e1n tuvo la oportunidad de compartir momentos de [&hellip;]\" \/>\n<meta property=\"og:url\" content=\"https:\/\/www.eudistasmd.org\/index.php\/2025\/05\/07\/visita-canonica-a-la-comunidad-local-san-juan-maria-vianney-bucaramanga\/\" \/>\n<meta property=\"og:site_name\" content=\"Eudistas MD\" \/>\n<meta property=\"article:published_time\" content=\"2025-05-07T22:28:55+00:00\" \/>\n<meta property=\"og:image\" content=\"https:\/\/www.eudistasmd.org\/wp-content\/uploads\/2025\/05\/WhatsApp-Image-2025-05-05-at-9.07.24-AM.jpeg\" \/>\n\t<meta property=\"og:image:width\" content=\"1600\" \/>\n\t<meta property=\"og:image:height\" content=\"1200\" \/>\n\t<meta property=\"og:image:type\" content=\"image\/jpeg\" \/>\n<meta name=\"author\" content=\"Angie Stacy Rodr\u00edguez G\u00f3mez\" \/>\n<meta name=\"twitter:card\" content=\"summary_large_image\" \/>\n<meta name=\"twitter:label1\" content=\"Escrito por\" \/>\n\t<meta name=\"twitter:data1\" content=\"Angie Stacy Rodr\u00edguez G\u00f3mez\" \/>\n\t<meta name=\"twitter:label2\" content=\"Tiempo de lectura\" \/>\n\t<meta name=\"twitter:data2\" content=\"3 minutos\" \/>\n<script type=\"application\/ld+json\" class=\"yoast-schema-graph\">{\"@context\":\"https:\/\/schema.org\",\"@graph\":[{\"@type\":\"Article\",\"@id\":\"https:\/\/www.eudistasmd.org\/index.php\/2025\/05\/07\/visita-canonica-a-la-comunidad-local-san-juan-maria-vianney-bucaramanga\/#article\",\"isPartOf\":{\"@id\":\"https:\/\/www.eudistasmd.org\/index.php\/2025\/05\/07\/visita-canonica-a-la-comunidad-local-san-juan-maria-vianney-bucaramanga\/\"},\"author\":{\"name\":\"Angie Stacy Rodr\u00edguez G\u00f3mez\",\"@id\":\"https:\/\/www.eudistasmd.org\/#\/schema\/person\/ea031151eedd6aedadcdb515522d15d5\"},\"headline\":\"Visita can\u00f3nica a la comunidad local San Juan Mar\u00eda Vianney \u2013 Bucaramanga\",\"datePublished\":\"2025-05-07T22:28:55+00:00\",\"mainEntityOfPage\":{\"@id\":\"https:\/\/www.eudistasmd.org\/index.php\/2025\/05\/07\/visita-canonica-a-la-comunidad-local-san-juan-maria-vianney-bucaramanga\/\"},\"wordCount\":337,\"image\":{\"@id\":\"https:\/\/www.eudistasmd.org\/index.php\/2025\/05\/07\/visita-canonica-a-la-comunidad-local-san-juan-maria-vianney-bucaramanga\/#primaryimage\"},\"thumbnailUrl\":\"https:\/\/www.eudistasmd.org\/wp-content\/uploads\/2025\/05\/WhatsApp-Image-2025-05-05-at-9.07.24-AM.jpeg\",\"keywords\":[\"Eudistas\",\"Eudistas en Bucaramanga\"],\"articleSection\":[\"Actualidad Eudista\"],\"inLanguage\":\"es\"},{\"@type\":\"WebPage\",\"@id\":\"https:\/\/www.eudistasmd.org\/index.php\/2025\/05\/07\/visita-canonica-a-la-comunidad-local-san-juan-maria-vianney-bucaramanga\/\",\"url\":\"https:\/\/www.eudistasmd.org\/index.php\/2025\/05\/07\/visita-canonica-a-la-comunidad-local-san-juan-maria-vianney-bucaramanga\/\",\"name\":\"Visita can\u00f3nica a la comunidad local San Juan Mar\u00eda Vianney \u2013 Bucaramanga - Eudistas MD\",\"isPartOf\":{\"@id\":\"https:\/\/www.eudistasmd.org\/#website\"},\"primaryImageOfPage\":{\"@id\":\"https:\/\/www.eudistasmd.org\/index.php\/2025\/05\/07\/visita-canonica-a-la-comunidad-local-san-juan-maria-vianney-bucaramanga\/#primaryimage\"},\"image\":{\"@id\":\"https:\/\/www.eudistasmd.org\/index.php\/2025\/05\/07\/visita-canonica-a-la-comunidad-local-san-juan-maria-vianney-bucaramanga\/#primaryimage\"},\"thumbnailUrl\":\"https:\/\/www.eudistasmd.org\/wp-content\/uploads\/2025\/05\/WhatsApp-Image-2025-05-05-at-9.07.24-AM.jpeg\",\"datePublished\":\"2025-05-07T22:28:55+00:00\",\"author\":{\"@id\":\"https:\/\/www.eudistasmd.org\/#\/schema\/person\/ea031151eedd6aedadcdb515522d15d5\"},\"breadcrumb\":{\"@id\":\"https:\/\/www.eudistasmd.org\/index.php\/2025\/05\/07\/visita-canonica-a-la-comunidad-local-san-juan-maria-vianney-bucaramanga\/#breadcrumb\"},\"inLanguage\":\"es\",\"potentialAction\":[{\"@type\":\"ReadAction\",\"target\":[\"https:\/\/www.eudistasmd.org\/index.php\/2025\/05\/07\/visita-canonica-a-la-comunidad-local-san-juan-maria-vianney-bucaramanga\/\"]}]},{\"@type\":\"ImageObject\",\"inLanguage\":\"es\",\"@id\":\"https:\/\/www.eudistasmd.org\/index.php\/2025\/05\/07\/visita-canonica-a-la-comunidad-local-san-juan-maria-vianney-bucaramanga\/#primaryimage\",\"url\":\"https:\/\/www.eudistasmd.org\/wp-content\/uploads\/2025\/05\/WhatsApp-Image-2025-05-05-at-9.07.24-AM.jpeg\",\"contentUrl\":\"https:\/\/www.eudistasmd.org\/wp-content\/uploads\/2025\/05\/WhatsApp-Image-2025-05-05-at-9.07.24-AM.jpeg\",\"width\":1600,\"height\":1200},{\"@type\":\"BreadcrumbList\",\"@id\":\"https:\/\/www.eudistasmd.org\/index.php\/2025\/05\/07\/visita-canonica-a-la-comunidad-local-san-juan-maria-vianney-bucaramanga\/#breadcrumb\",\"itemListElement\":[{\"@type\":\"ListItem\",\"position\":1,\"name\":\"Portada\",\"item\":\"https:\/\/www.eudistasmd.org\/\"},{\"@type\":\"ListItem\",\"position\":2,\"name\":\"Visita can\u00f3nica a la comunidad local San Juan Mar\u00eda Vianney \u2013 Bucaramanga\"}]},{\"@type\":\"WebSite\",\"@id\":\"https:\/\/www.eudistasmd.org\/#website\",\"url\":\"https:\/\/www.eudistasmd.org\/\",\"name\":\"Eudistas MD\",\"description\":\"Esta Provincia naci\u00f3 de la obra fundada por el padre eudista: Rafael Garc\u00eda Herreros. Este Don del Minuto de Dios ha sido encomendado a los los Eudistas del El Minuto de Dios, quienes se dedican a la Evangelizaci\u00f3n, la Formaci\u00f3n, y al servicio a los m\u00e1s pobres a trav\u00e9s de la Organizaci\u00f3n Minuto de Dios.\",\"potentialAction\":[{\"@type\":\"SearchAction\",\"target\":{\"@type\":\"EntryPoint\",\"urlTemplate\":\"https:\/\/www.eudistasmd.org\/?s={search_term_string}\"},\"query-input\":{\"@type\":\"PropertyValueSpecification\",\"valueRequired\":true,\"valueName\":\"search_term_string\"}}],\"inLanguage\":\"es\"},{\"@type\":\"Person\",\"@id\":\"https:\/\/www.eudistasmd.org\/#\/schema\/person\/ea031151eedd6aedadcdb515522d15d5\",\"name\":\"Angie Stacy Rodr\u00edguez G\u00f3mez\",\"image\":{\"@type\":\"ImageObject\",\"inLanguage\":\"es\",\"@id\":\"https:\/\/secure.gravatar.com\/avatar\/08c6f46fb8b7d2682b0cdfd76fb248e50ae4b1eeed14c21faf047e138ae11aa3?s=96&d=mm&r=g\",\"url\":\"https:\/\/secure.gravatar.com\/avatar\/08c6f46fb8b7d2682b0cdfd76fb248e50ae4b1eeed14c21faf047e138ae11aa3?s=96&d=mm&r=g\",\"contentUrl\":\"https:\/\/secure.gravatar.com\/avatar\/08c6f46fb8b7d2682b0cdfd76fb248e50ae4b1eeed14c21faf047e138ae11aa3?s=96&d=mm&r=g\",\"caption\":\"Angie Stacy Rodr\u00edguez G\u00f3mez\"},\"url\":\"https:\/\/www.eudistasmd.org\/index.php\/author\/noticias-editoramd\/\"}]}<\/script>\n<!-- \/ Yoast SEO plugin. -->","yoast_head_json":{"title":"Visita can\u00f3nica a la comunidad local San Juan Mar\u00eda Vianney \u2013 Bucaramanga - Eudistas MD","robots":{"index":"index","follow":"follow","max-snippet":"max-snippet:-1","max-image-preview":"max-image-preview:large","max-video-preview":"max-video-preview:-1"},"canonical":"https:\/\/www.eudistasmd.org\/index.php\/2025\/05\/07\/visita-canonica-a-la-comunidad-local-san-juan-maria-vianney-bucaramanga\/","og_locale":"es_ES","og_type":"article","og_title":"Visita can\u00f3nica a la comunidad local San Juan Mar\u00eda Vianney \u2013 Bucaramanga - Eudistas MD","og_description":"En el marco de su recorrido fraterno por las comunidades eudistas, el Padre Germ\u00e1n G\u00e1ndara, CJM, Superior Provincial de la Provincia Eudista Minuto de Dios, realiz\u00f3 la visita can\u00f3nica a la comunidad local San Juan Mar\u00eda Vianney, en la ciudad de Bucaramanga. Durante su visita, el Padre Germ\u00e1n tuvo la oportunidad de compartir momentos de [&hellip;]","og_url":"https:\/\/www.eudistasmd.org\/index.php\/2025\/05\/07\/visita-canonica-a-la-comunidad-local-san-juan-maria-vianney-bucaramanga\/","og_site_name":"Eudistas MD","article_published_time":"2025-05-07T22:28:55+00:00","og_image":[{"width":1600,"height":1200,"url":"https:\/\/www.eudistasmd.org\/wp-content\/uploads\/2025\/05\/WhatsApp-Image-2025-05-05-at-9.07.24-AM.jpeg","type":"image\/jpeg"}],"author":"Angie Stacy Rodr\u00edguez G\u00f3mez","twitter_card":"summary_large_image","twitter_misc":{"Escrito por":"Angie Stacy Rodr\u00edguez G\u00f3mez","Tiempo de lectura":"3 minutos"},"schema":{"@context":"https:\/\/schema.org","@graph":[{"@type":"Article","@id":"https:\/\/www.eudistasmd.org\/index.php\/2025\/05\/07\/visita-canonica-a-la-comunidad-local-san-juan-maria-vianney-bucaramanga\/#article","isPartOf":{"@id":"https:\/\/www.eudistasmd.org\/index.php\/2025\/05\/07\/visita-canonica-a-la-comunidad-local-san-juan-maria-vianney-bucaramanga\/"},"author":{"name":"Angie Stacy Rodr\u00edguez G\u00f3mez","@id":"https:\/\/www.eudistasmd.org\/#\/schema\/person\/ea031151eedd6aedadcdb515522d15d5"},"headline":"Visita can\u00f3nica a la comunidad local San Juan Mar\u00eda Vianney \u2013 Bucaramanga","datePublished":"2025-05-07T22:28:55+00:00","mainEntityOfPage":{"@id":"https:\/\/www.eudistasmd.org\/index.php\/2025\/05\/07\/visita-canonica-a-la-comunidad-local-san-juan-maria-vianney-bucaramanga\/"},"wordCount":337,"image":{"@id":"https:\/\/www.eudistasmd.org\/index.php\/2025\/05\/07\/visita-canonica-a-la-comunidad-local-san-juan-maria-vianney-bucaramanga\/#primaryimage"},"thumbnailUrl":"https:\/\/www.eudistasmd.org\/wp-content\/uploads\/2025\/05\/WhatsApp-Image-2025-05-05-at-9.07.24-AM.jpeg","keywords":["Eudistas","Eudistas en Bucaramanga"],"articleSection":["Actualidad Eudista"],"inLanguage":"es"},{"@type":"WebPage","@id":"https:\/\/www.eudistasmd.org\/index.php\/2025\/05\/07\/visita-canonica-a-la-comunidad-local-san-juan-maria-vianney-bucaramanga\/","url":"https:\/\/www.eudistasmd.org\/index.php\/2025\/05\/07\/visita-canonica-a-la-comunidad-local-san-juan-maria-vianney-bucaramanga\/","name":"Visita can\u00f3nica a la comunidad local San Juan Mar\u00eda Vianney \u2013 Bucaramanga - Eudistas MD","isPartOf":{"@id":"https:\/\/www.eudistasmd.org\/#website"},"primaryImageOfPage":{"@id":"https:\/\/www.eudistasmd.org\/index.php\/2025\/05\/07\/visita-canonica-a-la-comunidad-local-san-juan-maria-vianney-bucaramanga\/#primaryimage"},"image":{"@id":"https:\/\/www.eudistasmd.org\/index.php\/2025\/05\/07\/visita-canonica-a-la-comunidad-local-san-juan-maria-vianney-bucaramanga\/#primaryimage"},"thumbnailUrl":"https:\/\/www.eudistasmd.org\/wp-content\/uploads\/2025\/05\/WhatsApp-Image-2025-05-05-at-9.07.24-AM.jpeg","datePublished":"2025-05-07T22:28:55+00:00","author":{"@id":"https:\/\/www.eudistasmd.org\/#\/schema\/person\/ea031151eedd6aedadcdb515522d15d5"},"breadcrumb":{"@id":"https:\/\/www.eudistasmd.org\/index.php\/2025\/05\/07\/visita-canonica-a-la-comunidad-local-san-juan-maria-vianney-bucaramanga\/#breadcrumb"},"inLanguage":"es","potentialAction":[{"@type":"ReadAction","target":["https:\/\/www.eudistasmd.org\/index.php\/2025\/05\/07\/visita-canonica-a-la-comunidad-local-san-juan-maria-vianney-bucaramanga\/"]}]},{"@type":"ImageObject","inLanguage":"es","@id":"https:\/\/www.eudistasmd.org\/index.php\/2025\/05\/07\/visita-canonica-a-la-comunidad-local-san-juan-maria-vianney-bucaramanga\/#primaryimage","url":"https:\/\/www.eudistasmd.org\/wp-content\/uploads\/2025\/05\/WhatsApp-Image-2025-05-05-at-9.07.24-AM.jpeg","contentUrl":"https:\/\/www.eudistasmd.org\/wp-content\/uploads\/2025\/05\/WhatsApp-Image-2025-05-05-at-9.07.24-AM.jpeg","width":1600,"height":1200},{"@type":"BreadcrumbList","@id":"https:\/\/www.eudistasmd.org\/index.php\/2025\/05\/07\/visita-canonica-a-la-comunidad-local-san-juan-maria-vianney-bucaramanga\/#breadcrumb","itemListElement":[{"@type":"ListItem","position":1,"name":"Portada","item":"https:\/\/www.eudistasmd.org\/"},{"@type":"ListItem","position":2,"name":"Visita can\u00f3nica a la comunidad local San Juan Mar\u00eda Vianney \u2013 Bucaramanga"}]},{"@type":"WebSite","@id":"https:\/\/www.eudistasmd.org\/#website","url":"https:\/\/www.eudistasmd.org\/","name":"Eudistas MD","description":"Esta Provincia naci\u00f3 de la obra fundada por el padre eudista: Rafael Garc\u00eda Herreros. Este Don del Minuto de Dios ha sido encomendado a los los Eudistas del El Minuto de Dios, quienes se dedican a la Evangelizaci\u00f3n, la Formaci\u00f3n, y al servicio a los m\u00e1s pobres a trav\u00e9s de la Organizaci\u00f3n Minuto de Dios.","potentialAction":[{"@type":"SearchAction","target":{"@type":"EntryPoint","urlTemplate":"https:\/\/www.eudistasmd.org\/?s={search_term_string}"},"query-input":{"@type":"PropertyValueSpecification","valueRequired":true,"valueName":"search_term_string"}}],"inLanguage":"es"},{"@type":"Person","@id":"https:\/\/www.eudistasmd.org\/#\/schema\/person\/ea031151eedd6aedadcdb515522d15d5","name":"Angie Stacy Rodr\u00edguez G\u00f3mez","image":{"@type":"ImageObject","inLanguage":"es","@id":"https:\/\/secure.gravatar.com\/avatar\/08c6f46fb8b7d2682b0cdfd76fb248e50ae4b1eeed14c21faf047e138ae11aa3?s=96&d=mm&r=g","url":"https:\/\/secure.gravatar.com\/avatar\/08c6f46fb8b7d2682b0cdfd76fb248e50ae4b1eeed14c21faf047e138ae11aa3?s=96&d=mm&r=g","contentUrl":"https:\/\/secure.gravatar.com\/avatar\/08c6f46fb8b7d2682b0cdfd76fb248e50ae4b1eeed14c21faf047e138ae11aa3?s=96&d=mm&r=g","caption":"Angie Stacy Rodr\u00edguez G\u00f3mez"},"url":"https:\/\/www.eudistasmd.org\/index.php\/author\/noticias-editoramd\/"}]}},"_links":{"self":[{"href":"https:\/\/www.eudistasmd.org\/index.php\/wp-json\/wp\/v2\/posts\/7168","targetHints":{"allow":["GET"]}}],"collection":[{"href":"https:\/\/www.eudistasmd.org\/index.php\/wp-json\/wp\/v2\/posts"}],"about":[{"href":"https:\/\/www.eudistasmd.org\/index.php\/wp-json\/wp\/v2\/types\/post"}],"author":[{"embeddable":true,"href":"https:\/\/www.eudistasmd.org\/index.php\/wp-json\/wp\/v2\/users\/7"}],"replies":[{"embeddable":true,"href":"https:\/\/www.eudistasmd.org\/index.php\/wp-json\/wp\/v2\/comments?post=7168"}],"version-history":[{"count":1,"href":"https:\/\/www.eudistasmd.org\/index.php\/wp-json\/wp\/v2\/posts\/7168\/revisions"}],"predecessor-version":[{"id":7173,"href":"https:\/\/www.eudistasmd.org\/index.php\/wp-json\/wp\/v2\/posts\/7168\/revisions\/7173"}],"wp:featuredmedia":[{"embeddable":true,"href":"https:\/\/www.eudistasmd.org\/index.php\/wp-json\/wp\/v2\/media\/7169"}],"wp:attachment":[{"href":"https:\/\/www.eudistasmd.org\/index.php\/wp-json\/wp\/v2\/media?parent=7168"}],"wp:term":[{"taxonomy":"category","embeddable":true,"href":"https:\/\/www.eudistasmd.org\/index.php\/wp-json\/wp\/v2\/categories?post=7168"},{"taxonomy":"post_tag","embeddable":true,"href":"https:\/\/www.eudistasmd.org\/index.php\/wp-json\/wp\/v2\/tags?post=7168"}],"curies":[{"name":"wp","href":"https:\/\/api.w.org\/{rel}","templated":true}]}}