{"id":5570,"date":"2023-08-29T13:04:07","date_gmt":"2023-08-29T18:04:07","guid":{"rendered":"https:\/\/www.eudistasmd.org\/?p=5570"},"modified":"2023-08-29T13:04:07","modified_gmt":"2023-08-29T18:04:07","slug":"doctorado-honoris-causa-para-el-padre-harold-castilla-devoz-cjm-por-su-mision-formadora-y-educativa","status":"publish","type":"post","link":"https:\/\/www.eudistasmd.org\/index.php\/2023\/08\/29\/doctorado-honoris-causa-para-el-padre-harold-castilla-devoz-cjm-por-su-mision-formadora-y-educativa\/","title":{"rendered":"Doctorado Honoris Causa para el padre Harold Castilla Devoz, cjm por su misi\u00f3n formadora y educativa"},"content":{"rendered":"<blockquote><p><strong>Angie Stacy Rodr\u00edguez<\/strong><\/p>\n<p><strong>Fotograf\u00edas: Oficina de Imagen Institucional, Universidad Ricardo Palma.<\/strong><\/p><\/blockquote>\n<p><em>M\u00e1s de 30 a\u00f1os al servicio de la educaci\u00f3n como sacerdote eudista, han aportado al desarrollo integral de las personas en Colombia y Am\u00e9rica Latina. <\/em><\/p>\n<p><img loading=\"lazy\" decoding=\"async\" class=\" wp-image-5572 alignleft\" src=\"https:\/\/www.eudistasmd.org\/wp-content\/uploads\/2023\/08\/el-padre-harold-castilla-recibio-medalla-de-honor-en-peru.jpg\" alt=\"\" width=\"378\" height=\"252\" \/>El padre Harold Castilla Devoz, cjm, fue investido con el grado de Doctor Honoris Causa por la Universidad Ricardo Palma de Per\u00fa URP, a trav\u00e9s del Instituto Peruano del Pensamiento Complejo Edgar Morin gracias a sus aportes desde la educaci\u00f3n al desarrollo social de Colombia y Am\u00e9rica Latina.<\/p>\n<p>Una solemne ceremonia fue celebrada en el marco de este gran reconocimiento acad\u00e9mico, que enmarca la trayectoria de un sacerdote eudista que ha dedicado m\u00e1s de 30 a\u00f1os a la causa de formaci\u00f3n y educaci\u00f3n, acompa\u00f1ado por su madre, el padre Camilo Bernal, cjm, Superior de la Provincia Eudista Minuto de Dios, sus hermanos sacerdotes, miembros de la obra y directivos de la URP, se resalt\u00f3 la magnitud de este suceso y lo importante que es para la familia eudista, as\u00ed como lo expres\u00f3 el padre Camilo Bernal, cjm: <em>\u201cEl padre Harold es un orgullo <img loading=\"lazy\" decoding=\"async\" class=\" wp-image-5573 alignright\" src=\"https:\/\/www.eudistasmd.org\/wp-content\/uploads\/2023\/08\/padre-camilo-bernal-superior-provincial-de-los-eudistas-de-el-minuto-de-dios.jpg\" alt=\"\" width=\"384\" height=\"256\" \/>para nosotros, nos alegramos contigo, sentimos que esta bendici\u00f3n que Dios te otorga no es solo para ti sino para todos nuestros hermanos eudistas , es el fruto maduro de todo este esfuerzo de El Minuto de Dios. Tus cualidades humanas, tu dedicaci\u00f3n, tu esp\u00edritu de servicio, tu integridad en el trabajo, todo es una garant\u00eda para que todo lo que emprendas en la vida tenga \u00e9xito y llegues a un buen lugar\u201d. <\/em><\/p>\n<p>Tambi\u00e9n, el superior de la provincia resalt\u00f3 la trayectoria de este sacerdote al servicio de la educaci\u00f3n superior en UNIMINUTO recordando los roles que ha tenido durante estos a\u00f1os y haciendo menci\u00f3n que ha sido grato acompa\u00f1ar este proceso en el cual ha visto todo su desarrollo y crecimiento como persona, ser humano y l\u00edder acad\u00e9mico.<\/p>\n<p>Por su parte, el Doctor Nelson Vallejo, Inspector General de Educaci\u00f3n Nacional de Francia, profesor y Doctor Honoris Causa de la URP, enalteci\u00f3 la labor del padre Harold como un aporte fundamental a la educaci\u00f3n en Colombia y Am\u00e9rica Latina, mencionando que, <em>\u201csu acci\u00f3n y testimonio impecable para el servicio educativo, lo hace un guardi\u00e1n espiritual en este sector\u201d.<\/em><\/p>\n<p><img loading=\"lazy\" decoding=\"async\" class=\"wp-image-5574 aligncenter\" src=\"https:\/\/www.eudistasmd.org\/wp-content\/uploads\/2023\/08\/universidad-ricardo-palma-de-peru-otorga-doctorado-honoris-causa-a-padre-harold-castilla.jpg\" alt=\"\" width=\"717\" height=\"478\" \/><\/p>\n<p>En respuesta a este reconocimiento, el padre Harold Castilla Devoz, cjm, agradeci\u00f3 este espacio con unas sentidas palabras dedicadas a su madre <em>\u201cla maestra de Turbano\u201d<\/em>, como se refiri\u00f3 a ella, resaltando su labor, amor, ejemplo y acompa\u00f1amiento durante todo este tiempo. As\u00ed mismo, reconoci\u00f3 a la comunidad eudista como una familia que lo ha apoyado en toda su trayectoria de formaci\u00f3n educativa, permitiendo que sus potencialidades y habilidades est\u00e9n al servicio de la comunidad.<\/p>\n<p>De esta forma Castilla, en su discurso de recepci\u00f3n titulado: <em>\u201cLa educaci\u00f3n: Clave para el Desarrollo y la Unidad de los Pueblos Andinos\u201d<\/em>, habl\u00f3 sobre la importancia de establecer nuevos paradigmas que aporten a la educaci\u00f3n, desde una mirada nueva y transformadora cimentada en las realidades de este siglo XXI. As\u00ed mismo, que<em> \u201clos sistemas educativos deben estar alerta de la importante necesidad del cambio de pensar, de contar con mecanismos eficientes, de actualizaci\u00f3n de los aprendizajes que sean pertinentes para los tiempos que se viven\u201d, <\/em>esto con el fin de aportar al desarrollo de la humanidad desde una mirada integral. Por su parte mencion\u00f3 que, <em>\u201ces necesario aprovechar los retos de este tiempo actual, para demostrar el poder transformador de la educaci\u00f3n, y para ello, se deben plantear nuevos paradigmas educativos que promuevan y ejecuten pedagog\u00edas participativas, contextualizadas, que potencien el desarrollo del pensamiento cr\u00edtico sist\u00e9mico y el trabajo colaborativo entre los pa\u00edses\u201d. <\/em><\/p>\n<p>Haciendo menci\u00f3n de la integraci\u00f3n de educativa en los pueblos andinos, el padre Harold hizo un llamado para que la comunidad pueda relacionarse con el pasado colonial y las culturas aut\u00f3ctonas para as\u00ed,\u00a0 cerrar brechas entre el conocimiento tradicional y la ciencia moderna , esto con el fin de \u201c<em>inspirar nuevas dimensiones de investigaci\u00f3n en \u00e1reas como la agricultura sostenible, resiliencia clim\u00e1tica, conservaci\u00f3n de la biodiversidad y todas las afirmaciones que posibiliten la integraci\u00f3n de las culturas locales, idiomas y sistemas de conocimiento\u201d.<\/em><\/p>\n<p><img loading=\"lazy\" decoding=\"async\" class=\"wp-image-5575 aligncenter\" src=\"https:\/\/www.eudistasmd.org\/wp-content\/uploads\/2023\/08\/sacerdotes-eudistas-amigos-y-familiares-acompanaron-la-celebracion.jpg\" alt=\"\" width=\"728\" height=\"485\" \/><\/p>\n<p>El nuevo Doctor Honoris Causa, cerr\u00f3 su discurso haciendo una invitaci\u00f3n para que instituciones como UNIMINUTO y la Universidad Ricardo Palma, creen una identidad \u00fanica e internacionalmente relevante para hacer contribuciones distintivas al discurso acad\u00e9mico global, a la investigaci\u00f3n y la innovaci\u00f3n desde un panorama que se comprometa con sus ra\u00edces.<\/p>\n<p>Para la Provincia Eudista Minuto de Dios, es de gran orgullo resaltar este reconocimiento como un aporte fundamental a nuestra misi\u00f3n educativa, comprendiendo la importancia de este pilar para el desarrollo integral de las personas.<\/p>\n","protected":false},"excerpt":{"rendered":"<p>Angie Stacy Rodr\u00edguez Fotograf\u00edas: Oficina de Imagen Institucional, Universidad Ricardo Palma. M\u00e1s de 30 a\u00f1os al servicio de la educaci\u00f3n como sacerdote eudista, han aportado al desarrollo integral de las personas en Colombia y Am\u00e9rica Latina. El padre Harold Castilla Devoz, cjm, fue investido con el grado de Doctor Honoris Causa por la Universidad Ricardo [&hellip;]<\/p>\n","protected":false},"author":4,"featured_media":5571,"comment_status":"closed","ping_status":"closed","sticky":false,"template":"","format":"standard","meta":{"_et_pb_use_builder":"","_et_pb_old_content":"","_et_gb_content_width":"","footnotes":""},"categories":[13],"tags":[106,55,87,107,91,83,108],"class_list":["post-5570","post","type-post","status-publish","format-standard","has-post-thumbnail","hentry","category-actualidad-eudista","tag-doctorado-honoris-causa","tag-eudistas-de-el-minuto-de-dios","tag-padre-camilo-bernal","tag-padre-harold-castilla-devoz","tag-provincia-eudista-minuto-de-dios","tag-universidad-minuto-de-dios","tag-universidad-ricardo-palma"],"yoast_head":"<!-- This site is optimized with the Yoast SEO plugin v27.2 - https:\/\/yoast.com\/product\/yoast-seo-wordpress\/ -->\n<title>Doctorado Honoris Causa para el padre Harold Castilla Devoz, cjm por su misi\u00f3n formadora y educativa - Eudistas MD<\/title>\n<meta name=\"robots\" content=\"index, follow, max-snippet:-1, max-image-preview:large, max-video-preview:-1\" \/>\n<link rel=\"canonical\" href=\"https:\/\/www.eudistasmd.org\/index.php\/2023\/08\/29\/doctorado-honoris-causa-para-el-padre-harold-castilla-devoz-cjm-por-su-mision-formadora-y-educativa\/\" \/>\n<meta property=\"og:locale\" content=\"es_ES\" \/>\n<meta property=\"og:type\" content=\"article\" \/>\n<meta property=\"og:title\" content=\"Doctorado Honoris Causa para el padre Harold Castilla Devoz, cjm por su misi\u00f3n formadora y educativa - Eudistas MD\" \/>\n<meta property=\"og:description\" content=\"Angie Stacy Rodr\u00edguez Fotograf\u00edas: Oficina de Imagen Institucional, Universidad Ricardo Palma. M\u00e1s de 30 a\u00f1os al servicio de la educaci\u00f3n como sacerdote eudista, han aportado al desarrollo integral de las personas en Colombia y Am\u00e9rica Latina. El padre Harold Castilla Devoz, cjm, fue investido con el grado de Doctor Honoris Causa por la Universidad Ricardo [&hellip;]\" \/>\n<meta property=\"og:url\" content=\"https:\/\/www.eudistasmd.org\/index.php\/2023\/08\/29\/doctorado-honoris-causa-para-el-padre-harold-castilla-devoz-cjm-por-su-mision-formadora-y-educativa\/\" \/>\n<meta property=\"og:site_name\" content=\"Eudistas MD\" \/>\n<meta property=\"article:published_time\" content=\"2023-08-29T18:04:07+00:00\" \/>\n<meta property=\"og:image\" content=\"https:\/\/www.eudistasmd.org\/wp-content\/uploads\/2023\/08\/sacerdote-eudista-harold-castilla-devoz-reconocido-como-doctor-honoris-causa.jpg\" \/>\n\t<meta property=\"og:image:width\" content=\"1920\" \/>\n\t<meta property=\"og:image:height\" content=\"1080\" \/>\n\t<meta property=\"og:image:type\" content=\"image\/jpeg\" \/>\n<meta name=\"author\" content=\"Jos\u00e9 Andr\u00e9s Hurtado Soto\" \/>\n<meta name=\"twitter:card\" content=\"summary_large_image\" \/>\n<meta name=\"twitter:label1\" content=\"Escrito por\" \/>\n\t<meta name=\"twitter:data1\" content=\"Jos\u00e9 Andr\u00e9s Hurtado Soto\" \/>\n\t<meta name=\"twitter:label2\" content=\"Tiempo de lectura\" \/>\n\t<meta name=\"twitter:data2\" content=\"4 minutos\" \/>\n<script type=\"application\/ld+json\" class=\"yoast-schema-graph\">{\"@context\":\"https:\/\/schema.org\",\"@graph\":[{\"@type\":\"Article\",\"@id\":\"https:\/\/www.eudistasmd.org\/index.php\/2023\/08\/29\/doctorado-honoris-causa-para-el-padre-harold-castilla-devoz-cjm-por-su-mision-formadora-y-educativa\/#article\",\"isPartOf\":{\"@id\":\"https:\/\/www.eudistasmd.org\/index.php\/2023\/08\/29\/doctorado-honoris-causa-para-el-padre-harold-castilla-devoz-cjm-por-su-mision-formadora-y-educativa\/\"},\"author\":{\"name\":\"Jos\u00e9 Andr\u00e9s Hurtado Soto\",\"@id\":\"https:\/\/www.eudistasmd.org\/#\/schema\/person\/b1f22e99546137b09418e91b01b0ff1a\"},\"headline\":\"Doctorado Honoris Causa para el padre Harold Castilla Devoz, cjm por su misi\u00f3n formadora y educativa\",\"datePublished\":\"2023-08-29T18:04:07+00:00\",\"mainEntityOfPage\":{\"@id\":\"https:\/\/www.eudistasmd.org\/index.php\/2023\/08\/29\/doctorado-honoris-causa-para-el-padre-harold-castilla-devoz-cjm-por-su-mision-formadora-y-educativa\/\"},\"wordCount\":834,\"image\":{\"@id\":\"https:\/\/www.eudistasmd.org\/index.php\/2023\/08\/29\/doctorado-honoris-causa-para-el-padre-harold-castilla-devoz-cjm-por-su-mision-formadora-y-educativa\/#primaryimage\"},\"thumbnailUrl\":\"https:\/\/www.eudistasmd.org\/wp-content\/uploads\/2023\/08\/sacerdote-eudista-harold-castilla-devoz-reconocido-como-doctor-honoris-causa.jpg\",\"keywords\":[\"Doctorado Honoris Causa\",\"Eudistas de El Minuto de Dios\",\"Padre Camilo Bernal\",\"Padre Harold Castilla Devoz\",\"Provincia Eudista Minuto de Dios\",\"Universidad Minuto de Dios\",\"Universidad Ricardo Palma\"],\"articleSection\":[\"Actualidad Eudista\"],\"inLanguage\":\"es\"},{\"@type\":\"WebPage\",\"@id\":\"https:\/\/www.eudistasmd.org\/index.php\/2023\/08\/29\/doctorado-honoris-causa-para-el-padre-harold-castilla-devoz-cjm-por-su-mision-formadora-y-educativa\/\",\"url\":\"https:\/\/www.eudistasmd.org\/index.php\/2023\/08\/29\/doctorado-honoris-causa-para-el-padre-harold-castilla-devoz-cjm-por-su-mision-formadora-y-educativa\/\",\"name\":\"Doctorado Honoris Causa para el padre Harold Castilla Devoz, cjm por su misi\u00f3n formadora y educativa - Eudistas MD\",\"isPartOf\":{\"@id\":\"https:\/\/www.eudistasmd.org\/#website\"},\"primaryImageOfPage\":{\"@id\":\"https:\/\/www.eudistasmd.org\/index.php\/2023\/08\/29\/doctorado-honoris-causa-para-el-padre-harold-castilla-devoz-cjm-por-su-mision-formadora-y-educativa\/#primaryimage\"},\"image\":{\"@id\":\"https:\/\/www.eudistasmd.org\/index.php\/2023\/08\/29\/doctorado-honoris-causa-para-el-padre-harold-castilla-devoz-cjm-por-su-mision-formadora-y-educativa\/#primaryimage\"},\"thumbnailUrl\":\"https:\/\/www.eudistasmd.org\/wp-content\/uploads\/2023\/08\/sacerdote-eudista-harold-castilla-devoz-reconocido-como-doctor-honoris-causa.jpg\",\"datePublished\":\"2023-08-29T18:04:07+00:00\",\"author\":{\"@id\":\"https:\/\/www.eudistasmd.org\/#\/schema\/person\/b1f22e99546137b09418e91b01b0ff1a\"},\"breadcrumb\":{\"@id\":\"https:\/\/www.eudistasmd.org\/index.php\/2023\/08\/29\/doctorado-honoris-causa-para-el-padre-harold-castilla-devoz-cjm-por-su-mision-formadora-y-educativa\/#breadcrumb\"},\"inLanguage\":\"es\",\"potentialAction\":[{\"@type\":\"ReadAction\",\"target\":[\"https:\/\/www.eudistasmd.org\/index.php\/2023\/08\/29\/doctorado-honoris-causa-para-el-padre-harold-castilla-devoz-cjm-por-su-mision-formadora-y-educativa\/\"]}]},{\"@type\":\"ImageObject\",\"inLanguage\":\"es\",\"@id\":\"https:\/\/www.eudistasmd.org\/index.php\/2023\/08\/29\/doctorado-honoris-causa-para-el-padre-harold-castilla-devoz-cjm-por-su-mision-formadora-y-educativa\/#primaryimage\",\"url\":\"https:\/\/www.eudistasmd.org\/wp-content\/uploads\/2023\/08\/sacerdote-eudista-harold-castilla-devoz-reconocido-como-doctor-honoris-causa.jpg\",\"contentUrl\":\"https:\/\/www.eudistasmd.org\/wp-content\/uploads\/2023\/08\/sacerdote-eudista-harold-castilla-devoz-reconocido-como-doctor-honoris-causa.jpg\",\"width\":1920,\"height\":1080},{\"@type\":\"BreadcrumbList\",\"@id\":\"https:\/\/www.eudistasmd.org\/index.php\/2023\/08\/29\/doctorado-honoris-causa-para-el-padre-harold-castilla-devoz-cjm-por-su-mision-formadora-y-educativa\/#breadcrumb\",\"itemListElement\":[{\"@type\":\"ListItem\",\"position\":1,\"name\":\"Portada\",\"item\":\"https:\/\/www.eudistasmd.org\/\"},{\"@type\":\"ListItem\",\"position\":2,\"name\":\"Doctorado Honoris Causa para el padre Harold Castilla Devoz, cjm por su misi\u00f3n formadora y educativa\"}]},{\"@type\":\"WebSite\",\"@id\":\"https:\/\/www.eudistasmd.org\/#website\",\"url\":\"https:\/\/www.eudistasmd.org\/\",\"name\":\"Eudistas MD\",\"description\":\"Esta Provincia naci\u00f3 de la obra fundada por el padre eudista: Rafael Garc\u00eda Herreros. Este Don del Minuto de Dios ha sido encomendado a los los Eudistas del El Minuto de Dios, quienes se dedican a la Evangelizaci\u00f3n, la Formaci\u00f3n, y al servicio a los m\u00e1s pobres a trav\u00e9s de la Organizaci\u00f3n Minuto de Dios.\",\"potentialAction\":[{\"@type\":\"SearchAction\",\"target\":{\"@type\":\"EntryPoint\",\"urlTemplate\":\"https:\/\/www.eudistasmd.org\/?s={search_term_string}\"},\"query-input\":{\"@type\":\"PropertyValueSpecification\",\"valueRequired\":true,\"valueName\":\"search_term_string\"}}],\"inLanguage\":\"es\"},{\"@type\":\"Person\",\"@id\":\"https:\/\/www.eudistasmd.org\/#\/schema\/person\/b1f22e99546137b09418e91b01b0ff1a\",\"name\":\"Jos\u00e9 Andr\u00e9s Hurtado Soto\",\"image\":{\"@type\":\"ImageObject\",\"inLanguage\":\"es\",\"@id\":\"https:\/\/secure.gravatar.com\/avatar\/4bbdb31ee7642d6742ec4d6e18fe1ec42352fc2b2373f86f245d1bdf1117bcd6?s=96&d=mm&r=g\",\"url\":\"https:\/\/secure.gravatar.com\/avatar\/4bbdb31ee7642d6742ec4d6e18fe1ec42352fc2b2373f86f245d1bdf1117bcd6?s=96&d=mm&r=g\",\"contentUrl\":\"https:\/\/secure.gravatar.com\/avatar\/4bbdb31ee7642d6742ec4d6e18fe1ec42352fc2b2373f86f245d1bdf1117bcd6?s=96&d=mm&r=g\",\"caption\":\"Jos\u00e9 Andr\u00e9s Hurtado Soto\"},\"url\":\"https:\/\/www.eudistasmd.org\/index.php\/author\/noticias_eumd\/\"}]}<\/script>\n<!-- \/ Yoast SEO plugin. -->","yoast_head_json":{"title":"Doctorado Honoris Causa para el padre Harold Castilla Devoz, cjm por su misi\u00f3n formadora y educativa - Eudistas MD","robots":{"index":"index","follow":"follow","max-snippet":"max-snippet:-1","max-image-preview":"max-image-preview:large","max-video-preview":"max-video-preview:-1"},"canonical":"https:\/\/www.eudistasmd.org\/index.php\/2023\/08\/29\/doctorado-honoris-causa-para-el-padre-harold-castilla-devoz-cjm-por-su-mision-formadora-y-educativa\/","og_locale":"es_ES","og_type":"article","og_title":"Doctorado Honoris Causa para el padre Harold Castilla Devoz, cjm por su misi\u00f3n formadora y educativa - Eudistas MD","og_description":"Angie Stacy Rodr\u00edguez Fotograf\u00edas: Oficina de Imagen Institucional, Universidad Ricardo Palma. M\u00e1s de 30 a\u00f1os al servicio de la educaci\u00f3n como sacerdote eudista, han aportado al desarrollo integral de las personas en Colombia y Am\u00e9rica Latina. El padre Harold Castilla Devoz, cjm, fue investido con el grado de Doctor Honoris Causa por la Universidad Ricardo [&hellip;]","og_url":"https:\/\/www.eudistasmd.org\/index.php\/2023\/08\/29\/doctorado-honoris-causa-para-el-padre-harold-castilla-devoz-cjm-por-su-mision-formadora-y-educativa\/","og_site_name":"Eudistas MD","article_published_time":"2023-08-29T18:04:07+00:00","og_image":[{"width":1920,"height":1080,"url":"https:\/\/www.eudistasmd.org\/wp-content\/uploads\/2023\/08\/sacerdote-eudista-harold-castilla-devoz-reconocido-como-doctor-honoris-causa.jpg","type":"image\/jpeg"}],"author":"Jos\u00e9 Andr\u00e9s Hurtado Soto","twitter_card":"summary_large_image","twitter_misc":{"Escrito por":"Jos\u00e9 Andr\u00e9s Hurtado Soto","Tiempo de lectura":"4 minutos"},"schema":{"@context":"https:\/\/schema.org","@graph":[{"@type":"Article","@id":"https:\/\/www.eudistasmd.org\/index.php\/2023\/08\/29\/doctorado-honoris-causa-para-el-padre-harold-castilla-devoz-cjm-por-su-mision-formadora-y-educativa\/#article","isPartOf":{"@id":"https:\/\/www.eudistasmd.org\/index.php\/2023\/08\/29\/doctorado-honoris-causa-para-el-padre-harold-castilla-devoz-cjm-por-su-mision-formadora-y-educativa\/"},"author":{"name":"Jos\u00e9 Andr\u00e9s Hurtado Soto","@id":"https:\/\/www.eudistasmd.org\/#\/schema\/person\/b1f22e99546137b09418e91b01b0ff1a"},"headline":"Doctorado Honoris Causa para el padre Harold Castilla Devoz, cjm por su misi\u00f3n formadora y educativa","datePublished":"2023-08-29T18:04:07+00:00","mainEntityOfPage":{"@id":"https:\/\/www.eudistasmd.org\/index.php\/2023\/08\/29\/doctorado-honoris-causa-para-el-padre-harold-castilla-devoz-cjm-por-su-mision-formadora-y-educativa\/"},"wordCount":834,"image":{"@id":"https:\/\/www.eudistasmd.org\/index.php\/2023\/08\/29\/doctorado-honoris-causa-para-el-padre-harold-castilla-devoz-cjm-por-su-mision-formadora-y-educativa\/#primaryimage"},"thumbnailUrl":"https:\/\/www.eudistasmd.org\/wp-content\/uploads\/2023\/08\/sacerdote-eudista-harold-castilla-devoz-reconocido-como-doctor-honoris-causa.jpg","keywords":["Doctorado Honoris Causa","Eudistas de El Minuto de Dios","Padre Camilo Bernal","Padre Harold Castilla Devoz","Provincia Eudista Minuto de Dios","Universidad Minuto de Dios","Universidad Ricardo Palma"],"articleSection":["Actualidad Eudista"],"inLanguage":"es"},{"@type":"WebPage","@id":"https:\/\/www.eudistasmd.org\/index.php\/2023\/08\/29\/doctorado-honoris-causa-para-el-padre-harold-castilla-devoz-cjm-por-su-mision-formadora-y-educativa\/","url":"https:\/\/www.eudistasmd.org\/index.php\/2023\/08\/29\/doctorado-honoris-causa-para-el-padre-harold-castilla-devoz-cjm-por-su-mision-formadora-y-educativa\/","name":"Doctorado Honoris Causa para el padre Harold Castilla Devoz, cjm por su misi\u00f3n formadora y educativa - Eudistas MD","isPartOf":{"@id":"https:\/\/www.eudistasmd.org\/#website"},"primaryImageOfPage":{"@id":"https:\/\/www.eudistasmd.org\/index.php\/2023\/08\/29\/doctorado-honoris-causa-para-el-padre-harold-castilla-devoz-cjm-por-su-mision-formadora-y-educativa\/#primaryimage"},"image":{"@id":"https:\/\/www.eudistasmd.org\/index.php\/2023\/08\/29\/doctorado-honoris-causa-para-el-padre-harold-castilla-devoz-cjm-por-su-mision-formadora-y-educativa\/#primaryimage"},"thumbnailUrl":"https:\/\/www.eudistasmd.org\/wp-content\/uploads\/2023\/08\/sacerdote-eudista-harold-castilla-devoz-reconocido-como-doctor-honoris-causa.jpg","datePublished":"2023-08-29T18:04:07+00:00","author":{"@id":"https:\/\/www.eudistasmd.org\/#\/schema\/person\/b1f22e99546137b09418e91b01b0ff1a"},"breadcrumb":{"@id":"https:\/\/www.eudistasmd.org\/index.php\/2023\/08\/29\/doctorado-honoris-causa-para-el-padre-harold-castilla-devoz-cjm-por-su-mision-formadora-y-educativa\/#breadcrumb"},"inLanguage":"es","potentialAction":[{"@type":"ReadAction","target":["https:\/\/www.eudistasmd.org\/index.php\/2023\/08\/29\/doctorado-honoris-causa-para-el-padre-harold-castilla-devoz-cjm-por-su-mision-formadora-y-educativa\/"]}]},{"@type":"ImageObject","inLanguage":"es","@id":"https:\/\/www.eudistasmd.org\/index.php\/2023\/08\/29\/doctorado-honoris-causa-para-el-padre-harold-castilla-devoz-cjm-por-su-mision-formadora-y-educativa\/#primaryimage","url":"https:\/\/www.eudistasmd.org\/wp-content\/uploads\/2023\/08\/sacerdote-eudista-harold-castilla-devoz-reconocido-como-doctor-honoris-causa.jpg","contentUrl":"https:\/\/www.eudistasmd.org\/wp-content\/uploads\/2023\/08\/sacerdote-eudista-harold-castilla-devoz-reconocido-como-doctor-honoris-causa.jpg","width":1920,"height":1080},{"@type":"BreadcrumbList","@id":"https:\/\/www.eudistasmd.org\/index.php\/2023\/08\/29\/doctorado-honoris-causa-para-el-padre-harold-castilla-devoz-cjm-por-su-mision-formadora-y-educativa\/#breadcrumb","itemListElement":[{"@type":"ListItem","position":1,"name":"Portada","item":"https:\/\/www.eudistasmd.org\/"},{"@type":"ListItem","position":2,"name":"Doctorado Honoris Causa para el padre Harold Castilla Devoz, cjm por su misi\u00f3n formadora y educativa"}]},{"@type":"WebSite","@id":"https:\/\/www.eudistasmd.org\/#website","url":"https:\/\/www.eudistasmd.org\/","name":"Eudistas MD","description":"Esta Provincia naci\u00f3 de la obra fundada por el padre eudista: Rafael Garc\u00eda Herreros. Este Don del Minuto de Dios ha sido encomendado a los los Eudistas del El Minuto de Dios, quienes se dedican a la Evangelizaci\u00f3n, la Formaci\u00f3n, y al servicio a los m\u00e1s pobres a trav\u00e9s de la Organizaci\u00f3n Minuto de Dios.","potentialAction":[{"@type":"SearchAction","target":{"@type":"EntryPoint","urlTemplate":"https:\/\/www.eudistasmd.org\/?s={search_term_string}"},"query-input":{"@type":"PropertyValueSpecification","valueRequired":true,"valueName":"search_term_string"}}],"inLanguage":"es"},{"@type":"Person","@id":"https:\/\/www.eudistasmd.org\/#\/schema\/person\/b1f22e99546137b09418e91b01b0ff1a","name":"Jos\u00e9 Andr\u00e9s Hurtado Soto","image":{"@type":"ImageObject","inLanguage":"es","@id":"https:\/\/secure.gravatar.com\/avatar\/4bbdb31ee7642d6742ec4d6e18fe1ec42352fc2b2373f86f245d1bdf1117bcd6?s=96&d=mm&r=g","url":"https:\/\/secure.gravatar.com\/avatar\/4bbdb31ee7642d6742ec4d6e18fe1ec42352fc2b2373f86f245d1bdf1117bcd6?s=96&d=mm&r=g","contentUrl":"https:\/\/secure.gravatar.com\/avatar\/4bbdb31ee7642d6742ec4d6e18fe1ec42352fc2b2373f86f245d1bdf1117bcd6?s=96&d=mm&r=g","caption":"Jos\u00e9 Andr\u00e9s Hurtado Soto"},"url":"https:\/\/www.eudistasmd.org\/index.php\/author\/noticias_eumd\/"}]}},"_links":{"self":[{"href":"https:\/\/www.eudistasmd.org\/index.php\/wp-json\/wp\/v2\/posts\/5570","targetHints":{"allow":["GET"]}}],"collection":[{"href":"https:\/\/www.eudistasmd.org\/index.php\/wp-json\/wp\/v2\/posts"}],"about":[{"href":"https:\/\/www.eudistasmd.org\/index.php\/wp-json\/wp\/v2\/types\/post"}],"author":[{"embeddable":true,"href":"https:\/\/www.eudistasmd.org\/index.php\/wp-json\/wp\/v2\/users\/4"}],"replies":[{"embeddable":true,"href":"https:\/\/www.eudistasmd.org\/index.php\/wp-json\/wp\/v2\/comments?post=5570"}],"version-history":[{"count":2,"href":"https:\/\/www.eudistasmd.org\/index.php\/wp-json\/wp\/v2\/posts\/5570\/revisions"}],"predecessor-version":[{"id":5577,"href":"https:\/\/www.eudistasmd.org\/index.php\/wp-json\/wp\/v2\/posts\/5570\/revisions\/5577"}],"wp:featuredmedia":[{"embeddable":true,"href":"https:\/\/www.eudistasmd.org\/index.php\/wp-json\/wp\/v2\/media\/5571"}],"wp:attachment":[{"href":"https:\/\/www.eudistasmd.org\/index.php\/wp-json\/wp\/v2\/media?parent=5570"}],"wp:term":[{"taxonomy":"category","embeddable":true,"href":"https:\/\/www.eudistasmd.org\/index.php\/wp-json\/wp\/v2\/categories?post=5570"},{"taxonomy":"post_tag","embeddable":true,"href":"https:\/\/www.eudistasmd.org\/index.php\/wp-json\/wp\/v2\/tags?post=5570"}],"curies":[{"name":"wp","href":"https:\/\/api.w.org\/{rel}","templated":true}]}}