{"id":5009,"date":"2023-01-30T09:47:02","date_gmt":"2023-01-30T14:47:02","guid":{"rendered":"https:\/\/www.eudistasmd.org\/?p=5009"},"modified":"2023-02-10T12:09:11","modified_gmt":"2023-02-10T17:09:11","slug":"provincia-minuto-de-dios-vivio-ii-encuentro-de-parrocos-eudistas","status":"publish","type":"post","link":"https:\/\/www.eudistasmd.org\/index.php\/2023\/01\/30\/provincia-minuto-de-dios-vivio-ii-encuentro-de-parrocos-eudistas\/","title":{"rendered":"Provincia Minuto de Dios vivi\u00f3 II Encuentro de P\u00e1rrocos Eudistas"},"content":{"rendered":"<div id=\"attachment_5011\" style=\"width: 310px\" class=\"wp-caption alignleft\"><img loading=\"lazy\" decoding=\"async\" aria-describedby=\"caption-attachment-5011\" class=\"wp-image-5011 size-medium\" src=\"https:\/\/www.eudistasmd.org\/wp-content\/uploads\/2023\/01\/inicio-parrocos-300x225.jpg\" alt=\"\" width=\"300\" height=\"225\" \/><p id=\"caption-attachment-5011\" class=\"wp-caption-text\">La fraternidad y el compartir, un ambiente permanente en este II Encuentro de P\u00e1rrocos Eudistas<\/p><\/div>\n<p>Del mi\u00e9rcoles 25 al viernes 27 de enero, los p\u00e1rrocos de la Provincia Eudista Minuto de Dios, junto con el padre Camilo Bernal, Superior Provincial y un equipo de laicos de la Facultad de Estudios B\u00edblicos Pastorales y Espiritualidad de UNIMINUTO, participaron del II Encuentro de P\u00e1rrocos de la PEMD en la Casa de Retiros Shalom. Este encuentro se da como parte del desarrollo de la l\u00ednea de acci\u00f3n 10 de la VI Asamblea Provincial de El Minuto de Dios y asimismo para dar continuidad a lo abordado en el encuentro hace tres a\u00f1os. \u00bfCu\u00e1les deber\u00edan ser las dimensiones de una parroquia animada por los eudistas? Es el punto central de estos encuentros de p\u00e1rrocos, teniendo en cuenta las l\u00edneas pastorales de cada di\u00f3cesis, todo esto a la luz de los lineamientos de la Santa Sede para la conversi\u00f3n pastoral en las parroquias.<\/p>\n<div id=\"attachment_5012\" style=\"width: 310px\" class=\"wp-caption alignright\"><img loading=\"lazy\" decoding=\"async\" aria-describedby=\"caption-attachment-5012\" class=\"size-medium wp-image-5012\" src=\"https:\/\/www.eudistasmd.org\/wp-content\/uploads\/2023\/01\/Imagen-de-WhatsApp-2023-01-30-a-las-09.30.27-300x225.jpg\" alt=\"\" width=\"300\" height=\"225\" \/><p id=\"caption-attachment-5012\" class=\"wp-caption-text\">P\u00e1rrocos Eudistas disertaron sobre la ruta a seguir en las parroquias eudistas.<\/p><\/div>\n<p>En medio de un ambiente de discernimiento y fraternidad, los padres eudistas emprendieron la labor reflexiva en torno a la acci\u00f3n pastoral en parroquias ubicadas en diferentes di\u00f3cesis y arquidi\u00f3cesis de Colombia, Per\u00fa y Nicaragua.<\/p>\n<blockquote><p>\u201cEncontrarnos como hermanos enriquece mucho porque somos sacerdotes con diferentes experiencias, culturas y a\u00f1os de experiencia (\u2026) en esta b\u00fasqueda de nuestra identidad como eudistas, ese matiz, esa caracter\u00edstica propia que queremos darle a las parroquias, lo importante es saber que nuestra impronta es Jes\u00fas, nuestro ser tiene que estar marcado por al persona de Jes\u00fas\u201d, manifest\u00f3 el padre Jose Mart\u00ednez, p\u00e1rroco de San Juan Eudes en Villavicencio, Meta.<\/p>\n<p>&nbsp;<\/p>\n<p>\u201cLa experiencia ha sido muy enriquecedora en las dos v\u00edas, el hecho de haber llegado hace doce a\u00f1os a Arequipa, nos ha permitido ampliar la perspectiva de lo que es la Iglesia, descubrir como la iglesia debe integrarse en la cultura, en la cotidianidad de la gente y desde all\u00ed descubrir la presencia de Dios, esa semilla del verbo que se hace presente en la realidad de la gente\u201d, fueron parte de las palabras del padre Miguel \u00c1ngel Soto, P\u00e1rroco del Esp\u00edritu Santo en Arequipa, Per\u00fa.<\/p>\n<p>&nbsp;<\/p>\n<p>\u201cEl proceso de vida de los Eudistas en Nicaragua lo considero parte de un proceso de arraigo, integraci\u00f3n, inculturaci\u00f3n, y tambi\u00e9n de un servicio novedoso a la Iglesia Nicaraguense. Llevamos 20 a\u00f1os en Nicaragua, gracias a la persistencia en la evangelizaci\u00f3n, estamos viendo ahora los frutos, frutos que se concretan en vocaciones a la comunidad y tambi\u00e9n en llamado a otras obras. Creo que podr\u00eda sintetizar la experiencia en que tras largos a\u00f1os de siembra y perseverancia, ahora estamos empezando a recolectar frutos\u201d, asegur\u00f3 el padre Germ\u00e1n Prieto.<\/p><\/blockquote>\n<div id=\"attachment_5013\" style=\"width: 310px\" class=\"wp-caption alignleft\"><img loading=\"lazy\" decoding=\"async\" aria-describedby=\"caption-attachment-5013\" class=\"size-medium wp-image-5013\" src=\"https:\/\/www.eudistasmd.org\/wp-content\/uploads\/2023\/01\/mesas--300x225.jpg\" alt=\"\" width=\"300\" height=\"225\" \/><p id=\"caption-attachment-5013\" class=\"wp-caption-text\">En meses de trabajo, p\u00e1rrocos eudistas evaluaron trabajo pastoral.<\/p><\/div>\n<p>A lo largo del encuentro, hubo oportunidad de trabajar en equipos para abordar tem\u00e1ticas concernientes a la vida de las parroquias. Reflexi\u00f3n, planeaci\u00f3n y proyecci\u00f3n, tres expresiones que caracterizaron el II Encuentro de P\u00e1rrocos de la Provincia Eudista Minuto de Dios, un espacio enriquecedor que constituy\u00f3 una oportunidad para pensar la identidad Eudista, carism\u00e1tica y Minuto de Dios al interior de las parroquias que anima nuestra Provincia.<\/p>\n<blockquote><p>El padre Camilo Bernal envi\u00f3 una palabra de agradecimiento a toda la feligres\u00eda de las parroquias animadas por los Eudistas de El Minuto de Dios: \u201cNuestra palabra es gracias, por el amor que ustedes tienen hacia los eudistas, gracias porque nos permiten realizarnos personalmente, realizar la misi\u00f3n que se nos ha confiado y tambi\u00e9n animarlos a todos a que acompa\u00f1en a los sacerdotes, a que oren por ellos, a que piensen en ellos y tengan una comprensi\u00f3n en la misi\u00f3n\u201d, dijo el Superior.<\/p><\/blockquote>\n<p><strong>Con apoyo de Jorge Luis Baquero | Candidato Eudista<\/strong><\/p>\n","protected":false},"excerpt":{"rendered":"<p>Del mi\u00e9rcoles 25 al viernes 27 de enero, los p\u00e1rrocos de la Provincia Eudista Minuto de Dios, junto con el padre Camilo Bernal, Superior Provincial y un equipo de laicos de la Facultad de Estudios B\u00edblicos Pastorales y Espiritualidad de UNIMINUTO, participaron del II Encuentro de P\u00e1rrocos de la PEMD en la Casa de Retiros [&hellip;]<\/p>\n","protected":false},"author":4,"featured_media":5094,"comment_status":"closed","ping_status":"closed","sticky":false,"template":"","format":"standard","meta":{"_et_pb_use_builder":"","_et_pb_old_content":"","_et_gb_content_width":"","footnotes":""},"categories":[13],"tags":[28,42,30,22,23,41,52,25,26],"class_list":["post-5009","post","type-post","status-publish","format-standard","has-post-thumbnail","hentry","category-actualidad-eudista","tag-catolicos","tag-cjm","tag-corazon-de-jesus-y-maria","tag-eudistas","tag-minuto-de-dios","tag-p-miguel-angel-soto-toloza","tag-parroquias-eudistas","tag-renovacion-carismatica","tag-sacerdotes"],"yoast_head":"<!-- This site is optimized with the Yoast SEO plugin v27.2 - https:\/\/yoast.com\/product\/yoast-seo-wordpress\/ -->\n<title>Provincia Minuto de Dios vivi\u00f3 II Encuentro de P\u00e1rrocos Eudistas - Eudistas MD<\/title>\n<meta name=\"robots\" content=\"index, follow, max-snippet:-1, max-image-preview:large, max-video-preview:-1\" \/>\n<link rel=\"canonical\" href=\"https:\/\/www.eudistasmd.org\/index.php\/2023\/01\/30\/provincia-minuto-de-dios-vivio-ii-encuentro-de-parrocos-eudistas\/\" \/>\n<meta property=\"og:locale\" content=\"es_ES\" \/>\n<meta property=\"og:type\" content=\"article\" \/>\n<meta property=\"og:title\" content=\"Provincia Minuto de Dios vivi\u00f3 II Encuentro de P\u00e1rrocos Eudistas - Eudistas MD\" \/>\n<meta property=\"og:description\" content=\"Del mi\u00e9rcoles 25 al viernes 27 de enero, los p\u00e1rrocos de la Provincia Eudista Minuto de Dios, junto con el padre Camilo Bernal, Superior Provincial y un equipo de laicos de la Facultad de Estudios B\u00edblicos Pastorales y Espiritualidad de UNIMINUTO, participaron del II Encuentro de P\u00e1rrocos de la PEMD en la Casa de Retiros [&hellip;]\" \/>\n<meta property=\"og:url\" content=\"https:\/\/www.eudistasmd.org\/index.php\/2023\/01\/30\/provincia-minuto-de-dios-vivio-ii-encuentro-de-parrocos-eudistas\/\" \/>\n<meta property=\"og:site_name\" content=\"Eudistas MD\" \/>\n<meta property=\"article:published_time\" content=\"2023-01-30T14:47:02+00:00\" \/>\n<meta property=\"article:modified_time\" content=\"2023-02-10T17:09:11+00:00\" \/>\n<meta property=\"og:image\" content=\"https:\/\/www.eudistasmd.org\/wp-content\/uploads\/2023\/01\/Banner-parrocos-1.jpg\" \/>\n\t<meta property=\"og:image:width\" content=\"1920\" \/>\n\t<meta property=\"og:image:height\" content=\"1080\" \/>\n\t<meta property=\"og:image:type\" content=\"image\/jpeg\" \/>\n<meta name=\"author\" content=\"Jos\u00e9 Andr\u00e9s Hurtado Soto\" \/>\n<meta name=\"twitter:card\" content=\"summary_large_image\" \/>\n<meta name=\"twitter:label1\" content=\"Escrito por\" \/>\n\t<meta name=\"twitter:data1\" content=\"Jos\u00e9 Andr\u00e9s Hurtado Soto\" \/>\n\t<meta name=\"twitter:label2\" content=\"Tiempo de lectura\" \/>\n\t<meta name=\"twitter:data2\" content=\"3 minutos\" \/>\n<script type=\"application\/ld+json\" class=\"yoast-schema-graph\">{\"@context\":\"https:\/\/schema.org\",\"@graph\":[{\"@type\":\"Article\",\"@id\":\"https:\/\/www.eudistasmd.org\/index.php\/2023\/01\/30\/provincia-minuto-de-dios-vivio-ii-encuentro-de-parrocos-eudistas\/#article\",\"isPartOf\":{\"@id\":\"https:\/\/www.eudistasmd.org\/index.php\/2023\/01\/30\/provincia-minuto-de-dios-vivio-ii-encuentro-de-parrocos-eudistas\/\"},\"author\":{\"name\":\"Jos\u00e9 Andr\u00e9s Hurtado Soto\",\"@id\":\"https:\/\/www.eudistasmd.org\/#\/schema\/person\/b1f22e99546137b09418e91b01b0ff1a\"},\"headline\":\"Provincia Minuto de Dios vivi\u00f3 II Encuentro de P\u00e1rrocos Eudistas\",\"datePublished\":\"2023-01-30T14:47:02+00:00\",\"dateModified\":\"2023-02-10T17:09:11+00:00\",\"mainEntityOfPage\":{\"@id\":\"https:\/\/www.eudistasmd.org\/index.php\/2023\/01\/30\/provincia-minuto-de-dios-vivio-ii-encuentro-de-parrocos-eudistas\/\"},\"wordCount\":695,\"image\":{\"@id\":\"https:\/\/www.eudistasmd.org\/index.php\/2023\/01\/30\/provincia-minuto-de-dios-vivio-ii-encuentro-de-parrocos-eudistas\/#primaryimage\"},\"thumbnailUrl\":\"https:\/\/www.eudistasmd.org\/wp-content\/uploads\/2023\/01\/Banner-parrocos-1.jpg\",\"keywords\":[\"Cat\u00f3licos\",\"CJM\",\"Coraz\u00f3n de Jes\u00fas y Mar\u00eda\",\"Eudistas\",\"Minuto de Dios\",\"P. Miguel \u00c1ngel Soto Toloza\",\"Parroquias Eudistas\",\"Renovaci\u00f3n Carism\u00e1tica\",\"Sacerdotes\"],\"articleSection\":[\"Actualidad Eudista\"],\"inLanguage\":\"es\"},{\"@type\":\"WebPage\",\"@id\":\"https:\/\/www.eudistasmd.org\/index.php\/2023\/01\/30\/provincia-minuto-de-dios-vivio-ii-encuentro-de-parrocos-eudistas\/\",\"url\":\"https:\/\/www.eudistasmd.org\/index.php\/2023\/01\/30\/provincia-minuto-de-dios-vivio-ii-encuentro-de-parrocos-eudistas\/\",\"name\":\"Provincia Minuto de Dios vivi\u00f3 II Encuentro de P\u00e1rrocos Eudistas - Eudistas MD\",\"isPartOf\":{\"@id\":\"https:\/\/www.eudistasmd.org\/#website\"},\"primaryImageOfPage\":{\"@id\":\"https:\/\/www.eudistasmd.org\/index.php\/2023\/01\/30\/provincia-minuto-de-dios-vivio-ii-encuentro-de-parrocos-eudistas\/#primaryimage\"},\"image\":{\"@id\":\"https:\/\/www.eudistasmd.org\/index.php\/2023\/01\/30\/provincia-minuto-de-dios-vivio-ii-encuentro-de-parrocos-eudistas\/#primaryimage\"},\"thumbnailUrl\":\"https:\/\/www.eudistasmd.org\/wp-content\/uploads\/2023\/01\/Banner-parrocos-1.jpg\",\"datePublished\":\"2023-01-30T14:47:02+00:00\",\"dateModified\":\"2023-02-10T17:09:11+00:00\",\"author\":{\"@id\":\"https:\/\/www.eudistasmd.org\/#\/schema\/person\/b1f22e99546137b09418e91b01b0ff1a\"},\"breadcrumb\":{\"@id\":\"https:\/\/www.eudistasmd.org\/index.php\/2023\/01\/30\/provincia-minuto-de-dios-vivio-ii-encuentro-de-parrocos-eudistas\/#breadcrumb\"},\"inLanguage\":\"es\",\"potentialAction\":[{\"@type\":\"ReadAction\",\"target\":[\"https:\/\/www.eudistasmd.org\/index.php\/2023\/01\/30\/provincia-minuto-de-dios-vivio-ii-encuentro-de-parrocos-eudistas\/\"]}]},{\"@type\":\"ImageObject\",\"inLanguage\":\"es\",\"@id\":\"https:\/\/www.eudistasmd.org\/index.php\/2023\/01\/30\/provincia-minuto-de-dios-vivio-ii-encuentro-de-parrocos-eudistas\/#primaryimage\",\"url\":\"https:\/\/www.eudistasmd.org\/wp-content\/uploads\/2023\/01\/Banner-parrocos-1.jpg\",\"contentUrl\":\"https:\/\/www.eudistasmd.org\/wp-content\/uploads\/2023\/01\/Banner-parrocos-1.jpg\",\"width\":1920,\"height\":1080,\"caption\":\"Provincia Minuto de Dios vivi\u00f3 II Encuentro de P\u00e1rrocos Eudistas\"},{\"@type\":\"BreadcrumbList\",\"@id\":\"https:\/\/www.eudistasmd.org\/index.php\/2023\/01\/30\/provincia-minuto-de-dios-vivio-ii-encuentro-de-parrocos-eudistas\/#breadcrumb\",\"itemListElement\":[{\"@type\":\"ListItem\",\"position\":1,\"name\":\"Portada\",\"item\":\"https:\/\/www.eudistasmd.org\/\"},{\"@type\":\"ListItem\",\"position\":2,\"name\":\"Provincia Minuto de Dios vivi\u00f3 II Encuentro de P\u00e1rrocos Eudistas\"}]},{\"@type\":\"WebSite\",\"@id\":\"https:\/\/www.eudistasmd.org\/#website\",\"url\":\"https:\/\/www.eudistasmd.org\/\",\"name\":\"Eudistas MD\",\"description\":\"Esta Provincia naci\u00f3 de la obra fundada por el padre eudista: Rafael Garc\u00eda Herreros. Este Don del Minuto de Dios ha sido encomendado a los los Eudistas del El Minuto de Dios, quienes se dedican a la Evangelizaci\u00f3n, la Formaci\u00f3n, y al servicio a los m\u00e1s pobres a trav\u00e9s de la Organizaci\u00f3n Minuto de Dios.\",\"potentialAction\":[{\"@type\":\"SearchAction\",\"target\":{\"@type\":\"EntryPoint\",\"urlTemplate\":\"https:\/\/www.eudistasmd.org\/?s={search_term_string}\"},\"query-input\":{\"@type\":\"PropertyValueSpecification\",\"valueRequired\":true,\"valueName\":\"search_term_string\"}}],\"inLanguage\":\"es\"},{\"@type\":\"Person\",\"@id\":\"https:\/\/www.eudistasmd.org\/#\/schema\/person\/b1f22e99546137b09418e91b01b0ff1a\",\"name\":\"Jos\u00e9 Andr\u00e9s Hurtado Soto\",\"image\":{\"@type\":\"ImageObject\",\"inLanguage\":\"es\",\"@id\":\"https:\/\/secure.gravatar.com\/avatar\/4bbdb31ee7642d6742ec4d6e18fe1ec42352fc2b2373f86f245d1bdf1117bcd6?s=96&d=mm&r=g\",\"url\":\"https:\/\/secure.gravatar.com\/avatar\/4bbdb31ee7642d6742ec4d6e18fe1ec42352fc2b2373f86f245d1bdf1117bcd6?s=96&d=mm&r=g\",\"contentUrl\":\"https:\/\/secure.gravatar.com\/avatar\/4bbdb31ee7642d6742ec4d6e18fe1ec42352fc2b2373f86f245d1bdf1117bcd6?s=96&d=mm&r=g\",\"caption\":\"Jos\u00e9 Andr\u00e9s Hurtado Soto\"},\"url\":\"https:\/\/www.eudistasmd.org\/index.php\/author\/noticias_eumd\/\"}]}<\/script>\n<!-- \/ Yoast SEO plugin. -->","yoast_head_json":{"title":"Provincia Minuto de Dios vivi\u00f3 II Encuentro de P\u00e1rrocos Eudistas - Eudistas MD","robots":{"index":"index","follow":"follow","max-snippet":"max-snippet:-1","max-image-preview":"max-image-preview:large","max-video-preview":"max-video-preview:-1"},"canonical":"https:\/\/www.eudistasmd.org\/index.php\/2023\/01\/30\/provincia-minuto-de-dios-vivio-ii-encuentro-de-parrocos-eudistas\/","og_locale":"es_ES","og_type":"article","og_title":"Provincia Minuto de Dios vivi\u00f3 II Encuentro de P\u00e1rrocos Eudistas - Eudistas MD","og_description":"Del mi\u00e9rcoles 25 al viernes 27 de enero, los p\u00e1rrocos de la Provincia Eudista Minuto de Dios, junto con el padre Camilo Bernal, Superior Provincial y un equipo de laicos de la Facultad de Estudios B\u00edblicos Pastorales y Espiritualidad de UNIMINUTO, participaron del II Encuentro de P\u00e1rrocos de la PEMD en la Casa de Retiros [&hellip;]","og_url":"https:\/\/www.eudistasmd.org\/index.php\/2023\/01\/30\/provincia-minuto-de-dios-vivio-ii-encuentro-de-parrocos-eudistas\/","og_site_name":"Eudistas MD","article_published_time":"2023-01-30T14:47:02+00:00","article_modified_time":"2023-02-10T17:09:11+00:00","og_image":[{"width":1920,"height":1080,"url":"https:\/\/www.eudistasmd.org\/wp-content\/uploads\/2023\/01\/Banner-parrocos-1.jpg","type":"image\/jpeg"}],"author":"Jos\u00e9 Andr\u00e9s Hurtado Soto","twitter_card":"summary_large_image","twitter_misc":{"Escrito por":"Jos\u00e9 Andr\u00e9s Hurtado Soto","Tiempo de lectura":"3 minutos"},"schema":{"@context":"https:\/\/schema.org","@graph":[{"@type":"Article","@id":"https:\/\/www.eudistasmd.org\/index.php\/2023\/01\/30\/provincia-minuto-de-dios-vivio-ii-encuentro-de-parrocos-eudistas\/#article","isPartOf":{"@id":"https:\/\/www.eudistasmd.org\/index.php\/2023\/01\/30\/provincia-minuto-de-dios-vivio-ii-encuentro-de-parrocos-eudistas\/"},"author":{"name":"Jos\u00e9 Andr\u00e9s Hurtado Soto","@id":"https:\/\/www.eudistasmd.org\/#\/schema\/person\/b1f22e99546137b09418e91b01b0ff1a"},"headline":"Provincia Minuto de Dios vivi\u00f3 II Encuentro de P\u00e1rrocos Eudistas","datePublished":"2023-01-30T14:47:02+00:00","dateModified":"2023-02-10T17:09:11+00:00","mainEntityOfPage":{"@id":"https:\/\/www.eudistasmd.org\/index.php\/2023\/01\/30\/provincia-minuto-de-dios-vivio-ii-encuentro-de-parrocos-eudistas\/"},"wordCount":695,"image":{"@id":"https:\/\/www.eudistasmd.org\/index.php\/2023\/01\/30\/provincia-minuto-de-dios-vivio-ii-encuentro-de-parrocos-eudistas\/#primaryimage"},"thumbnailUrl":"https:\/\/www.eudistasmd.org\/wp-content\/uploads\/2023\/01\/Banner-parrocos-1.jpg","keywords":["Cat\u00f3licos","CJM","Coraz\u00f3n de Jes\u00fas y Mar\u00eda","Eudistas","Minuto de Dios","P. Miguel \u00c1ngel Soto Toloza","Parroquias Eudistas","Renovaci\u00f3n Carism\u00e1tica","Sacerdotes"],"articleSection":["Actualidad Eudista"],"inLanguage":"es"},{"@type":"WebPage","@id":"https:\/\/www.eudistasmd.org\/index.php\/2023\/01\/30\/provincia-minuto-de-dios-vivio-ii-encuentro-de-parrocos-eudistas\/","url":"https:\/\/www.eudistasmd.org\/index.php\/2023\/01\/30\/provincia-minuto-de-dios-vivio-ii-encuentro-de-parrocos-eudistas\/","name":"Provincia Minuto de Dios vivi\u00f3 II Encuentro de P\u00e1rrocos Eudistas - Eudistas MD","isPartOf":{"@id":"https:\/\/www.eudistasmd.org\/#website"},"primaryImageOfPage":{"@id":"https:\/\/www.eudistasmd.org\/index.php\/2023\/01\/30\/provincia-minuto-de-dios-vivio-ii-encuentro-de-parrocos-eudistas\/#primaryimage"},"image":{"@id":"https:\/\/www.eudistasmd.org\/index.php\/2023\/01\/30\/provincia-minuto-de-dios-vivio-ii-encuentro-de-parrocos-eudistas\/#primaryimage"},"thumbnailUrl":"https:\/\/www.eudistasmd.org\/wp-content\/uploads\/2023\/01\/Banner-parrocos-1.jpg","datePublished":"2023-01-30T14:47:02+00:00","dateModified":"2023-02-10T17:09:11+00:00","author":{"@id":"https:\/\/www.eudistasmd.org\/#\/schema\/person\/b1f22e99546137b09418e91b01b0ff1a"},"breadcrumb":{"@id":"https:\/\/www.eudistasmd.org\/index.php\/2023\/01\/30\/provincia-minuto-de-dios-vivio-ii-encuentro-de-parrocos-eudistas\/#breadcrumb"},"inLanguage":"es","potentialAction":[{"@type":"ReadAction","target":["https:\/\/www.eudistasmd.org\/index.php\/2023\/01\/30\/provincia-minuto-de-dios-vivio-ii-encuentro-de-parrocos-eudistas\/"]}]},{"@type":"ImageObject","inLanguage":"es","@id":"https:\/\/www.eudistasmd.org\/index.php\/2023\/01\/30\/provincia-minuto-de-dios-vivio-ii-encuentro-de-parrocos-eudistas\/#primaryimage","url":"https:\/\/www.eudistasmd.org\/wp-content\/uploads\/2023\/01\/Banner-parrocos-1.jpg","contentUrl":"https:\/\/www.eudistasmd.org\/wp-content\/uploads\/2023\/01\/Banner-parrocos-1.jpg","width":1920,"height":1080,"caption":"Provincia Minuto de Dios vivi\u00f3 II Encuentro de P\u00e1rrocos Eudistas"},{"@type":"BreadcrumbList","@id":"https:\/\/www.eudistasmd.org\/index.php\/2023\/01\/30\/provincia-minuto-de-dios-vivio-ii-encuentro-de-parrocos-eudistas\/#breadcrumb","itemListElement":[{"@type":"ListItem","position":1,"name":"Portada","item":"https:\/\/www.eudistasmd.org\/"},{"@type":"ListItem","position":2,"name":"Provincia Minuto de Dios vivi\u00f3 II Encuentro de P\u00e1rrocos Eudistas"}]},{"@type":"WebSite","@id":"https:\/\/www.eudistasmd.org\/#website","url":"https:\/\/www.eudistasmd.org\/","name":"Eudistas MD","description":"Esta Provincia naci\u00f3 de la obra fundada por el padre eudista: Rafael Garc\u00eda Herreros. Este Don del Minuto de Dios ha sido encomendado a los los Eudistas del El Minuto de Dios, quienes se dedican a la Evangelizaci\u00f3n, la Formaci\u00f3n, y al servicio a los m\u00e1s pobres a trav\u00e9s de la Organizaci\u00f3n Minuto de Dios.","potentialAction":[{"@type":"SearchAction","target":{"@type":"EntryPoint","urlTemplate":"https:\/\/www.eudistasmd.org\/?s={search_term_string}"},"query-input":{"@type":"PropertyValueSpecification","valueRequired":true,"valueName":"search_term_string"}}],"inLanguage":"es"},{"@type":"Person","@id":"https:\/\/www.eudistasmd.org\/#\/schema\/person\/b1f22e99546137b09418e91b01b0ff1a","name":"Jos\u00e9 Andr\u00e9s Hurtado Soto","image":{"@type":"ImageObject","inLanguage":"es","@id":"https:\/\/secure.gravatar.com\/avatar\/4bbdb31ee7642d6742ec4d6e18fe1ec42352fc2b2373f86f245d1bdf1117bcd6?s=96&d=mm&r=g","url":"https:\/\/secure.gravatar.com\/avatar\/4bbdb31ee7642d6742ec4d6e18fe1ec42352fc2b2373f86f245d1bdf1117bcd6?s=96&d=mm&r=g","contentUrl":"https:\/\/secure.gravatar.com\/avatar\/4bbdb31ee7642d6742ec4d6e18fe1ec42352fc2b2373f86f245d1bdf1117bcd6?s=96&d=mm&r=g","caption":"Jos\u00e9 Andr\u00e9s Hurtado Soto"},"url":"https:\/\/www.eudistasmd.org\/index.php\/author\/noticias_eumd\/"}]}},"_links":{"self":[{"href":"https:\/\/www.eudistasmd.org\/index.php\/wp-json\/wp\/v2\/posts\/5009","targetHints":{"allow":["GET"]}}],"collection":[{"href":"https:\/\/www.eudistasmd.org\/index.php\/wp-json\/wp\/v2\/posts"}],"about":[{"href":"https:\/\/www.eudistasmd.org\/index.php\/wp-json\/wp\/v2\/types\/post"}],"author":[{"embeddable":true,"href":"https:\/\/www.eudistasmd.org\/index.php\/wp-json\/wp\/v2\/users\/4"}],"replies":[{"embeddable":true,"href":"https:\/\/www.eudistasmd.org\/index.php\/wp-json\/wp\/v2\/comments?post=5009"}],"version-history":[{"count":3,"href":"https:\/\/www.eudistasmd.org\/index.php\/wp-json\/wp\/v2\/posts\/5009\/revisions"}],"predecessor-version":[{"id":5016,"href":"https:\/\/www.eudistasmd.org\/index.php\/wp-json\/wp\/v2\/posts\/5009\/revisions\/5016"}],"wp:featuredmedia":[{"embeddable":true,"href":"https:\/\/www.eudistasmd.org\/index.php\/wp-json\/wp\/v2\/media\/5094"}],"wp:attachment":[{"href":"https:\/\/www.eudistasmd.org\/index.php\/wp-json\/wp\/v2\/media?parent=5009"}],"wp:term":[{"taxonomy":"category","embeddable":true,"href":"https:\/\/www.eudistasmd.org\/index.php\/wp-json\/wp\/v2\/categories?post=5009"},{"taxonomy":"post_tag","embeddable":true,"href":"https:\/\/www.eudistasmd.org\/index.php\/wp-json\/wp\/v2\/tags?post=5009"}],"curies":[{"name":"wp","href":"https:\/\/api.w.org\/{rel}","templated":true}]}}