{"id":2923,"date":"2020-12-09T14:19:29","date_gmt":"2020-12-09T19:19:29","guid":{"rendered":"https:\/\/www.eudistasmd.org\/?p=2923"},"modified":"2022-12-20T16:21:12","modified_gmt":"2022-12-20T21:21:12","slug":"encuentro-de-hermanos-en-el-amor-de-jesucristo","status":"publish","type":"post","link":"https:\/\/www.eudistasmd.org\/index.php\/2020\/12\/09\/encuentro-de-hermanos-en-el-amor-de-jesucristo\/","title":{"rendered":"Encuentro de hermanos en el amor de Jesucristo"},"content":{"rendered":"<p>El pasado s\u00e1bado 5 de diciembre los candidatos de la Provincia Eudista Minuto de Dios junto con el rector de la Casa de Formaci\u00f3n \u201cLa Misi\u00f3n\u201d, el padre Carlos Jim\u00e9nez, sostuvieron un encuentro virtual para celebrar la Santa Eucarist\u00eda y compartir palabras fraternas a prop\u00f3sito de la finalizaci\u00f3n del semestre formativo 2020-2.<\/p>\n<p><img loading=\"lazy\" decoding=\"async\" class=\"aligncenter size-full wp-image-2924\" src=\"https:\/\/www.eudistasmd.org\/wp-content\/uploads\/2020\/12\/encuentro-de-hermanos.jpg\" alt=\"\" width=\"651\" height=\"324\" srcset=\"https:\/\/www.eudistasmd.org\/wp-content\/uploads\/2020\/12\/encuentro-de-hermanos.jpg 651w, https:\/\/www.eudistasmd.org\/wp-content\/uploads\/2020\/12\/encuentro-de-hermanos-480x239.jpg 480w\" sizes=\"(min-width: 0px) and (max-width: 480px) 480px, (min-width: 481px) 651px, 100vw\" \/><\/p>\n<p><strong><em>Por: \u00c1ngela Espinosa Mej\u00eda <\/em><\/strong><\/p>\n<p>En la homil\u00eda, el padre Carlos Jim\u00e9nez recalc\u00f3 el agradecimiento a Dios por permitirles llegar juntos al final de este a\u00f1o que ha sido dif\u00edcil y complejo, destacando la paciencia y firmeza que ha tenido cada una de las personas y lo cual es precisamente, la invitaci\u00f3n del adviento.<\/p>\n<p>\u201cEste tiempo de pandemia nos invita a pensar c\u00f3mo estamos viviendo nuestra vida, nos hizo ver que somos vulnerables y que necesitamos unos de otros\u201d, afirm\u00f3 el padre Carlos.<\/p>\n<p>Al finalizar la Eucarist\u00eda, cada uno de los candidatos pudo compartir un peque\u00f1o mensaje, en el cual socializaron c\u00f3mo se sent\u00edan, agradecieron tambi\u00e9n la atenci\u00f3n que se han brindado unos a otros en los momentos de dificultad durante la cuarentena.<\/p>\n<p>Es importante recordar que el 17 de marzo del a\u00f1o en curso, tuvimos que encerrarnos en nuestras casas a causa de la pandemia del COVID-19. En vista de dicha situaci\u00f3n, algunos candidatos regresaron a sus casas de familia, y cuando se permiti\u00f3 la reapertura de ciertos lugares, los mismos se reintegraron a sus respectivas koinon\u00edas, teniendo en cuenta todos los protocolos de bioseguridad para continuar con sus estudios y preparaci\u00f3n.<\/p>\n<p>Cada uno de los candidatos que estuvieron presentes en la reuni\u00f3n virtual manifestaron sus deseos de feliz navidad, con el deseo de poder encontrarse el pr\u00f3ximo a\u00f1o. A pesar del \u00e9nfasis en el hecho de que ha sido un a\u00f1o totalmente diferente a los anteriores, agradecen por la uni\u00f3n de la comunidad que les ha permitido siempre sobrellevar toda dificultad que se presente.<\/p>\n<p>El padre Carlos Jim\u00e9nez pidi\u00f3 seguir en oraci\u00f3n para que esta pandemia termine prontamente, para que los que siguen enfermos puedan recuperarse satisfactoriamente y les dese\u00f3 lo mejor a los que prontamente van a realizar misi\u00f3n en algunas parroquias y comunidades.<\/p>\n","protected":false},"excerpt":{"rendered":"<p>El pasado s\u00e1bado 5 de diciembre los candidatos de la Provincia Eudista Minuto de Dios junto con el rector de la Casa de Formaci\u00f3n \u201cLa Misi\u00f3n\u201d, el padre Carlos Jim\u00e9nez, sostuvieron un encuentro virtual para celebrar la Santa Eucarist\u00eda y compartir palabras fraternas a prop\u00f3sito de la finalizaci\u00f3n del semestre formativo 2020-2. Por: \u00c1ngela Espinosa [&hellip;]<\/p>\n","protected":false},"author":2,"featured_media":4842,"comment_status":"closed","ping_status":"closed","sticky":false,"template":"","format":"standard","meta":{"_et_pb_use_builder":"","_et_pb_old_content":"","_et_gb_content_width":"","footnotes":""},"categories":[13],"tags":[],"class_list":["post-2923","post","type-post","status-publish","format-standard","has-post-thumbnail","hentry","category-actualidad-eudista"],"yoast_head":"<!-- This site is optimized with the Yoast SEO plugin v27.2 - https:\/\/yoast.com\/product\/yoast-seo-wordpress\/ -->\n<title>Encuentro de hermanos en el amor de Jesucristo - Eudistas MD<\/title>\n<meta name=\"robots\" content=\"index, follow, max-snippet:-1, max-image-preview:large, max-video-preview:-1\" \/>\n<link rel=\"canonical\" href=\"https:\/\/www.eudistasmd.org\/index.php\/2020\/12\/09\/encuentro-de-hermanos-en-el-amor-de-jesucristo\/\" \/>\n<meta property=\"og:locale\" content=\"es_ES\" \/>\n<meta property=\"og:type\" content=\"article\" \/>\n<meta property=\"og:title\" content=\"Encuentro de hermanos en el amor de Jesucristo - Eudistas MD\" \/>\n<meta property=\"og:description\" content=\"El pasado s\u00e1bado 5 de diciembre los candidatos de la Provincia Eudista Minuto de Dios junto con el rector de la Casa de Formaci\u00f3n \u201cLa Misi\u00f3n\u201d, el padre Carlos Jim\u00e9nez, sostuvieron un encuentro virtual para celebrar la Santa Eucarist\u00eda y compartir palabras fraternas a prop\u00f3sito de la finalizaci\u00f3n del semestre formativo 2020-2. Por: \u00c1ngela Espinosa [&hellip;]\" \/>\n<meta property=\"og:url\" content=\"https:\/\/www.eudistasmd.org\/index.php\/2020\/12\/09\/encuentro-de-hermanos-en-el-amor-de-jesucristo\/\" \/>\n<meta property=\"og:site_name\" content=\"Eudistas MD\" \/>\n<meta property=\"article:published_time\" content=\"2020-12-09T19:19:29+00:00\" \/>\n<meta property=\"article:modified_time\" content=\"2022-12-20T21:21:12+00:00\" \/>\n<meta property=\"og:image\" content=\"https:\/\/www.eudistasmd.org\/wp-content\/uploads\/2020\/12\/Foto-casa-La-Misio\u0301n-1-1.png\" \/>\n\t<meta property=\"og:image:width\" content=\"1920\" \/>\n\t<meta property=\"og:image:height\" content=\"1080\" \/>\n\t<meta property=\"og:image:type\" content=\"image\/png\" \/>\n<meta name=\"author\" content=\"Eudistas MD\" \/>\n<meta name=\"twitter:card\" content=\"summary_large_image\" \/>\n<meta name=\"twitter:label1\" content=\"Escrito por\" \/>\n\t<meta name=\"twitter:data1\" content=\"Eudistas MD\" \/>\n\t<meta name=\"twitter:label2\" content=\"Tiempo de lectura\" \/>\n\t<meta name=\"twitter:data2\" content=\"2 minutos\" \/>\n<script type=\"application\/ld+json\" class=\"yoast-schema-graph\">{\"@context\":\"https:\/\/schema.org\",\"@graph\":[{\"@type\":\"Article\",\"@id\":\"https:\/\/www.eudistasmd.org\/index.php\/2020\/12\/09\/encuentro-de-hermanos-en-el-amor-de-jesucristo\/#article\",\"isPartOf\":{\"@id\":\"https:\/\/www.eudistasmd.org\/index.php\/2020\/12\/09\/encuentro-de-hermanos-en-el-amor-de-jesucristo\/\"},\"author\":{\"name\":\"Eudistas MD\",\"@id\":\"https:\/\/www.eudistasmd.org\/#\/schema\/person\/84513ffdad5341e944e01573cbe7b277\"},\"headline\":\"Encuentro de hermanos en el amor de Jesucristo\",\"datePublished\":\"2020-12-09T19:19:29+00:00\",\"dateModified\":\"2022-12-20T21:21:12+00:00\",\"mainEntityOfPage\":{\"@id\":\"https:\/\/www.eudistasmd.org\/index.php\/2020\/12\/09\/encuentro-de-hermanos-en-el-amor-de-jesucristo\/\"},\"wordCount\":386,\"image\":{\"@id\":\"https:\/\/www.eudistasmd.org\/index.php\/2020\/12\/09\/encuentro-de-hermanos-en-el-amor-de-jesucristo\/#primaryimage\"},\"thumbnailUrl\":\"https:\/\/www.eudistasmd.org\/wp-content\/uploads\/2020\/12\/Foto-casa-La-Misio\u0301n-1-1.png\",\"articleSection\":[\"Actualidad Eudista\"],\"inLanguage\":\"es\"},{\"@type\":\"WebPage\",\"@id\":\"https:\/\/www.eudistasmd.org\/index.php\/2020\/12\/09\/encuentro-de-hermanos-en-el-amor-de-jesucristo\/\",\"url\":\"https:\/\/www.eudistasmd.org\/index.php\/2020\/12\/09\/encuentro-de-hermanos-en-el-amor-de-jesucristo\/\",\"name\":\"Encuentro de hermanos en el amor de Jesucristo - Eudistas MD\",\"isPartOf\":{\"@id\":\"https:\/\/www.eudistasmd.org\/#website\"},\"primaryImageOfPage\":{\"@id\":\"https:\/\/www.eudistasmd.org\/index.php\/2020\/12\/09\/encuentro-de-hermanos-en-el-amor-de-jesucristo\/#primaryimage\"},\"image\":{\"@id\":\"https:\/\/www.eudistasmd.org\/index.php\/2020\/12\/09\/encuentro-de-hermanos-en-el-amor-de-jesucristo\/#primaryimage\"},\"thumbnailUrl\":\"https:\/\/www.eudistasmd.org\/wp-content\/uploads\/2020\/12\/Foto-casa-La-Misio\u0301n-1-1.png\",\"datePublished\":\"2020-12-09T19:19:29+00:00\",\"dateModified\":\"2022-12-20T21:21:12+00:00\",\"author\":{\"@id\":\"https:\/\/www.eudistasmd.org\/#\/schema\/person\/84513ffdad5341e944e01573cbe7b277\"},\"breadcrumb\":{\"@id\":\"https:\/\/www.eudistasmd.org\/index.php\/2020\/12\/09\/encuentro-de-hermanos-en-el-amor-de-jesucristo\/#breadcrumb\"},\"inLanguage\":\"es\",\"potentialAction\":[{\"@type\":\"ReadAction\",\"target\":[\"https:\/\/www.eudistasmd.org\/index.php\/2020\/12\/09\/encuentro-de-hermanos-en-el-amor-de-jesucristo\/\"]}]},{\"@type\":\"ImageObject\",\"inLanguage\":\"es\",\"@id\":\"https:\/\/www.eudistasmd.org\/index.php\/2020\/12\/09\/encuentro-de-hermanos-en-el-amor-de-jesucristo\/#primaryimage\",\"url\":\"https:\/\/www.eudistasmd.org\/wp-content\/uploads\/2020\/12\/Foto-casa-La-Misio\u0301n-1-1.png\",\"contentUrl\":\"https:\/\/www.eudistasmd.org\/wp-content\/uploads\/2020\/12\/Foto-casa-La-Misio\u0301n-1-1.png\",\"width\":1920,\"height\":1080,\"caption\":\"Encuentro de hermanos en el amor de Jesucristo\"},{\"@type\":\"BreadcrumbList\",\"@id\":\"https:\/\/www.eudistasmd.org\/index.php\/2020\/12\/09\/encuentro-de-hermanos-en-el-amor-de-jesucristo\/#breadcrumb\",\"itemListElement\":[{\"@type\":\"ListItem\",\"position\":1,\"name\":\"Portada\",\"item\":\"https:\/\/www.eudistasmd.org\/\"},{\"@type\":\"ListItem\",\"position\":2,\"name\":\"Encuentro de hermanos en el amor de Jesucristo\"}]},{\"@type\":\"WebSite\",\"@id\":\"https:\/\/www.eudistasmd.org\/#website\",\"url\":\"https:\/\/www.eudistasmd.org\/\",\"name\":\"Eudistas MD\",\"description\":\"Esta Provincia naci\u00f3 de la obra fundada por el padre eudista: Rafael Garc\u00eda Herreros. Este Don del Minuto de Dios ha sido encomendado a los los Eudistas del El Minuto de Dios, quienes se dedican a la Evangelizaci\u00f3n, la Formaci\u00f3n, y al servicio a los m\u00e1s pobres a trav\u00e9s de la Organizaci\u00f3n Minuto de Dios.\",\"potentialAction\":[{\"@type\":\"SearchAction\",\"target\":{\"@type\":\"EntryPoint\",\"urlTemplate\":\"https:\/\/www.eudistasmd.org\/?s={search_term_string}\"},\"query-input\":{\"@type\":\"PropertyValueSpecification\",\"valueRequired\":true,\"valueName\":\"search_term_string\"}}],\"inLanguage\":\"es\"},{\"@type\":\"Person\",\"@id\":\"https:\/\/www.eudistasmd.org\/#\/schema\/person\/84513ffdad5341e944e01573cbe7b277\",\"name\":\"Eudistas MD\",\"image\":{\"@type\":\"ImageObject\",\"inLanguage\":\"es\",\"@id\":\"https:\/\/secure.gravatar.com\/avatar\/2154411a0b04027e1af84dac52fba5ea3c1d8b846b7381b5fdd19a651e39cef5?s=96&d=mm&r=g\",\"url\":\"https:\/\/secure.gravatar.com\/avatar\/2154411a0b04027e1af84dac52fba5ea3c1d8b846b7381b5fdd19a651e39cef5?s=96&d=mm&r=g\",\"contentUrl\":\"https:\/\/secure.gravatar.com\/avatar\/2154411a0b04027e1af84dac52fba5ea3c1d8b846b7381b5fdd19a651e39cef5?s=96&d=mm&r=g\",\"caption\":\"Eudistas MD\"},\"url\":\"https:\/\/www.eudistasmd.org\/index.php\/author\/admin_pcis\/\"}]}<\/script>\n<!-- \/ Yoast SEO plugin. -->","yoast_head_json":{"title":"Encuentro de hermanos en el amor de Jesucristo - Eudistas MD","robots":{"index":"index","follow":"follow","max-snippet":"max-snippet:-1","max-image-preview":"max-image-preview:large","max-video-preview":"max-video-preview:-1"},"canonical":"https:\/\/www.eudistasmd.org\/index.php\/2020\/12\/09\/encuentro-de-hermanos-en-el-amor-de-jesucristo\/","og_locale":"es_ES","og_type":"article","og_title":"Encuentro de hermanos en el amor de Jesucristo - Eudistas MD","og_description":"El pasado s\u00e1bado 5 de diciembre los candidatos de la Provincia Eudista Minuto de Dios junto con el rector de la Casa de Formaci\u00f3n \u201cLa Misi\u00f3n\u201d, el padre Carlos Jim\u00e9nez, sostuvieron un encuentro virtual para celebrar la Santa Eucarist\u00eda y compartir palabras fraternas a prop\u00f3sito de la finalizaci\u00f3n del semestre formativo 2020-2. Por: \u00c1ngela Espinosa [&hellip;]","og_url":"https:\/\/www.eudistasmd.org\/index.php\/2020\/12\/09\/encuentro-de-hermanos-en-el-amor-de-jesucristo\/","og_site_name":"Eudistas MD","article_published_time":"2020-12-09T19:19:29+00:00","article_modified_time":"2022-12-20T21:21:12+00:00","og_image":[{"width":1920,"height":1080,"url":"https:\/\/www.eudistasmd.org\/wp-content\/uploads\/2020\/12\/Foto-casa-La-Misio\u0301n-1-1.png","type":"image\/png"}],"author":"Eudistas MD","twitter_card":"summary_large_image","twitter_misc":{"Escrito por":"Eudistas MD","Tiempo de lectura":"2 minutos"},"schema":{"@context":"https:\/\/schema.org","@graph":[{"@type":"Article","@id":"https:\/\/www.eudistasmd.org\/index.php\/2020\/12\/09\/encuentro-de-hermanos-en-el-amor-de-jesucristo\/#article","isPartOf":{"@id":"https:\/\/www.eudistasmd.org\/index.php\/2020\/12\/09\/encuentro-de-hermanos-en-el-amor-de-jesucristo\/"},"author":{"name":"Eudistas MD","@id":"https:\/\/www.eudistasmd.org\/#\/schema\/person\/84513ffdad5341e944e01573cbe7b277"},"headline":"Encuentro de hermanos en el amor de Jesucristo","datePublished":"2020-12-09T19:19:29+00:00","dateModified":"2022-12-20T21:21:12+00:00","mainEntityOfPage":{"@id":"https:\/\/www.eudistasmd.org\/index.php\/2020\/12\/09\/encuentro-de-hermanos-en-el-amor-de-jesucristo\/"},"wordCount":386,"image":{"@id":"https:\/\/www.eudistasmd.org\/index.php\/2020\/12\/09\/encuentro-de-hermanos-en-el-amor-de-jesucristo\/#primaryimage"},"thumbnailUrl":"https:\/\/www.eudistasmd.org\/wp-content\/uploads\/2020\/12\/Foto-casa-La-Misio\u0301n-1-1.png","articleSection":["Actualidad Eudista"],"inLanguage":"es"},{"@type":"WebPage","@id":"https:\/\/www.eudistasmd.org\/index.php\/2020\/12\/09\/encuentro-de-hermanos-en-el-amor-de-jesucristo\/","url":"https:\/\/www.eudistasmd.org\/index.php\/2020\/12\/09\/encuentro-de-hermanos-en-el-amor-de-jesucristo\/","name":"Encuentro de hermanos en el amor de Jesucristo - Eudistas MD","isPartOf":{"@id":"https:\/\/www.eudistasmd.org\/#website"},"primaryImageOfPage":{"@id":"https:\/\/www.eudistasmd.org\/index.php\/2020\/12\/09\/encuentro-de-hermanos-en-el-amor-de-jesucristo\/#primaryimage"},"image":{"@id":"https:\/\/www.eudistasmd.org\/index.php\/2020\/12\/09\/encuentro-de-hermanos-en-el-amor-de-jesucristo\/#primaryimage"},"thumbnailUrl":"https:\/\/www.eudistasmd.org\/wp-content\/uploads\/2020\/12\/Foto-casa-La-Misio\u0301n-1-1.png","datePublished":"2020-12-09T19:19:29+00:00","dateModified":"2022-12-20T21:21:12+00:00","author":{"@id":"https:\/\/www.eudistasmd.org\/#\/schema\/person\/84513ffdad5341e944e01573cbe7b277"},"breadcrumb":{"@id":"https:\/\/www.eudistasmd.org\/index.php\/2020\/12\/09\/encuentro-de-hermanos-en-el-amor-de-jesucristo\/#breadcrumb"},"inLanguage":"es","potentialAction":[{"@type":"ReadAction","target":["https:\/\/www.eudistasmd.org\/index.php\/2020\/12\/09\/encuentro-de-hermanos-en-el-amor-de-jesucristo\/"]}]},{"@type":"ImageObject","inLanguage":"es","@id":"https:\/\/www.eudistasmd.org\/index.php\/2020\/12\/09\/encuentro-de-hermanos-en-el-amor-de-jesucristo\/#primaryimage","url":"https:\/\/www.eudistasmd.org\/wp-content\/uploads\/2020\/12\/Foto-casa-La-Misio\u0301n-1-1.png","contentUrl":"https:\/\/www.eudistasmd.org\/wp-content\/uploads\/2020\/12\/Foto-casa-La-Misio\u0301n-1-1.png","width":1920,"height":1080,"caption":"Encuentro de hermanos en el amor de Jesucristo"},{"@type":"BreadcrumbList","@id":"https:\/\/www.eudistasmd.org\/index.php\/2020\/12\/09\/encuentro-de-hermanos-en-el-amor-de-jesucristo\/#breadcrumb","itemListElement":[{"@type":"ListItem","position":1,"name":"Portada","item":"https:\/\/www.eudistasmd.org\/"},{"@type":"ListItem","position":2,"name":"Encuentro de hermanos en el amor de Jesucristo"}]},{"@type":"WebSite","@id":"https:\/\/www.eudistasmd.org\/#website","url":"https:\/\/www.eudistasmd.org\/","name":"Eudistas MD","description":"Esta Provincia naci\u00f3 de la obra fundada por el padre eudista: Rafael Garc\u00eda Herreros. Este Don del Minuto de Dios ha sido encomendado a los los Eudistas del El Minuto de Dios, quienes se dedican a la Evangelizaci\u00f3n, la Formaci\u00f3n, y al servicio a los m\u00e1s pobres a trav\u00e9s de la Organizaci\u00f3n Minuto de Dios.","potentialAction":[{"@type":"SearchAction","target":{"@type":"EntryPoint","urlTemplate":"https:\/\/www.eudistasmd.org\/?s={search_term_string}"},"query-input":{"@type":"PropertyValueSpecification","valueRequired":true,"valueName":"search_term_string"}}],"inLanguage":"es"},{"@type":"Person","@id":"https:\/\/www.eudistasmd.org\/#\/schema\/person\/84513ffdad5341e944e01573cbe7b277","name":"Eudistas MD","image":{"@type":"ImageObject","inLanguage":"es","@id":"https:\/\/secure.gravatar.com\/avatar\/2154411a0b04027e1af84dac52fba5ea3c1d8b846b7381b5fdd19a651e39cef5?s=96&d=mm&r=g","url":"https:\/\/secure.gravatar.com\/avatar\/2154411a0b04027e1af84dac52fba5ea3c1d8b846b7381b5fdd19a651e39cef5?s=96&d=mm&r=g","contentUrl":"https:\/\/secure.gravatar.com\/avatar\/2154411a0b04027e1af84dac52fba5ea3c1d8b846b7381b5fdd19a651e39cef5?s=96&d=mm&r=g","caption":"Eudistas MD"},"url":"https:\/\/www.eudistasmd.org\/index.php\/author\/admin_pcis\/"}]}},"_links":{"self":[{"href":"https:\/\/www.eudistasmd.org\/index.php\/wp-json\/wp\/v2\/posts\/2923","targetHints":{"allow":["GET"]}}],"collection":[{"href":"https:\/\/www.eudistasmd.org\/index.php\/wp-json\/wp\/v2\/posts"}],"about":[{"href":"https:\/\/www.eudistasmd.org\/index.php\/wp-json\/wp\/v2\/types\/post"}],"author":[{"embeddable":true,"href":"https:\/\/www.eudistasmd.org\/index.php\/wp-json\/wp\/v2\/users\/2"}],"replies":[{"embeddable":true,"href":"https:\/\/www.eudistasmd.org\/index.php\/wp-json\/wp\/v2\/comments?post=2923"}],"version-history":[{"count":1,"href":"https:\/\/www.eudistasmd.org\/index.php\/wp-json\/wp\/v2\/posts\/2923\/revisions"}],"predecessor-version":[{"id":2926,"href":"https:\/\/www.eudistasmd.org\/index.php\/wp-json\/wp\/v2\/posts\/2923\/revisions\/2926"}],"wp:featuredmedia":[{"embeddable":true,"href":"https:\/\/www.eudistasmd.org\/index.php\/wp-json\/wp\/v2\/media\/4842"}],"wp:attachment":[{"href":"https:\/\/www.eudistasmd.org\/index.php\/wp-json\/wp\/v2\/media?parent=2923"}],"wp:term":[{"taxonomy":"category","embeddable":true,"href":"https:\/\/www.eudistasmd.org\/index.php\/wp-json\/wp\/v2\/categories?post=2923"},{"taxonomy":"post_tag","embeddable":true,"href":"https:\/\/www.eudistasmd.org\/index.php\/wp-json\/wp\/v2\/tags?post=2923"}],"curies":[{"name":"wp","href":"https:\/\/api.w.org\/{rel}","templated":true}]}}